{"id":825,"date":"2013-10-09T07:03:00","date_gmt":"2013-10-09T05:03:00","guid":{"rendered":"http:\/\/stansgar.katolsk.no\/index.php\/2013\/10\/09\/ekko-kurs\/"},"modified":"2018-10-12T09:12:52","modified_gmt":"2018-10-12T07:12:52","slug":"ekko-kurs","status":"publish","type":"post","link":"https:\/\/stansgar.katolsk.no\/?p=825","title":{"rendered":"EKKO-kurs"},"content":{"rendered":"<div class=\"separator\" style=\"clear: both; text-align: center;\">\n<a href=\"http:\/\/katekese.no\/?nid=2916&amp;pid=katetiske-Kurs-Bilde&amp;r_n_d=641635_&amp;adjust=1&amp;x=200&amp;y=264&amp;from=0\" imageanchor=\"1\" style=\"margin-left: 1em; margin-right: 1em;\"><img loading=\"lazy\" decoding=\"async\" border=\"0\" height=\"400\" src=\"http:\/\/katekese.no\/?nid=2916&amp;pid=katetiske-Kurs-Bilde&amp;r_n_d=641635_&amp;adjust=1&amp;x=200&amp;y=264&amp;from=0\" width=\"303\" \/><\/a><\/div>\n<p><b style=\"background-color: white; color: #222222; font-family: Times, 'Times New Roman', serif; font-size: 19px; line-height: 21px;\"><br \/><\/b><br \/>\n<b style=\"background-color: white; color: #222222; font-family: Times, 'Times New Roman', serif; font-size: 19px; line-height: 21px;\"><br \/><\/b><br \/>\n<b style=\"background-color: white; color: #222222; font-family: Times, 'Times New Roman', serif; font-size: 19px; line-height: 21px;\"><br \/><\/b><br \/>\n<b style=\"background-color: white; color: #222222; font-family: Times, 'Times New Roman', serif; font-size: 19px; line-height: 21px;\">Torsdag 10. oktober kl. 18.45 \u2013 21 starter EKKO &#8211; kurs i menighetsbasert trosformidling.<\/b>&nbsp;Kurset er \u00e5pent for alle interesserte som \u00f8nsker mer kunnskap om troen sin. Det egner seg s\u00e6rlig for kateketer og hjelpel\u00e6rere, og de som kan tenke seg \u00e5 bli det, samt foreldre som \u00f8nsker hjelp til \u00e5 veilede sine barn i troen. Kurset vil g\u00e5 en torsdag i m\u00e5neden. Ta kontakt med pater Frode for p\u00e5melding eller mer informasjon.<\/p>\n<p>Les mer om EKKO-kurs&nbsp;<a href=\"http:\/\/katekese.no\/?nid=2916\" target=\"_blank\">her<\/a><\/p>\n","protected":false},"excerpt":{"rendered":"<p>Torsdag 10. oktober kl. 18.45 \u2013 21 starter EKKO &#8211; kurs i menighetsbasert trosformidling.&nbsp;Kurset er \u00e5pent for alle interesserte som \u00f8nsker mer kunnskap om troen sin. Det egner seg s\u00e6rlig for kateketer og hjelpel\u00e6rere, og de som kan tenke seg&#8230;<br \/><a class=\"read-more-button\" href=\"https:\/\/stansgar.katolsk.no\/?p=825\">Read more<\/a><\/p>\n","protected":false},"author":3,"featured_media":0,"comment_status":"open","ping_status":"open","sticky":false,"template":"","format":"standard","meta":{"footnotes":""},"categories":[1],"tags":[10,141],"class_list":["post-825","post","type-post","status-publish","format-standard","hentry","category-ukategorisert","tag-katekese","tag-trosopplaering"],"_links":{"self":[{"href":"https:\/\/stansgar.katolsk.no\/index.php?rest_route=\/wp\/v2\/posts\/825","targetHints":{"allow":["GET"]}}],"collection":[{"href":"https:\/\/stansgar.katolsk.no\/index.php?rest_route=\/wp\/v2\/posts"}],"about":[{"href":"https:\/\/stansgar.katolsk.no\/index.php?rest_route=\/wp\/v2\/types\/post"}],"author":[{"embeddable":true,"href":"https:\/\/stansgar.katolsk.no\/index.php?rest_route=\/wp\/v2\/users\/3"}],"replies":[{"embeddable":true,"href":"https:\/\/stansgar.katolsk.no\/index.php?rest_route=%2Fwp%2Fv2%2Fcomments&post=825"}],"version-history":[{"count":1,"href":"https:\/\/stansgar.katolsk.no\/index.php?rest_route=\/wp\/v2\/posts\/825\/revisions"}],"predecessor-version":[{"id":2848,"href":"https:\/\/stansgar.katolsk.no\/index.php?rest_route=\/wp\/v2\/posts\/825\/revisions\/2848"}],"wp:attachment":[{"href":"https:\/\/stansgar.katolsk.no\/index.php?rest_route=%2Fwp%2Fv2%2Fmedia&parent=825"}],"wp:term":[{"taxonomy":"category","embeddable":true,"href":"https:\/\/stansgar.katolsk.no\/index.php?rest_route=%2Fwp%2Fv2%2Fcategories&post=825"},{"taxonomy":"post_tag","embeddable":true,"href":"https:\/\/stansgar.katolsk.no\/index.php?rest_route=%2Fwp%2Fv2%2Ftags&post=825"}],"curies":[{"name":"wp","href":"https:\/\/api.w.org\/{rel}","templated":true}]}}