{"id":8180,"date":"2020-11-01T10:00:26","date_gmt":"2020-11-01T09:00:26","guid":{"rendered":"https:\/\/stansgar.katolsk.no\/?p=8180"},"modified":"2020-10-30T20:00:55","modified_gmt":"2020-10-30T19:00:55","slug":"kunngjoringer-sondag-1-november-2020","status":"publish","type":"post","link":"https:\/\/stansgar.katolsk.no\/?p=8180","title":{"rendered":"KUNNGJ\u00d8RINGER S\u00d8NDAG 1. NOVEMBER 2020"},"content":{"rendered":"<p style=\"text-align: center;\"><strong>KUNNGJ\u00d8RINGER S\u00d8NDAG 1. NOVEMBER 2020 <\/strong><\/p>\n<table width=\"631\">\n<tbody>\n<tr>\n<td width=\"93\">Mandag<\/td>\n<td width=\"67\">2.11<\/td>\n<td colspan=\"3\" width=\"471\"><strong>Allesjelersdag<\/strong><\/td>\n<\/tr>\n<tr>\n<td width=\"93\"><\/td>\n<td width=\"67\"><\/td>\n<td width=\"35\">kl.<\/p>\n<p>kl.<\/td>\n<td width=\"53\">18.00<\/p>\n<p>19.30<\/td>\n<td width=\"382\">Requiemmesse for alle de avd\u00f8de<\/p>\n<p>Messe p\u00e5 polsk<\/td>\n<\/tr>\n<tr>\n<td width=\"93\">Tirsdag<\/td>\n<td width=\"67\">3.11<\/td>\n<td width=\"35\">kl.<\/td>\n<td width=\"53\">17.30<\/td>\n<td width=\"382\">Vesper<\/td>\n<\/tr>\n<tr>\n<td width=\"93\"><\/td>\n<td width=\"67\"><\/td>\n<td width=\"35\">kl.<\/td>\n<td width=\"53\">18.00<\/td>\n<td width=\"382\">Messe &#8211; Den hellige Martin av Porres<\/p>\n<p>&#8211; etterfulgt av Sakramentstilbedelse<\/td>\n<\/tr>\n<tr>\n<td width=\"93\">Onsdag<\/td>\n<td width=\"67\">4.11<\/td>\n<td width=\"35\">kl.<\/td>\n<td width=\"53\">18.00<\/td>\n<td width=\"382\">Messe &#8211; Den hellige Karl Borromeus<\/td>\n<\/tr>\n<tr>\n<td width=\"93\">Torsdag<\/td>\n<td width=\"67\">5.11<\/td>\n<td width=\"35\">kl.<\/p>\n<p>&nbsp;<\/p>\n<p>kl.<\/td>\n<td width=\"53\">17.00<\/p>\n<p>&nbsp;<\/p>\n<p>18.00<\/p>\n<p>&nbsp;<\/td>\n<td width=\"382\">Tilbedelse: Vi ber spesielt for<\/p>\n<p>kall til ordenslivet og presteskapet.<\/p>\n<p>Messe<\/td>\n<\/tr>\n<tr>\n<td width=\"93\">Fredag<\/td>\n<td width=\"67\">6.11<\/td>\n<td width=\"35\">kl.<\/p>\n<p>kl.<\/td>\n<td width=\"53\">17.00<\/p>\n<p>18.00<\/td>\n<td width=\"382\">Sakramentstilbedelse \u2013 Skriftem\u00e5l<br \/>\nunder tilbedelsenMesse<\/td>\n<\/tr>\n<tr>\n<td width=\"93\">L\u00f8rdag<\/td>\n<td width=\"67\">7.11<\/td>\n<td width=\"35\">kl.<\/p>\n<p>kl.<\/td>\n<td width=\"53\">13.00<\/p>\n<p>18.00<\/td>\n<td width=\"382\">Katekesemesse<\/p>\n<p>Messe p\u00e5 polsk<\/td>\n<\/tr>\n<tr>\n<td colspan=\"5\" width=\"631\">S\u00f8ndag\u00a0\u00a0\u00a0\u00a0\u00a0\u00a0\u00a0\u00a0\u00a0\u00a0 8.11\u00a0\u00a0\u00a0\u00a0\u00a0\u00a0\u00a0\u00a0 \u00a0\u00a032. S\u00d8NDAG I DET ALMINNELIGE KIRKE\u00c5R<\/td>\n<\/tr>\n<tr>\n<td colspan=\"2\" width=\"160\"><\/td>\n<td width=\"35\">kl.<\/p>\n<p>kl.<\/p>\n<p>&nbsp;<\/p>\n<p>kl.<\/p>\n<p>&nbsp;<\/p>\n<p>kl.<\/td>\n<td width=\"53\">09.00<\/p>\n<p>11.00<\/p>\n<p>&nbsp;<\/p>\n<p>13.00<\/p>\n<p>&nbsp;<\/p>\n<p>17.00<\/td>\n<td width=\"382\">Messe p\u00e5 polsk<\/p>\n<p>Messe p\u00e5 norsk<\/p>\n<p>(ogs\u00e5 direktesendt)<\/p>\n<p>Messe p\u00e5 vietnamesisk<\/p>\n<p>(ogs\u00e5 direktesendt)<\/p>\n<p>Messe p\u00e5 St. Maris<\/td>\n<\/tr>\n<\/tbody>\n<\/table>\n<p><strong>Annet<\/strong><\/p>\n<ol>\n<li><strong> Requiemmesse for alle de avd\u00f8de<\/strong><\/li>\n<li>november ber vi for alle de avd\u00f8de, og s\u00e6rlig for menighetens avd\u00f8de det siste \u00e5r. I forb\u00f8nnsboken kan alle som vil skrive navnene p\u00e5 sine kj\u00e6re avd\u00f8de. Messen bes for dem ogs\u00e5.<\/li>\n<\/ol>\n<p>Etter gammel katolsk tradisjon oppfordres vi til \u00e5 bes\u00f8ke kirkeg\u00e5rden den f\u00f8rste uken i november, og be for de avd\u00f8de der.<\/p>\n<ol start=\"2\">\n<li><strong> Katekese l\u00f8rdag 7. november<\/strong><\/li>\n<\/ol>\n<p>Kl. 10.00 &#8211; 14.00: Katekese for barn p\u00e5 4. og 9. trinn.<br \/>\nKl. 13.00 &#8211; 17.00: Katekese for ungdommer p\u00e5 8. trinn.<br \/>\nKl. 13.00: Ungdommene begynner katekesen med messe.<br \/>\n<strong>Messen kl. 13.00<\/strong> <strong>bare<\/strong> <strong>for barn og ungdommer<\/strong> <strong>i katekesen.<\/strong><strong>\u00a0<\/strong><\/p>\n<ol start=\"3\">\n<li><strong> Siste frist for \u00e5 begynne i katekesen for F\u00f8rste Hellige Kommunions barn er<\/strong> <strong>l\u00f8rdag 14. november<\/strong>.<\/li>\n<\/ol>\n<p>Etter 14. november tar vi ikke imot nye barn til \u00e5 forberede seg til F\u00f8rste Hellige kommunion. Det betyr at de m\u00e5 vente til september 2021 for \u00e5 begynne i katekesen for \u00e5 forberede seg til F\u00f8rste Hellige Kommunion i 2022.<\/p>\n<ol start=\"4\">\n<li>Vi minner alle foreldre med barn i katekesen om \u00e5 melde inn barna elektronisk p\u00e5 menighetens nettside under fanen katekese. Vi oppfordrer ogs\u00e5 foreldre om \u00e5 betale kontingenten for dette katekese\u00e5ret via vipps eller bankkonto.<\/li>\n<\/ol>\n<ol start=\"5\">\n<li>Tirsdag 3. november kl. 19.00 er det bibelgruppe.<\/li>\n<li>\n<p class=\"x_MsoNormal\">Juniorklubben har bowlingkveld i Hannevika bowling fredag 6. november fra kl. 17.30 til kl. 19.00. Barn fra 3. trinn til 7. trinn er hjertelig velkommen.<\/p>\n<p class=\"x_MsoNormal\"><span class=\"x_MsoHyperlink\">P\u00e5melding innen onsdag 6. november til Dung Phan<\/span> mob. 418 44 223. For mer informasjon se egen kunngj\u00f8ring\u00a0<a href=\"https:\/\/stansgar.katolsk.no\/?p=8196&amp;preview=true\">https:\/\/stansgar.katolsk.no\/?p=8196&amp;preview=true<\/a><\/p>\n<\/li>\n<\/ol>\n<p><strong>\u00a0<\/strong><\/p>\n<p style=\"text-align: center;\"><strong>\u00d8nsker dere en riktig god s\u00f8ndag! <\/strong><\/p>\n","protected":false},"excerpt":{"rendered":"<p>KUNNGJ\u00d8RINGER S\u00d8NDAG 1. NOVEMBER 2020 Mandag 2.11 Allesjelersdag kl. kl. 18.00 19.30 Requiemmesse for alle de avd\u00f8de Messe p\u00e5 polsk Tirsdag 3.11 kl. 17.30 Vesper kl. 18.00 Messe &#8211; Den hellige Martin av Porres &#8211; etterfulgt av Sakramentstilbedelse Onsdag 4.11&#8230;<br \/><a class=\"read-more-button\" href=\"https:\/\/stansgar.katolsk.no\/?p=8180\">Read more<\/a><\/p>\n","protected":false},"author":1,"featured_media":0,"comment_status":"open","ping_status":"open","sticky":false,"template":"","format":"standard","meta":{"footnotes":""},"categories":[482,204],"tags":[3],"class_list":["post-8180","post","type-post","status-publish","format-standard","hentry","category-kunngjoringer","category-ukategorisert-nb","tag-kunngjoringer"],"_links":{"self":[{"href":"https:\/\/stansgar.katolsk.no\/index.php?rest_route=\/wp\/v2\/posts\/8180","targetHints":{"allow":["GET"]}}],"collection":[{"href":"https:\/\/stansgar.katolsk.no\/index.php?rest_route=\/wp\/v2\/posts"}],"about":[{"href":"https:\/\/stansgar.katolsk.no\/index.php?rest_route=\/wp\/v2\/types\/post"}],"author":[{"embeddable":true,"href":"https:\/\/stansgar.katolsk.no\/index.php?rest_route=\/wp\/v2\/users\/1"}],"replies":[{"embeddable":true,"href":"https:\/\/stansgar.katolsk.no\/index.php?rest_route=%2Fwp%2Fv2%2Fcomments&post=8180"}],"version-history":[{"count":7,"href":"https:\/\/stansgar.katolsk.no\/index.php?rest_route=\/wp\/v2\/posts\/8180\/revisions"}],"predecessor-version":[{"id":8200,"href":"https:\/\/stansgar.katolsk.no\/index.php?rest_route=\/wp\/v2\/posts\/8180\/revisions\/8200"}],"wp:attachment":[{"href":"https:\/\/stansgar.katolsk.no\/index.php?rest_route=%2Fwp%2Fv2%2Fmedia&parent=8180"}],"wp:term":[{"taxonomy":"category","embeddable":true,"href":"https:\/\/stansgar.katolsk.no\/index.php?rest_route=%2Fwp%2Fv2%2Fcategories&post=8180"},{"taxonomy":"post_tag","embeddable":true,"href":"https:\/\/stansgar.katolsk.no\/index.php?rest_route=%2Fwp%2Fv2%2Ftags&post=8180"}],"curies":[{"name":"wp","href":"https:\/\/api.w.org\/{rel}","templated":true}]}}