{"id":8164,"date":"2020-10-25T10:00:46","date_gmt":"2020-10-25T09:00:46","guid":{"rendered":"https:\/\/stansgar.katolsk.no\/?p=8164"},"modified":"2020-10-23T11:01:40","modified_gmt":"2020-10-23T09:01:40","slug":"kunngjoringer-sondag-25-oktober-2020","status":"publish","type":"post","link":"https:\/\/stansgar.katolsk.no\/?p=8164","title":{"rendered":"KUNNGJ\u00d8RINGER S\u00d8NDAG 25. OKTOBER 2020"},"content":{"rendered":"<p style=\"text-align: center;\"><strong>KUNNGJ\u00d8RINGER S\u00d8NDAG 25. OKTOBER 2020 <\/strong><\/p>\n<table width=\"671\">\n<tbody>\n<tr>\n<td width=\"99\">Tirsdag<\/td>\n<td colspan=\"2\" width=\"71\">27.10<\/td>\n<td width=\"37\">kl.<\/td>\n<td width=\"57\">17.30<\/td>\n<td width=\"406\">Vesper<\/td>\n<\/tr>\n<tr>\n<td width=\"99\">&nbsp;<\/td>\n<td colspan=\"2\" width=\"71\">&nbsp;<\/td>\n<td width=\"37\">kl.<\/td>\n<td width=\"57\">18.00<\/td>\n<td width=\"406\">Messe \u2013 etterfulgt av<\/p>\n<p>Sakramentstilbedelse<\/td>\n<\/tr>\n<tr>\n<td width=\"99\">Onsdag<\/td>\n<td colspan=\"2\" width=\"71\">28.10<\/td>\n<td width=\"37\">kl.<\/td>\n<td width=\"57\">18.00<\/td>\n<td width=\"406\">Messe \u2013 Fest av De hellige<\/p>\n<p>apostler Simon og Judas<\/td>\n<\/tr>\n<tr>\n<td width=\"99\">Torsdag<\/td>\n<td colspan=\"2\" width=\"71\">29.10<\/td>\n<td width=\"37\">kl.<\/td>\n<td width=\"57\">18.00<\/td>\n<td width=\"406\">Messe<\/td>\n<\/tr>\n<tr>\n<td width=\"99\">Fredag<\/td>\n<td colspan=\"2\" width=\"71\">30.10<\/td>\n<td width=\"37\">kl.<\/td>\n<td width=\"57\">18.00<\/td>\n<td width=\"406\">Messe<\/td>\n<\/tr>\n<tr>\n<td width=\"99\">L\u00f8rdag<\/td>\n<td colspan=\"2\" width=\"71\">31.10<\/td>\n<td width=\"37\">kl.<\/p>\n<p>kl.<\/td>\n<td width=\"57\">13.00<\/p>\n<p>18.00<\/td>\n<td width=\"406\">Messe p\u00e5 norsk<\/p>\n<p>Messe p\u00e5 polsk<\/td>\n<\/tr>\n<tr>\n<td colspan=\"6\" width=\"671\">S\u00f8ndag\u00a0\u00a0\u00a0\u00a0\u00a0\u00a0\u00a0\u00a0\u00a0\u00a0 1.11\u00a0\u00a0\u00a0\u00a0\u00a0\u00a0\u00a0\u00a0 \u00a0\u00a0ALLEHELGENSDAG<\/td>\n<\/tr>\n<tr>\n<td colspan=\"3\" width=\"170\">&nbsp;<\/td>\n<td width=\"37\">kl.<\/p>\n<p>kl.<\/p>\n<p>&nbsp;<\/p>\n<p>kl.<\/p>\n<p>&nbsp;<\/p>\n<p>kl.<\/td>\n<td width=\"57\">09.00<\/p>\n<p>11.00<\/p>\n<p>&nbsp;<\/p>\n<p>13.00<\/p>\n<p>&nbsp;<\/p>\n<p>15.00<\/td>\n<td width=\"406\">Messe p\u00e5 polsk<\/p>\n<p>Messe p\u00e5 norsk<\/p>\n<p>(ogs\u00e5 direktesendt)<\/p>\n<p>Messe p\u00e5 vietnamesisk<\/p>\n<p>(ogs\u00e5 direktesendt)<\/p>\n<p>Messe p\u00e5 kaldeisk<\/td>\n<\/tr>\n<tr>\n<td colspan=\"2\" rowspan=\"2\" width=\"100\">Mandag<\/td>\n<td rowspan=\"2\" width=\"70\">2.11<\/td>\n<td colspan=\"3\" width=\"500\"><strong>Allesjelersdag<\/strong><\/td>\n<\/tr>\n<tr>\n<td width=\"37\">kl.<\/p>\n<p>kl.<\/td>\n<td width=\"57\">18.00<\/p>\n<p>19.30<\/td>\n<td width=\"406\">Messe p\u00e5 norsk<\/p>\n<p>Messe p\u00e5 polsk<\/td>\n<\/tr>\n<\/tbody>\n<\/table>\n<p><strong>Annet<\/strong><\/p>\n<ul>\n<li>2. november ber vi for alle de avd\u00f8de, og s\u00e6rlig for menighetens avd\u00f8de det siste \u00e5r. I forb\u00f8nnsboken kan alle som vil skrive navnene p\u00e5 sine kj\u00e6re avd\u00f8de. Messen bes for dem ogs\u00e5.<\/li>\n<li>Etter gammel katolsk tradisjon oppfordres vi til \u00e5 bes\u00f8ke kirkeg\u00e5rden den f\u00f8rste uken i november, og be for de avd\u00f8de der.<\/li>\n<\/ul>\n<ul>\n<li><strong>Siste frist for \u00e5 begynne i katekesen for F\u00f8rste Hellige Kommunions barn er<\/strong> <strong>l\u00f8rdag 14. november<\/strong>.<\/li>\n<\/ul>\n<p>Etter 14. november tar vi ikke imot nye barn til \u00e5 forberede seg til F\u00f8rste Hellige kommunion. Det betyr at de m\u00e5 vente til september 2021 for \u00e5 begynne i katekesen for \u00e5 forberede seg til F\u00f8rste Hellige Kommunion i 2022.<\/p>\n<ul>\n<li>Torsdag 29. oktober kl. 18.45 er det troskurs.<\/li>\n<\/ul>\n<p><strong>\u00a0<\/strong><\/p>\n<p style=\"text-align: center;\"><strong>\u00d8nsker dere en riktig god s\u00f8ndag! <\/strong><\/p>\n","protected":false},"excerpt":{"rendered":"<p>KUNNGJ\u00d8RINGER S\u00d8NDAG 25. OKTOBER 2020 Tirsdag 27.10 kl. 17.30 Vesper &nbsp; &nbsp; kl. 18.00 Messe \u2013 etterfulgt av Sakramentstilbedelse Onsdag 28.10 kl. 18.00 Messe \u2013 Fest av De hellige apostler Simon og Judas Torsdag 29.10 kl. 18.00 Messe Fredag 30.10&#8230;<br \/><a class=\"read-more-button\" href=\"https:\/\/stansgar.katolsk.no\/?p=8164\">Read more<\/a><\/p>\n","protected":false},"author":1,"featured_media":0,"comment_status":"open","ping_status":"open","sticky":false,"template":"","format":"standard","meta":{"footnotes":""},"categories":[482],"tags":[3],"class_list":["post-8164","post","type-post","status-publish","format-standard","hentry","category-kunngjoringer","tag-kunngjoringer"],"_links":{"self":[{"href":"https:\/\/stansgar.katolsk.no\/index.php?rest_route=\/wp\/v2\/posts\/8164","targetHints":{"allow":["GET"]}}],"collection":[{"href":"https:\/\/stansgar.katolsk.no\/index.php?rest_route=\/wp\/v2\/posts"}],"about":[{"href":"https:\/\/stansgar.katolsk.no\/index.php?rest_route=\/wp\/v2\/types\/post"}],"author":[{"embeddable":true,"href":"https:\/\/stansgar.katolsk.no\/index.php?rest_route=\/wp\/v2\/users\/1"}],"replies":[{"embeddable":true,"href":"https:\/\/stansgar.katolsk.no\/index.php?rest_route=%2Fwp%2Fv2%2Fcomments&post=8164"}],"version-history":[{"count":1,"href":"https:\/\/stansgar.katolsk.no\/index.php?rest_route=\/wp\/v2\/posts\/8164\/revisions"}],"predecessor-version":[{"id":8165,"href":"https:\/\/stansgar.katolsk.no\/index.php?rest_route=\/wp\/v2\/posts\/8164\/revisions\/8165"}],"wp:attachment":[{"href":"https:\/\/stansgar.katolsk.no\/index.php?rest_route=%2Fwp%2Fv2%2Fmedia&parent=8164"}],"wp:term":[{"taxonomy":"category","embeddable":true,"href":"https:\/\/stansgar.katolsk.no\/index.php?rest_route=%2Fwp%2Fv2%2Fcategories&post=8164"},{"taxonomy":"post_tag","embeddable":true,"href":"https:\/\/stansgar.katolsk.no\/index.php?rest_route=%2Fwp%2Fv2%2Ftags&post=8164"}],"curies":[{"name":"wp","href":"https:\/\/api.w.org\/{rel}","templated":true}]}}