{"id":811,"date":"2013-10-30T16:08:00","date_gmt":"2013-10-30T15:08:00","guid":{"rendered":"http:\/\/stansgar.katolsk.no\/index.php\/2013\/10\/30\/nytt-fra-menighetsradet-oktober-2013\/"},"modified":"2018-10-12T09:12:51","modified_gmt":"2018-10-12T07:12:51","slug":"nytt-fra-menighetsradet-oktober-2013","status":"publish","type":"post","link":"https:\/\/stansgar.katolsk.no\/?p=811","title":{"rendered":"Nytt fra menighetsr\u00e5det oktober 2013"},"content":{"rendered":"<p><\/p>\n<div class=\"MsoNormal\">\n<\/div>\n<div class=\"MsoListParagraphCxSpFirst\">\n<b>&nbsp; &nbsp; &nbsp; &nbsp; &nbsp; &nbsp; &nbsp; &nbsp;Medlemstall pr. 15.10: 3672 medlemmer<\/b><\/div>\n<div class=\"MsoListParagraphCxSpMiddle\">\n&nbsp; &nbsp; &nbsp; &nbsp; &nbsp; &nbsp; &nbsp; &nbsp; &nbsp; &nbsp;&nbsp;Vi har en vekst p\u00e5 under 6 %, en av de<br \/>\nlaveste i OKB. Det er vanskelig \u00e5 vite &nbsp;&nbsp;<\/div>\n<div class=\"MsoListParagraphCxSpMiddle\">\n&nbsp; &nbsp; &nbsp; &nbsp; &nbsp; &nbsp; &nbsp; &nbsp; &nbsp; &nbsp;&nbsp;\u00e5rsaken til dette. De fleste andre<br \/>\nmenigheter har en vekst p\u00e5 10-12%.<\/div>\n<div class=\"MsoListParagraphCxSpLast\">\n<\/div>\n<div class=\"MsoNormal\">\n<b>&nbsp;&nbsp;&nbsp;&nbsp;&nbsp;&nbsp;&nbsp;&nbsp; <\/b>&nbsp;&nbsp; &nbsp; &nbsp;<b>Messer<br \/>\nnasjonale grupper h\u00f8sten 2013.<\/b><\/div>\n<div class=\"MsoListParagraphCxSpFirst\">\n&nbsp; &nbsp; &nbsp; &nbsp; &nbsp; &nbsp; &nbsp; &nbsp; &nbsp; &nbsp;&nbsp;Vi er tilbake til normalt program igjen.<br \/>\n1.l\u00f8rdag i m\u00e5neden spansk kl.14, litauisk &nbsp;&nbsp;<\/div>\n<div class=\"MsoListParagraphCxSpMiddle\">\n&nbsp; &nbsp; &nbsp; &nbsp; &nbsp; &nbsp; &nbsp; &nbsp; &nbsp; &nbsp; &nbsp;kl. 17. 2 l\u00f8rdag i m\u00e5neden er det<br \/>\nkatekese, og derfor for tiden ikke plass til ekstra <\/div>\n<div class=\"MsoListParagraphCxSpMiddle\">\n&nbsp; &nbsp; &nbsp; &nbsp; &nbsp; &nbsp; &nbsp; &nbsp; &nbsp; &nbsp; &nbsp;messer. 3. l\u00f8rdag &nbsp;i m\u00e5neden fransk kl. 16, 4. l\u00f8rdag i m\u00e5neden tagalog\/engelsk<br \/>\n&nbsp;<\/div>\n<div class=\"MsoListParagraphCxSpMiddle\">\n&nbsp; &nbsp; &nbsp; &nbsp; &nbsp; &nbsp; &nbsp; &nbsp; &nbsp; &nbsp; &nbsp;&nbsp;kl.13.<br \/>\nPolsk messe feires hver s\u00f8ndag kl. 10.<\/div>\n<div class=\"MsoListParagraphCxSpLast\">\n<\/div>\n<div class=\"MsoNormal\">\n<b>&nbsp;&nbsp;&nbsp;&nbsp;&nbsp;&nbsp;&nbsp;&nbsp;&nbsp;&nbsp; <\/b>&nbsp;&nbsp;<b>Nytt fra SAUL.<\/b><\/div>\n<div class=\"MsoNormal\">\n&nbsp;&nbsp;&nbsp;&nbsp;&nbsp;&nbsp;&nbsp;&nbsp;&nbsp;&nbsp;&nbsp;&nbsp;&nbsp;&nbsp;&nbsp;&nbsp;&nbsp; De planlegger tur til Stella<br \/>\nMaris, og planlegger Adventsaksjonen. Alt g\u00e5r bra, de&nbsp; <\/div>\n<div class=\"MsoNormal\">\n&nbsp;&nbsp;&nbsp;&nbsp;&nbsp;&nbsp;&nbsp;&nbsp;&nbsp;&nbsp;&nbsp;&nbsp;&nbsp;&nbsp;&nbsp;&nbsp;&nbsp; har ordnet \u00f8konomi. De har s\u00f8kt<br \/>\nog f\u00e5tt prosjektmidler fra NUK til oppussing av <\/div>\n<div class=\"MsoNormal\">\n&nbsp;&nbsp;&nbsp;&nbsp;&nbsp;&nbsp;&nbsp;&nbsp;&nbsp;&nbsp;&nbsp;&nbsp;&nbsp;&nbsp;&nbsp;&nbsp;&nbsp; ungdomslokalet, og har ogs\u00e5<br \/>\negne penger til prosjektet. Det bygningsmessige b\u00f8r &nbsp;<\/div>\n<div class=\"MsoNormal\">\n&nbsp;&nbsp;&nbsp;&nbsp;&nbsp;&nbsp;&nbsp;&nbsp;&nbsp;&nbsp;&nbsp;&nbsp;&nbsp;&nbsp;&nbsp;&nbsp;&nbsp; ordnes raskt, mens det<br \/>\nallerede er arbeid p\u00e5 gang. Dette b\u00f8r menigheten bekoste, <\/div>\n<div class=\"MsoNormal\">\n&nbsp;&nbsp;&nbsp;&nbsp;&nbsp;&nbsp;&nbsp;&nbsp;&nbsp;&nbsp;&nbsp;&nbsp;&nbsp;&nbsp;&nbsp;&nbsp;&nbsp; s\u00e5 kan SAUL bruke sine penger<br \/>\ntil interi\u00f8r, kunst etc.<\/div>\n<div class=\"MsoListParagraph\">\n<\/div>\n<div class=\"MsoNormal\">\n<b>&nbsp;&nbsp;&nbsp;&nbsp;&nbsp;&nbsp;&nbsp;&nbsp;&nbsp;&nbsp;&nbsp; &nbsp;Byggesaken.<\/b><\/div>\n<div class=\"MsoNormal\">\n&nbsp;&nbsp;&nbsp;&nbsp;&nbsp;&nbsp;&nbsp;&nbsp;&nbsp;&nbsp;&nbsp;&nbsp;&nbsp;&nbsp;&nbsp;&nbsp; &nbsp;Alt arbeidet er i rute!<\/div>\n<div class=\"MsoNormal\">\n&nbsp;&nbsp;&nbsp;&nbsp;&nbsp;&nbsp;&nbsp;&nbsp;&nbsp;&nbsp;&nbsp;&nbsp;&nbsp;&nbsp;&nbsp;&nbsp; &nbsp;Kirkebenkene til 1.etg er klare ved fabrikken<br \/>\ni Polen, og vil ankomme rundt&nbsp; <\/div>\n<div class=\"MsoNormal\">\n&nbsp;&nbsp;&nbsp;&nbsp;&nbsp;&nbsp;&nbsp;&nbsp;&nbsp;&nbsp;&nbsp;&nbsp;&nbsp;&nbsp;&nbsp;&nbsp;&nbsp; 15.11. <\/div>\n<div class=\"MsoNormal\">\n&nbsp;&nbsp;&nbsp;&nbsp;&nbsp;&nbsp;&nbsp;&nbsp;&nbsp;&nbsp;&nbsp;&nbsp;&nbsp;&nbsp;&nbsp;&nbsp;&nbsp; Vi f\u00e5r ny Mariastatue! Kirkens<br \/>\nBymisjon er villige til \u00e5 selge den de har i&nbsp;\n<\/div>\n<div class=\"MsoNormal\">\n&nbsp;&nbsp;&nbsp;&nbsp;&nbsp;&nbsp;&nbsp;&nbsp;&nbsp;&nbsp;&nbsp;&nbsp;&nbsp;&nbsp;&nbsp;&nbsp;&nbsp; Bryggekapellet for 15000 kr. En<br \/>\nav menighetens vietnamesiske familier \u00f8nsker \u00e5&nbsp;\n<\/div>\n<div class=\"MsoNormal\">\n&nbsp;&nbsp;&nbsp;&nbsp;&nbsp;&nbsp;&nbsp;&nbsp;&nbsp;&nbsp;&nbsp;&nbsp;&nbsp;&nbsp;&nbsp;&nbsp;&nbsp; gi dette til menigheten \u2013 vi<br \/>\ntakker for en sv\u00e6rt gener\u00f8s gave! J&nbsp;&nbsp;\n<\/div>\n<div class=\"MsoListParagraph\">\n<\/div>\n<div class=\"MsoNormal\">\n<b>&nbsp;&nbsp;&nbsp;&nbsp;&nbsp;&nbsp;&nbsp;&nbsp;&nbsp;&nbsp; &nbsp;&nbsp;St.Ansgar-nytt<\/b>.<\/div>\n<div class=\"MsoNormal\">\n&nbsp;&nbsp;&nbsp;&nbsp;&nbsp;&nbsp;&nbsp;&nbsp;&nbsp;&nbsp;&nbsp;&nbsp;&nbsp;&nbsp;&nbsp;&nbsp;&nbsp;&nbsp; Nytt nummer av<br \/>\nmenighetsbladet kommer ut f\u00f8r jul. Vi vil gjerne ha stoff til&nbsp; <\/div>\n<div class=\"MsoNormal\">\n&nbsp;&nbsp;&nbsp;&nbsp;&nbsp;&nbsp;&nbsp;&nbsp;&nbsp;&nbsp;&nbsp;&nbsp;&nbsp;&nbsp;&nbsp;&nbsp;&nbsp;&nbsp; bladet \u2013 snakk med p. Frode<br \/>\nom dette. Hvis noen \u00f8nsker \u00e5 hjelpe til med bladet er&nbsp; <\/div>\n<div class=\"MsoNormal\">\n&nbsp;&nbsp;&nbsp;&nbsp;&nbsp;&nbsp;&nbsp;&nbsp;&nbsp;&nbsp;&nbsp;&nbsp;&nbsp;&nbsp;&nbsp;&nbsp;&nbsp;&nbsp; det sv\u00e6rt velkomment,<br \/>\nhenvendelse p. Frode.<\/div>\n<div class=\"MsoListParagraph\">\n<\/div>\n<div class=\"MsoNormal\">\n<b>&nbsp;&nbsp;&nbsp;&nbsp;&nbsp;&nbsp;&nbsp;&nbsp;&nbsp;&nbsp;&nbsp; &nbsp;&nbsp;Olsok-tur til Trondheim 2014.<\/b><\/div>\n<div class=\"MsoNormal\">\n&nbsp;&nbsp;&nbsp;&nbsp;&nbsp;&nbsp;&nbsp;&nbsp;&nbsp;&nbsp;&nbsp;&nbsp;&nbsp;&nbsp; &nbsp;&nbsp;&nbsp;&nbsp;&nbsp;Vi<br \/>\nplanlegger tur for menigheten til Olsokfeiringen i Trondheim 2014. Sett av&nbsp; <\/div>\n<div class=\"MsoNormal\">\n&nbsp;&nbsp;&nbsp;&nbsp;&nbsp;&nbsp;&nbsp;&nbsp;&nbsp;&nbsp;&nbsp;&nbsp;&nbsp;&nbsp;&nbsp;&nbsp;&nbsp;&nbsp;&nbsp; disse dagene allerede, mer<br \/>\ninfo kommer snart! <\/div>\n<div class=\"MsoNormal\">\n<\/div>\n<div class=\"MsoNormal\">\n&nbsp;&nbsp;&nbsp;&nbsp;&nbsp;&nbsp;&nbsp;&nbsp;&nbsp;&nbsp;&nbsp;&nbsp; <b>&nbsp;Fakkeltog 31.10.13<\/b>.<\/div>\n<div class=\"MsoNormal\">\n&nbsp;&nbsp;&nbsp;&nbsp;&nbsp;&nbsp;&nbsp;&nbsp;&nbsp;&nbsp;&nbsp;&nbsp;&nbsp;&nbsp;&nbsp;&nbsp;&nbsp; For forfulgte kristne. Arrangeres<br \/>\nav \u00c5pne D\u00f8rer og Stefanusalliansen. Oppm\u00f8te&nbsp;\n<\/div>\n<div class=\"MsoNormal\">\n&nbsp;&nbsp;&nbsp;&nbsp;&nbsp;&nbsp;&nbsp;&nbsp;&nbsp;&nbsp;&nbsp;&nbsp;&nbsp;&nbsp;&nbsp;&nbsp;&nbsp; Kristiansand Domkirke Kl 18. &nbsp;Still opp!!<\/div>\n","protected":false},"excerpt":{"rendered":"<p>&nbsp; &nbsp; &nbsp; &nbsp; &nbsp; &nbsp; &nbsp; &nbsp;Medlemstall pr. 15.10: 3672 medlemmer &nbsp; &nbsp; &nbsp; &nbsp; &nbsp; &nbsp; &nbsp; &nbsp; &nbsp; &nbsp;&nbsp;Vi har en vekst p\u00e5 under 6 %, en av de laveste i OKB. Det er vanskelig \u00e5 vite&#8230;<br \/><a class=\"read-more-button\" href=\"https:\/\/stansgar.katolsk.no\/?p=811\">Read more<\/a><\/p>\n","protected":false},"author":3,"featured_media":0,"comment_status":"open","ping_status":"open","sticky":false,"template":"","format":"standard","meta":{"footnotes":""},"categories":[1],"tags":[24],"class_list":["post-811","post","type-post","status-publish","format-standard","hentry","category-ukategorisert","tag-menighetsrad"],"_links":{"self":[{"href":"https:\/\/stansgar.katolsk.no\/index.php?rest_route=\/wp\/v2\/posts\/811","targetHints":{"allow":["GET"]}}],"collection":[{"href":"https:\/\/stansgar.katolsk.no\/index.php?rest_route=\/wp\/v2\/posts"}],"about":[{"href":"https:\/\/stansgar.katolsk.no\/index.php?rest_route=\/wp\/v2\/types\/post"}],"author":[{"embeddable":true,"href":"https:\/\/stansgar.katolsk.no\/index.php?rest_route=\/wp\/v2\/users\/3"}],"replies":[{"embeddable":true,"href":"https:\/\/stansgar.katolsk.no\/index.php?rest_route=%2Fwp%2Fv2%2Fcomments&post=811"}],"version-history":[{"count":1,"href":"https:\/\/stansgar.katolsk.no\/index.php?rest_route=\/wp\/v2\/posts\/811\/revisions"}],"predecessor-version":[{"id":2830,"href":"https:\/\/stansgar.katolsk.no\/index.php?rest_route=\/wp\/v2\/posts\/811\/revisions\/2830"}],"wp:attachment":[{"href":"https:\/\/stansgar.katolsk.no\/index.php?rest_route=%2Fwp%2Fv2%2Fmedia&parent=811"}],"wp:term":[{"taxonomy":"category","embeddable":true,"href":"https:\/\/stansgar.katolsk.no\/index.php?rest_route=%2Fwp%2Fv2%2Fcategories&post=811"},{"taxonomy":"post_tag","embeddable":true,"href":"https:\/\/stansgar.katolsk.no\/index.php?rest_route=%2Fwp%2Fv2%2Ftags&post=811"}],"curies":[{"name":"wp","href":"https:\/\/api.w.org\/{rel}","templated":true}]}}