{"id":8052,"date":"2020-09-27T10:00:20","date_gmt":"2020-09-27T08:00:20","guid":{"rendered":"https:\/\/stansgar.katolsk.no\/?p=8052"},"modified":"2020-09-27T12:05:53","modified_gmt":"2020-09-27T10:05:53","slug":"kunngjoringer-sondag-27-september-2020","status":"publish","type":"post","link":"https:\/\/stansgar.katolsk.no\/?p=8052","title":{"rendered":"KUNNGJ\u00d8RINGER S\u00d8NDAG 27. SEPTEMBER 2020"},"content":{"rendered":"<h3 style=\"text-align: center;\"><strong>KUNNGJ\u00d8RINGER S\u00d8NDAG 27. SEPTEMBER 2020<\/strong><\/h3>\n<table width=\"671\">\n<tbody>\n<tr>\n<td width=\"99\">Tirsdag<\/td>\n<td width=\"71\">29.09<\/td>\n<td width=\"37\">kl.<\/td>\n<td width=\"57\">17.30<\/td>\n<td width=\"406\">Vesper<\/td>\n<\/tr>\n<tr>\n<td width=\"99\"><\/td>\n<td width=\"71\"><\/td>\n<td width=\"37\">kl.<\/td>\n<td width=\"57\">18.00<\/td>\n<td width=\"406\">Messe \u2013 Fest for De hellige erkeengler<\/p>\n<p>Mikael, Gabriel og Rafael &#8211; etterfulgt av<\/p>\n<p>Sakramentstilbedelse<\/td>\n<\/tr>\n<tr>\n<td width=\"99\">Onsdag<\/td>\n<td width=\"71\">30.09<\/td>\n<td width=\"37\">kl.<\/td>\n<td width=\"57\">18.00<\/td>\n<td width=\"406\">Messe &#8211; Den hellige Hieronymus<\/p>\n<p>\u00c5pningsmesse av Rosenkransm\u00e5neden oktober.<\/p>\n<p>Velsignelse av Jomfru Maria av F\u00e1tima statuen<\/td>\n<\/tr>\n<tr>\n<td width=\"99\">Torsdag<\/td>\n<td width=\"71\">1.10<\/td>\n<td width=\"37\">kl.<\/p>\n<p>&nbsp;<\/p>\n<p>kl.<\/td>\n<td width=\"57\">17.00<\/p>\n<p>&nbsp;<\/p>\n<p>18.00<\/td>\n<td width=\"406\">Tilbedelse: Vi ber spesielt for kall til ordenslivet og presteskapet.<\/p>\n<p>Messe &#8211; Den hellige Terese av Jesusbarnet<\/td>\n<\/tr>\n<tr>\n<td width=\"99\">Fredag<\/td>\n<td width=\"71\">2.10<\/td>\n<td width=\"37\">kl.<\/p>\n<p>kl.<\/td>\n<td width=\"57\">17.00<\/p>\n<p>18.00<\/td>\n<td width=\"406\">Sakramentstilbedelse \u2013 Skriftem\u00e5l under tilbedelsen<\/p>\n<p>Messe &#8211; De hellige verneengler<\/td>\n<\/tr>\n<tr>\n<td width=\"99\">L\u00f8rdag<\/td>\n<td width=\"71\">3.10<\/td>\n<td width=\"37\">kl.<\/p>\n<p>kl.<\/td>\n<td width=\"57\">13.00<\/p>\n<p>18.00<\/td>\n<td width=\"406\">Katekesemesse<\/p>\n<p>Messe p\u00e5 polsk<\/td>\n<\/tr>\n<tr>\n<td colspan=\"5\" width=\"671\">S\u00f8ndag\u00a0\u00a0\u00a0\u00a0\u00a0\u00a0\u00a0\u00a0\u00a0\u00a0 4.10\u00a0\u00a0\u00a0\u00a0\u00a0\u00a0\u00a0\u00a0 \u00a0\u00a027. S\u00d8NDAG I DET ALMINNELIGE KIRKE\u00c5R<\/td>\n<\/tr>\n<tr>\n<td colspan=\"2\" width=\"170\"><\/td>\n<td width=\"37\">kl.<\/p>\n<p>kl.<\/p>\n<p>&nbsp;<\/p>\n<p>kl.<\/p>\n<p>&nbsp;<\/p>\n<p>kl.<\/td>\n<td width=\"57\">09.00<\/p>\n<p>11.00<\/p>\n<p>&nbsp;<\/p>\n<p>13.00<\/p>\n<p>&nbsp;<\/p>\n<p>15.00<\/td>\n<td width=\"406\">Messe p\u00e5 polsk<\/p>\n<p>Messe p\u00e5 norsk<\/p>\n<p>(direktesendt)<\/p>\n<p>Messe p\u00e5 vietnamesisk<\/p>\n<p>(ogs\u00e5 direktesendt)<\/p>\n<p>Messe p\u00e5 kaldeisk<\/td>\n<\/tr>\n<\/tbody>\n<\/table>\n<p><strong>Annet<\/strong><\/p>\n<p><strong>1) Katekese l\u00f8rdag 3. oktober<\/strong><\/p>\n<p>Kl. 10.00 &#8211; 14.00: Katekese for barn p\u00e5 4. og 9. trinn.<br \/>\nKl. 13.00 &#8211; 17.00: Katekese for ungdommer p\u00e5 8. trinn.<br \/>\nKl. 13.00: Ungdommene begynner katekesen med messe.<br \/>\n<strong>Messen kl. 13.00<\/strong> <strong>bare<\/strong> <strong>for barn og ungdommer<\/strong> <strong>i katekesen.<\/strong><\/p>\n<p><strong>2) <\/strong>Vi inviterer ungdommer som \u00f8nsker \u00e5 f\u00e5 konfirmasjonens sakrament i 2022 til et konfirmasjonskurs. Konfirmasjonskurset varer i to \u00e5r. Ungdommer som g\u00e5r i 9. og 10. trinn<br \/>\np\u00e5 grunnskolen m\u00e5 ogs\u00e5 begynne p\u00e5 konfirmasjonskurs for f\u00f8rste\u00e5rskonfirmanter.<\/p>\n<p><strong>Siste frist for \u00e5 begynne p\u00e5 dette konfirmasjonskurset er <u>l\u00f8rdag 3. oktober<\/u>. <\/strong><strong>Etter 3. oktober tar vi <u>ikke<\/u> imot nye konfirmantkandidater. Det betyr at de m\u00e5 vente til september 2021 for \u00e5 begynne p\u00e5 konfirmasjonskurset for f\u00f8rste\u00e5rskonfirmanter.<\/strong><\/p>\n<p><strong>3) <\/strong>I oktober arrangerer menigheten bes\u00f8k av statuen av Jomfru Maria av F\u00e1tima hos familier.<\/p>\n<p>Alle som \u00f8nsker \u00e5 f\u00e5 statuen av Jomfru Maria av Fatima p\u00e5 bes\u00f8k hjemme i oktober, melder seg p\u00e5 i kalenderen p\u00e5 menighetens nettside.<\/p>\n<p>Rosenkransb\u00f8nnen begynner kl. 19.00 hver dag og hvis man vil, kan rosenkransb\u00f8nnen sendes direkte p\u00e5 menighetens Facebook side. Familiene kan ha rosenkransb\u00f8nnen<br \/>\np\u00e5 morsm\u00e5let.<\/p>\n<p><strong>4) Rosenkransandakter i oktober p\u00e5 ukedager i St. Ansgar kirke<\/strong><\/p>\n<p>Onsdag<\/p>\n<ul>\n<li>kl. 17.30: rosenkransb\u00f8nn p\u00e5 vietnamesisk<\/li>\n<li>kl. 19.00: rosenkransb\u00f8nn p\u00e5 engelsk (direktesendt)<\/li>\n<\/ul>\n<p>Torsdag<\/p>\n<ul>\n<li>kl. 17.30: rosenkransb\u00f8nn p\u00e5 tamilsk<\/li>\n<li>kl. 19.00: rosenkransb\u00f8nn p\u00e5 spansk (direktesendt)<\/li>\n<\/ul>\n<p>Fredag<\/p>\n<ul>\n<li>\u00a0kl. 17.30: rosenkransb\u00f8nn p\u00e5 norsk<\/li>\n<\/ul>\n<p>L\u00f8rdag<\/p>\n<ul>\n<li>kl. 18.00 messe p\u00e5 polsk. Etterfulgt av rosenkransandakt p\u00e5 polsk.<\/li>\n<\/ul>\n<p>S\u00f8ndag<\/p>\n<ul>\n<li>\u00a0kl. 8.30: rosenkransb\u00f8nn p\u00e5 polsk. Etterfulgt av messe p\u00e5 polsk<\/li>\n<li>kl. 10.30: rosenkransb\u00f8nn p\u00e5 norsk. Etterfulgt av h\u00f8ymesse.<\/li>\n<li>kl.12.30: rosenkransb\u00f8nn p\u00e5 vietnamesisk. Etterfulgt av messe p\u00e5 vietnamesisk.<\/li>\n<\/ul>\n<p><strong>5) Kunngj\u00f8ringen om Caritas<\/strong><\/p>\n<p>I dag, s\u00f8ndag 27. september, er det Caritas-s\u00f8ndag. All kollekt vil g\u00e5 til Caritas sitt internasjonale arbeid.<\/p>\n<p>Tusenvis av frivillige og ansatte i Caritas arbeider hver dag for \u00e5 hjelpe fattige mennesker i verden gjennom koronakrisen. Til dette trenger de v\u00e5r hjelp. La oss vise solidaritet med v\u00e5re medmennesker i resten av verden i denne vanskelige tiden. Du kan ogs\u00e5 gi penger gjennom Vipps: 12135, SMS: 2160 (kr 250,-), eller Bankkonto: 8200.01.93433. <a href=\"https:\/\/eur01.safelinks.protection.outlook.com\/?url=https%3A%2F%2Fwww.caritas.no%2Fcovid-19-gi%2F&amp;data=02%7C01%7C%7C09d24f4f1de241a3916108d8605786f4%7Cad74fffa08bb480d939a496b7603f45d%7C0%7C0%7C637365276349133993&amp;sdata=W7uOZgS1Bui392C1rmxVKiubvws11CR9EGw2JdkJb54%3D&amp;reserved=0\">https:\/\/www.caritas.no\/covid-19-gi\/<\/a><strong>\u00a0<\/strong><\/p>\n<p><strong>6) <\/strong>&laquo;Domkirken menighet arrangerer liturgisk morgensang, tilsvarende v\u00e5r laudes, p\u00e5 onsdager, og de inviterer v\u00e5r menighet til \u00e5 v\u00e6re med. De som er interessert, er velkomne i Domkirken onsdager kl. 9.&raquo;<\/p>\n<p style=\"text-align: center;\"><strong>\u00a0<\/strong><strong>\u00d8nsker dere en riktig god s\u00f8ndag! <\/strong><\/p>\n","protected":false},"excerpt":{"rendered":"<p>KUNNGJ\u00d8RINGER S\u00d8NDAG 27. SEPTEMBER 2020 Tirsdag 29.09 kl. 17.30 Vesper kl. 18.00 Messe \u2013 Fest for De hellige erkeengler Mikael, Gabriel og Rafael &#8211; etterfulgt av Sakramentstilbedelse Onsdag 30.09 kl. 18.00 Messe &#8211; Den hellige Hieronymus \u00c5pningsmesse av Rosenkransm\u00e5neden oktober&#8230;.<br \/><a class=\"read-more-button\" href=\"https:\/\/stansgar.katolsk.no\/?p=8052\">Read more<\/a><\/p>\n","protected":false},"author":1,"featured_media":0,"comment_status":"open","ping_status":"open","sticky":false,"template":"","format":"standard","meta":{"footnotes":""},"categories":[482],"tags":[3],"class_list":["post-8052","post","type-post","status-publish","format-standard","hentry","category-kunngjoringer","tag-kunngjoringer"],"_links":{"self":[{"href":"https:\/\/stansgar.katolsk.no\/index.php?rest_route=\/wp\/v2\/posts\/8052","targetHints":{"allow":["GET"]}}],"collection":[{"href":"https:\/\/stansgar.katolsk.no\/index.php?rest_route=\/wp\/v2\/posts"}],"about":[{"href":"https:\/\/stansgar.katolsk.no\/index.php?rest_route=\/wp\/v2\/types\/post"}],"author":[{"embeddable":true,"href":"https:\/\/stansgar.katolsk.no\/index.php?rest_route=\/wp\/v2\/users\/1"}],"replies":[{"embeddable":true,"href":"https:\/\/stansgar.katolsk.no\/index.php?rest_route=%2Fwp%2Fv2%2Fcomments&post=8052"}],"version-history":[{"count":3,"href":"https:\/\/stansgar.katolsk.no\/index.php?rest_route=\/wp\/v2\/posts\/8052\/revisions"}],"predecessor-version":[{"id":8057,"href":"https:\/\/stansgar.katolsk.no\/index.php?rest_route=\/wp\/v2\/posts\/8052\/revisions\/8057"}],"wp:attachment":[{"href":"https:\/\/stansgar.katolsk.no\/index.php?rest_route=%2Fwp%2Fv2%2Fmedia&parent=8052"}],"wp:term":[{"taxonomy":"category","embeddable":true,"href":"https:\/\/stansgar.katolsk.no\/index.php?rest_route=%2Fwp%2Fv2%2Fcategories&post=8052"},{"taxonomy":"post_tag","embeddable":true,"href":"https:\/\/stansgar.katolsk.no\/index.php?rest_route=%2Fwp%2Fv2%2Ftags&post=8052"}],"curies":[{"name":"wp","href":"https:\/\/api.w.org\/{rel}","templated":true}]}}