{"id":8015,"date":"2020-09-20T10:00:24","date_gmt":"2020-09-20T08:00:24","guid":{"rendered":"https:\/\/stansgar.katolsk.no\/?p=8015"},"modified":"2020-09-18T13:35:11","modified_gmt":"2020-09-18T11:35:11","slug":"kunngjoringer-sondag-20-september-2020","status":"publish","type":"post","link":"https:\/\/stansgar.katolsk.no\/?p=8015","title":{"rendered":"KUNNGJ\u00d8RINGER S\u00d8NDAG 20. SEPTEMBER 2020"},"content":{"rendered":"<p style=\"text-align: center;\"><strong>KUNNGJ\u00d8RINGER S\u00d8NDAG 20. SEPTEMBER 2020 <\/strong><\/p>\n<table width=\"671\">\n<tbody>\n<tr>\n<td width=\"99\">Tirsdag<\/td>\n<td width=\"71\">22.09<\/td>\n<td width=\"37\">kl.<\/td>\n<td width=\"57\">17.30<\/td>\n<td width=\"406\">Vesper<\/td>\n<\/tr>\n<tr>\n<td width=\"99\">&nbsp;<\/td>\n<td width=\"71\">&nbsp;<\/td>\n<td width=\"37\">kl.<\/td>\n<td width=\"57\">18.00<\/td>\n<td width=\"406\">Messe &#8211; etterfulgt av Sakramentstilbedelse<\/td>\n<\/tr>\n<tr>\n<td width=\"99\">Onsdag<\/td>\n<td width=\"71\">23.09<\/td>\n<td width=\"37\">kl.<\/td>\n<td width=\"57\">18.00<\/td>\n<td width=\"406\">Messe &#8211; Den hellige Pius av Pietrelcina<\/td>\n<\/tr>\n<tr>\n<td width=\"99\">Torsdag<\/td>\n<td width=\"71\">24.09<\/td>\n<td width=\"37\">kl.<\/td>\n<td width=\"57\">18.00<\/td>\n<td width=\"406\">Messe<\/td>\n<\/tr>\n<tr>\n<td width=\"99\">Fredag<\/td>\n<td width=\"71\">25.09<\/td>\n<td width=\"37\">kl.<\/td>\n<td width=\"57\">18.00<\/td>\n<td width=\"406\">Messe<\/td>\n<\/tr>\n<tr>\n<td width=\"99\">L\u00f8rdag<\/td>\n<td width=\"71\">26.09<\/td>\n<td width=\"37\">&nbsp;<\/p>\n<p>kl.<\/p>\n<p>kl.<\/p>\n<p>kl.<\/p>\n<p>kl.<\/td>\n<td width=\"57\">&nbsp;<\/p>\n<p>13.00<\/p>\n<p>14.00<\/p>\n<p>16.00<\/p>\n<p>18.00<\/td>\n<td width=\"406\"><strong>I St. Ansgar kirke<\/strong><\/p>\n<p>Messe p\u00e5 norsk<\/p>\n<p>Messe p\u00e5 tagalog<\/p>\n<p>Messe p\u00e5 fransk<\/p>\n<p>Messe p\u00e5 polsk<\/td>\n<\/tr>\n<tr>\n<td width=\"99\">&nbsp;<\/td>\n<td width=\"71\">&nbsp;<\/td>\n<td width=\"37\">&nbsp;<\/p>\n<p>kl.<\/p>\n<p>kl.<\/td>\n<td width=\"57\">&nbsp;<\/p>\n<p>14.00<\/p>\n<p>16.00<\/td>\n<td width=\"406\"><strong>Andre steder<\/strong><\/p>\n<p>Messe i Lyngdal<\/p>\n<p>Messe i Flekkefjord<\/td>\n<\/tr>\n<tr>\n<td colspan=\"5\" width=\"671\">S\u00f8ndag\u00a0\u00a0\u00a0\u00a0\u00a0\u00a0\u00a0\u00a0\u00a0\u00a0 27.09\u00a0\u00a0\u00a0\u00a0\u00a0\u00a0\u00a0\u00a0 \u00a0\u00a026. S\u00d8NDAG I DET ALMINNELIGE KIRKE\u00c5R<\/td>\n<\/tr>\n<tr>\n<td colspan=\"2\" width=\"170\">&nbsp;<\/td>\n<td width=\"37\">kl.<\/p>\n<p>kl.<\/p>\n<p>&nbsp;<\/p>\n<p>kl.<\/td>\n<td width=\"57\">09.00<\/p>\n<p>11.00<\/p>\n<p>&nbsp;<\/p>\n<p>13.00<\/td>\n<td width=\"406\">Messe p\u00e5 polsk<\/p>\n<p>Messe p\u00e5 norsk<\/p>\n<p>(ogs\u00e5 direktesendt)<\/p>\n<p>Messe p\u00e5 vietnamesisk<\/p>\n<p>(ogs\u00e5 direktesendt)<\/td>\n<\/tr>\n<\/tbody>\n<\/table>\n<p><strong>Annet<\/strong><\/p>\n<p><strong>1) Oppstart av konfirmasjonskurs for f\u00f8rste\u00e5rskonfirmanter<\/strong><\/p>\n<p>Vi inviterer ungdommer som \u00f8nsker \u00e5 f\u00e5 konfirmasjonens sakrament i 2022 til et konfirmasjonskurs som starter 19. september. Konfirmasjonskurset varer i to \u00e5r. Ungdommer som g\u00e5r i 9. og 10. trinn p\u00e5 grunnskolen m\u00e5 ogs\u00e5 begynne p\u00e5 konfirmasjonskurs for f\u00f8rste\u00e5rskonfirmanter.<\/p>\n<p><strong>Siste frist for \u00e5 begynne p\u00e5 dette konfirmasjonskurset er l\u00f8rdag 3. oktober. <\/strong><strong>Etter 3. oktober tar vi <u>ikke<\/u> imot nye konfirmantkandidater. Det betyr at de m\u00e5 vente til september 2021 for \u00e5 begynne p\u00e5 konfirmasjonskurset for f\u00f8rste\u00e5rskonfirmanter.<br \/>\n<\/strong><strong>\u00a0<\/strong><\/p>\n<p><strong>2) <\/strong>Menigheten fortsetter \u00e5 trenge \u00f8konomisk st\u00f8tte til innkj\u00f8pt profesjonelt rengj\u00f8ringsutstyr\u00a0 og desinfeksjonsmidler. \u00a0Kostnadene er inntil n\u00e5 kr. 9374,- Vi har allerede f\u00e5tt kr 5350,- etter den f\u00f8rste kunngj\u00f8ringen.\u00a0 Vi takker for st\u00f8tten. Mer st\u00f8tter kan vippses eller settes inn p\u00e5 menighetens konto. Merk st\u00f8tten med: Rengj\u00f8ring katekese.<\/p>\n<p><strong>3) <\/strong>I oktober arrangerer menigheten bes\u00f8k av statuen av Jomfru Maria av F\u00e1tima hos familier.<\/p>\n<p>Alle familier som \u00f8nsker \u00e5 f\u00e5 statuen av Jomfru Maria av Fatima p\u00e5 bes\u00f8k hjemme i oktober melder seg p\u00e5 i kalenderen p\u00e5 menighetens nettside.<br \/>\nRosenkransb\u00f8nnen begynner kl. 19.00 hver dag og hvis familien vil, kan rosenkransb\u00f8nnen sendes direkte p\u00e5 menighetens facebookside. Familiene kan ha rosenkransb\u00f8nnen p\u00e5 morsm\u00e5let.<\/p>\n<p><strong>4) <\/strong>Torsdag 24. September kl.18.45 er det Troskurs<strong>. <\/strong><\/p>\n<p><strong>\u00a0<\/strong><\/p>\n<p style=\"text-align: center;\"><strong>\u00d8nsker dere en riktig god s\u00f8ndag! <\/strong><\/p>\n","protected":false},"excerpt":{"rendered":"<p>KUNNGJ\u00d8RINGER S\u00d8NDAG 20. SEPTEMBER 2020 Tirsdag 22.09 kl. 17.30 Vesper &nbsp; &nbsp; kl. 18.00 Messe &#8211; etterfulgt av Sakramentstilbedelse Onsdag 23.09 kl. 18.00 Messe &#8211; Den hellige Pius av Pietrelcina Torsdag 24.09 kl. 18.00 Messe Fredag 25.09 kl. 18.00 Messe&#8230;<br \/><a class=\"read-more-button\" href=\"https:\/\/stansgar.katolsk.no\/?p=8015\">Read more<\/a><\/p>\n","protected":false},"author":1,"featured_media":0,"comment_status":"open","ping_status":"open","sticky":false,"template":"","format":"standard","meta":{"footnotes":""},"categories":[482],"tags":[3],"class_list":["post-8015","post","type-post","status-publish","format-standard","hentry","category-kunngjoringer","tag-kunngjoringer"],"_links":{"self":[{"href":"https:\/\/stansgar.katolsk.no\/index.php?rest_route=\/wp\/v2\/posts\/8015","targetHints":{"allow":["GET"]}}],"collection":[{"href":"https:\/\/stansgar.katolsk.no\/index.php?rest_route=\/wp\/v2\/posts"}],"about":[{"href":"https:\/\/stansgar.katolsk.no\/index.php?rest_route=\/wp\/v2\/types\/post"}],"author":[{"embeddable":true,"href":"https:\/\/stansgar.katolsk.no\/index.php?rest_route=\/wp\/v2\/users\/1"}],"replies":[{"embeddable":true,"href":"https:\/\/stansgar.katolsk.no\/index.php?rest_route=%2Fwp%2Fv2%2Fcomments&post=8015"}],"version-history":[{"count":1,"href":"https:\/\/stansgar.katolsk.no\/index.php?rest_route=\/wp\/v2\/posts\/8015\/revisions"}],"predecessor-version":[{"id":8016,"href":"https:\/\/stansgar.katolsk.no\/index.php?rest_route=\/wp\/v2\/posts\/8015\/revisions\/8016"}],"wp:attachment":[{"href":"https:\/\/stansgar.katolsk.no\/index.php?rest_route=%2Fwp%2Fv2%2Fmedia&parent=8015"}],"wp:term":[{"taxonomy":"category","embeddable":true,"href":"https:\/\/stansgar.katolsk.no\/index.php?rest_route=%2Fwp%2Fv2%2Fcategories&post=8015"},{"taxonomy":"post_tag","embeddable":true,"href":"https:\/\/stansgar.katolsk.no\/index.php?rest_route=%2Fwp%2Fv2%2Ftags&post=8015"}],"curies":[{"name":"wp","href":"https:\/\/api.w.org\/{rel}","templated":true}]}}