{"id":801,"date":"2013-11-17T12:34:00","date_gmt":"2013-11-17T11:34:00","guid":{"rendered":"http:\/\/stansgar.katolsk.no\/index.php\/2013\/11\/17\/kunngjringer-sndag-17-november-2013\/"},"modified":"2018-10-12T09:12:50","modified_gmt":"2018-10-12T07:12:50","slug":"kunngjringer-sndag-17-november-2013","status":"publish","type":"post","link":"https:\/\/stansgar.katolsk.no\/?p=801","title":{"rendered":"Kunngj\u00f8ringer s\u00f8ndag 17. november  2013"},"content":{"rendered":"<div class=\"MsoNormal\" style=\"background-color: white; color: #222222; font-size: 11pt; line-height: 17px; margin: 0cm 0cm 10pt;\">\n<\/div>\n<div class=\"MsoNormal\" style=\"background-color: white; color: #222222; font-size: 11pt; line-height: 17px; margin: 0cm 0cm 10pt;\">\n<\/div>\n<div class=\"MsoNormal\" style=\"background-color: white; color: #222222; font-size: 11pt; line-height: 17px; margin: 0cm 0cm 10pt;\">\n<b>I dag g\u00e5r all kollekt til hjelpearbeidet p\u00e5 Filippinene. Tusen takk for alle bidrag.<\/b><u><\/u><u><\/u><\/div>\n<div class=\"MsoNormal\" style=\"background-color: white; color: #222222; font-size: 11pt; line-height: 17px; margin: 0cm 0cm 10pt;\">\n<\/div>\n<div class=\"MsoNormal\" style=\"background-color: white; color: #222222; font-size: 11pt; line-height: 17px; margin: 0cm 0cm 10pt;\">\nDenne uken er det messe i menighetssalen i KIGA m<b>andag til fredag kl. 18.<\/b><u><\/u><u><\/u><\/div>\n<div class=\"MsoNormal\" style=\"background-color: white; color: #222222; font-size: 11pt; line-height: 17px; margin: 0cm 0cm 10pt;\">\n<\/div>\n<div class=\"MsoNormal\" style=\"background-color: white; color: #222222; font-size: 11pt; line-height: 17px; margin: 0cm 0cm 10pt;\">\n<b>Mandag 18. november<\/b> er det messe i den ekstraordin\u00e6re form. (messeboken fra 1962)<u><\/u><u><\/u><\/div>\n<div class=\"MsoNormal\" style=\"background-color: white; color: #222222; font-size: 11pt; line-height: 17px; margin: 0cm 0cm 10pt;\">\n<\/div>\n<div class=\"MsoNormal\" style=\"background-color: white; color: #222222; font-size: 11pt; line-height: 17px; margin: 0cm 0cm 10pt;\">\n<b>Fredag 22. november kl. 18<\/b> arrangeres det en solidaritetskveld for Filippinene i V\u00e5gsbygd samfunnshus, med innsamling til Caritas. Det blir mat og kulturprogram. P\u00e5melding til p. Michael, Jocelyn Augland eller Tore Heidenreich. Se oppslag, invitasjonskort eller menighetens blogg.<u><\/u><u><\/u><\/div>\n<div class=\"MsoNormal\" style=\"background-color: white; color: #222222; font-size: 11pt; line-height: 17px; margin: 0cm 0cm 10pt;\">\n<\/div>\n<div class=\"MsoNormal\" style=\"background-color: white; color: #222222; font-size: 11pt; line-height: 17px; margin: 0cm 0cm 10pt;\">\n<u><\/u><u><\/u><\/div>\n<div class=\"MsoNormal\" style=\"background-color: white; color: #222222; font-size: 11pt; line-height: 17px; margin: 0cm 0cm 10pt;\">\n<b>L\u00f8rdag 23. november<\/b> er det messe p\u00e5 tagalog kl. 13 i KIGA<u><\/u><u><\/u><\/div>\n<div class=\"MsoNormal\" style=\"background-color: white; color: #222222; font-size: 11pt; line-height: 17px; margin: 0cm 0cm 10pt;\">\n<\/div>\n<div class=\"MsoNormal\" style=\"background-color: white; color: #222222; font-size: 11pt; line-height: 17px; margin: 0cm 0cm 10pt;\">\n<b>L\u00f8rdag 23. november<\/b> er det messe p\u00e5 vietnamesisk kl. 15 i Domkirken i anledning 25 \u00e5rs jubileet for helligk\u00e5ringen av martyrene fra Vietnam.<u><\/u><u><\/u><\/div>\n<div class=\"MsoNormal\" style=\"background-color: white; color: #222222; font-size: 11pt; line-height: 17px; margin: 0cm 0cm 10pt;\">\n<\/div>\n<div class=\"MsoNormal\" style=\"background-color: white; color: #222222; font-size: 11pt; line-height: 17px; margin: 0cm 0cm 10pt;\">\n<b>S\u00f8ndag &nbsp;24. november,<\/b> blir det messe p\u00e5 polsk kl. 10 i KIGA og h\u00f8ymesse p\u00e5 norsk kl. 14 i domkirken. Det blir ogs\u00e5 messe p\u00e5 polsk p\u00e5 Stella Maris i Mandal kl. 14.<\/div>\n","protected":false},"excerpt":{"rendered":"<p>I dag g\u00e5r all kollekt til hjelpearbeidet p\u00e5 Filippinene. Tusen takk for alle bidrag. Denne uken er det messe i menighetssalen i KIGA mandag til fredag kl. 18. Mandag 18. november er det messe i den ekstraordin\u00e6re form. (messeboken fra&#8230;<br \/><a class=\"read-more-button\" href=\"https:\/\/stansgar.katolsk.no\/?p=801\">Read more<\/a><\/p>\n","protected":false},"author":3,"featured_media":0,"comment_status":"open","ping_status":"open","sticky":false,"template":"","format":"standard","meta":{"footnotes":""},"categories":[1],"tags":[3],"class_list":["post-801","post","type-post","status-publish","format-standard","hentry","category-ukategorisert","tag-kunngjoringer"],"_links":{"self":[{"href":"https:\/\/stansgar.katolsk.no\/index.php?rest_route=\/wp\/v2\/posts\/801","targetHints":{"allow":["GET"]}}],"collection":[{"href":"https:\/\/stansgar.katolsk.no\/index.php?rest_route=\/wp\/v2\/posts"}],"about":[{"href":"https:\/\/stansgar.katolsk.no\/index.php?rest_route=\/wp\/v2\/types\/post"}],"author":[{"embeddable":true,"href":"https:\/\/stansgar.katolsk.no\/index.php?rest_route=\/wp\/v2\/users\/3"}],"replies":[{"embeddable":true,"href":"https:\/\/stansgar.katolsk.no\/index.php?rest_route=%2Fwp%2Fv2%2Fcomments&post=801"}],"version-history":[{"count":1,"href":"https:\/\/stansgar.katolsk.no\/index.php?rest_route=\/wp\/v2\/posts\/801\/revisions"}],"predecessor-version":[{"id":2814,"href":"https:\/\/stansgar.katolsk.no\/index.php?rest_route=\/wp\/v2\/posts\/801\/revisions\/2814"}],"wp:attachment":[{"href":"https:\/\/stansgar.katolsk.no\/index.php?rest_route=%2Fwp%2Fv2%2Fmedia&parent=801"}],"wp:term":[{"taxonomy":"category","embeddable":true,"href":"https:\/\/stansgar.katolsk.no\/index.php?rest_route=%2Fwp%2Fv2%2Fcategories&post=801"},{"taxonomy":"post_tag","embeddable":true,"href":"https:\/\/stansgar.katolsk.no\/index.php?rest_route=%2Fwp%2Fv2%2Ftags&post=801"}],"curies":[{"name":"wp","href":"https:\/\/api.w.org\/{rel}","templated":true}]}}