{"id":80,"date":"2018-08-07T20:15:00","date_gmt":"2018-08-07T18:15:00","guid":{"rendered":"http:\/\/stansgar.katolsk.no\/index.php\/2018\/08\/07\/informasjon-om-konfirmasjonsdagen\/"},"modified":"2018-10-12T09:12:15","modified_gmt":"2018-10-12T07:12:15","slug":"informasjon-om-konfirmasjonsdagen","status":"publish","type":"post","link":"https:\/\/stansgar.katolsk.no\/?p=80","title":{"rendered":"INFORMASJON OM KONFIRMASJONSDAGEN"},"content":{"rendered":"<p><\/p>\n<div class=\"MsoNormal\">\n<\/div>\n<div class=\"MsoNormal\">\n&nbsp; &nbsp; &nbsp; &nbsp; &nbsp; &nbsp; &nbsp; &nbsp; &nbsp; &nbsp; &nbsp; &nbsp; &nbsp; &nbsp; &nbsp; &nbsp; &nbsp; &nbsp; &nbsp; &nbsp; &nbsp; &nbsp; &nbsp; &nbsp; &nbsp; &nbsp; &nbsp; &nbsp; &nbsp; &nbsp; &nbsp; &nbsp; &nbsp; &nbsp; &nbsp; &nbsp; &nbsp; &nbsp; &nbsp; &nbsp; &nbsp; &nbsp; &nbsp; &nbsp; &nbsp; &nbsp;<\/div>\n<div class=\"MsoNormal\">\nDet n\u00e6rmer seg konfirmasjonsdagen, l\u00f8rdag 1. september. Derfor<br \/>\nlegger vi ut informasjon til konfirmanter, foreldre og faddere her p\u00e5 bloggen.<br \/>\nAlle konfirmantene f\u00e5r ogs\u00e5 et brev med denne informasjonen. Dersom dere ikke<br \/>\nf\u00e5r brevet, v\u00e6r s\u00e5 snill \u00e5 si ifra til menighetskontoret p\u00e5 telefon<\/div>\n<div class=\"MsoNormal\">\n&nbsp;975 94&nbsp;787.<\/div>\n<div class=\"MsoNormal\">\n<\/div>\n<div class=\"MsoNormal\">\n<\/div>\n<div class=\"MsoNormal\">\n<b style=\"mso-bidi-font-weight: normal;\">Forberedelse til<br \/>\nkonfirmasjonsdagen<\/b><\/div>\n<div class=\"MsoNormal\">\n<\/div>\n<div class=\"MsoNormal\">\nAlle konfirmantkandidatene m\u00e5 komme til forberedelsesdagen<br \/>\ntorsdag 23. august kl. 15.30.<\/div>\n<div class=\"MsoNormal\">\nProgram:<\/div>\n<ul style=\"margin-top: 0cm;\" type=\"disc\">\n<li class=\"MsoNormal\" style=\"mso-list: l0 level1 lfo2;\">Kl. 15.30 &#8211; 16.00 generell<br \/>\n     informasjon<\/li>\n<li class=\"MsoNormal\" style=\"mso-list: l0 level1 lfo2;\">Kl. 16.00 &#8211; 17.00<br \/>\n     skriftem\u00e5l<\/li>\n<li class=\"MsoNormal\" style=\"mso-list: l0 level1 lfo2;\">Kl. 17.00 &#8211; 18.00 \u00f8velse til<br \/>\n     konfirmasjonen med faddere<\/li>\n<li class=\"MsoNormal\" style=\"mso-list: l0 level1 lfo2;\">Kl. 18.00 &#8211; 18.30 messe &#8211;<br \/>\n     Alle konfirmantkandidatene m\u00e5 delta i messen. <\/li>\n<\/ul>\n<div class=\"MsoNormal\">\n<\/div>\n<div class=\"MsoNormal\">\n<b style=\"mso-bidi-font-weight: normal;\">Det er viktig at<\/b>:<\/div>\n<ul style=\"margin-top: 0cm;\" type=\"disc\">\n<li class=\"MsoNormal\" style=\"mso-list: l0 level1 lfo2;\">Fadderne er med p\u00e5 \u00f8velsen<br \/>\n     til konfirmasjonsdagen torsdag 23.08. kl. 17.00. <\/li>\n<\/ul>\n<div class=\"MsoListParagraph\" style=\"mso-list: l0 level1 lfo2; text-indent: -18.0pt;\">\n\u00b7&nbsp;&nbsp;&nbsp;&nbsp;&nbsp;<br \/>\n<b style=\"mso-bidi-font-weight: normal;\">Dere<\/b> <b style=\"mso-bidi-font-weight: normal;\">tar med dere den utfylte fermingsmeldingen<br \/>\ntil m\u00f8tet. Husk \u00e5 skrive konfirmasjonsnavnet ditt (fermingsnavnet) nederst p\u00e5<br \/>\nfermingsmeldingen. <\/b><\/div>\n<ul style=\"margin-top: 0cm;\" type=\"disc\">\n<li class=\"MsoNormal\" style=\"mso-list: l0 level1 lfo2;\">Alle konfirmantene som<br \/>\n     ikke er d\u00f8pt i St. Ansgar menighet m\u00e5 ta med seg d\u00e5psattesten sin.<\/li>\n<\/ul>\n<div class=\"MsoNormal\">\n<\/div>\n<div class=\"MsoNormal\">\n<b style=\"mso-bidi-font-weight: normal;\">Informasjonsm\u00f8te<\/b><\/div>\n<div class=\"MsoNormal\">\n<\/div>\n<div class=\"MsoNormal\">\nForeldre og faddere m\u00e5 komme til et informasjonsm\u00f8te i<br \/>\nmenighetssalen torsdag 23. august <br \/>\nkl. 19.00. M\u00f8tet varer ca. 30 minutter. <\/div>\n<div class=\"MsoNormal\">\n<\/div>\n<div class=\"MsoNormal\">\n<b style=\"mso-bidi-font-weight: normal;\">Det er viktig at: <\/b><\/div>\n<div class=\"MsoNormal\" style=\"margin-left: 18.0pt; mso-list: l1 level1 lfo1; text-indent: -18.0pt;\">\n<s>\u00b7&nbsp;&nbsp;&nbsp;&nbsp;&nbsp;<br \/>\n<\/s>Dere fyller ut fermingsmeldingen som er<br \/>\nvedlagt i dette brevet, og tar den med til m\u00f8tet.<s> <\/s><\/div>\n<div class=\"MsoNormal\" style=\"margin-left: 18.0pt; mso-list: l1 level1 lfo1; text-indent: -18.0pt;\">\n\u00b7&nbsp;&nbsp;&nbsp;&nbsp;&nbsp;<br \/>\nAlle konfirmantene som ikke er d\u00f8pt i St. Ansgar<br \/>\nmenighet m\u00e5 ta med d\u00e5psattesten sin.<\/div>\n<div class=\"MsoNormal\" style=\"margin-left: 18.0pt; mso-list: l1 level1 lfo1; text-indent: -18.0pt;\">\n\u00b7&nbsp;&nbsp;&nbsp;&nbsp;&nbsp;<br \/>\nFadderne m\u00e5 v\u00e6re katolikker og katolsk<br \/>\nkonfirmert. <\/div>\n<div class=\"MsoNormal\">\n<b style=\"mso-bidi-font-weight: normal;\">&nbsp;&nbsp;&nbsp;&nbsp;&nbsp;&nbsp;&nbsp;&nbsp;&nbsp;&nbsp;&nbsp; &nbsp;<\/b><\/div>\n<div class=\"MsoNormal\">\n<b style=\"mso-bidi-font-weight: normal;\">Konfirmasjonsdagen<\/b><u><\/u><\/div>\n<div class=\"MsoNormal\">\n<\/div>\n<div class=\"MsoNormal\">\nKonfirmasjonsmessen feires i <b><u>Lund kirke, Marviksveien 5, 4631 Kristiansand, l\u00f8rdag<br \/>\n1. september kl. 11.00. M\u00f8t frem senest kl. 10.15. <\/u><\/b>Vi minner om at konfirmasjonskl\u00e6rne<br \/>\nm\u00e5 v\u00e6re passende til <b style=\"mso-bidi-font-weight: normal;\">konfirmasjonens sakrament<\/b>.<\/div>\n<div class=\"MsoNormal\">\n<\/div>\n<div class=\"MsoNormal\">\nInformasjonsm\u00f8tet og forberedelsen er obligatorisk. <\/div>\n<div class=\"MsoNormal\">\nVel m\u00f8tt til b\u00e5de forberedelseskvelden og<br \/>\nkonfirmasjonsdagen.<\/div>\n<div class=\"MsoNormal\">\nLykke til med alle forberedelser i familien ogs\u00e5!<\/div>\n<div class=\"MsoNormal\">\n<\/div>\n<div class=\"MsoNormal\">\n<br \/>\nMed vennlig hilsen<\/div>\n<div class=\"MsoNormal\">\n<\/div>\n<div class=\"MsoNormal\">\n<\/div>\n<div class=\"MsoNormal\">\np. Louis Tien Dang Quang<\/div>\n<div class=\"MsoNormal\">\nSogneadministrator<\/div>\n<div class=\"MsoNormal\">\n<\/div>\n<p><\/p>\n","protected":false},"excerpt":{"rendered":"<p>&nbsp; &nbsp; &nbsp; &nbsp; &nbsp; &nbsp; &nbsp; &nbsp; &nbsp; &nbsp; &nbsp; &nbsp; &nbsp; &nbsp; &nbsp; &nbsp; &nbsp; &nbsp; &nbsp; &nbsp; &nbsp; &nbsp; &nbsp; &nbsp; &nbsp; &nbsp; &nbsp; &nbsp; &nbsp; &nbsp; &nbsp; &nbsp; &nbsp; &nbsp; &nbsp; &nbsp; &nbsp; &nbsp; &nbsp; &nbsp;&#8230;<br \/><a class=\"read-more-button\" href=\"https:\/\/stansgar.katolsk.no\/?p=80\">Read more<\/a><\/p>\n","protected":false},"author":3,"featured_media":0,"comment_status":"open","ping_status":"open","sticky":false,"template":"","format":"standard","meta":{"footnotes":""},"categories":[1],"tags":[13,14],"class_list":["post-80","post","type-post","status-publish","format-standard","hentry","category-ukategorisert","tag-ferming","tag-konfirmasjon"],"_links":{"self":[{"href":"https:\/\/stansgar.katolsk.no\/index.php?rest_route=\/wp\/v2\/posts\/80","targetHints":{"allow":["GET"]}}],"collection":[{"href":"https:\/\/stansgar.katolsk.no\/index.php?rest_route=\/wp\/v2\/posts"}],"about":[{"href":"https:\/\/stansgar.katolsk.no\/index.php?rest_route=\/wp\/v2\/types\/post"}],"author":[{"embeddable":true,"href":"https:\/\/stansgar.katolsk.no\/index.php?rest_route=\/wp\/v2\/users\/3"}],"replies":[{"embeddable":true,"href":"https:\/\/stansgar.katolsk.no\/index.php?rest_route=%2Fwp%2Fv2%2Fcomments&post=80"}],"version-history":[{"count":1,"href":"https:\/\/stansgar.katolsk.no\/index.php?rest_route=\/wp\/v2\/posts\/80\/revisions"}],"predecessor-version":[{"id":1563,"href":"https:\/\/stansgar.katolsk.no\/index.php?rest_route=\/wp\/v2\/posts\/80\/revisions\/1563"}],"wp:attachment":[{"href":"https:\/\/stansgar.katolsk.no\/index.php?rest_route=%2Fwp%2Fv2%2Fmedia&parent=80"}],"wp:term":[{"taxonomy":"category","embeddable":true,"href":"https:\/\/stansgar.katolsk.no\/index.php?rest_route=%2Fwp%2Fv2%2Fcategories&post=80"},{"taxonomy":"post_tag","embeddable":true,"href":"https:\/\/stansgar.katolsk.no\/index.php?rest_route=%2Fwp%2Fv2%2Ftags&post=80"}],"curies":[{"name":"wp","href":"https:\/\/api.w.org\/{rel}","templated":true}]}}