{"id":797,"date":"2013-11-27T09:40:00","date_gmt":"2013-11-27T08:40:00","guid":{"rendered":"http:\/\/stansgar.katolsk.no\/index.php\/2013\/11\/27\/stansgar-menighet-inviterer-ti\/"},"modified":"2018-10-12T09:12:50","modified_gmt":"2018-10-12T07:12:50","slug":"stansgar-menighet-inviterer-ti","status":"publish","type":"post","link":"https:\/\/stansgar.katolsk.no\/?p=797","title":{"rendered":"St.Ansgar menighet inviterer til spennende tur!"},"content":{"rendered":"<p><\/p>\n<div class=\"MsoNormal\">\n<\/div>\n<table align=\"center\" cellpadding=\"0\" cellspacing=\"0\" class=\"tr-caption-container\" style=\"margin-left: auto; margin-right: auto; text-align: center;\">\n<tbody>\n<tr>\n<td style=\"text-align: center;\"><a href=\"http:\/\/2.bp.blogspot.com\/-dCStfPH7k1g\/UpW7gXwnu_I\/AAAAAAAAEKs\/brAkuFhhdL0\/s1600\/MBOlavsfane.jpg\" imageanchor=\"1\" style=\"margin-left: auto; margin-right: auto; text-align: center;\"><img loading=\"lazy\" decoding=\"async\" border=\"0\" height=\"400\" src=\"http:\/\/stansgar.katolsk.no\/wp-content\/uploads\/2013\/11\/MBOlavsfane.jpg\" width=\"298\" \/><\/a><\/td>\n<\/tr>\n<tr>\n<td class=\"tr-caption\" style=\"text-align: center;\">St. Olav menighets flotte, nye Olavsfane<\/td>\n<\/tr>\n<\/tbody>\n<\/table>\n<p>&nbsp;Biskop Bernt Eidsvig oppfordrer alle norske katolikker til \u00e5<br \/>\ndelta under Olsokfeiringen i Trondheim. Denne utfordringen tar vi, og inviterer<br \/>\nmenighetens medlemmer med p\u00e5 tur sommeren 2014.<\/p>\n<div class=\"MsoNormal\">\n<\/div>\n<div class=\"MsoNormal\">\n<\/div>\n<div class=\"MsoNormal\">\nVi reiser sammen i buss med avgang fredag 25.7. Overnatting<br \/>\nblir p\u00e5 Lillehammer \u2013 kanskje rekker vi ogs\u00e5 et bes\u00f8k p\u00e5 <a href=\"http:\/\/www.maihaugen.no\/no\/Bjerkebek\/\" target=\"_blank\">Bjerkeb\u00e6k<\/a>, Sigrid<br \/>\nUndsets hjem. <\/div>\n<div class=\"MsoNormal\">\n<\/div>\n<div class=\"MsoNormal\">\n<table cellpadding=\"0\" cellspacing=\"0\" class=\"tr-caption-container\" style=\"float: left; margin-right: 1em; text-align: left;\">\n<tbody>\n<tr>\n<td style=\"text-align: center;\"><a href=\"http:\/\/4.bp.blogspot.com\/-p0IXWHmVO4M\/UpW7g3R6_8I\/AAAAAAAAEKw\/rBSBaJa0mdA\/s1600\/MBStiklestad.jpg\" imageanchor=\"1\" style=\"clear: left; margin-bottom: 1em; margin-left: auto; margin-right: auto;\"><img loading=\"lazy\" decoding=\"async\" border=\"0\" height=\"400\" src=\"http:\/\/stansgar.katolsk.no\/wp-content\/uploads\/2013\/11\/MBStiklestad.jpg\" width=\"400\" \/><\/a><\/td>\n<\/tr>\n<tr>\n<td class=\"tr-caption\" style=\"text-align: center;\">Sigrid Undsets kapell p\u00e5 Stiklestad<\/td>\n<\/tr>\n<\/tbody>\n<\/table>\n<p>\nI Trondheim deltar vi p\u00e5 <a href=\"http:\/\/trondheim.katolsk.no\/\" target=\"_blank\">St.Olav menighets<\/a>&nbsp;arrangementer.<br \/>\nProgrammet derfra er enn\u00e5 ikke klart, men det byr i alle fall p\u00e5 felles tur til<br \/>\n<a href=\"http:\/\/stiklestad.no\/historie\/slaget-1030\/\" target=\"_blank\">Stiklestad<\/a>, med prosesjon til <a href=\"http:\/\/no.wikipedia.org\/wiki\/Stiklestad_kirke\" target=\"_blank\">Stiklestad gamle kirke<\/a>, der det feires pontifikal<br \/>\nh\u00f8ymesse. Dette f\u00f8lges av prosesjon til det katolske kapellet p\u00e5 Stikelstad. &nbsp;Etterp\u00e5 er det felles middag og Spelet om Heilag Olav, for de som<br \/>\n\u00f8nsker det. <\/div>\n<div class=\"MsoNormal\">\n<\/div>\n<div class=\"MsoNormal\">\n<table cellpadding=\"0\" cellspacing=\"0\" class=\"tr-caption-container\" style=\"float: right; margin-left: 1em; text-align: right;\">\n<tbody>\n<tr>\n<td style=\"text-align: center;\"><a href=\"http:\/\/3.bp.blogspot.com\/-7FPnXWgetk0\/UpW7fv2wKbI\/AAAAAAAAEKo\/4Motku46--E\/s1600\/MBTautra.jpg\" imageanchor=\"1\" style=\"clear: right; margin-bottom: 1em; margin-left: auto; margin-right: auto;\"><img loading=\"lazy\" decoding=\"async\" border=\"0\" height=\"400\" src=\"http:\/\/stansgar.katolsk.no\/wp-content\/uploads\/2013\/11\/MBTautra.jpg\" width=\"298\" \/><\/a><\/td>\n<\/tr>\n<tr>\n<td class=\"tr-caption\" style=\"text-align: center;\">Tautra Mariakloster<\/td>\n<\/tr>\n<\/tbody>\n<\/table>\n<p>\nDet blir ogs\u00e5 felles klostertur til <a href=\"http:\/\/www.munkeby.net\/\" target=\"_blank\">Munkeby<\/a> og <a href=\"http:\/\/www.tautra.no\/index.asp?language=norsk\" target=\"_blank\">Tautra<\/a>, med<br \/>\nfelles middag p\u00e5 vakre <a href=\"http:\/\/www.klostergardentautra.no\/\" target=\"_blank\">Klosterg\u00e5rden<\/a> p\u00e5 Tautra. Messe og vesper feires i<br \/>\nklostrene, og det blir anledning til \u00e5 handle munkenes ber\u00f8mte ost og nonnenes<br \/>\nlike ber\u00f8mte s\u00e5per og kremer. <\/div>\n<div class=\"MsoNormal\">\n<\/div>\n<div class=\"MsoNormal\">\n<table cellpadding=\"0\" cellspacing=\"0\" class=\"tr-caption-container\" style=\"float: left; text-align: left;\">\n<tbody>\n<tr>\n<td style=\"text-align: center;\"><a href=\"http:\/\/1.bp.blogspot.com\/-3YWtzSGxdos\/UpW7jtuao5I\/AAAAAAAAELA\/Ug1xDy3wpiA\/s1600\/MBdomen.jpg\" imageanchor=\"1\" style=\"clear: left; margin-bottom: 1em; margin-left: auto; margin-right: auto;\"><img loading=\"lazy\" decoding=\"async\" border=\"0\" height=\"320\" src=\"http:\/\/stansgar.katolsk.no\/wp-content\/uploads\/2013\/11\/MBdomen.jpg\" width=\"237\" \/><\/a><\/td>\n<\/tr>\n<tr>\n<td class=\"tr-caption\" style=\"text-align: center;\">Pontifikal h\u00f8ymesse, Olsok 2013<\/td>\n<\/tr>\n<\/tbody>\n<\/table>\n<p>I Trondheim blir det foredrag og andre arrangementer, s\u00e6rlig<br \/>\np\u00e5 selve Olsokdagen, 29.7, som toppes med pontifikal h\u00f8ymesse i Nidarosdomen.\n<\/div>\n<div class=\"MsoNormal\">\nKulturfestivalen <a href=\"http:\/\/www.olavsfestdagene.no\/\" target=\"_blank\">Olavsfestdagene<\/a> p\u00e5g\u00e5r samtidig, og det er<br \/>\nderfor mange andre spennende arrangementer disse dagene, ikke minst<br \/>\nMiddelaldermarkedet i Erkebispeg\u00e5rden.<\/p>\n<\/div>\n<div class=\"MsoNormal\">\n<\/div>\n<div class=\"MsoNormal\">\nPris er enn\u00e5 ikke helt klar, men vi har en <b style=\"mso-bidi-font-weight: normal;\">forel\u00f8pig prisantydning p\u00e5 kr 4575.-<\/b><\/div>\n<div class=\"MsoNormal\">\nDette inkluderer bussreise og overnatting p\u00e5 Lillehammer<br \/>\ntur\/retur, hotell med frokost i Trondheim (<a href=\"https:\/\/www.nordicchoicehotels.no\/comfort\/comfort-hotel-trondheim\/\" target=\"_blank\">Comfort Hotel Trondheim<\/a>), &nbsp;klostertur og Stiklestadtur med middager.<\/div>\n<div class=\"MsoNormal\">\n<b style=\"mso-bidi-font-weight: normal;\">For enkeltrom er det<br \/>\net tillegg p\u00e5 kr. 900.-<\/b><\/div>\n<div class=\"MsoNormal\">\n<\/div>\n<div class=\"MsoNormal\">\nDersom man \u00f8nsker \u00e5 ordne <b style=\"mso-bidi-font-weight: normal;\">overnatting privat er prisen kr.&nbsp;<br \/>\n2875.-<\/b> Dette inkluderer da alt som over, bortsett fra hotell i<br \/>\nTrondheim. <\/div>\n<div class=\"MsoNormal\">\n<b style=\"mso-bidi-font-weight: normal;\">I tillegg kommer <\/b>billett<br \/>\ntil&nbsp;<a href=\"http:\/\/stiklestad.no\/opplevelser\/spelet-om-heilag-olav\/\" target=\"_blank\">Spelet om Heilag Olav<\/a>. Dette er kl 23 om kvelden, samme dag som vi allerede<br \/>\ner p\u00e5 Stiklestad, &nbsp;og koster&nbsp; 450 kr\/315 kr for barn. Transport tilbake kan<br \/>\nbestilles.<\/div>\n<div class=\"MsoNormal\">\n<\/div>\n<p><\/p>\n<div class=\"MsoNormal\">\nMeld allerede n\u00e5 fra hvis du er interessert! Snakk med Tore<br \/>\neller Phuong, eller meld fra her p\u00e5 bloggen. Oppgi mailadresse og f\u00e5 oppdatert info<br \/>\ns\u00e5 snart den foreligger.<\/p>\n<p>&nbsp;&nbsp;<b>Det er<br \/>\nforel\u00f8pig p\u00e5melding innen 10.1.14, slik at vi kan regne ut bussprisen, som er<br \/>\navhengig av antall p\u00e5meldte. Deretter blir det bindende p\u00e5melding, med depositum, &nbsp;innen 1.2.2014.<\/b><\/div>\n","protected":false},"excerpt":{"rendered":"<p>St. Olav menighets flotte, nye Olavsfane &nbsp;Biskop Bernt Eidsvig oppfordrer alle norske katolikker til \u00e5 delta under Olsokfeiringen i Trondheim. Denne utfordringen tar vi, og inviterer menighetens medlemmer med p\u00e5 tur sommeren 2014. Vi reiser sammen i buss med avgang&#8230;<br \/><a class=\"read-more-button\" href=\"https:\/\/stansgar.katolsk.no\/?p=797\">Read more<\/a><\/p>\n","protected":false},"author":3,"featured_media":2805,"comment_status":"open","ping_status":"open","sticky":false,"template":"","format":"standard","meta":{"footnotes":""},"categories":[1],"tags":[61,136],"class_list":["post-797","post","type-post","status-publish","format-standard","has-post-thumbnail","hentry","category-ukategorisert","tag-olsok","tag-st-olav"],"_links":{"self":[{"href":"https:\/\/stansgar.katolsk.no\/index.php?rest_route=\/wp\/v2\/posts\/797","targetHints":{"allow":["GET"]}}],"collection":[{"href":"https:\/\/stansgar.katolsk.no\/index.php?rest_route=\/wp\/v2\/posts"}],"about":[{"href":"https:\/\/stansgar.katolsk.no\/index.php?rest_route=\/wp\/v2\/types\/post"}],"author":[{"embeddable":true,"href":"https:\/\/stansgar.katolsk.no\/index.php?rest_route=\/wp\/v2\/users\/3"}],"replies":[{"embeddable":true,"href":"https:\/\/stansgar.katolsk.no\/index.php?rest_route=%2Fwp%2Fv2%2Fcomments&post=797"}],"version-history":[{"count":1,"href":"https:\/\/stansgar.katolsk.no\/index.php?rest_route=\/wp\/v2\/posts\/797\/revisions"}],"predecessor-version":[{"id":2809,"href":"https:\/\/stansgar.katolsk.no\/index.php?rest_route=\/wp\/v2\/posts\/797\/revisions\/2809"}],"wp:featuredmedia":[{"embeddable":true,"href":"https:\/\/stansgar.katolsk.no\/index.php?rest_route=\/wp\/v2\/media\/2805"}],"wp:attachment":[{"href":"https:\/\/stansgar.katolsk.no\/index.php?rest_route=%2Fwp%2Fv2%2Fmedia&parent=797"}],"wp:term":[{"taxonomy":"category","embeddable":true,"href":"https:\/\/stansgar.katolsk.no\/index.php?rest_route=%2Fwp%2Fv2%2Fcategories&post=797"},{"taxonomy":"post_tag","embeddable":true,"href":"https:\/\/stansgar.katolsk.no\/index.php?rest_route=%2Fwp%2Fv2%2Ftags&post=797"}],"curies":[{"name":"wp","href":"https:\/\/api.w.org\/{rel}","templated":true}]}}