{"id":7956,"date":"2020-09-13T10:00:29","date_gmt":"2020-09-13T08:00:29","guid":{"rendered":"https:\/\/stansgar.katolsk.no\/?p=7956"},"modified":"2020-09-11T13:57:19","modified_gmt":"2020-09-11T11:57:19","slug":"kunngjoringer-sondag-13-september-2020","status":"publish","type":"post","link":"https:\/\/stansgar.katolsk.no\/?p=7956","title":{"rendered":"KUNNGJ\u00d8RINGER S\u00d8NDAG 13. SEPTEMBER 2020"},"content":{"rendered":"<h4 style=\"text-align: center;\"><strong>KUNNGJ\u00d8RINGER S\u00d8NDAG 13. SEPTEMBER 2020 <\/strong><\/h4>\n<table width=\"671\">\n<tbody>\n<tr>\n<td width=\"99\">Mandag<\/td>\n<td width=\"71\">14.09<\/td>\n<td width=\"37\">kl.<\/td>\n<td width=\"57\">18.00<\/td>\n<td width=\"406\">Messe \u2013 Fest: Korsets opph\u00f8yelse<\/td>\n<\/tr>\n<tr>\n<td width=\"99\">Tirsdag<\/td>\n<td width=\"71\">15.09<\/td>\n<td width=\"37\">kl.<\/td>\n<td width=\"57\">17.30<\/td>\n<td width=\"406\">Vesper<\/td>\n<\/tr>\n<tr>\n<td width=\"99\"><\/td>\n<td width=\"71\"><\/td>\n<td width=\"37\">kl.<\/td>\n<td width=\"57\">18.00<\/td>\n<td width=\"406\">Messe &#8211; etterfulgt av<\/p>\n<p>Sakramentstilbedelse<\/td>\n<\/tr>\n<tr>\n<td width=\"99\">Onsdag<\/td>\n<td width=\"71\">16.09<\/td>\n<td width=\"37\">kl.<\/td>\n<td width=\"57\">18.00<\/td>\n<td width=\"406\">Messe<\/td>\n<\/tr>\n<tr>\n<td width=\"99\">Torsdag<\/td>\n<td width=\"71\">17.09<\/td>\n<td width=\"37\">kl.<\/td>\n<td width=\"57\">18.00<\/td>\n<td width=\"406\">Messe<\/td>\n<\/tr>\n<tr>\n<td width=\"99\">Fredag<\/td>\n<td width=\"71\">18.09<\/td>\n<td width=\"37\">kl.<\/p>\n<p>kl.<\/td>\n<td width=\"57\">18.00<\/p>\n<p>19.00<\/td>\n<td width=\"406\">Messe<\/p>\n<p>Messe p\u00e5 spansk<\/td>\n<\/tr>\n<tr>\n<td width=\"99\">L\u00f8rdag<\/td>\n<td width=\"71\">19.09<\/td>\n<td width=\"37\">kl.<\/p>\n<p>kl.<\/td>\n<td width=\"57\">13.00<\/p>\n<p>18.00<\/td>\n<td width=\"406\">Katekesemesse<\/p>\n<p>Messe p\u00e5 polsk<\/td>\n<\/tr>\n<tr>\n<td colspan=\"5\" width=\"671\">S\u00f8ndag\u00a0\u00a0\u00a0\u00a0\u00a0\u00a0\u00a0\u00a0\u00a0\u00a0 20.09\u00a0\u00a0\u00a0\u00a0\u00a0\u00a0\u00a0\u00a0 \u00a0\u00a025. S\u00d8NDAG I DET ALMINNELIGE KIRKE\u00c5R<\/td>\n<\/tr>\n<tr>\n<td colspan=\"2\" width=\"170\"><\/td>\n<td width=\"37\">kl.<\/p>\n<p>kl.<\/p>\n<p>&nbsp;<\/p>\n<p>kl.<\/p>\n<p>&nbsp;<\/p>\n<p>kl.<\/td>\n<td width=\"57\">09.00<\/p>\n<p>11.00<\/p>\n<p>&nbsp;<\/p>\n<p>13.00<\/p>\n<p>&nbsp;<\/p>\n<p>14.30<\/td>\n<td width=\"406\">Messe p\u00e5 polsk<\/p>\n<p>Messe p\u00e5 norsk<\/p>\n<p>(ogs\u00e5 direktesendt)<\/p>\n<p>Messe p\u00e5 vietnamesisk<\/p>\n<p>(ogs\u00e5 direktesendt)<\/p>\n<p>Messe p\u00e5 vietnamesisk<\/td>\n<\/tr>\n<\/tbody>\n<\/table>\n<p><strong>Annet<\/strong><\/p>\n<p><strong>1) Kunngj\u00f8ring for start p\u00e5 katekese\u00e5ret 2020\/2021<\/strong><\/p>\n<p>N\u00e5 er det endelig katekese igjen, men p\u00e5 grunn av smitteverntiltak er katekesen delt i to l\u00f8rdager,<br \/>\nde to f\u00f8rste l\u00f8rdagene i m\u00e5neden.<\/p>\n<p>L\u00f8rdag 19. september: Kl. 10.00 &#8211; 14.00: Katekese for barn p\u00e5 4. og 9. trinn.<br \/>\nKl. 10.00: Informasjonsm\u00f8te for foreldre<strong>,<\/strong> barn og ungdommer i kirken.<\/p>\n<p>Kl. 13.00 &#8211; 17.00: Katekese for ungdommer p\u00e5 8. trinn.<br \/>\nKl. 13.00: Ungdommene begynner katekesen med messe.<br \/>\nKl. 13.00: Foreldrem\u00f8te i Kiga.<\/p>\n<p>P\u00e5 den f\u00f8rste og andre l\u00f8rdagen hver m\u00e5ned er <strong>messen kl. 13.00<\/strong> <strong>bare<\/strong> <strong>for barn og ungdommer<\/strong> <strong>i katekesen.<\/strong><\/p>\n<p><strong>2) Oppstart av konfirmasjonskurs for f\u00f8rste\u00e5rskonfirmanter<\/strong><\/p>\n<p>Vi inviterer ungdommer som \u00f8nsker \u00e5 f\u00e5 konfirmasjonens sakrament i 2022 til et konfirmasjonskurs som starter 19. september. Konfirmasjonskurset varer i to \u00e5r. Ungdommer som g\u00e5r<br \/>\ni 9. og 10. trinn p\u00e5 grunnskolen m\u00e5 ogs\u00e5 begynne p\u00e5 konfirmasjonskurs for f\u00f8rste\u00e5rskonfirmanter.<\/p>\n<p><strong>Siste frist for \u00e5 begynne p\u00e5 dette konfirmasjonskurset er l\u00f8rdag 3. oktober. <\/strong><strong>Etter 3. oktober tar vi <u>ikke<\/u> imot nye konfirmantkandidater. Det betyr at de m\u00e5 vente til<br \/>\nseptember 2021 for \u00e5 begynne p\u00e5 konfirmasjonskurset for f\u00f8rste\u00e5rskonfirmanter.<\/strong><\/p>\n<p><strong>3) <\/strong><strong>\u00a0SAUL<\/strong>\u00a0ungdomsklubb inviterer til klubbkveld i KIGA fredag 18. september kl. 18.30<\/p>\n<p><strong>\u00a0<\/strong><\/p>\n<p style=\"text-align: center;\"><strong>\u00d8nsker dere en riktig god s\u00f8ndag! <\/strong><\/p>\n","protected":false},"excerpt":{"rendered":"<p>KUNNGJ\u00d8RINGER S\u00d8NDAG 13. SEPTEMBER 2020 Mandag 14.09 kl. 18.00 Messe \u2013 Fest: Korsets opph\u00f8yelse Tirsdag 15.09 kl. 17.30 Vesper kl. 18.00 Messe &#8211; etterfulgt av Sakramentstilbedelse Onsdag 16.09 kl. 18.00 Messe Torsdag 17.09 kl. 18.00 Messe Fredag 18.09 kl. kl&#8230;.<br \/><a class=\"read-more-button\" href=\"https:\/\/stansgar.katolsk.no\/?p=7956\">Read more<\/a><\/p>\n","protected":false},"author":1,"featured_media":0,"comment_status":"open","ping_status":"open","sticky":false,"template":"","format":"standard","meta":{"footnotes":""},"categories":[482],"tags":[3],"class_list":["post-7956","post","type-post","status-publish","format-standard","hentry","category-kunngjoringer","tag-kunngjoringer"],"_links":{"self":[{"href":"https:\/\/stansgar.katolsk.no\/index.php?rest_route=\/wp\/v2\/posts\/7956","targetHints":{"allow":["GET"]}}],"collection":[{"href":"https:\/\/stansgar.katolsk.no\/index.php?rest_route=\/wp\/v2\/posts"}],"about":[{"href":"https:\/\/stansgar.katolsk.no\/index.php?rest_route=\/wp\/v2\/types\/post"}],"author":[{"embeddable":true,"href":"https:\/\/stansgar.katolsk.no\/index.php?rest_route=\/wp\/v2\/users\/1"}],"replies":[{"embeddable":true,"href":"https:\/\/stansgar.katolsk.no\/index.php?rest_route=%2Fwp%2Fv2%2Fcomments&post=7956"}],"version-history":[{"count":2,"href":"https:\/\/stansgar.katolsk.no\/index.php?rest_route=\/wp\/v2\/posts\/7956\/revisions"}],"predecessor-version":[{"id":7958,"href":"https:\/\/stansgar.katolsk.no\/index.php?rest_route=\/wp\/v2\/posts\/7956\/revisions\/7958"}],"wp:attachment":[{"href":"https:\/\/stansgar.katolsk.no\/index.php?rest_route=%2Fwp%2Fv2%2Fmedia&parent=7956"}],"wp:term":[{"taxonomy":"category","embeddable":true,"href":"https:\/\/stansgar.katolsk.no\/index.php?rest_route=%2Fwp%2Fv2%2Fcategories&post=7956"},{"taxonomy":"post_tag","embeddable":true,"href":"https:\/\/stansgar.katolsk.no\/index.php?rest_route=%2Fwp%2Fv2%2Ftags&post=7956"}],"curies":[{"name":"wp","href":"https:\/\/api.w.org\/{rel}","templated":true}]}}