{"id":7902,"date":"2020-08-30T10:00:58","date_gmt":"2020-08-30T08:00:58","guid":{"rendered":"https:\/\/stansgar.katolsk.no\/?p=7902"},"modified":"2020-08-28T10:42:53","modified_gmt":"2020-08-28T08:42:53","slug":"kunngjoringer-sondag-30-september-2020","status":"publish","type":"post","link":"https:\/\/stansgar.katolsk.no\/?p=7902","title":{"rendered":"KUNNGJ\u00d8RINGER S\u00d8NDAG 30. SEPTEMBER 2020"},"content":{"rendered":"<table width=\"671\">\n<tbody>\n<tr>\n<td width=\"99\">Tirsdag<\/td>\n<td width=\"71\">1.09<\/td>\n<td width=\"37\">kl.<\/td>\n<td width=\"57\">17.30<\/td>\n<td width=\"406\">Vesper<\/td>\n<\/tr>\n<tr>\n<td width=\"99\"><\/td>\n<td width=\"71\"><\/td>\n<td width=\"37\">kl.<\/td>\n<td width=\"57\">18.00<\/td>\n<td width=\"406\">Messe- etterfulgt av<\/p>\n<p>Sakramentstilbedelse<\/td>\n<\/tr>\n<tr>\n<td width=\"99\">Onsdag<\/td>\n<td width=\"71\">2.09<\/td>\n<td width=\"37\">kl.<\/td>\n<td width=\"57\">18.00<\/td>\n<td width=\"406\">Messe<\/td>\n<\/tr>\n<tr>\n<td width=\"99\">Torsdag<\/td>\n<td width=\"71\">3.09<\/td>\n<td width=\"37\">kl.<\/td>\n<td width=\"57\">18.00<\/td>\n<td width=\"406\">Messe<\/td>\n<\/tr>\n<tr>\n<td width=\"99\">Fredag<\/td>\n<td width=\"71\">4.09<\/td>\n<td width=\"37\">kl.<\/p>\n<p>&nbsp;<\/p>\n<p>kl.<\/td>\n<td width=\"57\">17.00<\/p>\n<p>&nbsp;<\/p>\n<p>18.00<\/td>\n<td width=\"406\">Sakramentstilbedelse \u2013<\/p>\n<p>Skriftem\u00e5l under tilbedelsen<\/p>\n<p>Messe<\/td>\n<\/tr>\n<tr>\n<td width=\"99\">L\u00f8rdag<\/td>\n<td width=\"71\">5.09<\/td>\n<td width=\"37\">kl.<\/p>\n<p>&nbsp;<\/p>\n<p>kl.<\/p>\n<p>&nbsp;<\/p>\n<p>kl.<\/td>\n<td width=\"57\">10.00<\/p>\n<p>&nbsp;<\/p>\n<p>13.00<\/p>\n<p>&nbsp;<\/p>\n<p>18.00<\/td>\n<td width=\"406\">Konfirmasjonsmesse<\/p>\n<p>i Lund kirke<\/p>\n<p>Konfirmasjonsmesse<\/p>\n<p>i Lund kirke<\/p>\n<p>Messe p\u00e5 polsk<\/td>\n<\/tr>\n<tr>\n<td colspan=\"5\" width=\"671\">S\u00f8ndag\u00a0\u00a0\u00a0\u00a0\u00a0\u00a0\u00a0\u00a0\u00a0\u00a0 6.09\u00a0\u00a0\u00a0\u00a0\u00a0\u00a0\u00a0\u00a0 \u00a0\u00a023. S\u00d8NDAG I DET ALMINNELIGE KIRKE\u00c5R<\/td>\n<\/tr>\n<tr>\n<td colspan=\"2\" width=\"170\"><\/td>\n<td width=\"37\">kl.<\/p>\n<p>&nbsp;<\/p>\n<p>kl.<\/p>\n<p>&nbsp;<\/p>\n<p>kl.<\/p>\n<p>&nbsp;<\/p>\n<p>kl.<\/td>\n<td width=\"57\">09.00<\/p>\n<p>&nbsp;<\/p>\n<p>11.00<\/p>\n<p>&nbsp;<\/p>\n<p>13.00<\/p>\n<p>&nbsp;<\/p>\n<p>15.00<\/td>\n<td width=\"406\">Messe p\u00e5 polsk<\/p>\n<p>(ogs\u00e5 direktesendt)<\/p>\n<p>Messe p\u00e5 norsk<\/p>\n<p>(ogs\u00e5 direktesendt)<\/p>\n<p>Messe p\u00e5 vietnamesisk<\/p>\n<p>(ogs\u00e5 direktesendt)<\/p>\n<p>Messe p\u00e5 kaldeisk<\/td>\n<\/tr>\n<\/tbody>\n<\/table>\n<p><strong>Annet<\/strong><\/p>\n<p><strong>1)<\/strong> L\u00f8rdag 5. september er det messer kl. 10.00 og kl. 13.00 i Lund kirke for \u00e5 meddele konfirmasjonens sakrament. Messene er reservert kun for konfirmantene og deres familier. Be for v\u00e5re konfirmanter!<\/p>\n<p><strong>\u00a0<\/strong><\/p>\n<p><strong>2) Kunngj\u00f8ring for \u00e5pning av katekese\u00e5ret 2020\/2021<\/strong><\/p>\n<p>Vi er glade for at vi kan ha fysisk katekese igjen. P\u00e5 grunn av smitteverntiltak er katekesen delt i to l\u00f8rdager, de to f\u00f8rste l\u00f8rdagene i m\u00e5neden. Men i september er katekesen l\u00f8rdag<br \/>\n12. og l\u00f8rdag 19. september fordi det er konfirmasjon i menigheten l\u00f8rdag 5. september.<\/p>\n<p>P\u00e5 den f\u00f8rste og andre l\u00f8rdagen hver m\u00e5ned er messen kl. 13.00 bare for barn og ungdommer i katekesen, og det kan ikke v\u00e6re andre arrangementer i kirka og menighetslokalene p\u00e5 disse l\u00f8rdagene.<\/p>\n<p><strong>3) Oppstart av konfirmasjonskurs for f\u00f8rste\u00e5rskonfirmanter<\/strong><\/p>\n<p>Vi inviterer ungdommer som \u00f8nsker \u00e5 f\u00e5 konfirmasjonens sakrament i 2022 til et konfirmasjonskurs som starter 19. september. Konfirmasjonskurset varer i to \u00e5r. Ungdommer som g\u00e5r<br \/>\ni 9. og 10. trinn p\u00e5 grunnskolen m\u00e5 ogs\u00e5 begynne p\u00e5 konfirmasjonskurs for f\u00f8rste\u00e5rskonfirmanter.<\/p>\n<p><strong>Siste frist for \u00e5 begynne p\u00e5 dette konfirmasjonskurset er l\u00f8rdag 3. oktober. <\/strong><strong>Etter 3. oktober tar vi <u>ikke<\/u> imot nye konfirmantkandidater. Det betyr at de m\u00e5 vente til september 2021 for \u00e5 begynne p\u00e5 konfirmasjonskurset for f\u00f8rste\u00e5rskonfirmanter.<\/strong><\/p>\n<p><strong>\u00a0<\/strong><\/p>\n<p><strong>4) <\/strong>Tirsdag 1. september kl. 19.00 er det bibelgruppe p\u00e5 biblioteket.<\/p>\n<p>&nbsp;<\/p>\n<p style=\"text-align: center;\"><strong>\u00d8nsker dere en riktig god s\u00f8ndag! <\/strong><\/p>\n","protected":false},"excerpt":{"rendered":"<p>Tirsdag 1.09 kl. 17.30 Vesper kl. 18.00 Messe- etterfulgt av Sakramentstilbedelse Onsdag 2.09 kl. 18.00 Messe Torsdag 3.09 kl. 18.00 Messe Fredag 4.09 kl. &nbsp; kl. 17.00 &nbsp; 18.00 Sakramentstilbedelse \u2013 Skriftem\u00e5l under tilbedelsen Messe L\u00f8rdag 5.09 kl. &nbsp; kl&#8230;.<br \/><a class=\"read-more-button\" href=\"https:\/\/stansgar.katolsk.no\/?p=7902\">Read more<\/a><\/p>\n","protected":false},"author":1,"featured_media":0,"comment_status":"open","ping_status":"open","sticky":false,"template":"","format":"standard","meta":{"footnotes":""},"categories":[482,204],"tags":[3],"class_list":["post-7902","post","type-post","status-publish","format-standard","hentry","category-kunngjoringer","category-ukategorisert-nb","tag-kunngjoringer"],"_links":{"self":[{"href":"https:\/\/stansgar.katolsk.no\/index.php?rest_route=\/wp\/v2\/posts\/7902","targetHints":{"allow":["GET"]}}],"collection":[{"href":"https:\/\/stansgar.katolsk.no\/index.php?rest_route=\/wp\/v2\/posts"}],"about":[{"href":"https:\/\/stansgar.katolsk.no\/index.php?rest_route=\/wp\/v2\/types\/post"}],"author":[{"embeddable":true,"href":"https:\/\/stansgar.katolsk.no\/index.php?rest_route=\/wp\/v2\/users\/1"}],"replies":[{"embeddable":true,"href":"https:\/\/stansgar.katolsk.no\/index.php?rest_route=%2Fwp%2Fv2%2Fcomments&post=7902"}],"version-history":[{"count":2,"href":"https:\/\/stansgar.katolsk.no\/index.php?rest_route=\/wp\/v2\/posts\/7902\/revisions"}],"predecessor-version":[{"id":7904,"href":"https:\/\/stansgar.katolsk.no\/index.php?rest_route=\/wp\/v2\/posts\/7902\/revisions\/7904"}],"wp:attachment":[{"href":"https:\/\/stansgar.katolsk.no\/index.php?rest_route=%2Fwp%2Fv2%2Fmedia&parent=7902"}],"wp:term":[{"taxonomy":"category","embeddable":true,"href":"https:\/\/stansgar.katolsk.no\/index.php?rest_route=%2Fwp%2Fv2%2Fcategories&post=7902"},{"taxonomy":"post_tag","embeddable":true,"href":"https:\/\/stansgar.katolsk.no\/index.php?rest_route=%2Fwp%2Fv2%2Ftags&post=7902"}],"curies":[{"name":"wp","href":"https:\/\/api.w.org\/{rel}","templated":true}]}}