{"id":79,"date":"2018-08-12T19:05:00","date_gmt":"2018-08-12T17:05:00","guid":{"rendered":"http:\/\/stansgar.katolsk.no\/index.php\/2018\/08\/12\/kunngjringer-uke-33\/"},"modified":"2018-10-12T09:12:15","modified_gmt":"2018-10-12T07:12:15","slug":"kunngjringer-uke-33","status":"publish","type":"post","link":"https:\/\/stansgar.katolsk.no\/?p=79","title":{"rendered":"KUNNGJ\u00d8RINGER UKE 33"},"content":{"rendered":"<p><\/p>\n<div class=\"MsoNormal\" style=\"line-height: 115%; margin-bottom: 6.0pt; margin-left: 70.8pt; margin-right: 0cm; margin-top: 0cm; text-indent: 35.4pt;\">\n<\/div>\n<div class=\"MsoNormal\" style=\"line-height: 115%; margin-bottom: 6.0pt; margin-left: 3.0cm; margin-right: 0cm; margin-top: 0cm; text-indent: -3.0cm;\">\n<\/div>\n<div class=\"MsoNormal\" style=\"line-height: 115%; margin-bottom: 6.0pt; margin-left: 3.0cm; margin-right: 0cm; margin-top: 0cm; text-indent: -3.0cm;\">\nTirsdag 14\/08&nbsp;&nbsp;&nbsp;&nbsp;&nbsp; kl.<br \/>\n18.00&nbsp;&nbsp;&nbsp; Messe \u2013 etterfulgt av sakraments<br \/>\ntilbedelse<\/div>\n<div class=\"MsoNormal\" style=\"line-height: 115%; margin-bottom: 6.0pt; margin-left: 3.0cm; margin-right: 0cm; margin-top: 0cm; text-indent: -3.0cm;\">\n<b>Onsdag 15\/08 &nbsp;&nbsp;&nbsp;&nbsp; kl.<br \/>\n18.00&nbsp;&nbsp;&nbsp; Messe for JOMFRU MARIAS<br \/>\nOPPTAGELSE I HIMMELEN, H\u00f8ytid<\/b><\/div>\n<div class=\"MsoNormal\" style=\"line-height: 115%; margin-bottom: 6.0pt; margin-left: 3.0cm; margin-right: 0cm; margin-top: 0cm; text-indent: -3.0cm;\">\n<\/div>\n<div class=\"MsoNormal\" style=\"line-height: 115%; margin-bottom: 6.0pt; margin-left: 3.0cm; margin-right: 0cm; margin-top: 0cm; text-indent: -3.0cm;\">\nTorsdag og fredag er det messe klokken 18.00.<\/div>\n<div class=\"MsoNormal\" style=\"line-height: 115%; margin-bottom: 6.0pt; margin-left: 3.0cm; margin-right: 0cm; margin-top: 0cm; text-indent: -3.0cm;\">\n<\/div>\n<div class=\"MsoNormal\" style=\"line-height: 115%; margin-bottom: 6.0pt; margin-left: 3.0cm; margin-right: 0cm; margin-top: 0cm; text-indent: -3.0cm;\">\nL\u00f8rdag <b style=\"mso-bidi-font-weight: normal;\">(<\/b>18\/08<b style=\"mso-bidi-font-weight: normal;\">)<\/b>&nbsp;&nbsp;&nbsp;&nbsp; kl.<br \/>\n13.00 &nbsp;&nbsp; Messe<\/div>\n<div class=\"MsoNormal\" style=\"line-height: 115%; margin-bottom: 6.0pt; margin-left: 3.0cm; margin-right: 0cm; margin-top: 0cm; text-indent: -3.0cm;\">\n<b>S\u00f8ndag (19\/08)&nbsp;&nbsp;&nbsp; 20. S\u00d8NDAG I DET ALMINNELIGE KIRKE\u00c5R &#8211; Joh<br \/>\n6,51-58<\/b><\/div>\n<div class=\"MsoNormal\" style=\"line-height: 115%; margin-bottom: 6.0pt; margin-left: 3.0cm; margin-right: 0cm; margin-top: 0cm;\">\nkl.<br \/>\n09.00&nbsp;&nbsp;&nbsp; Messe p\u00e5 polsk<\/div>\n<div class=\"MsoNormal\" style=\"line-height: 115%; margin-bottom: 6.0pt; margin-left: 3.0cm; margin-right: 0cm; margin-top: 0cm; text-indent: -3.0cm;\">\n&nbsp;&nbsp;&nbsp;&nbsp;&nbsp;&nbsp;&nbsp;&nbsp;&nbsp;&nbsp;&nbsp;&nbsp;&nbsp;&nbsp;&nbsp;&nbsp;&nbsp;&nbsp;&nbsp;&nbsp;&nbsp;&nbsp;&nbsp;&nbsp;&nbsp;&nbsp;&nbsp;&nbsp;kl.<br \/>\n11.00&nbsp;&nbsp;&nbsp;&nbsp;&nbsp;&nbsp;&nbsp;&nbsp; Messe p\u00e5 norsk<\/div>\n<div class=\"MsoNormal\" style=\"line-height: 115%; margin-bottom: 6.0pt; margin-left: 3.0cm; margin-right: 0cm; margin-top: 0cm; text-indent: -3.0cm;\">\n&nbsp;&nbsp;&nbsp;&nbsp;&nbsp;&nbsp;&nbsp;&nbsp;&nbsp;&nbsp;&nbsp;&nbsp;&nbsp;&nbsp;&nbsp;&nbsp;&nbsp;&nbsp;&nbsp;&nbsp;&nbsp;&nbsp;&nbsp;&nbsp;&nbsp;&nbsp;&nbsp;&nbsp;kl.<br \/>\n13.00 &nbsp;&nbsp;&nbsp;&nbsp;&nbsp;&nbsp;&nbsp; Messe p\u00e5 vietnamesisk<\/div>\n<div class=\"MsoNormal\" style=\"line-height: 115%; margin-bottom: 6.0pt;\">\n&nbsp;&nbsp;&nbsp;&nbsp;&nbsp;&nbsp;&nbsp;&nbsp;&nbsp;&nbsp;&nbsp;&nbsp;&nbsp;&nbsp;&nbsp;&nbsp;&nbsp;&nbsp;&nbsp;&nbsp;&nbsp;&nbsp;&nbsp;&nbsp;&nbsp;&nbsp;&nbsp;&nbsp;&nbsp;&nbsp;&nbsp;&nbsp;&nbsp;&nbsp; <\/div>\n<div class=\"Ingenmellomrom1\" style=\"line-height: 115%; margin-bottom: 6.0pt; text-align: justify;\">\n1-<br \/>\nKatekesen inviterer alle interesserte til <a href=\"https:\/\/www.blogger.com\/null\" name=\"_Hlk521572814\">kateketseminar<br \/>\ni Kiga <b style=\"mso-bidi-font-weight: normal;\">l\u00f8rdag 18. august fra kl. 10.00<br \/>\ntil kl. 16.00. <\/b><\/a>Vi f\u00e5r bes\u00f8k av diakon Bj\u00f8rn H\u00e5konsson fra den katolska<br \/>\nfolkh\u00f8gskolan i Malm\u00f8. Han er en meget dyktig og inspirerende kursholder. Han<br \/>\nskal inspirere oss og vise oss gode undervisningsmetoder. P\u00e5melding til Mona<br \/>\nJacobsen Jardim (958 56 044) eller p. Tien (954 09 125).<\/div>\n<div class=\"Ingenmellomrom1\" style=\"line-height: 115%; margin-bottom: 6.0pt; text-align: justify;\">\n2-<br \/>\nDette er en kunngj\u00f8ring til alle konfirmantene som skal motta konfirmasjonens<br \/>\nsakrament l\u00f8rdag 1. september 2018.<\/div>\n<div class=\"Ingenmellomrom1\" style=\"line-height: 115%; margin-bottom: 6.0pt; text-align: justify;\">\nMenigheten<br \/>\nhar sendt brev med informasjon om konfirmasjonen 1. september til alle<br \/>\nkonfirmantene. Informasjon om konfirmasjonen ligger allerede ute p\u00e5 menighetens<br \/>\nblogg og facebook side. Dersom noen ikke har mottatt brevet, ta kontakt med p.<br \/>\nTien eller ring menighetskontoret telefon 975 94&nbsp;787.<\/div>\n<div class=\"MsoNormal\" style=\"margin-bottom: 6.0pt;\">\n3- Katekesen trenger flere kateketer og assistenter.<br \/>\nKontakt Mona J.&nbsp; Jardim, tlf. 95856044.<\/div>\n<div class=\"Ingenmellomrom1\" style=\"line-height: 115%; margin-bottom: 6.0pt; text-align: justify;\">\n<\/div>\n<div class=\"m8674392872933367555ingenmellomrom1\" style=\"line-height: 115%; margin-bottom: 6.0pt; margin-left: 35.4pt; margin-right: 0cm; margin-top: 5.0pt; text-indent: 35.4pt;\">\n<b>Alle er<br \/>\nhjertelig velkommen til kirkekaffe!<\/b><\/div>\n<div class=\"m8674392872933367555ingenmellomrom1\" style=\"line-height: 115%; margin-bottom: 6.0pt; margin-left: 35.4pt; margin-right: 0cm; margin-top: 5.0pt; text-indent: 35.4pt;\">\n<b>&nbsp;&nbsp;&nbsp;&nbsp;<br \/>\n\u00d8nsker dere en riktig god s\u00f8ndag!<\/b><\/div>\n<div class=\"Ingenmellomrom1\" style=\"line-height: 115%; margin-bottom: 6.0pt; margin-left: 35.4pt; margin-right: 0cm; margin-top: 0cm; text-indent: 35.4pt;\">\n<\/div>\n<p><\/p>\n","protected":false},"excerpt":{"rendered":"<p>Tirsdag 14\/08&nbsp;&nbsp;&nbsp;&nbsp;&nbsp; kl. 18.00&nbsp;&nbsp;&nbsp; Messe \u2013 etterfulgt av sakraments tilbedelse Onsdag 15\/08 &nbsp;&nbsp;&nbsp;&nbsp; kl. 18.00&nbsp;&nbsp;&nbsp; Messe for JOMFRU MARIAS OPPTAGELSE I HIMMELEN, H\u00f8ytid Torsdag og fredag er det messe klokken 18.00. L\u00f8rdag (18\/08)&nbsp;&nbsp;&nbsp;&nbsp; kl. 13.00 &nbsp;&nbsp; Messe S\u00f8ndag (19\/08)&nbsp;&nbsp;&nbsp; 20&#8230;.<br \/><a class=\"read-more-button\" href=\"https:\/\/stansgar.katolsk.no\/?p=79\">Read more<\/a><\/p>\n","protected":false},"author":3,"featured_media":0,"comment_status":"open","ping_status":"open","sticky":false,"template":"","format":"standard","meta":{"footnotes":""},"categories":[1],"tags":[3],"class_list":["post-79","post","type-post","status-publish","format-standard","hentry","category-ukategorisert","tag-kunngjoringer"],"_links":{"self":[{"href":"https:\/\/stansgar.katolsk.no\/index.php?rest_route=\/wp\/v2\/posts\/79","targetHints":{"allow":["GET"]}}],"collection":[{"href":"https:\/\/stansgar.katolsk.no\/index.php?rest_route=\/wp\/v2\/posts"}],"about":[{"href":"https:\/\/stansgar.katolsk.no\/index.php?rest_route=\/wp\/v2\/types\/post"}],"author":[{"embeddable":true,"href":"https:\/\/stansgar.katolsk.no\/index.php?rest_route=\/wp\/v2\/users\/3"}],"replies":[{"embeddable":true,"href":"https:\/\/stansgar.katolsk.no\/index.php?rest_route=%2Fwp%2Fv2%2Fcomments&post=79"}],"version-history":[{"count":1,"href":"https:\/\/stansgar.katolsk.no\/index.php?rest_route=\/wp\/v2\/posts\/79\/revisions"}],"predecessor-version":[{"id":1562,"href":"https:\/\/stansgar.katolsk.no\/index.php?rest_route=\/wp\/v2\/posts\/79\/revisions\/1562"}],"wp:attachment":[{"href":"https:\/\/stansgar.katolsk.no\/index.php?rest_route=%2Fwp%2Fv2%2Fmedia&parent=79"}],"wp:term":[{"taxonomy":"category","embeddable":true,"href":"https:\/\/stansgar.katolsk.no\/index.php?rest_route=%2Fwp%2Fv2%2Fcategories&post=79"},{"taxonomy":"post_tag","embeddable":true,"href":"https:\/\/stansgar.katolsk.no\/index.php?rest_route=%2Fwp%2Fv2%2Ftags&post=79"}],"curies":[{"name":"wp","href":"https:\/\/api.w.org\/{rel}","templated":true}]}}