{"id":7876,"date":"2020-08-23T10:00:33","date_gmt":"2020-08-23T08:00:33","guid":{"rendered":"https:\/\/stansgar.katolsk.no\/?p=7876"},"modified":"2020-08-22T19:29:54","modified_gmt":"2020-08-22T17:29:54","slug":"kunngjoringer-sondag-23-august-2020","status":"publish","type":"post","link":"https:\/\/stansgar.katolsk.no\/?p=7876","title":{"rendered":"KUNNGJ\u00d8RINGER S\u00d8NDAG 23. AUGUST 2020"},"content":{"rendered":"<p style=\"text-align: center;\"><strong>KUNNGJ\u00d8RINGER S\u00d8NDAG 23. AUGUST 2020 <\/strong><\/p>\n<p>&nbsp;<\/p>\n<table width=\"671\">\n<tbody>\n<tr>\n<td width=\"99\">Tirsdag<\/td>\n<td width=\"71\">25.08<\/td>\n<td width=\"37\">kl.<\/td>\n<td width=\"57\">17.30<\/td>\n<td width=\"406\">Vesper<\/td>\n<\/tr>\n<tr>\n<td width=\"99\"><\/td>\n<td width=\"71\"><\/td>\n<td width=\"37\">kl.<\/td>\n<td width=\"57\">18.00<\/td>\n<td width=\"406\">Messe- etterfulgt av Sakramentstilbedelse<\/td>\n<\/tr>\n<tr>\n<td width=\"99\">Onsdag<\/td>\n<td width=\"71\">26.08<\/td>\n<td width=\"37\">kl.<\/td>\n<td width=\"57\">18.00<\/td>\n<td width=\"406\">Messe<\/td>\n<\/tr>\n<tr>\n<td width=\"99\">Torsdag<\/td>\n<td width=\"71\">27.08<\/td>\n<td width=\"37\">kl.<\/td>\n<td width=\"57\">18.00<\/td>\n<td width=\"406\">Messe &#8211; Den hellige Monika<\/td>\n<\/tr>\n<tr>\n<td width=\"99\">Fredag<\/td>\n<td width=\"71\">28.08<\/td>\n<td width=\"37\">kl.<\/td>\n<td width=\"57\">18.00<\/td>\n<td width=\"406\">Messe &#8211; Den hellige Augustin<\/td>\n<\/tr>\n<tr>\n<td width=\"99\">L\u00f8rdag<\/td>\n<td width=\"71\">29.08<\/td>\n<td width=\"37\">kl.<\/p>\n<p>kl.<\/td>\n<td width=\"57\">13.00<\/p>\n<p>18.00<\/td>\n<td width=\"406\">Messe &#8211; Johannes D\u00f8perens martyrd\u00f8d<\/p>\n<p>Messe p\u00e5 polsk<\/td>\n<\/tr>\n<tr>\n<td colspan=\"5\" width=\"671\">S\u00f8ndag\u00a0\u00a0\u00a0\u00a0\u00a0\u00a0\u00a0\u00a0\u00a0\u00a0 30.08\u00a0\u00a0\u00a0\u00a0\u00a0\u00a0\u00a0\u00a0 \u00a0\u00a022. S\u00d8NDAG I DET ALMINNELIGE KIRKE\u00c5R<\/td>\n<\/tr>\n<tr>\n<td colspan=\"2\" width=\"170\"><\/td>\n<td width=\"37\">kl.<\/p>\n<p>&nbsp;<\/p>\n<p>kl.<\/p>\n<p>&nbsp;<\/p>\n<p>kl.<\/td>\n<td width=\"57\">09.00<\/p>\n<p>&nbsp;<\/p>\n<p>11.00<\/p>\n<p>&nbsp;<\/p>\n<p>13.00<\/td>\n<td width=\"406\">Messe p\u00e5 polsk<\/p>\n<p>(ogs\u00e5 direktesendt)<\/p>\n<p>Messe p\u00e5 norsk<\/p>\n<p>(ogs\u00e5 direktesendt)<\/p>\n<p>Messe p\u00e5 vietnamesisk<\/p>\n<p>(ogs\u00e5 direktesendt)<\/td>\n<\/tr>\n<\/tbody>\n<\/table>\n<p>&nbsp;<\/p>\n<p><strong>Annet<\/strong><\/p>\n<p><strong>1)<\/strong> \u00a0<strong>Forberedelses ettermiddag til konfirmasjonen<\/strong><\/p>\n<p>Onsdag 26. august: Forberedelses ettermiddag til konfirmasjonen for konfirmanter, foreldre og faddere<br \/>\nfra kl. 15.30 til 18.30<\/p>\n<p>kl. 15.30 kommer konfirmantene til skriftem\u00e5l<\/p>\n<p>kl. 16.30 Informasjonsm\u00f8te for foreldre og faddere i menighetssalen<\/p>\n<p>kl. 17.30 \u00d8velse til konfirmasjonen med faddere<\/p>\n<p>kl. 18.00 Messe &#8211; Alle konfirmantkandidatene m\u00e5 delta i messen<br \/>\n<strong>\u00a0<\/strong><\/p>\n<p><strong>2) Kunngj\u00f8ring for \u00e5pning av katekese\u00e5ret 2020\/2021<\/strong><\/p>\n<p>Vi er glade for at vi kan ha fysisk katekese igjen. P\u00e5 grunn av smitteverntiltak er katekesen delt i to l\u00f8rdager, de to f\u00f8rste l\u00f8rdagene i m\u00e5neden. Men i september er katekesen l\u00f8rdag<br \/>\n12. og l\u00f8rdag 19. september fordi det er konfirmasjon i menigheten l\u00f8rdag 5. september.<\/p>\n<p>P\u00e5 den f\u00f8rste og andre l\u00f8rdagen hver m\u00e5ned er messen kl. 13.00 bare for barn og ungdommer i katekesen, og det kan ikke v\u00e6re andre arrangementer i kirka og menighetslokalene p\u00e5 disse l\u00f8rdagene.<\/p>\n<p><strong>3) Oppstart av konfirmantkurs for f\u00f8rste\u00e5rskonfirmanter<\/strong><\/p>\n<p>Vi inviterer ungdommer som \u00f8nsker \u00e5 f\u00e5 konfirmasjonens sakrament i 2022 til et konfirmantkurs som starter 19. september. Konfirmasjonskurset varer i to \u00e5r. Ungdommer som g\u00e5r i<br \/>\n9. og 10. trinn p\u00e5 grunnskolen m\u00e5 ogs\u00e5 begynne p\u00e5 konfirmantkurs for f\u00f8rste\u00e5rskonfirmanter.<\/p>\n<p><strong>Siste frist for \u00e5 begynne p\u00e5 dette konfirmasjonskurset er l\u00f8rdag 3. oktober. <\/strong><strong>Etter 3. oktober tar vi ikke imot nye konfirmantkandidater. Det betyr at de m\u00e5 vente til september 2021 for \u00e5 begynne p\u00e5 konfirmasjonskurset for f\u00f8rste\u00e5rskonfirmanter.<\/strong><\/p>\n<p><strong>\u00a0<\/strong><\/p>\n<p><strong>4)<\/strong><strong>\u00a0Katekese for 1. trinn <\/strong><\/p>\n<p>L\u00f8rdag 29. august kl. 14.00 treffes barn p\u00e5 1. trinn og foreldrene deres til katekese i <strong>menighetssalen<\/strong>.<\/p>\n<p><strong>5) Troskurs<\/strong><\/p>\n<p><strong>\u00a0<\/strong>St Ansgar Menighet arrangerer troskurs for ikke-katolikker som \u00f8nsker en innf\u00f8ring i katolsk tro og trospraksis. Kurset starter torsdag 27. august kl. 18.45.<\/p>\n<p>&nbsp;<\/p>\n<p><strong>6) SAUL<\/strong> ungdomsklubb inviterer til klubbkveld i KIGA fredag 28. august kl. 18.00.<\/p>\n<p>&nbsp;<\/p>\n<p style=\"text-align: center;\"><strong>\u00d8nsker dere en riktig god s\u00f8ndag! <\/strong><\/p>\n","protected":false},"excerpt":{"rendered":"<p>KUNNGJ\u00d8RINGER S\u00d8NDAG 23. AUGUST 2020 &nbsp; Tirsdag 25.08 kl. 17.30 Vesper kl. 18.00 Messe- etterfulgt av Sakramentstilbedelse Onsdag 26.08 kl. 18.00 Messe Torsdag 27.08 kl. 18.00 Messe &#8211; Den hellige Monika Fredag 28.08 kl. 18.00 Messe &#8211; Den hellige Augustin&#8230;<br \/><a class=\"read-more-button\" href=\"https:\/\/stansgar.katolsk.no\/?p=7876\">Read more<\/a><\/p>\n","protected":false},"author":1,"featured_media":0,"comment_status":"open","ping_status":"open","sticky":false,"template":"","format":"standard","meta":{"footnotes":""},"categories":[482],"tags":[3],"class_list":["post-7876","post","type-post","status-publish","format-standard","hentry","category-kunngjoringer","tag-kunngjoringer"],"_links":{"self":[{"href":"https:\/\/stansgar.katolsk.no\/index.php?rest_route=\/wp\/v2\/posts\/7876","targetHints":{"allow":["GET"]}}],"collection":[{"href":"https:\/\/stansgar.katolsk.no\/index.php?rest_route=\/wp\/v2\/posts"}],"about":[{"href":"https:\/\/stansgar.katolsk.no\/index.php?rest_route=\/wp\/v2\/types\/post"}],"author":[{"embeddable":true,"href":"https:\/\/stansgar.katolsk.no\/index.php?rest_route=\/wp\/v2\/users\/1"}],"replies":[{"embeddable":true,"href":"https:\/\/stansgar.katolsk.no\/index.php?rest_route=%2Fwp%2Fv2%2Fcomments&post=7876"}],"version-history":[{"count":5,"href":"https:\/\/stansgar.katolsk.no\/index.php?rest_route=\/wp\/v2\/posts\/7876\/revisions"}],"predecessor-version":[{"id":7887,"href":"https:\/\/stansgar.katolsk.no\/index.php?rest_route=\/wp\/v2\/posts\/7876\/revisions\/7887"}],"wp:attachment":[{"href":"https:\/\/stansgar.katolsk.no\/index.php?rest_route=%2Fwp%2Fv2%2Fmedia&parent=7876"}],"wp:term":[{"taxonomy":"category","embeddable":true,"href":"https:\/\/stansgar.katolsk.no\/index.php?rest_route=%2Fwp%2Fv2%2Fcategories&post=7876"},{"taxonomy":"post_tag","embeddable":true,"href":"https:\/\/stansgar.katolsk.no\/index.php?rest_route=%2Fwp%2Fv2%2Ftags&post=7876"}],"curies":[{"name":"wp","href":"https:\/\/api.w.org\/{rel}","templated":true}]}}