{"id":787,"date":"2013-12-10T18:40:00","date_gmt":"2013-12-10T17:40:00","guid":{"rendered":"http:\/\/stansgar.katolsk.no\/index.php\/2013\/12\/10\/vi-har-en-ny-kirke\/"},"modified":"2018-10-12T09:12:50","modified_gmt":"2018-10-12T07:12:50","slug":"vi-har-en-ny-kirke","status":"publish","type":"post","link":"https:\/\/stansgar.katolsk.no\/?p=787","title":{"rendered":"Vi har en ny kirke!"},"content":{"rendered":"<div class=\"separator\" style=\"clear: both; text-align: center;\">\n<a href=\"http:\/\/4.bp.blogspot.com\/-Bo4hTC_-W6A\/UqdduPgJNKI\/AAAAAAAAEMw\/4UdG1Stnp9Q\/s1600\/nykirke3.jpg\" imageanchor=\"1\" style=\"margin-left: 1em; margin-right: 1em;\"><img loading=\"lazy\" decoding=\"async\" border=\"0\" height=\"296\" src=\"http:\/\/stansgar.katolsk.no\/wp-content\/uploads\/2013\/12\/nykirke3.jpg\" width=\"400\" \/><\/a><\/div>\n<div class=\"separator\" style=\"clear: both; text-align: center;\">\n<\/div>\n<div class=\"separator\" style=\"clear: both; text-align: center;\">\n<\/div>\n<div class=\"separator\" style=\"clear: both; text-align: center;\">\n<\/div>\n<div class=\"separator\" style=\"clear: both; text-align: center;\">\nEndelig har vi igjen et kirkerom! Alt er ikke p\u00e5 plass, men n\u00e5 ser vi endelig resultatet! En ny og st\u00f8rre kirke st\u00e5r nesten klar. Fremdeles mangler benkene p\u00e5 galleriene, og en del andre ting. Men jul kan iallefall feires i eget hus!&nbsp;<\/div>\n<div class=\"separator\" style=\"clear: both; text-align: center;\">\n<\/div>\n<div class=\"separator\" style=\"clear: both; text-align: center;\">\n<\/div>\n<p><a href=\"http:\/\/4.bp.blogspot.com\/-LJedfhBoZFI\/UqddtT_yy2I\/AAAAAAAAEMc\/4T_xEAfQhf0\/s1600\/nykirke.jpg\" imageanchor=\"1\" style=\"clear: right; float: right; margin-bottom: 1em; margin-left: 1em;\"><img loading=\"lazy\" decoding=\"async\" border=\"0\" height=\"298\" src=\"http:\/\/stansgar.katolsk.no\/wp-content\/uploads\/2013\/12\/nykirke.jpg\" width=\"400\" \/><\/a><\/p>\n<div class=\"separator\" style=\"clear: both; text-align: center;\">\n<a href=\"http:\/\/4.bp.blogspot.com\/-mplVz620F2M\/Uqdds51u9iI\/AAAAAAAAEMY\/0Iez4HRLSyw\/s1600\/Nykirke1.jpg\" imageanchor=\"1\" style=\"clear: left; float: left; margin-bottom: 1em; margin-right: 1em;\"><img loading=\"lazy\" decoding=\"async\" border=\"0\" height=\"297\" src=\"http:\/\/stansgar.katolsk.no\/wp-content\/uploads\/2013\/12\/Nykirke1.jpg\" width=\"400\" \/><\/a><\/div>\n<p><\/p>\n<div class=\"separator\" style=\"clear: both; text-align: center;\">\n<\/div>\n<div class=\"separator\" style=\"clear: both; text-align: center;\">\nVi har f\u00e5tt et eget sidekapell, der tabernakelet er plassert &#8211; med andre ord et eget sakramentskapell! Tidligere var dette ministrantsakristiet.<\/div>\n<div class=\"separator\" style=\"clear: both; text-align: center;\">\n<\/div>\n<div class=\"separator\" style=\"clear: both; text-align: center;\">\n<\/div>\n<div class=\"separator\" style=\"clear: both; text-align: center;\">\n<\/div>\n<div class=\"separator\" style=\"clear: both; text-align: center;\">\n<\/div>\n<div class=\"separator\" style=\"clear: both; text-align: center;\">\n<a href=\"http:\/\/3.bp.blogspot.com\/-Iw1anxPHWuQ\/Uqddt06HuoI\/AAAAAAAAEMo\/QH3EgWRfcvA\/s1600\/nykirke4.jpg\" imageanchor=\"1\" style=\"margin-left: 1em; margin-right: 1em;\"><img loading=\"lazy\" decoding=\"async\" border=\"0\" height=\"327\" src=\"http:\/\/stansgar.katolsk.no\/wp-content\/uploads\/2013\/12\/nykirke4.jpg\" width=\"400\" \/><\/a><\/div>\n<div class=\"separator\" style=\"clear: both; text-align: center;\">\nVi har ogs\u00e5 f\u00e5tt en fantastisk ny Mariaskulptur. Den er 200 \u00e5r gammel, fra Italia, og sk\u00e5ret i tre og malt. Ad mange veier var den havnet i Kirkens Bymisjons bryggekapell. Heldigvis fikk vi lov \u00e5 kj\u00f8pe den, og en av menighetens familier betalte gener\u00f8st de 15.000 kr den kostet.&nbsp;<\/div>\n<div class=\"separator\" style=\"clear: both; text-align: center;\">\n<\/div>\n<div class=\"separator\" style=\"clear: both; text-align: center;\">\n<\/div>\n<div class=\"separator\" style=\"clear: both; text-align: center;\">\n<a href=\"http:\/\/4.bp.blogspot.com\/-mXTNiBE02P8\/UqdduC-N60I\/AAAAAAAAEMs\/Y42sMADQzPU\/s1600\/overtakelse.jpg\" imageanchor=\"1\" style=\"margin-left: 1em; margin-right: 1em;\"><img loading=\"lazy\" decoding=\"async\" border=\"0\" height=\"258\" src=\"http:\/\/stansgar.katolsk.no\/wp-content\/uploads\/2013\/12\/overtakelse.jpg\" width=\"400\" \/><\/a><\/div>\n<div class=\"separator\" style=\"clear: both; text-align: center;\">\nFra den offisielle overtakelsen 5.12.:<\/div>\n<div class=\"separator\" style=\"clear: both; text-align: center;\">\nKenneth Hausvik(PK entrepren\u00f8r) Ralf Georg Olsen (PK), Hai-Nam Vy (Oslo katolske bisped\u00f8mme)<br style=\"background-color: white; color: #222222; text-align: start;\" \/>Jens Skov-Skov ( byggleder for St. Ansgar), Tam Van Nguyen (vaktmester St. Ansgar), Frode Eikenes (sogneprest St. Ansgar), Thomas J\u00e4ger (arkitekt)<\/div>\n","protected":false},"excerpt":{"rendered":"<p>Endelig har vi igjen et kirkerom! Alt er ikke p\u00e5 plass, men n\u00e5 ser vi endelig resultatet! En ny og st\u00f8rre kirke st\u00e5r nesten klar. Fremdeles mangler benkene p\u00e5 galleriene, og en del andre ting. Men jul kan iallefall feires&#8230;<br \/><a class=\"read-more-button\" href=\"https:\/\/stansgar.katolsk.no\/?p=787\">Read more<\/a><\/p>\n","protected":false},"author":3,"featured_media":2785,"comment_status":"open","ping_status":"open","sticky":false,"template":"","format":"standard","meta":{"footnotes":""},"categories":[1],"tags":[134,135],"class_list":["post-787","post","type-post","status-publish","format-standard","has-post-thumbnail","hentry","category-ukategorisert","tag-byggeprosjektet","tag-kirke"],"_links":{"self":[{"href":"https:\/\/stansgar.katolsk.no\/index.php?rest_route=\/wp\/v2\/posts\/787","targetHints":{"allow":["GET"]}}],"collection":[{"href":"https:\/\/stansgar.katolsk.no\/index.php?rest_route=\/wp\/v2\/posts"}],"about":[{"href":"https:\/\/stansgar.katolsk.no\/index.php?rest_route=\/wp\/v2\/types\/post"}],"author":[{"embeddable":true,"href":"https:\/\/stansgar.katolsk.no\/index.php?rest_route=\/wp\/v2\/users\/3"}],"replies":[{"embeddable":true,"href":"https:\/\/stansgar.katolsk.no\/index.php?rest_route=%2Fwp%2Fv2%2Fcomments&post=787"}],"version-history":[{"count":1,"href":"https:\/\/stansgar.katolsk.no\/index.php?rest_route=\/wp\/v2\/posts\/787\/revisions"}],"predecessor-version":[{"id":2790,"href":"https:\/\/stansgar.katolsk.no\/index.php?rest_route=\/wp\/v2\/posts\/787\/revisions\/2790"}],"wp:featuredmedia":[{"embeddable":true,"href":"https:\/\/stansgar.katolsk.no\/index.php?rest_route=\/wp\/v2\/media\/2785"}],"wp:attachment":[{"href":"https:\/\/stansgar.katolsk.no\/index.php?rest_route=%2Fwp%2Fv2%2Fmedia&parent=787"}],"wp:term":[{"taxonomy":"category","embeddable":true,"href":"https:\/\/stansgar.katolsk.no\/index.php?rest_route=%2Fwp%2Fv2%2Fcategories&post=787"},{"taxonomy":"post_tag","embeddable":true,"href":"https:\/\/stansgar.katolsk.no\/index.php?rest_route=%2Fwp%2Fv2%2Ftags&post=787"}],"curies":[{"name":"wp","href":"https:\/\/api.w.org\/{rel}","templated":true}]}}