{"id":7856,"date":"2020-08-16T10:00:45","date_gmt":"2020-08-16T08:00:45","guid":{"rendered":"https:\/\/stansgar.katolsk.no\/?p=7856"},"modified":"2020-08-14T10:33:55","modified_gmt":"2020-08-14T08:33:55","slug":"kunngjoringer-sondag-16-august-2020","status":"publish","type":"post","link":"https:\/\/stansgar.katolsk.no\/?p=7856","title":{"rendered":"KUNNGJ\u00d8RINGER S\u00d8NDAG 16. AUGUST 2020"},"content":{"rendered":"<table width=\"671\">\n<tbody>\n<tr>\n<td width=\"99\">Tirsdag<\/td>\n<td width=\"71\">18.08<\/td>\n<td width=\"37\">kl.<\/td>\n<td width=\"57\">17.30<\/td>\n<td width=\"406\">Vesper<\/td>\n<\/tr>\n<tr>\n<td width=\"99\">&nbsp;<\/td>\n<td width=\"71\">&nbsp;<\/td>\n<td width=\"37\">kl.<\/td>\n<td width=\"57\">18.00<\/td>\n<td width=\"406\">Messe- etterfulgt av<\/p>\n<p>Sakramentstilbedelse<\/td>\n<\/tr>\n<tr>\n<td width=\"99\">Onsdag<\/td>\n<td width=\"71\">19.08<\/td>\n<td width=\"37\">kl.<\/td>\n<td width=\"57\">18.00<\/td>\n<td width=\"406\">Messe<\/td>\n<\/tr>\n<tr>\n<td width=\"99\">Torsdag<\/td>\n<td width=\"71\">20.08<\/td>\n<td width=\"37\">kl.<\/td>\n<td width=\"57\">18.00<\/td>\n<td width=\"406\">Messe &#8211; Den hellige<\/p>\n<p>Bernhard av Clairvaux<\/td>\n<\/tr>\n<tr>\n<td width=\"99\">Fredag<\/td>\n<td width=\"71\">21.08<\/td>\n<td width=\"37\">kl.<\/td>\n<td width=\"57\">18.00<\/td>\n<td width=\"406\">Messe<\/td>\n<\/tr>\n<tr>\n<td width=\"99\">L\u00f8rdag<\/td>\n<td width=\"71\">22.08<\/td>\n<td width=\"37\">kl.<\/p>\n<p>kl.<\/p>\n<p>kl.<\/td>\n<td width=\"57\">13.00<\/p>\n<p>14.00<\/p>\n<p>18.00<\/td>\n<td width=\"406\">Messe<\/p>\n<p>Messe p\u00e5 tagalog<\/p>\n<p>Messe p\u00e5 polsk<\/td>\n<\/tr>\n<tr>\n<td colspan=\"5\" width=\"671\">S\u00f8ndag\u00a0\u00a0\u00a0\u00a0\u00a0\u00a0\u00a0\u00a0\u00a0\u00a0 23.08\u00a0\u00a0\u00a0\u00a0\u00a0\u00a0\u00a0\u00a0 \u00a0\u00a021. S\u00d8NDAG I DET ALMINNELIGE KIRKE\u00c5R<\/td>\n<\/tr>\n<tr>\n<td colspan=\"2\" width=\"170\">&nbsp;<\/td>\n<td width=\"37\">kl.<\/p>\n<p>&nbsp;<\/p>\n<p>kl.<\/p>\n<p>&nbsp;<\/p>\n<p>kl.<\/td>\n<td width=\"57\">09.00<\/p>\n<p>&nbsp;<\/p>\n<p>11.00<\/p>\n<p>&nbsp;<\/p>\n<p>13.00<\/td>\n<td width=\"406\">Messe p\u00e5 polsk<\/p>\n<p>(ogs\u00e5 direktesendt)<\/p>\n<p>Messe p\u00e5 norsk<\/p>\n<p>(ogs\u00e5 direktesendt)<\/p>\n<p>Messe p\u00e5 vietnamesisk<\/p>\n<p>(ogs\u00e5 direktesendt)<\/td>\n<\/tr>\n<\/tbody>\n<\/table>\n<p>&nbsp;<\/p>\n<p><strong>\u00a0<\/strong><\/p>\n<p><strong>Annet:<\/strong><\/p>\n<p><strong>Katekese:<\/p>\n<p><\/strong><\/p>\n<ul>\n<li>Onsdag 19. august kl. 19.00: Kateketm\u00f8te for \u00e5 forberede katekeses\u00e5r 2020-2021. Katekese\u00e5ret innledes med messe kl. 18.00 og tilbedelse kl. 18.30.<\/li>\n<li>For \u00e5 f\u00f8lge nasjonale smittevernregler ved oppstart av fysisk katekese igjen, trenger katekesen \u00f8konomisk st\u00f8tte fra menighetens medlemmene til innkj\u00f8p av profesjonelt rengj\u00f8ringsutstyr til nedvask av undervisningsrom og fellesarealer. St\u00f8tte kan vippses eller settes inn p\u00e5 menighetens konto. Merk st\u00f8tten med: Rengj\u00f8ring katekese<\/li>\n<\/ul>\n<p><strong>Messe i Lyngdal:<\/strong><\/p>\n<ul>\n<li>Fredag 21. august, kl. 18.00: Gudstjeneste med p. Boie i Lyngdal kirkesenter. Alle er velkommen!<\/li>\n<\/ul>\n<p>&nbsp;<\/p>\n<p>&nbsp;<\/p>\n<p style=\"text-align: center;\"><strong>\u00d8nsker dere en riktig god s\u00f8ndag! <\/strong><\/p>\n","protected":false},"excerpt":{"rendered":"<p>Tirsdag 18.08 kl. 17.30 Vesper &nbsp; &nbsp; kl. 18.00 Messe- etterfulgt av Sakramentstilbedelse Onsdag 19.08 kl. 18.00 Messe Torsdag 20.08 kl. 18.00 Messe &#8211; Den hellige Bernhard av Clairvaux Fredag 21.08 kl. 18.00 Messe L\u00f8rdag 22.08 kl. kl. kl. 13.00&#8230;<br \/><a class=\"read-more-button\" href=\"https:\/\/stansgar.katolsk.no\/?p=7856\">Read more<\/a><\/p>\n","protected":false},"author":1,"featured_media":0,"comment_status":"open","ping_status":"open","sticky":false,"template":"","format":"standard","meta":{"footnotes":""},"categories":[482],"tags":[3],"class_list":["post-7856","post","type-post","status-publish","format-standard","hentry","category-kunngjoringer","tag-kunngjoringer"],"_links":{"self":[{"href":"https:\/\/stansgar.katolsk.no\/index.php?rest_route=\/wp\/v2\/posts\/7856","targetHints":{"allow":["GET"]}}],"collection":[{"href":"https:\/\/stansgar.katolsk.no\/index.php?rest_route=\/wp\/v2\/posts"}],"about":[{"href":"https:\/\/stansgar.katolsk.no\/index.php?rest_route=\/wp\/v2\/types\/post"}],"author":[{"embeddable":true,"href":"https:\/\/stansgar.katolsk.no\/index.php?rest_route=\/wp\/v2\/users\/1"}],"replies":[{"embeddable":true,"href":"https:\/\/stansgar.katolsk.no\/index.php?rest_route=%2Fwp%2Fv2%2Fcomments&post=7856"}],"version-history":[{"count":1,"href":"https:\/\/stansgar.katolsk.no\/index.php?rest_route=\/wp\/v2\/posts\/7856\/revisions"}],"predecessor-version":[{"id":7860,"href":"https:\/\/stansgar.katolsk.no\/index.php?rest_route=\/wp\/v2\/posts\/7856\/revisions\/7860"}],"wp:attachment":[{"href":"https:\/\/stansgar.katolsk.no\/index.php?rest_route=%2Fwp%2Fv2%2Fmedia&parent=7856"}],"wp:term":[{"taxonomy":"category","embeddable":true,"href":"https:\/\/stansgar.katolsk.no\/index.php?rest_route=%2Fwp%2Fv2%2Fcategories&post=7856"},{"taxonomy":"post_tag","embeddable":true,"href":"https:\/\/stansgar.katolsk.no\/index.php?rest_route=%2Fwp%2Fv2%2Ftags&post=7856"}],"curies":[{"name":"wp","href":"https:\/\/api.w.org\/{rel}","templated":true}]}}