{"id":783,"date":"2013-12-16T19:29:00","date_gmt":"2013-12-16T18:29:00","guid":{"rendered":"http:\/\/stansgar.katolsk.no\/index.php\/2013\/12\/16\/ukens-kunngjringer_16\/"},"modified":"2018-10-12T09:12:49","modified_gmt":"2018-10-12T07:12:49","slug":"ukens-kunngjringer_16","status":"publish","type":"post","link":"https:\/\/stansgar.katolsk.no\/?p=783","title":{"rendered":"Ukens kunngj\u00f8ringer"},"content":{"rendered":"<div class=\"MsoNormal\" style=\"background-color: white; color: #222222; font-size: 11pt; line-height: 17px; margin: 0cm 0cm 10pt;\">\nDenne uken er det messe i kirken som vanlig, <b>tirsdag til fredag kl. 18.<\/b><u><\/u><u><\/u><\/div>\n<div class=\"MsoNormal\" style=\"background-color: white; color: #222222; font-size: 11pt; line-height: 17px; margin: 0cm 0cm 10pt;\">\n<\/div>\n<div class=\"MsoNormal\" style=\"background-color: white; color: #222222; font-size: 11pt; line-height: 17px; margin: 0cm 0cm 10pt;\">\n<b>Fredag 20. desember kl. 06.30 feires den siste Roratemessen denne advent.<\/b> Alle er invitert til felles frokost etterp\u00e5.<u><\/u><u><\/u><\/div>\n<div class=\"MsoNormal\" style=\"background-color: white; color: #222222; font-size: 11pt; line-height: 17px; margin: 0cm 0cm 10pt;\">\n<\/div>\n<div class=\"MsoNormal\" style=\"background-color: white; color: #222222; font-size: 11pt; line-height: 17px; margin: 0cm 0cm 10pt;\">\n<b>L\u00f8rdag 21. desember<\/b> er det messe p\u00e5 norsk kl. 13<u><\/u><u><\/u><\/div>\n<div class=\"MsoNormal\" style=\"background-color: white; color: #222222; font-size: 11pt; line-height: 17px; margin: 0cm 0cm 10pt;\">\n<\/div>\n<div class=\"MsoNormal\" style=\"background-color: white; color: #222222; font-size: 11pt; line-height: 17px; margin: 0cm 0cm 10pt;\">\n<b>L\u00f8rdag 21. desember <\/b>er det messe p\u00e5 fransk kl. 16<u><\/u><u><\/u><\/div>\n<div class=\"MsoNormal\" style=\"background-color: white; color: #222222; font-size: 11pt; line-height: 17px; margin: 0cm 0cm 10pt;\">\n<\/div>\n<div class=\"MsoNormal\" style=\"background-color: white; color: #222222; font-size: 11pt; line-height: 17px; margin: 0cm 0cm 10pt;\">\n<b>S\u00f8ndag 22. desember<\/b> er det messer som vanlig<u><\/u><u><\/u><\/div>\n<div class=\"MsoNormal\" style=\"background-color: white; color: #222222; font-size: 11pt; line-height: 17px; margin: 0cm 0cm 10pt;\">\n<\/div>\n<div class=\"MsoNormal\" style=\"background-color: white; color: #222222; font-size: 11pt; line-height: 17px; margin: 0cm 0cm 10pt;\">\nProgrammet for julen i St. Ansgar menighet er n\u00e5 klart.&nbsp;<u><\/u><\/div>\n<div class=\"MsoNormal\" style=\"background-color: white; color: #222222; font-size: 11pt; line-height: 17px; margin: 0cm 0cm 10pt;\">\n<\/div>\n<div class=\"MsoNormal\" style=\"background-color: white; color: #222222; font-size: 11pt; line-height: 17px; margin: 0cm 0cm 10pt;\">\nDet finnes flere anledninger til <b>skriftem\u00e5l f\u00f8r jul<\/b>. I tillegg til lille julaften, som er nevnt p\u00e5 juleprogrammet, finnes det noen muligheter til:<u><\/u><\/div>\n<div class=\"MsoNormal\" style=\"background-color: white; color: #222222; font-size: 11pt; line-height: 17px; margin: 0cm 0cm 10pt;\">\n<b>Torsdag 19. og fredag 20. desember<\/b> vil dominikanerpater Joseph Tang h\u00f8re skriftem\u00e5l fra kl. 17-19. I tillegg til vietnamesisk forst\u00e5r han godt engelsk.<u><\/u><u><\/u><\/div>\n<div>\n<div class=\"MsoNormal\" style=\"background-color: white; color: #222222; font-size: 11pt; line-height: 17px; margin: 0cm 0cm 10pt;\">\n<b>L\u00f8rdag 21. desember<\/b> vil pater Zephyrin Ligupi h\u00f8re skriftem\u00e5l fra kl. 14.30 -16.00, p\u00e5 fransk, spansk og norsk.<u><\/u><u><\/u><\/div>\n<div class=\"MsoNormal\" style=\"background-color: white; color: #222222; font-size: 11pt; line-height: 17px; margin: 0cm 0cm 10pt;\">\nI tillegg kan selvsagt prestene ta i mot skriftem\u00e5l etter avtale eller i forbindelse med messene.<u><\/u><u><\/u><\/div>\n<div class=\"MsoNormal\" style=\"background-color: white; color: #222222; font-size: 11pt; line-height: 17px; margin: 0cm 0cm 10pt;\">\nFra og med i s\u00f8ndag innf\u00f8rer vi <b>parkering forbudt p\u00e5 kirkens eiendom p\u00e5 s\u00f8ndag. <\/b>Vi vil ha plassen mellom kirken og Kiga bilfri n\u00e5r den brukes av s\u00e5 mange mennesker. Kun vaktmester kan parkere her.<u><\/u><u><\/u><\/div>\n<div class=\"MsoNormal\" style=\"background-color: white; color: #222222; font-size: 11pt; line-height: 17px; margin: 0cm 0cm 10pt;\">\nEn b\u00f8nn til alle: V\u00e6r s\u00e5 snill \u00e5 lukke d\u00f8rene etter dere n\u00e5r dere g\u00e5r inn og ut av kirken. Hvis dere ser andre la dem st\u00e5 \u00e5pen, ninn dem p\u00e5 det eller lukk d\u00f8ren selv. Kirken blir kald p\u00e5 ett \u00f8yeblikk n\u00e5r vi f\u00e5r gjennomtrekk og mange timer og mye penger til oppvarming blir bortkastet. D\u00f8rpumper til denne typen d\u00f8r er sv\u00e6rt kostbart og m\u00e5 vente.<\/div>\n<\/div>\n","protected":false},"excerpt":{"rendered":"<p>Denne uken er det messe i kirken som vanlig, tirsdag til fredag kl. 18. Fredag 20. desember kl. 06.30 feires den siste Roratemessen denne advent. Alle er invitert til felles frokost etterp\u00e5. L\u00f8rdag 21. desember er det messe p\u00e5 norsk&#8230;<br \/><a class=\"read-more-button\" href=\"https:\/\/stansgar.katolsk.no\/?p=783\">Read more<\/a><\/p>\n","protected":false},"author":3,"featured_media":0,"comment_status":"open","ping_status":"open","sticky":false,"template":"","format":"standard","meta":{"footnotes":""},"categories":[1],"tags":[3],"class_list":["post-783","post","type-post","status-publish","format-standard","hentry","category-ukategorisert","tag-kunngjoringer"],"_links":{"self":[{"href":"https:\/\/stansgar.katolsk.no\/index.php?rest_route=\/wp\/v2\/posts\/783","targetHints":{"allow":["GET"]}}],"collection":[{"href":"https:\/\/stansgar.katolsk.no\/index.php?rest_route=\/wp\/v2\/posts"}],"about":[{"href":"https:\/\/stansgar.katolsk.no\/index.php?rest_route=\/wp\/v2\/types\/post"}],"author":[{"embeddable":true,"href":"https:\/\/stansgar.katolsk.no\/index.php?rest_route=\/wp\/v2\/users\/3"}],"replies":[{"embeddable":true,"href":"https:\/\/stansgar.katolsk.no\/index.php?rest_route=%2Fwp%2Fv2%2Fcomments&post=783"}],"version-history":[{"count":1,"href":"https:\/\/stansgar.katolsk.no\/index.php?rest_route=\/wp\/v2\/posts\/783\/revisions"}],"predecessor-version":[{"id":2780,"href":"https:\/\/stansgar.katolsk.no\/index.php?rest_route=\/wp\/v2\/posts\/783\/revisions\/2780"}],"wp:attachment":[{"href":"https:\/\/stansgar.katolsk.no\/index.php?rest_route=%2Fwp%2Fv2%2Fmedia&parent=783"}],"wp:term":[{"taxonomy":"category","embeddable":true,"href":"https:\/\/stansgar.katolsk.no\/index.php?rest_route=%2Fwp%2Fv2%2Fcategories&post=783"},{"taxonomy":"post_tag","embeddable":true,"href":"https:\/\/stansgar.katolsk.no\/index.php?rest_route=%2Fwp%2Fv2%2Ftags&post=783"}],"curies":[{"name":"wp","href":"https:\/\/api.w.org\/{rel}","templated":true}]}}