{"id":7809,"date":"2020-09-04T11:10:38","date_gmt":"2020-09-04T09:10:38","guid":{"rendered":"https:\/\/stansgar.katolsk.no\/?p=7809"},"modified":"2020-09-04T11:10:11","modified_gmt":"2020-09-04T09:10:11","slug":"velkommen-til-katekesearet-2020-2021","status":"publish","type":"post","link":"https:\/\/stansgar.katolsk.no\/?p=7809","title":{"rendered":"Velkommen til katekese\u00e5ret 2020\/2021"},"content":{"rendered":"<p><img loading=\"lazy\" decoding=\"async\" class=\"size-medium wp-image-7780 aligncenter\" src=\"https:\/\/stansgar.katolsk.no\/wp-content\/uploads\/2020\/08\/bilde-300x284.png\" alt=\"\" width=\"300\" height=\"284\" srcset=\"https:\/\/stansgar.katolsk.no\/wp-content\/uploads\/2020\/08\/bilde-300x284.png 300w, https:\/\/stansgar.katolsk.no\/wp-content\/uploads\/2020\/08\/bilde.png 520w\" sizes=\"auto, (max-width: 300px) 100vw, 300px\" \/><\/p>\n<p><strong>Velkommen til katekese\u00e5ret 2020\/2021<\/strong><\/p>\n<p>&nbsp;<\/p>\n<p>Katekesen er et tilbud om katolsk kristendomsundervisning for alle barn og ungdommer som g\u00e5r i<br \/>\n1. \u2013 9. klasse. Her treffer katolske barn og ungdommer hverandre og l\u00e6rer om katolsk tro, fortellinger fra Bibelen, messens liturgi, kristne sanger samt at de f\u00e5r en bedre forst\u00e5else av h\u00f8ytidene i l\u00f8pet av kirke\u00e5ret. Vi \u00f8nsker \u00e5 skape et godt sosialt milj\u00f8 slik at barna f\u00f8ler seg som en del av fellesskapet i menigheten. Katekesen st\u00f8tter foreldrene i \u00e5 gi en levende tro videre til barna og bidrar til at barna kan utvikle sin religi\u00f8se identitet i den katolske troen. Foreldrene har hovedansvaret, slik de lovet det ved barnas d\u00e5p. Ingen katekese i kirken kan erstatte et praktiserende katolsk hjem.<\/p>\n<p><strong>\u00a0<\/strong><\/p>\n<p>Denne h\u00f8sten er organiseringen av katekesen forskjellig fra andre \u00e5r p\u00e5 grunn av Covid-19 pandemien og gjeldene smitteverntiltak. Konsekvensen er at vi m\u00e5 ha katekese i de st\u00f8rste rommene vi har i menighetshuset v\u00e5rt,\u00a0<em>KIGA<\/em>, og i kirka for \u00e5 overholde en meters-regelen. Dette betyr at vi m\u00e5 ha katekese to l\u00f8rdager i m\u00e5neden, den f\u00f8rste l\u00f8rdagen i m\u00e5neden for\u00a0<strong>Gruppe 1<\/strong>\u00a0som er 4., 8. og 9. trinn, og den andre l\u00f8rdagen i m\u00e5neden for\u00a0<strong>Gruppe 2<\/strong>\u00a0som er 2., 3., 5., 6., og 7. trinn. Det er katekese b\u00e5de p\u00e5 formiddagen og ettermiddagen.<\/p>\n<p>&nbsp;<\/p>\n<p>Gruppe 1 har katekese f\u00f8rste l\u00f8rdag i m\u00e5neden,\u00a0<strong>men i september har Gruppe 1 katekese 19. september\u00a0<\/strong>fordi det er konfirmasjon i menigheten 5. september.<\/p>\n<p>&nbsp;<\/p>\n<p><strong>Katekeseplan for h\u00f8sten 2020:<\/strong><strong>\u00a0<\/strong><\/p>\n<p><strong>Gruppe 1<\/strong>\u00a0har katekese f\u00f8rste l\u00f8rdag i m\u00e5neden:\u00a0<strong>19.09.,<\/strong>\u00a003.10., 07.11., 05.12.<\/p>\n<ul>\n<li>10.00 \u2013 13.00: 4. og 9. trinn<\/li>\n<li><em>13.00 \u2013 14.00: Katekesemesse<\/em><\/li>\n<li>14.00 \u2013 17.00: 8. trinn<\/li>\n<\/ul>\n<p>OBS! F\u00f8rste trinn har katekese digitalt p\u00e5 zoom.<\/p>\n<p><strong>Gruppe 2<\/strong>\u00a0har katekese andre l\u00f8rdag i m\u00e5neden: 12.09., 10.10., 14.11., 12.12.<\/p>\n<ul>\n<li>10.00 \u2013 13.00: 2. trinn og 3. trinn<\/li>\n<li><em>13.00 \u2013 14.00: Katekesemesse<\/em><\/li>\n<li>14.00 \u2013 17.00: 5., 6. og 7. trinn<\/li>\n<\/ul>\n<p>&nbsp;<\/p>\n<p>Katekeseplan for v\u00e5ren 2021 kommer n\u00e5r vi vet mer om smittesituasjonen for covid-19 i Norge.<\/p>\n<p>Barn og ungdommer m\u00e5 ha med pennal og skrivebok til katekesen. P\u00e5 grunn av oppblomstring av covid-19 viruset kan vi ikke servere lunsj. <strong>De m\u00e5 ta med seg matpakke og drikke.<\/strong> Pauser ute har de p\u00e5 forskjellige tidspunkter. Barna har ikke lov til \u00e5 g\u00e5 ut i byen i pausene, men ungdommene p\u00e5 8. og 9. trinn kan g\u00e5 ut i byen.<\/p>\n<p>&nbsp;<\/p>\n<p>L\u00f8rdag 12. september m\u00f8ter<strong>:<\/strong><\/p>\n<ul>\n<li><strong>foreldre og barn:<\/strong> 2 og 3. trinn i kirken kl. 10.00<\/li>\n<li><strong>foreldre:<\/strong> 5.,6., og 7. trinn i menighetssalen kl. 13.00<\/li>\n<li><strong>barn:<\/strong> 5<strong>., <\/strong>6., og 7. trinn har messe kl. 13.00<\/li>\n<\/ul>\n<p>L\u00f8rdag 19. september m\u00f8ter:<\/p>\n<ul>\n<li><strong>foreldre, barn og ungdommer:<\/strong> 4 og 9. trinn i kirken kl. 10.00<\/li>\n<li><strong>foreldre: 8 <\/strong>trinn i menighetssalen kl. 13.00<\/li>\n<li><strong>ungdommer: 8 <\/strong>trinn har messe kl. 13.00<\/li>\n<\/ul>\n<p>&nbsp;<\/p>\n<p>F\u00f8rste trinn har digital katekese p\u00e5 zoom med kateketene Ane og Mogens Alb\u00e6k, for det er vanskelig for barna \u00e5 overholde en meters-regelen. Foreldre f\u00e5r et eget brev om denne katekesen. Det er ingen kontingent for f\u00f8rste trinn, men barna m\u00e5 meldes inn i katekesen.<\/p>\n<p><strong>\u00a0<\/strong><\/p>\n<p>Innmelding til katekesen er online p\u00e5 menighetens nettside:<\/p>\n<p>1- 7. trinn \u2013\u00a0<a href=\"https:\/\/stansgar.katolsk.no\/?page_id=3897\">https:\/\/stansgar.katolsk.no\/?page_id=3897<\/a><\/p>\n<p>8. trinn \u2013\u00a0<a href=\"https:\/\/stansgar.katolsk.no\/?page_id=6332\">https:\/\/stansgar.katolsk.no\/?page_id=6332<\/a><\/p>\n<p>9. trinn \u2013\u00a0<a href=\"https:\/\/stansgar.katolsk.no\/?page_id=6334\">https:\/\/stansgar.katolsk.no\/?page_id=6334<\/a><\/p>\n<p>I online-skjemaet kan dere ogs\u00e5 kryss av om dere \u00f8nsker at barna deres skal bli medlem i Norges Unge Katolikker (NUK). Menigheten betaler kontingenten til NUK. N\u00e5r dere st\u00f8tter NUK, f\u00e5r St. Ansgar katekeselag penger til katekesen av NUK.<strong>\u00a0<\/strong><\/p>\n<p><strong>\u00a0<\/strong><\/p>\n<p><strong>Konfirmantkurs for f\u00f8rste\u00e5rs- og andre\u00e5rskonfirmanter:<\/strong><\/p>\n<p>&nbsp;<\/p>\n<p><strong>3. oktober er siste frist<\/strong>\u00a0for \u00e5 begynne p\u00e5 konfirmantkurs for f\u00f8rste\u00e5rskonfirmanter (8. trinn).\u00a0<strong>Etter<\/strong><br \/>\n<strong>3. oktober<\/strong>\u00a0tar vi\u00a0<strong>ikke<\/strong>\u00a0imot nye konfirmantkandidater. Det betyr at\u00a0<strong>de m\u00e5 vente til september 2021<\/strong>\u00a0for \u00e5 begynne p\u00e5 konfirmantkurs for f\u00f8rste\u00e5rskonfirmanter.<\/p>\n<ol>\n<li><strong>Katekesen skal prioriteres framfor andre aktiviteter.<\/strong><\/li>\n<\/ol>\n<p>Kandidaten kan bare v\u00e6re borte\u00a0<strong>tre ganger<\/strong>\u00a0fra katekesen i hele katekese\u00e5ret. Ved frav\u00e6r i katekesen<strong>,<\/strong><br \/>\nm\u00e5 det gis beskjed til kandidatens kateket:<\/p>\n<ul>\n<li>8A: Mai Thi Nguyen, 917 33\u00a0537<\/li>\n<li>8B: Van Phan, 97 00 58 72.<\/li>\n<li>9A: Tinh Doan, 905 58\u00a0382<\/li>\n<li>9B Arek Boron, 96 68 10 17<\/li>\n<\/ul>\n<p>Ved hvert frav\u00e6r blir en lekse tilsendt p\u00e5 e-post fra klassens kateket som m\u00e5 gj\u00f8res og sendes tilbake p\u00e5<br \/>\ne-post inne en uke.<\/p>\n<p>2) Konfirmasjonsundervisningen m\u00e5 prioriteres for \u00e5 bli godt forberedt til \u00e5 motta konfirmasjonens sakrament. Som konfirmant blir kandidaten et vitne for Kristus, og tjener ogs\u00e5 Hans Kirke ved:<\/p>\n<ul>\n<li>\u00e5 komme til messe hver s\u00f8ndag<\/li>\n<li>\u00e5 lese lesninger i katekesemessen<\/li>\n<li>\u00e5 delta noen ganger p\u00e5 Saul som er ungdomsklubben i St. Ansgar menighet<\/li>\n<li>\u00e5 ha praksis som assistent i barnekatekesen en gang i l\u00f8pet av katekese\u00e5ret (9. trinn)<\/li>\n<\/ul>\n<p>3) Vi minner om at foreldre og foresatte m\u00e5 gj\u00f8re sitt beste for at konfirmanten gjennomf\u00f8rer forberedelsene til \u00e5 motta konfirmasjonens sakrament p\u00e5 en god m\u00e5te. \u00c5 motta sakramentet er basert p\u00e5 kjennskap til Kirkens l\u00e6re og forst\u00e5else av dens tro og tradisjon.<\/p>\n<p>4) Det blir ikke konfirmasjonsleir for dere p\u00e5 grunn av smittefare for covid-19 viruset, men ungdomsklubben SAUL inviterer dere til klubbkveldene 06.11., 04.12., 11.12. og 16.12. Det er obligatorisk \u00e5 komme p\u00e5 en av disse klubbkveldene. Mer informasjon kommer seinere.<\/p>\n<p><strong>Generell<\/strong>\u00a0<strong>informasjon:<\/strong><\/p>\n<p>I dette katekese\u00e5ret er kontingent for katekesen den samme uansett klassetrinn. Kontingenten er 400 kroner per barn\/ungdom og dekker b\u00f8ker og lunsj. Familier med tre barn\/ungdommer eller flere betaler kr 800,- per familie. Kontingenten kan betales p\u00e5 nettbank til menighetens konto 3000.16.55864 eller med Vipps til 534797 eller til St. Ansgar kirke. Husk alltid \u00e5 merke betalingen med katekese, barnets navn og klasse.<\/p>\n<p>&nbsp;<\/p>\n<p>Den f\u00f8rste Hellige Kommunion er l\u00f8rdag 5. juni 2021.<\/p>\n<p>Det er konfirmasjon l\u00f8rdag 4. september 2021.<\/p>\n<p>&nbsp;<\/p>\n<p>F\u00f8lg katekesen p\u00e5 menighetens blogg:\u00a0<a href=\"http:\/\/stansgar.katolsk.no\/\">http:\/\/stansgar.katolsk.no<\/a><\/p>\n<p>&nbsp;<\/p>\n<p><strong>Vi minner om smitterverntiltak. Dersom barna er syke, skal de ikke komme til katekesen.<\/strong><\/p>\n<p>&nbsp;<\/p>\n<p>Velkommen alle sammen til h\u00f8stens katekese! Det blir fint \u00e5 se dere.<\/p>\n<p><strong>\u00a0<\/strong><\/p>\n<p>Vennlig hilsen<\/p>\n<p>p. Louis Tien Quang Dang\u00a0 \u00a0 \u00a0 \u00a0 \u00a0 \u00a0 \u00a0 \u00a0 \u00a0 \u00a0 \u00a0 \u00a0 \u00a0 \u00a0 \u00a0 \u00a0 \u00a0 \u00a0 \u00a0 \u00a0 \u00a0 \u00a0 \u00a0 \u00a0 \u00a0 \u00a0 \u00a0 \u00a0 \u00a0 \u00a0 \u00a0 \u00a0 \u00a0 \u00a0 \u00a0 \u00a0 \u00a0 \u00a0 \u00a0 \u00a0 \u00a0 \u00a0 Mona Jacobsen Jardim<\/p>\n<p>Sogneadministrator\u00a0 \u00a0 \u00a0 \u00a0 \u00a0 \u00a0 \u00a0 \u00a0 \u00a0 \u00a0 \u00a0 \u00a0 \u00a0 \u00a0 \u00a0 \u00a0 \u00a0 \u00a0 \u00a0 \u00a0 \u00a0 \u00a0 \u00a0 \u00a0 \u00a0 \u00a0 \u00a0 \u00a0 \u00a0 \u00a0 \u00a0 \u00a0 \u00a0 \u00a0 \u00a0 \u00a0 \u00a0 \u00a0 \u00a0 \u00a0 \u00a0 \u00a0 \u00a0 \u00a0 \u00a0 \u00a0 \u00a0 \u00a0 Koordinator i katekesen<\/p>\n","protected":false},"excerpt":{"rendered":"<p>Velkommen til katekese\u00e5ret 2020\/2021 &nbsp; Katekesen er et tilbud om katolsk kristendomsundervisning for alle barn og ungdommer som g\u00e5r i 1. \u2013 9. klasse. Her treffer katolske barn og ungdommer hverandre og l\u00e6rer om katolsk tro, fortellinger fra Bibelen, messens&#8230;<br \/><a class=\"read-more-button\" href=\"https:\/\/stansgar.katolsk.no\/?p=7809\">Read more<\/a><\/p>\n","protected":false},"author":1,"featured_media":7848,"comment_status":"open","ping_status":"open","sticky":false,"template":"","format":"standard","meta":{"footnotes":""},"categories":[483],"tags":[],"class_list":["post-7809","post","type-post","status-publish","format-standard","has-post-thumbnail","hentry","category-katekese"],"_links":{"self":[{"href":"https:\/\/stansgar.katolsk.no\/index.php?rest_route=\/wp\/v2\/posts\/7809","targetHints":{"allow":["GET"]}}],"collection":[{"href":"https:\/\/stansgar.katolsk.no\/index.php?rest_route=\/wp\/v2\/posts"}],"about":[{"href":"https:\/\/stansgar.katolsk.no\/index.php?rest_route=\/wp\/v2\/types\/post"}],"author":[{"embeddable":true,"href":"https:\/\/stansgar.katolsk.no\/index.php?rest_route=\/wp\/v2\/users\/1"}],"replies":[{"embeddable":true,"href":"https:\/\/stansgar.katolsk.no\/index.php?rest_route=%2Fwp%2Fv2%2Fcomments&post=7809"}],"version-history":[{"count":4,"href":"https:\/\/stansgar.katolsk.no\/index.php?rest_route=\/wp\/v2\/posts\/7809\/revisions"}],"predecessor-version":[{"id":7893,"href":"https:\/\/stansgar.katolsk.no\/index.php?rest_route=\/wp\/v2\/posts\/7809\/revisions\/7893"}],"wp:featuredmedia":[{"embeddable":true,"href":"https:\/\/stansgar.katolsk.no\/index.php?rest_route=\/wp\/v2\/media\/7848"}],"wp:attachment":[{"href":"https:\/\/stansgar.katolsk.no\/index.php?rest_route=%2Fwp%2Fv2%2Fmedia&parent=7809"}],"wp:term":[{"taxonomy":"category","embeddable":true,"href":"https:\/\/stansgar.katolsk.no\/index.php?rest_route=%2Fwp%2Fv2%2Fcategories&post=7809"},{"taxonomy":"post_tag","embeddable":true,"href":"https:\/\/stansgar.katolsk.no\/index.php?rest_route=%2Fwp%2Fv2%2Ftags&post=7809"}],"curies":[{"name":"wp","href":"https:\/\/api.w.org\/{rel}","templated":true}]}}