{"id":7777,"date":"2020-08-09T10:00:30","date_gmt":"2020-08-09T08:00:30","guid":{"rendered":"https:\/\/stansgar.katolsk.no\/?p=7777"},"modified":"2020-08-07T10:47:58","modified_gmt":"2020-08-07T08:47:58","slug":"kunngjoringer-sondag-9-august-2020","status":"publish","type":"post","link":"https:\/\/stansgar.katolsk.no\/?p=7777","title":{"rendered":"KUNNGJ\u00d8RINGER S\u00d8NDAG 9. AUGUST 2020"},"content":{"rendered":"<p style=\"text-align: center;\"><strong>KUNNGJ\u00d8RINGER S\u00d8NDAG 9. AUGUST 2020 <\/strong><\/p>\n<table width=\"671\">\n<tbody>\n<tr>\n<td width=\"99\">Tirsdag<\/td>\n<td width=\"71\">11.08<\/td>\n<td width=\"37\">kl.<\/td>\n<td width=\"57\">17.30<\/td>\n<td width=\"406\">Vesper<\/td>\n<\/tr>\n<tr>\n<td width=\"99\">&nbsp;<\/td>\n<td width=\"71\">&nbsp;<\/td>\n<td width=\"37\">kl.<\/td>\n<td width=\"57\">18.00<\/td>\n<td width=\"406\">Messe &#8211; Den hellige Klara av Assisi<\/p>\n<p>etterfulgt av Sakramentstilbedelse<\/td>\n<\/tr>\n<tr>\n<td width=\"99\">Onsdag<\/td>\n<td width=\"71\">12.08<\/td>\n<td width=\"37\">kl.<\/td>\n<td width=\"57\">18.00<\/td>\n<td width=\"406\">Messe<\/td>\n<\/tr>\n<tr>\n<td width=\"99\">Torsdag<\/td>\n<td width=\"71\">13.08<\/td>\n<td width=\"37\">kl.<\/td>\n<td width=\"57\">18.00<\/td>\n<td width=\"406\">Messe<\/td>\n<\/tr>\n<tr>\n<td width=\"99\">Fredag<\/td>\n<td width=\"71\">14.08<\/td>\n<td width=\"37\">kl.<\/td>\n<td width=\"57\">18.00<\/td>\n<td width=\"406\">Messe &#8211; Den hellige Maximilian Kolbe,<\/p>\n<p>prest og martyr<\/p>\n<p>H\u00f8ytid: Vigilien til Jomfru Marias<\/p>\n<p>opptagelse i himmelen<\/td>\n<\/tr>\n<tr>\n<td width=\"99\">L\u00f8rdag<\/td>\n<td width=\"71\">15.08<\/td>\n<td width=\"37\">kl.<\/p>\n<p>&nbsp;<\/p>\n<p>kl.<\/p>\n<p>kl.<\/td>\n<td width=\"57\">13.00<\/p>\n<p>&nbsp;<\/p>\n<p>14.00<\/p>\n<p>18.00<\/td>\n<td width=\"406\">H\u00f8ytid: Jomfru Marias<\/p>\n<p>opptagelse i himmelen<\/p>\n<p>Messe p\u00e5 spansk<\/p>\n<p>Messe p\u00e5 polsk<\/td>\n<\/tr>\n<tr>\n<td colspan=\"5\" width=\"671\">S\u00f8ndag\u00a0\u00a0\u00a0\u00a0\u00a0\u00a0\u00a0\u00a0\u00a0\u00a0 16.08\u00a0\u00a0\u00a0\u00a0\u00a0\u00a0\u00a0\u00a0 \u00a0\u00a020. S\u00d8NDAG I DET ALMINNELIGE KIRKE\u00c5R<\/td>\n<\/tr>\n<tr>\n<td colspan=\"2\" width=\"170\">&nbsp;<\/td>\n<td width=\"37\">kl.<\/p>\n<p>&nbsp;<\/p>\n<p>kl.<\/p>\n<p>&nbsp;<\/p>\n<p>kl.<\/td>\n<td width=\"57\">09.00<\/p>\n<p>&nbsp;<\/p>\n<p>11.00<\/p>\n<p>&nbsp;<\/p>\n<p>13.00<\/td>\n<td width=\"406\">Messe p\u00e5 polsk<\/p>\n<p>(ogs\u00e5 direktesendt)<\/p>\n<p>Messe p\u00e5 norsk<\/p>\n<p>(ogs\u00e5 direktesendt)<\/p>\n<p>Messe p\u00e5 vietnamesisk<\/p>\n<p>(ogs\u00e5 direktesendt)<\/td>\n<\/tr>\n<\/tbody>\n<\/table>\n<p>&nbsp;<\/p>\n<p><strong>Annet<\/strong><\/p>\n<p><strong>Katekese:<\/strong><\/p>\n<p>Vi er glade for at vi kan ha fysisk katekese igjen. Katekese\u00e5ret 2020\/2020 starter opp 12. og 19. september. P\u00e5 grunn av smitteverntiltak er katekesen delt i to l\u00f8rdager. All informasjon om katekesen blir elektronisk. Brev om katekesen sendes p\u00e5 mail. De legges ogs\u00e5 ut p\u00e5 menighetens blogg under fanen KATEKESE. Fysiske brev er bare sendt med posten til foreldre til barn p\u00e5 1. og 3. trinn og ungdommer p\u00e5 8. trinn.<\/p>\n<p>&nbsp;<\/p>\n<p style=\"text-align: center;\">\u00a0\u00a0\u00a0\u00a0\u00a0\u00a0\u00a0\u00a0\u00a0\u00a0\u00a0\u00a0\u00a0\u00a0\u00a0\u00a0\u00a0\u00a0\u00a0\u00a0\u00a0\u00a0\u00a0\u00a0\u00a0\u00a0\u00a0\u00a0\u00a0\u00a0\u00a0\u00a0\u00a0\u00a0\u00a0\u00a0\u00a0\u00a0\u00a0\u00a0\u00a0\u00a0\u00a0\u00a0\u00a0\u00a0 <strong>\u00d8nsker dere en riktig god s\u00f8ndag! <\/strong><\/p>\n","protected":false},"excerpt":{"rendered":"<p>KUNNGJ\u00d8RINGER S\u00d8NDAG 9. AUGUST 2020 Tirsdag 11.08 kl. 17.30 Vesper &nbsp; &nbsp; kl. 18.00 Messe &#8211; Den hellige Klara av Assisi etterfulgt av Sakramentstilbedelse Onsdag 12.08 kl. 18.00 Messe Torsdag 13.08 kl. 18.00 Messe Fredag 14.08 kl. 18.00 Messe &#8211;&#8230;<br \/><a class=\"read-more-button\" href=\"https:\/\/stansgar.katolsk.no\/?p=7777\">Read more<\/a><\/p>\n","protected":false},"author":1,"featured_media":0,"comment_status":"open","ping_status":"open","sticky":false,"template":"","format":"standard","meta":{"footnotes":""},"categories":[204],"tags":[],"class_list":["post-7777","post","type-post","status-publish","format-standard","hentry","category-ukategorisert-nb"],"_links":{"self":[{"href":"https:\/\/stansgar.katolsk.no\/index.php?rest_route=\/wp\/v2\/posts\/7777","targetHints":{"allow":["GET"]}}],"collection":[{"href":"https:\/\/stansgar.katolsk.no\/index.php?rest_route=\/wp\/v2\/posts"}],"about":[{"href":"https:\/\/stansgar.katolsk.no\/index.php?rest_route=\/wp\/v2\/types\/post"}],"author":[{"embeddable":true,"href":"https:\/\/stansgar.katolsk.no\/index.php?rest_route=\/wp\/v2\/users\/1"}],"replies":[{"embeddable":true,"href":"https:\/\/stansgar.katolsk.no\/index.php?rest_route=%2Fwp%2Fv2%2Fcomments&post=7777"}],"version-history":[{"count":1,"href":"https:\/\/stansgar.katolsk.no\/index.php?rest_route=\/wp\/v2\/posts\/7777\/revisions"}],"predecessor-version":[{"id":7778,"href":"https:\/\/stansgar.katolsk.no\/index.php?rest_route=\/wp\/v2\/posts\/7777\/revisions\/7778"}],"wp:attachment":[{"href":"https:\/\/stansgar.katolsk.no\/index.php?rest_route=%2Fwp%2Fv2%2Fmedia&parent=7777"}],"wp:term":[{"taxonomy":"category","embeddable":true,"href":"https:\/\/stansgar.katolsk.no\/index.php?rest_route=%2Fwp%2Fv2%2Fcategories&post=7777"},{"taxonomy":"post_tag","embeddable":true,"href":"https:\/\/stansgar.katolsk.no\/index.php?rest_route=%2Fwp%2Fv2%2Ftags&post=7777"}],"curies":[{"name":"wp","href":"https:\/\/api.w.org\/{rel}","templated":true}]}}