{"id":775,"date":"2014-01-07T21:05:00","date_gmt":"2014-01-07T20:05:00","guid":{"rendered":"http:\/\/stansgar.katolsk.no\/index.php\/2014\/01\/07\/varens-katekese\/"},"modified":"2018-10-12T09:12:49","modified_gmt":"2018-10-12T07:12:49","slug":"varens-katekese","status":"publish","type":"post","link":"https:\/\/stansgar.katolsk.no\/?p=775","title":{"rendered":"V\u00e5rens katekese"},"content":{"rendered":"<div class=\"separator\" style=\"clear: both; text-align: center;\">\n<a href=\"http:\/\/www.ealingabbey.org.uk\/images\/pics\/The%20Sermon%20on%20the%20Mount,%20Fra%20Angelico.jpg\" imageanchor=\"1\" style=\"margin-left: 1em; margin-right: 1em;\"><img loading=\"lazy\" decoding=\"async\" border=\"0\" src=\"http:\/\/www.ealingabbey.org.uk\/images\/pics\/The%20Sermon%20on%20the%20Mount,%20Fra%20Angelico.jpg\" height=\"400\" width=\"395\" \/><\/a><\/div>\n<div class=\"separator\" style=\"clear: both; text-align: center;\">\n<\/div>\n<div class=\"separator\" style=\"clear: both; text-align: center;\">\n<\/div>\n<div class=\"separator\" style=\"clear: both; text-align: center;\">\n<\/div>\n<div class=\"MsoNormal\" style=\"background-color: white; color: #222222; font-size: 13px;\">\n<b>KJ\u00c6RE ALLE BARN, UNGDOMMER&nbsp;&nbsp;OG FORELDRE<u><\/u><u><\/u><\/b><\/div>\n<div class=\"MsoNormal\" style=\"background-color: white; color: #222222; font-size: 13px;\">\n<\/div>\n<div class=\"MsoNormal\" style=\"background-color: white; color: #222222; font-size: 13px;\">\nVelkommen til v\u00e5rens katekese! Vi starter&nbsp;<b>l\u00f8rdag 11. januar for alle klasser.&nbsp;<\/b>N\u00e5 er kirken endelig ferdig og vi kan begynne \u00e5 bruke den. Derfor blir det igjen messe som en del av katekesen.<u><\/u><u><\/u><\/div>\n<div class=\"MsoNormal\" style=\"background-color: white; color: #222222; font-size: 13px;\">\nP\u00e5 grunn av mange barn i katekesen har vi et plassproblem. Og det er jo selvf\u00f8lgelig flott! Men det betyr at 6. klasse m\u00e5 fortsette med ettermiddagskatekese.<u><\/u><u><\/u><\/div>\n<div class=\"MsoNormal\" style=\"background-color: white; color: #222222; font-size: 13px;\">\n<\/div>\n<div class=\"MsoNormal\" style=\"background-color: white; color: #222222; font-size: 13px;\">\n<b>Katekesen blir derfor slik:<u><\/u><u><\/u><\/b><\/div>\n<div class=\"MsoNormal\" style=\"background-color: white; color: #222222; font-size: 13px;\">\n<\/div>\n<div class=\"MsoNormal\" style=\"background-color: white; color: #222222; font-size: 13px;\">\n<b>1.-5. klasse&nbsp;<\/b>har katekese<b>&nbsp;klokken 10.00 \u2013 13.45.<\/b>&nbsp;&nbsp;Det blir messe kl. 13.00. Hele familien er velkommen!<b><u><\/u><u><\/u><\/b><\/div>\n<div class=\"MsoNormal\" style=\"background-color: white; color: #222222; font-size: 13px;\">\n<\/div>\n<div class=\"MsoNormal\" style=\"background-color: white; color: #222222; font-size: 13px;\">\n<b>6.,7.,8. og 9. klasse&nbsp;<\/b>har katekese&nbsp;<b>kl 14.00 -18.00<u><\/u><u><\/u><\/b><\/div>\n<div class=\"MsoNormal\" style=\"background-color: white; color: #222222; font-size: 13px;\">\nDet blir messe kl. 17.00. Hele familien er velkommen!<u><\/u><u><\/u><\/div>\n<div class=\"MsoNormal\" style=\"background-color: white; color: #222222; font-size: 13px;\">\n<\/div>\n<div class=\"MsoNormal\" style=\"background-color: white; color: #222222; font-size: 13px;\">\n<\/div>\n<div class=\"MsoNormal\" style=\"background-color: white; color: #222222; font-size: 13px;\">\nResten av v\u00e5ren blir det katekese l\u00f8rdagene&nbsp;<b>8. februar, 8.mars, 12. april, 10. mai og 14. juni.<u><\/u><u><\/u><\/b><\/div>\n<div class=\"MsoNormal\" style=\"background-color: white; color: #222222; font-size: 13px;\">\n<b>F\u00f8rste hellige kommunion blir l\u00f8rdag 7. juni<u><\/u><u><\/u><\/b><\/div>\n<div class=\"MsoNormal\" style=\"background-color: white; color: #222222; font-size: 13px;\">\n<b>Konfirmasjon blir 6. september.<u><\/u><u><\/u><\/b><\/div>\n<div class=\"MsoNormal\" style=\"background-color: white; color: #222222; font-size: 13px;\">\n<\/div>\n<div class=\"MsoNormal\" style=\"background-color: white; color: #222222; font-size: 13px;\">\n<b>DU FINNER ALLTID OPPDATERT INFORMASJON HER P\u00c5<u><\/u><u><\/u><\/b><\/div>\n<div class=\"MsoNormal\" style=\"background-color: white; color: #222222; font-size: 13px;\">\n<b>BLOGGEN<u><\/u><u><\/u><\/b><\/div>\n<div class=\"MsoNormal\" style=\"background-color: white; color: #222222; font-size: 13px;\">\n<\/div>\n<div class=\"MsoNormal\" style=\"background-color: white; color: #222222; font-size: 13px;\">\nVelkommen alle sammen til v\u00e5rens katekese!<\/div>\n","protected":false},"excerpt":{"rendered":"<p>KJ\u00c6RE ALLE BARN, UNGDOMMER&nbsp;&nbsp;OG FORELDRE Velkommen til v\u00e5rens katekese! Vi starter&nbsp;l\u00f8rdag 11. januar for alle klasser.&nbsp;N\u00e5 er kirken endelig ferdig og vi kan begynne \u00e5 bruke den. Derfor blir det igjen messe som en del av katekesen. P\u00e5 grunn av&#8230;<br \/><a class=\"read-more-button\" href=\"https:\/\/stansgar.katolsk.no\/?p=775\">Read more<\/a><\/p>\n","protected":false},"author":3,"featured_media":2764,"comment_status":"open","ping_status":"open","sticky":false,"template":"","format":"standard","meta":{"footnotes":""},"categories":[1],"tags":[10],"class_list":["post-775","post","type-post","status-publish","format-standard","has-post-thumbnail","hentry","category-ukategorisert","tag-katekese"],"_links":{"self":[{"href":"https:\/\/stansgar.katolsk.no\/index.php?rest_route=\/wp\/v2\/posts\/775","targetHints":{"allow":["GET"]}}],"collection":[{"href":"https:\/\/stansgar.katolsk.no\/index.php?rest_route=\/wp\/v2\/posts"}],"about":[{"href":"https:\/\/stansgar.katolsk.no\/index.php?rest_route=\/wp\/v2\/types\/post"}],"author":[{"embeddable":true,"href":"https:\/\/stansgar.katolsk.no\/index.php?rest_route=\/wp\/v2\/users\/3"}],"replies":[{"embeddable":true,"href":"https:\/\/stansgar.katolsk.no\/index.php?rest_route=%2Fwp%2Fv2%2Fcomments&post=775"}],"version-history":[{"count":1,"href":"https:\/\/stansgar.katolsk.no\/index.php?rest_route=\/wp\/v2\/posts\/775\/revisions"}],"predecessor-version":[{"id":2763,"href":"https:\/\/stansgar.katolsk.no\/index.php?rest_route=\/wp\/v2\/posts\/775\/revisions\/2763"}],"wp:featuredmedia":[{"embeddable":true,"href":"https:\/\/stansgar.katolsk.no\/index.php?rest_route=\/wp\/v2\/media\/2764"}],"wp:attachment":[{"href":"https:\/\/stansgar.katolsk.no\/index.php?rest_route=%2Fwp%2Fv2%2Fmedia&parent=775"}],"wp:term":[{"taxonomy":"category","embeddable":true,"href":"https:\/\/stansgar.katolsk.no\/index.php?rest_route=%2Fwp%2Fv2%2Fcategories&post=775"},{"taxonomy":"post_tag","embeddable":true,"href":"https:\/\/stansgar.katolsk.no\/index.php?rest_route=%2Fwp%2Fv2%2Ftags&post=775"}],"curies":[{"name":"wp","href":"https:\/\/api.w.org\/{rel}","templated":true}]}}