{"id":77,"date":"2018-08-12T19:21:00","date_gmt":"2018-08-12T17:21:00","guid":{"rendered":"http:\/\/stansgar.katolsk.no\/index.php\/2018\/08\/12\/velsignelse-av-kapell-pa-lista\/"},"modified":"2018-10-12T09:12:15","modified_gmt":"2018-10-12T07:12:15","slug":"velsignelse-av-kapell-pa-lista","status":"publish","type":"post","link":"https:\/\/stansgar.katolsk.no\/?p=77","title":{"rendered":"Velsignelse av kapell p\u00e5 Lista"},"content":{"rendered":"<p><\/p>\n<div class=\"separator\" style=\"clear: both; text-align: center;\">\n<a href=\"https:\/\/2.bp.blogspot.com\/-yaJR9zYnDfc\/W3CGfwt1GDI\/AAAAAAAAFo0\/bMSJU1SSMEUUjC8jRnDU2UKds9JfM4XTACLcBGAs\/s1600\/innvendig.JPG\" imageanchor=\"1\" style=\"margin-left: 1em; margin-right: 1em;\"><img loading=\"lazy\" decoding=\"async\" border=\"0\" data-original-height=\"1600\" data-original-width=\"1200\" height=\"400\" src=\"http:\/\/stansgar.katolsk.no\/wp-content\/uploads\/2018\/08\/innvendig.jpg\" width=\"300\" \/><\/a><\/div>\n<div class=\"separator\" style=\"clear: both; text-align: center;\">\n<\/div>\n<div class=\"separator\" style=\"clear: both; text-align: center;\">\n<\/div>\n<div style=\"background-color: white; color: #222222; font-family: arial, sans-serif; font-size: 12.8px;\">\n<b><br \/><\/b><\/div>\n<div style=\"background-color: white; color: #222222; font-family: arial, sans-serif; font-size: 12.8px;\">\n<b>Onsdag 15.8. kl. 18.00 <\/b>holdes det messe og kapellvelsignelse i Sta.Katarina kapell p\u00e5 Lista. Kapellet vies til St. Katarina av Siena, og til Marias himmelfart.<\/div>\n<div style=\"background-color: white; color: #222222; font-family: arial, sans-serif; font-size: 12.8px;\">\n<\/div>\n<div style=\"background-color: white; color: #222222; font-family: arial, sans-serif; font-size: 12.8px;\">\nKapellet er privat, bygget av Arne Balch- Barth og Elisabeth Vetland i sammenheng med deres bolig p\u00e5 Lista. Selvom kapellet er knyttet til en privatbolig har det adkomst direkte fra parkeringsplass, og vil v\u00e6re \u00e5pent for b\u00f8nn og tilbedelse s\u00e5 sant huseierne er hjemme. Man kan g\u00e5 direkte til kapellet, uten \u00e5 snakket med huseierne.&nbsp;<\/div>\n<div style=\"background-color: white; color: #222222; font-family: arial, sans-serif; font-size: 12.8px;\">\n<\/div>\n<div style=\"background-color: white; color: #222222; font-family: arial, sans-serif; font-size: 12.8px;\">\nBiskop Bernt Eidsvig har gitt tillatelse til at Alterets sakrament kan oppbevares i kapellet.<\/div>\n<div style=\"background-color: white; color: #222222; font-family: arial, sans-serif; font-size: 12.8px;\">\n<\/div>\n<div style=\"background-color: white; color: #222222; font-family: arial, sans-serif; font-size: 12.8px;\">\n<b>Kapellet vil bli velsignet, og Alterets sakrament bli plassert der, onsdag 15.8 kl. 18.00, H\u00f8ytiden for Maria himmelfart, av p. Frode Eikenes<\/b>. Alle er hjertelig velkomne til messe og p\u00e5f\u00f8lgende kirkekaffe\/kveldsmat.&nbsp;<\/div>\n<div style=\"background-color: white; color: #222222; font-family: arial, sans-serif; font-size: 12.8px;\">\n<\/div>\n<div style=\"background-color: white; color: #222222; font-family: arial, sans-serif; font-size: 12.8px;\">\nAdressen er Vetlandsveien 167, 4560 Vanse. Kj\u00f8r fra Vanse mot Ore. Ta til h\u00f8yre ved skilt til Vetteland, inn p\u00e5 Vetlandsveien. Kj\u00f8r ca 1.5 km oppover, til man ser en bussbu p\u00e5 venstre h\u00e5nd. Innkj\u00f8rsel til kapellet er til h\u00f8yre, like f\u00f8r bussbua. Det st\u00e5r Vetlandsveien 167 p\u00e5 postkassen ved innkj\u00f8rselen.<\/div>\n<div style=\"background-color: white; color: #222222; font-family: arial, sans-serif; font-size: 12.8px;\">\nTa gjerne kontakt for mer informasjon p\u00e5 tlf 97985890.&nbsp;<\/div>\n<div class=\"separator\" style=\"clear: both; text-align: center;\">\n<\/div>\n<div class=\"separator\" style=\"clear: both; text-align: center;\">\n<\/div>\n<div class=\"separator\" style=\"clear: both; text-align: center;\">\n<\/div>\n<div class=\"separator\" style=\"clear: both; text-align: center;\">\n<\/div>\n<div class=\"separator\" style=\"clear: both; text-align: center;\">\n<a href=\"https:\/\/4.bp.blogspot.com\/-YzQ-c4bKJV4\/W3CGotwFhCI\/AAAAAAAAFo4\/zLlwpjybIX0V6z-SatD2c3sir7z73-IxgCLcBGAs\/s1600\/inngang.jpg\" imageanchor=\"1\" style=\"margin-left: 1em; margin-right: 1em;\"><img loading=\"lazy\" decoding=\"async\" border=\"0\" data-original-height=\"1200\" data-original-width=\"1600\" height=\"300\" src=\"http:\/\/stansgar.katolsk.no\/wp-content\/uploads\/2018\/08\/inngang.jpg\" width=\"400\" \/><\/a><\/div>\n<p><\/p>\n","protected":false},"excerpt":{"rendered":"<p>Onsdag 15.8. kl. 18.00 holdes det messe og kapellvelsignelse i Sta.Katarina kapell p\u00e5 Lista. Kapellet vies til St. Katarina av Siena, og til Marias himmelfart. Kapellet er privat, bygget av Arne Balch- Barth og Elisabeth Vetland i sammenheng med deres&#8230;<br \/><a class=\"read-more-button\" href=\"https:\/\/stansgar.katolsk.no\/?p=77\">Read more<\/a><\/p>\n","protected":false},"author":3,"featured_media":1557,"comment_status":"open","ping_status":"open","sticky":false,"template":"","format":"standard","meta":{"footnotes":""},"categories":[1],"tags":[11,12],"class_list":["post-77","post","type-post","status-publish","format-standard","has-post-thumbnail","hentry","category-ukategorisert","tag-kapell","tag-lista"],"_links":{"self":[{"href":"https:\/\/stansgar.katolsk.no\/index.php?rest_route=\/wp\/v2\/posts\/77","targetHints":{"allow":["GET"]}}],"collection":[{"href":"https:\/\/stansgar.katolsk.no\/index.php?rest_route=\/wp\/v2\/posts"}],"about":[{"href":"https:\/\/stansgar.katolsk.no\/index.php?rest_route=\/wp\/v2\/types\/post"}],"author":[{"embeddable":true,"href":"https:\/\/stansgar.katolsk.no\/index.php?rest_route=\/wp\/v2\/users\/3"}],"replies":[{"embeddable":true,"href":"https:\/\/stansgar.katolsk.no\/index.php?rest_route=%2Fwp%2Fv2%2Fcomments&post=77"}],"version-history":[{"count":1,"href":"https:\/\/stansgar.katolsk.no\/index.php?rest_route=\/wp\/v2\/posts\/77\/revisions"}],"predecessor-version":[{"id":1559,"href":"https:\/\/stansgar.katolsk.no\/index.php?rest_route=\/wp\/v2\/posts\/77\/revisions\/1559"}],"wp:featuredmedia":[{"embeddable":true,"href":"https:\/\/stansgar.katolsk.no\/index.php?rest_route=\/wp\/v2\/media\/1557"}],"wp:attachment":[{"href":"https:\/\/stansgar.katolsk.no\/index.php?rest_route=%2Fwp%2Fv2%2Fmedia&parent=77"}],"wp:term":[{"taxonomy":"category","embeddable":true,"href":"https:\/\/stansgar.katolsk.no\/index.php?rest_route=%2Fwp%2Fv2%2Fcategories&post=77"},{"taxonomy":"post_tag","embeddable":true,"href":"https:\/\/stansgar.katolsk.no\/index.php?rest_route=%2Fwp%2Fv2%2Ftags&post=77"}],"curies":[{"name":"wp","href":"https:\/\/api.w.org\/{rel}","templated":true}]}}