{"id":7577,"date":"2020-06-21T10:00:49","date_gmt":"2020-06-21T08:00:49","guid":{"rendered":"https:\/\/stansgar.katolsk.no\/?p=7577"},"modified":"2020-06-19T14:30:47","modified_gmt":"2020-06-19T12:30:47","slug":"kunngjoringer-sondag-21-juni-2020","status":"publish","type":"post","link":"https:\/\/stansgar.katolsk.no\/?p=7577","title":{"rendered":"KUNNGJ\u00d8RINGER S\u00d8NDAG 21. JUNI 2020"},"content":{"rendered":"<table width=\"662\">\n<tbody>\n<tr>\n<td colspan=\"2\" width=\"99\">Tirsdag<\/td>\n<td width=\"71\">23.06<\/td>\n<td width=\"63\">kl.<\/td>\n<td width=\"70\">18.00<\/td>\n<td width=\"359\">Messe &#8211; etterfulgt av Sakramentstilbedelse<\/td>\n<\/tr>\n<tr>\n<td colspan=\"2\" width=\"99\">Onsdag<\/td>\n<td width=\"71\">24.06<\/td>\n<td width=\"63\">kl.<\/td>\n<td width=\"70\">18.00<\/td>\n<td width=\"359\">H\u00f8ytid: Johannes D\u00f8perens f\u00f8dsel<\/td>\n<\/tr>\n<tr>\n<td colspan=\"2\" width=\"99\">Torsdag<\/td>\n<td width=\"71\">25.06<\/td>\n<td width=\"63\">kl.<\/td>\n<td width=\"70\">18.00<\/td>\n<td width=\"359\">Messe<\/td>\n<\/tr>\n<tr>\n<td colspan=\"2\" width=\"99\">Fredag<\/td>\n<td width=\"71\">26.06<\/td>\n<td width=\"63\">kl.<\/td>\n<td width=\"70\">18.00<\/td>\n<td width=\"359\">Messe<\/td>\n<\/tr>\n<tr>\n<td colspan=\"2\" width=\"99\">L\u00f8rdag<\/td>\n<td width=\"71\">27.06<\/td>\n<td width=\"63\">kl.<\/p>\n<p>&nbsp;<\/p>\n<p>kl.<\/p>\n<p>&nbsp;<\/p>\n<p>kl.<\/p>\n<p>kl.<\/p>\n<p>kl.<\/td>\n<td width=\"70\">11.00<\/p>\n<p>&nbsp;<\/p>\n<p>13.00<\/p>\n<p>&nbsp;<\/p>\n<p>15.00<\/p>\n<p>15:00<\/p>\n<p>18.00<\/td>\n<td width=\"359\">Messe for 1. hellige kommunion<\/p>\n<p>(gruppe 1)<\/p>\n<p>Messe for 1. hellige kommunion<\/p>\n<p>(gruppe 2)<\/p>\n<p>Messe i Lyngdal<\/p>\n<p>Messe p\u00e5 tagalog<\/p>\n<p>Messe p\u00e5 polsk<\/td>\n<\/tr>\n<tr>\n<td colspan=\"6\" width=\"662\">S\u00f8ndag\u00a0\u00a0\u00a0\u00a0\u00a0\u00a0\u00a0\u00a0\u00a0\u00a0 28.06\u00a0\u00a0\u00a0\u00a0\u00a0\u00a0\u00a0\u00a0 \u00a0\u00a013. S\u00d8NDAG I DET ALMINNELIGE KIRKE\u00c5R<\/td>\n<\/tr>\n<tr>\n<td colspan=\"3\" width=\"170\">&nbsp;<\/td>\n<td width=\"63\">kl.<\/p>\n<p>kl.<\/p>\n<p>kl.<\/p>\n<p>kl.<\/td>\n<td width=\"70\">09.00<\/p>\n<p>11.00<\/p>\n<p>13.00<\/p>\n<p>14.30<\/td>\n<td width=\"359\">Messe p\u00e5 polsk (ogs\u00e5 direktesendt)<\/p>\n<p>Messe p\u00e5 norsk (ogs\u00e5 direktesendt)<\/p>\n<p>Messe p\u00e5 vietnamesisk (ogs\u00e5 direktesendt)<\/p>\n<p>Messe p\u00e5 vietnamesisk<\/td>\n<\/tr>\n<tr>\n<td width=\"97\">Mandag<\/td>\n<td colspan=\"2\" width=\"73\">29.06<\/td>\n<td width=\"63\">kl.<\/td>\n<td width=\"70\">18.00<\/td>\n<td width=\"359\">H\u00f8ytid: De hellige apostler Peter og Paulus<\/td>\n<\/tr>\n<\/tbody>\n<\/table>\n<p><strong>Annet<\/strong><\/p>\n<p><strong>F\u00f8rste kommunion p\u00e5 l\u00f8rdag 27.6<\/strong><\/p>\n<p>P\u00e5 l\u00f8rdag 27.6 er alle messene kl. 11.00 og kl. 13.00 reserverte for barna og familien.<\/p>\n<p>Forberedelser for de to gruppene til l\u00f8rdag 27. juni:<\/p>\n<p>&#8211;<strong> torsdag 25. juni:<\/strong><\/p>\n<p>&#8211; kl. 16.30 &#8211; 19.00: skriftem\u00e5l og \u00f8velse<\/p>\n<p>&#8211;<strong> l\u00f8rdag 27. juni:<\/strong><\/p>\n<p>&#8211; gruppe 1: oppm\u00f8te kl. 10.45<\/p>\n<p>&#8211; gruppe 2: oppm\u00f8te kl. 12.45<\/p>\n<p>Vi ber for barna som skal motta F\u00f8rste hellige kommunion og familien deres.<\/p>\n<p><strong>Forsamlinger p\u00e5 inntil 200 personer<\/strong><\/p>\n<p>Fra 15. juni er det tillatt \u00e5 ha forsamlinger p\u00e5 inntil 200 personer. Siden kirkerommet v\u00e5rt i St. Ansgar kirke ikke er stort nok, m\u00e5 vi begrense antallet til 100 deltagere per messe. Vi fortsetter \u00e5 holde smittevernreglene: vaske benker, bruke antibac, holde avstand en meter i kirkerommet og i bakg\u00e5rden. Det er viktig \u00e5 melde seg p\u00e5 til messer for \u00e5 kunne ha kontroll med en eventuell smittespredning.<\/p>\n<p style=\"text-align: center;\"><strong>\u00d8nsker dere en riktig god s\u00f8ndag! <\/strong><\/p>\n","protected":false},"excerpt":{"rendered":"<p>Tirsdag 23.06 kl. 18.00 Messe &#8211; etterfulgt av Sakramentstilbedelse Onsdag 24.06 kl. 18.00 H\u00f8ytid: Johannes D\u00f8perens f\u00f8dsel Torsdag 25.06 kl. 18.00 Messe Fredag 26.06 kl. 18.00 Messe L\u00f8rdag 27.06 kl. &nbsp; kl. &nbsp; kl. kl. kl. 11.00 &nbsp; 13.00 &nbsp;&#8230;<br \/><a class=\"read-more-button\" href=\"https:\/\/stansgar.katolsk.no\/?p=7577\">Read more<\/a><\/p>\n","protected":false},"author":1,"featured_media":0,"comment_status":"open","ping_status":"open","sticky":false,"template":"","format":"standard","meta":{"footnotes":""},"categories":[482],"tags":[3],"class_list":["post-7577","post","type-post","status-publish","format-standard","hentry","category-kunngjoringer","tag-kunngjoringer"],"_links":{"self":[{"href":"https:\/\/stansgar.katolsk.no\/index.php?rest_route=\/wp\/v2\/posts\/7577","targetHints":{"allow":["GET"]}}],"collection":[{"href":"https:\/\/stansgar.katolsk.no\/index.php?rest_route=\/wp\/v2\/posts"}],"about":[{"href":"https:\/\/stansgar.katolsk.no\/index.php?rest_route=\/wp\/v2\/types\/post"}],"author":[{"embeddable":true,"href":"https:\/\/stansgar.katolsk.no\/index.php?rest_route=\/wp\/v2\/users\/1"}],"replies":[{"embeddable":true,"href":"https:\/\/stansgar.katolsk.no\/index.php?rest_route=%2Fwp%2Fv2%2Fcomments&post=7577"}],"version-history":[{"count":1,"href":"https:\/\/stansgar.katolsk.no\/index.php?rest_route=\/wp\/v2\/posts\/7577\/revisions"}],"predecessor-version":[{"id":7578,"href":"https:\/\/stansgar.katolsk.no\/index.php?rest_route=\/wp\/v2\/posts\/7577\/revisions\/7578"}],"wp:attachment":[{"href":"https:\/\/stansgar.katolsk.no\/index.php?rest_route=%2Fwp%2Fv2%2Fmedia&parent=7577"}],"wp:term":[{"taxonomy":"category","embeddable":true,"href":"https:\/\/stansgar.katolsk.no\/index.php?rest_route=%2Fwp%2Fv2%2Fcategories&post=7577"},{"taxonomy":"post_tag","embeddable":true,"href":"https:\/\/stansgar.katolsk.no\/index.php?rest_route=%2Fwp%2Fv2%2Ftags&post=7577"}],"curies":[{"name":"wp","href":"https:\/\/api.w.org\/{rel}","templated":true}]}}