{"id":7530,"date":"2020-06-11T10:00:56","date_gmt":"2020-06-11T08:00:56","guid":{"rendered":"https:\/\/stansgar.katolsk.no\/?p=7530"},"modified":"2020-06-12T10:25:25","modified_gmt":"2020-06-12T08:25:25","slug":"kunngjoringer-sondag-07-juni-2020","status":"publish","type":"post","link":"https:\/\/stansgar.katolsk.no\/?p=7530","title":{"rendered":"KUNNGJ\u00d8RINGER S\u00d8NDAG 07. JUNI 2020"},"content":{"rendered":"<h5 style=\"text-align: center;\"><strong>KUNNGJ\u00d8RINGER S\u00d8NDAG 07. JUNI 2020<\/strong><\/h5>\n<table width=\"662\">\n<tbody>\n<tr>\n<td width=\"99\">Tirsdag<\/td>\n<td width=\"71\">09.06<\/td>\n<td width=\"63\">kl.<\/td>\n<td width=\"70\">18.00<\/td>\n<td width=\"359\">Messe &#8211; etterfulgt av Sakramentstilbedelse<\/td>\n<\/tr>\n<tr>\n<td width=\"99\">Onsdag<\/td>\n<td width=\"71\">10.06<\/td>\n<td width=\"63\">kl.<\/td>\n<td width=\"70\">18.00<\/td>\n<td width=\"359\">Messe<\/td>\n<\/tr>\n<tr>\n<td width=\"99\">Torsdag<\/td>\n<td width=\"71\">11.06<\/td>\n<td width=\"63\">kl.<\/td>\n<td width=\"70\">18.00<\/td>\n<td width=\"359\">Messe<\/td>\n<\/tr>\n<tr>\n<td width=\"99\">Fredag<\/td>\n<td width=\"71\">12.06<\/td>\n<td width=\"63\">kl.<\/td>\n<td width=\"70\">18.00<\/td>\n<td width=\"359\">Messe<\/td>\n<\/tr>\n<tr>\n<td width=\"99\">L\u00f8rdag<\/td>\n<td width=\"71\">13.06<\/td>\n<td width=\"63\">kl.<\/p>\n<p>&nbsp;<\/p>\n<p>kl.<\/p>\n<p>&nbsp;<\/p>\n<p>kl.<\/p>\n<p>&nbsp;<\/p>\n<p>kl.<\/p>\n<p>&nbsp;<\/p>\n<p>kl.<\/td>\n<td width=\"70\">10.00<\/p>\n<p>&nbsp;<\/p>\n<p>12.00<\/p>\n<p>&nbsp;<\/p>\n<p>14.00<\/p>\n<p>&nbsp;<\/p>\n<p>16.00<\/p>\n<p>&nbsp;<\/p>\n<p>18.00<\/td>\n<td width=\"359\">Messe for katekese:<\/p>\n<p>3A og 3B<\/p>\n<p>Messe for katekese:<\/p>\n<p>4A, 4B, 5A og 5B<\/p>\n<p>Messe for katekese:<\/p>\n<p>6. kl. + 7. kl. + 8A<\/p>\n<p>Messe for katekese:<\/p>\n<p>8B + 9. kl.<\/p>\n<p>Messe p\u00e5 polsk<\/td>\n<\/tr>\n<tr>\n<td colspan=\"5\" width=\"662\">S\u00f8ndag\u00a0\u00a0\u00a0\u00a0\u00a0\u00a0\u00a0\u00a0\u00a0\u00a0 14.06\u00a0\u00a0\u00a0\u00a0\u00a0\u00a0\u00a0\u00a0 \u00a0\u00a0FESTEN FOR KRISTI LEGEME OG BLOD<\/td>\n<\/tr>\n<tr>\n<td colspan=\"2\" width=\"170\"><\/td>\n<td width=\"63\">kl.<\/p>\n<p>&nbsp;<\/p>\n<p>kl.<\/p>\n<p>&nbsp;<\/p>\n<p>kl.<\/p>\n<p>&nbsp;<\/p>\n<p>kl.<\/td>\n<td width=\"70\">09.00<\/p>\n<p>&nbsp;<\/p>\n<p>11.00<\/p>\n<p>&nbsp;<\/p>\n<p>13.00<\/p>\n<p>&nbsp;<\/p>\n<p>14.30<\/td>\n<td width=\"359\">Messe p\u00e5 polsk<\/p>\n<p>(ogs\u00e5 direktesendt)<\/p>\n<p>Messe p\u00e5 norsk<\/p>\n<p>(ogs\u00e5 direktesendt)<\/p>\n<p>Messe p\u00e5 vietnamesisk<\/p>\n<p>(ogs\u00e5 direktesendt)<\/p>\n<p>Messe p\u00e5 vietnamesisk<\/td>\n<\/tr>\n<\/tbody>\n<\/table>\n<p>&nbsp;<\/p>\n<p><strong>Annet<\/strong><\/p>\n<p><strong>Viktige kunngj\u00f8ringer om katekesen:<\/strong><\/p>\n<ul>\n<li>L\u00f8rdag 13. juni har vi fire katekesemesse for katekesebarna og ungdommene. Det er en god anledning for katekesebarna og ungdommene \u00e5 komme til kirken igjen etter lang tids opphold p\u00e5 grunn av restriksjoner i forbindelse med koronasviruset.<\/li>\n<\/ul>\n<p>Denne dagen er alle messene reserverte for katekesebarna og ungdommene. Messene er kl. 10.00, kl. 12.00, kl. 14.00 og kl. 16.00.<\/p>\n<p>Mer informasjon om registrering til messene og hvilke klasser som skal komme til de ulike klokkeslettene, sender kateketene foreldre p\u00e5 SMS eller mail innen kort tid.<\/p>\n<p><strong>Kunngj\u00f8ringen om konfirmasjonen 2020<\/strong>:<\/p>\n<p>Biskopen har gitt sogneprestene fullmakt til \u00e5 konfirmere i eget sogn i 2020. Konfirmasjonsdatoen 5. september opprettholdes. Mgr. Torbj\u00f8rn Olsen skal meddele konfirmasjonens sakrament til v\u00e5re 30 konfirmanter i \u00e5r. Mer informasjon kunngj\u00f8res etter hvert.<\/p>\n<p><strong>Barneleir<\/strong><\/p>\n<p>Vi minner om barneleir for barn mellom 8 til 11 \u00e5r p\u00e5 Stella Maris fra 21. juni til 26 juni. Kontakt leirsjef Daniel Khai p\u00e5 98430446 for mer informasjon.<\/p>\n<p><strong>Velsignelse av ikoner:<\/strong><\/p>\n<p>&nbsp;<\/p>\n<p>Et stort ikon av Kristus Pantokrator, og to sm\u00e5 ikoner av Maria Magdalena som m\u00f8ter Jesus p\u00e5 p\u00e5skemorgen og ikonet av Pinsen skal velsignes p\u00e5 s\u00f8ndag 14. juni. Ikonene skal henge bak i kirken i en nisje. De er en gave fra Jeannine Teresa Lyngsv\u00e5g til menigheten v\u00e5r St. Ansgar.<\/p>\n<p>&nbsp;<\/p>\n<p style=\"text-align: center;\"><strong>\u00d8nsker dere en riktig god s\u00f8ndag! <\/strong><\/p>\n","protected":false},"excerpt":{"rendered":"<p>KUNNGJ\u00d8RINGER S\u00d8NDAG 07. JUNI 2020 Tirsdag 09.06 kl. 18.00 Messe &#8211; etterfulgt av Sakramentstilbedelse Onsdag 10.06 kl. 18.00 Messe Torsdag 11.06 kl. 18.00 Messe Fredag 12.06 kl. 18.00 Messe L\u00f8rdag 13.06 kl. &nbsp; kl. &nbsp; kl. &nbsp; kl. &nbsp; kl&#8230;.<br \/><a class=\"read-more-button\" href=\"https:\/\/stansgar.katolsk.no\/?p=7530\">Read more<\/a><\/p>\n","protected":false},"author":1,"featured_media":0,"comment_status":"open","ping_status":"open","sticky":false,"template":"","format":"standard","meta":{"footnotes":""},"categories":[482],"tags":[3],"class_list":["post-7530","post","type-post","status-publish","format-standard","hentry","category-kunngjoringer","tag-kunngjoringer"],"_links":{"self":[{"href":"https:\/\/stansgar.katolsk.no\/index.php?rest_route=\/wp\/v2\/posts\/7530","targetHints":{"allow":["GET"]}}],"collection":[{"href":"https:\/\/stansgar.katolsk.no\/index.php?rest_route=\/wp\/v2\/posts"}],"about":[{"href":"https:\/\/stansgar.katolsk.no\/index.php?rest_route=\/wp\/v2\/types\/post"}],"author":[{"embeddable":true,"href":"https:\/\/stansgar.katolsk.no\/index.php?rest_route=\/wp\/v2\/users\/1"}],"replies":[{"embeddable":true,"href":"https:\/\/stansgar.katolsk.no\/index.php?rest_route=%2Fwp%2Fv2%2Fcomments&post=7530"}],"version-history":[{"count":8,"href":"https:\/\/stansgar.katolsk.no\/index.php?rest_route=\/wp\/v2\/posts\/7530\/revisions"}],"predecessor-version":[{"id":7553,"href":"https:\/\/stansgar.katolsk.no\/index.php?rest_route=\/wp\/v2\/posts\/7530\/revisions\/7553"}],"wp:attachment":[{"href":"https:\/\/stansgar.katolsk.no\/index.php?rest_route=%2Fwp%2Fv2%2Fmedia&parent=7530"}],"wp:term":[{"taxonomy":"category","embeddable":true,"href":"https:\/\/stansgar.katolsk.no\/index.php?rest_route=%2Fwp%2Fv2%2Fcategories&post=7530"},{"taxonomy":"post_tag","embeddable":true,"href":"https:\/\/stansgar.katolsk.no\/index.php?rest_route=%2Fwp%2Fv2%2Ftags&post=7530"}],"curies":[{"name":"wp","href":"https:\/\/api.w.org\/{rel}","templated":true}]}}