{"id":753,"date":"2014-03-02T18:07:00","date_gmt":"2014-03-02T17:07:00","guid":{"rendered":"http:\/\/stansgar.katolsk.no\/index.php\/2014\/03\/02\/messe-og-maltid\/"},"modified":"2018-10-12T09:12:48","modified_gmt":"2018-10-12T07:12:48","slug":"messe-og-maltid","status":"publish","type":"post","link":"https:\/\/stansgar.katolsk.no\/?p=753","title":{"rendered":"Messe og m\u00e5ltid!"},"content":{"rendered":"<div class=\"separator\" style=\"clear: both; text-align: center;\">\n<\/div>\n<div class=\"separator\" style=\"clear: both; text-align: center;\">\n<a href=\"http:\/\/www.sparkles-and-crumbs.com\/wp-content\/uploads\/2013\/03\/simple-meal-sharing-friends.jpg\" imageanchor=\"1\" style=\"margin-left: 1em; margin-right: 1em;\"><img loading=\"lazy\" decoding=\"async\" border=\"0\" src=\"http:\/\/www.sparkles-and-crumbs.com\/wp-content\/uploads\/2013\/03\/simple-meal-sharing-friends.jpg\" height=\"255\" width=\"400\" \/><\/a><\/div>\n<div class=\"separator\" style=\"clear: both; text-align: center;\">\n<\/div>\n<div class=\"separator\" style=\"clear: both; text-align: center;\">\n<\/div>\n<div class=\"separator\" style=\"clear: both; text-align: center;\">\n<\/div>\n<div class=\"separator\" style=\"clear: both; text-align: center;\">\nFra og med torsdag 6.3. innf\u00f8res en ekstra messe i St.Ansgar, kl. 11 om formiddagen. Etter messen blir det felles m\u00e5ltid og sosialt samv\u00e6r. Dette starter opp som et samarbeid mellom Caritas St.Ansgar og vietnaesisk gruppe. Det er tenkt som et tilbud til alle som har tid til over p\u00e5 formiddagen, og som gjerne vil komme sammen med andre, unge og eldre, for en hyggelig prat i godt milj\u00f8.&nbsp;<\/div>\n<div class=\"separator\" style=\"clear: both; text-align: center;\">\n<\/div>\n<div class=\"separator\" style=\"clear: both; text-align: center;\">\nAlle er hjertelig velkommen!<\/div>\n<div class=\"separator\" style=\"clear: both; text-align: center;\">\n<\/div>\n<div class=\"separator\" style=\"clear: both; text-align: center;\">\n<a href=\"http:\/\/i.imgur.com\/y4kU1.jpg\" imageanchor=\"1\" style=\"margin-left: 1em; margin-right: 1em;\"><img loading=\"lazy\" decoding=\"async\" border=\"0\" src=\"http:\/\/i.imgur.com\/y4kU1.jpg\" height=\"248\" width=\"320\" \/><\/a><\/div>\n<div class=\"separator\" style=\"clear: both; text-align: center;\">\n<\/div>\n<p><\/p>\n","protected":false},"excerpt":{"rendered":"<p>Fra og med torsdag 6.3. innf\u00f8res en ekstra messe i St.Ansgar, kl. 11 om formiddagen. Etter messen blir det felles m\u00e5ltid og sosialt samv\u00e6r. Dette starter opp som et samarbeid mellom Caritas St.Ansgar og vietnaesisk gruppe. Det er tenkt som&#8230;<br \/><a class=\"read-more-button\" href=\"https:\/\/stansgar.katolsk.no\/?p=753\">Read more<\/a><\/p>\n","protected":false},"author":3,"featured_media":2732,"comment_status":"open","ping_status":"open","sticky":false,"template":"","format":"standard","meta":{"footnotes":""},"categories":[1],"tags":[71,126,52],"class_list":["post-753","post","type-post","status-publish","format-standard","has-post-thumbnail","hentry","category-ukategorisert","tag-caritas","tag-maltid","tag-messe"],"_links":{"self":[{"href":"https:\/\/stansgar.katolsk.no\/index.php?rest_route=\/wp\/v2\/posts\/753","targetHints":{"allow":["GET"]}}],"collection":[{"href":"https:\/\/stansgar.katolsk.no\/index.php?rest_route=\/wp\/v2\/posts"}],"about":[{"href":"https:\/\/stansgar.katolsk.no\/index.php?rest_route=\/wp\/v2\/types\/post"}],"author":[{"embeddable":true,"href":"https:\/\/stansgar.katolsk.no\/index.php?rest_route=\/wp\/v2\/users\/3"}],"replies":[{"embeddable":true,"href":"https:\/\/stansgar.katolsk.no\/index.php?rest_route=%2Fwp%2Fv2%2Fcomments&post=753"}],"version-history":[{"count":1,"href":"https:\/\/stansgar.katolsk.no\/index.php?rest_route=\/wp\/v2\/posts\/753\/revisions"}],"predecessor-version":[{"id":2731,"href":"https:\/\/stansgar.katolsk.no\/index.php?rest_route=\/wp\/v2\/posts\/753\/revisions\/2731"}],"wp:featuredmedia":[{"embeddable":true,"href":"https:\/\/stansgar.katolsk.no\/index.php?rest_route=\/wp\/v2\/media\/2732"}],"wp:attachment":[{"href":"https:\/\/stansgar.katolsk.no\/index.php?rest_route=%2Fwp%2Fv2%2Fmedia&parent=753"}],"wp:term":[{"taxonomy":"category","embeddable":true,"href":"https:\/\/stansgar.katolsk.no\/index.php?rest_route=%2Fwp%2Fv2%2Fcategories&post=753"},{"taxonomy":"post_tag","embeddable":true,"href":"https:\/\/stansgar.katolsk.no\/index.php?rest_route=%2Fwp%2Fv2%2Ftags&post=753"}],"curies":[{"name":"wp","href":"https:\/\/api.w.org\/{rel}","templated":true}]}}