{"id":75,"date":"2018-08-18T18:43:00","date_gmt":"2018-08-18T16:43:00","guid":{"rendered":"http:\/\/stansgar.katolsk.no\/index.php\/2018\/08\/18\/kunngjringer-sndag-198\/"},"modified":"2018-10-12T09:12:15","modified_gmt":"2018-10-12T07:12:15","slug":"kunngjringer-sndag-198","status":"publish","type":"post","link":"https:\/\/stansgar.katolsk.no\/?p=75","title":{"rendered":"KUNNGJ\u00d8RINGER S\u00d8NDAG 19.8"},"content":{"rendered":"<p><\/p>\n<div class=\"MsoNormal\" style=\"line-height: 115%; margin-bottom: 6.0pt; margin-left: 70.8pt; margin-right: 0cm; margin-top: 0cm; text-indent: 35.4pt;\">\n<\/div>\n<div class=\"MsoNormal\" style=\"line-height: 115%; margin-bottom: 6.0pt; margin-left: 106.5pt; margin-right: 0cm; margin-top: 0cm; text-indent: -106.5pt;\">\n<\/div>\n<div class=\"MsoNormal\" style=\"line-height: 115%; margin-bottom: 6.0pt; margin-left: 106.5pt; margin-right: 0cm; margin-top: 0cm; text-indent: -106.5pt;\">\nTirsdag<br \/>\n21\/08&nbsp;&nbsp;&nbsp;&nbsp;&nbsp;&nbsp;&nbsp;&nbsp;&nbsp;&nbsp;&nbsp;&nbsp;&nbsp; kl. 18.00&nbsp;&nbsp;&nbsp;&nbsp;&nbsp;&nbsp;&nbsp;&nbsp; Messe \u2013 etterfulgt av sakramentstilbedelse<\/div>\n<div class=\"MsoNormal\" style=\"line-height: 115%; margin-bottom: 6.0pt; margin-left: 106.5pt; margin-right: 0cm; margin-top: 0cm; text-indent: -106.5pt;\">\n<\/div>\n<div class=\"MsoNormal\" style=\"line-height: 115%; margin-bottom: 6.0pt; margin-left: 106.5pt; margin-right: 0cm; margin-top: 0cm; text-indent: -106.5pt;\">\n<b>Fra<br \/>\nonsdag til og med fredag er det messe klokken 18.00.<\/b><\/div>\n<div class=\"MsoNormal\" style=\"line-height: 115%; margin-bottom: 6.0pt; margin-left: 106.5pt; margin-right: 0cm; margin-top: 0cm; text-indent: -106.5pt;\">\n<\/div>\n<div class=\"MsoNormal\" style=\"line-height: 115%; margin-bottom: 6.0pt; margin-left: 106.2pt; margin-right: 0cm; margin-top: 0cm; text-indent: -106.2pt;\">\nL\u00f8rdag 25\/08&nbsp;&nbsp;&nbsp;&nbsp;&nbsp;&nbsp;&nbsp;&nbsp;&nbsp;&nbsp;&nbsp;&nbsp;&nbsp; kl. 13.00 &nbsp;&nbsp;&nbsp;&nbsp;&nbsp;&nbsp;&nbsp; Messe<\/div>\n<div class=\"MsoNormal\" style=\"line-height: 115%; margin-bottom: 6.0pt; margin-left: 106.2pt; margin-right: 0cm; margin-top: 0cm; text-indent: -106.2pt;\">\n&nbsp;&nbsp;&nbsp;&nbsp;&nbsp;&nbsp;&nbsp;&nbsp;&nbsp;&nbsp;&nbsp;&nbsp;&nbsp;&nbsp;&nbsp;&nbsp;&nbsp;&nbsp;&nbsp;&nbsp;&nbsp;&nbsp;&nbsp;&nbsp;&nbsp;&nbsp;&nbsp;&nbsp;&nbsp;&nbsp;&nbsp;&nbsp;&nbsp;&nbsp; Kl. 14.00 &nbsp;&nbsp;&nbsp;&nbsp;&nbsp;&nbsp; Messe p\u00e5 tagalog<\/div>\n<div class=\"MsoNormal\" style=\"line-height: 115%; margin-bottom: 6.0pt;\">\n<b>S\u00f8ndag<br \/>\n26\/08&nbsp; &nbsp;&nbsp;&nbsp;&nbsp;&nbsp;&nbsp;&nbsp;&nbsp;&nbsp;&nbsp;&nbsp; 21.<br \/>\nS\u00d8NDAG I DET ALMINNELIGE KIRKE\u00c5R &#8211; &nbsp;Joh<br \/>\n6,60-69<\/b><\/div>\n<div class=\"MsoNormal\" style=\"line-height: 115%; margin-bottom: 6.0pt; margin-left: 70.8pt; margin-right: 0cm; margin-top: 0cm; text-indent: 35.4pt;\">\nkl. 09.00&nbsp;&nbsp;&nbsp;&nbsp;&nbsp;&nbsp;&nbsp;&nbsp; Messe p\u00e5 polsk<\/div>\n<div class=\"MsoNormal\" style=\"line-height: 115%; margin-bottom: 6.0pt;\">\n&nbsp;&nbsp;&nbsp;&nbsp;&nbsp;&nbsp;&nbsp;&nbsp;&nbsp;&nbsp;&nbsp;&nbsp;&nbsp;&nbsp;&nbsp;&nbsp;&nbsp;&nbsp;&nbsp;&nbsp;&nbsp;&nbsp;&nbsp;&nbsp;&nbsp;&nbsp;&nbsp;&nbsp;&nbsp;&nbsp;&nbsp;&nbsp;&nbsp;&nbsp; kl. 11.00&nbsp;&nbsp;&nbsp;&nbsp;&nbsp;&nbsp;&nbsp;&nbsp; Messe p\u00e5 norsk<\/div>\n<div class=\"MsoNormal\" style=\"line-height: 115%; margin-bottom: 6.0pt;\">\n&nbsp;&nbsp;&nbsp;&nbsp;&nbsp;&nbsp;&nbsp;&nbsp;&nbsp;&nbsp;&nbsp;&nbsp;&nbsp;&nbsp;&nbsp;&nbsp;&nbsp;&nbsp;&nbsp;&nbsp;&nbsp;&nbsp;&nbsp;&nbsp;&nbsp;&nbsp;&nbsp;&nbsp;&nbsp;&nbsp;&nbsp;&nbsp;&nbsp;&nbsp; kl. 13.00 &nbsp;&nbsp;&nbsp;&nbsp;&nbsp;&nbsp;&nbsp; Messe p\u00e5 vietnamesisk<\/div>\n<div class=\"MsoNormal\" style=\"line-height: 115%; margin-bottom: 6.0pt;\">\n<\/div>\n<div class=\"MsoNormal\" style=\"line-height: 115%; margin-bottom: 6.0pt;\">\n<b style=\"mso-bidi-font-weight: normal;\">Annet:<\/b><\/div>\n<div class=\"MsoNormal\" style=\"line-height: 115%; margin-bottom: 6.0pt;\">\nL\u00f8rdag<br \/>\n25\/08&nbsp;&nbsp;&nbsp;&nbsp;&nbsp;&nbsp;&nbsp;&nbsp;&nbsp;&nbsp;&nbsp;&nbsp;&nbsp; kl. 15.00&nbsp;&nbsp;&nbsp;&nbsp;&nbsp;&nbsp;&nbsp;&nbsp; Kirkekaffe i Kiga etter tagalogmessen<\/div>\n<div class=\"MsoNormal\" style=\"line-height: 115%; margin-bottom: 6.0pt;\">\nS\u00f8ndag<br \/>\n26\/08&nbsp;&nbsp;&nbsp;&nbsp;&nbsp;&nbsp;&nbsp;&nbsp;&nbsp;&nbsp;&nbsp;&nbsp;&nbsp; kl. 18.00&nbsp;&nbsp;&nbsp;&nbsp;&nbsp;&nbsp;&nbsp;&nbsp; SAUL\/Unge voksne har samling i Kiga<\/div>\n<div class=\"MsoNormal\" style=\"line-height: 115%; margin-bottom: 6.0pt;\">\n<\/div>\n<div class=\"MsoNormal\" style=\"line-height: normal; mso-margin-bottom-alt: auto; mso-margin-top-alt: auto;\">\n&#8211; Vi<br \/>\nminner konfirmanter, deres foreldre og faddere om \u00e5 komme til forberedelse til<br \/>\nkonfirmasjonsdagen torsdag 23. august. <\/div>\n<div class=\"MsoNormal\" style=\"line-height: normal; mso-margin-bottom-alt: auto; mso-margin-top-alt: auto;\">\nDet er<br \/>\nblitt sendt ut brev om dette, og brevet ligger ogs\u00e5 ute p\u00e5 bloggen. &nbsp;<\/div>\n<div class=\"MsoNormal\" style=\"line-height: normal; mso-margin-bottom-alt: auto; mso-margin-top-alt: auto;\">\n<\/div>\n<div class=\"MsoNormal\" style=\"line-height: normal; mso-margin-bottom-alt: auto; mso-margin-top-alt: auto;\">\nDet<br \/>\ninviteres til RETRETT p\u00e5 Stella Maris fredag 12. oktober til s\u00f8ndag 14.<br \/>\noktober. V\u00e5r tidligere sogneprest Heinz-Josef Catrein leder retretten som har<br \/>\nf\u00e5tt temaet \u00ab\u00c5 v\u00e6re pilgrim\u00bb. Det starter fredag ettermiddag. En liten<br \/>\negenandel m\u00e5 p\u00e5regnes til dekning av utgifter. Interesserte kan melde seg p\u00e5<br \/>\nliste som er hengt p\u00e5 oppslagstavlen ute i gangen og ogs\u00e5 i KIGA.<\/div>\n<div class=\"MsoNormal\" style=\"line-height: normal; mso-margin-bottom-alt: auto; mso-margin-top-alt: auto;\">\n<\/div>\n<div class=\"MsoNormal\" style=\"line-height: normal; mso-margin-bottom-alt: auto; mso-margin-top-alt: auto;\">\n<\/div>\n<div class=\"MsoNormal\" style=\"line-height: 115%; margin-bottom: 6.0pt;\">\n<\/div>\n<div class=\"m8674392872933367555ingenmellomrom1\" style=\"line-height: 115%; margin-bottom: 6.0pt; margin-left: 35.4pt; margin-right: 0cm; margin-top: 5.0pt; text-indent: 35.4pt;\">\n<b>Alle er<br \/>\nhjertelig velkommen til kirkekaffe!<\/b><\/div>\n<div class=\"m8674392872933367555ingenmellomrom1\" style=\"line-height: 115%; margin-bottom: 6.0pt; margin-left: 35.4pt; margin-right: 0cm; margin-top: 5.0pt; text-indent: 35.4pt;\">\n<b>&nbsp;&nbsp;&nbsp;&nbsp;<br \/>\n\u00d8nsker dere en riktig god s\u00f8ndag!<\/b><\/div>\n<div class=\"Ingenmellomrom1\" style=\"line-height: 115%; margin-bottom: 6.0pt; margin-left: 35.4pt; margin-right: 0cm; margin-top: 0cm; text-indent: 35.4pt;\">\n<\/div>\n<p><\/p>\n","protected":false},"excerpt":{"rendered":"<p>Tirsdag 21\/08&nbsp;&nbsp;&nbsp;&nbsp;&nbsp;&nbsp;&nbsp;&nbsp;&nbsp;&nbsp;&nbsp;&nbsp;&nbsp; kl. 18.00&nbsp;&nbsp;&nbsp;&nbsp;&nbsp;&nbsp;&nbsp;&nbsp; Messe \u2013 etterfulgt av sakramentstilbedelse Fra onsdag til og med fredag er det messe klokken 18.00. L\u00f8rdag 25\/08&nbsp;&nbsp;&nbsp;&nbsp;&nbsp;&nbsp;&nbsp;&nbsp;&nbsp;&nbsp;&nbsp;&nbsp;&nbsp; kl. 13.00 &nbsp;&nbsp;&nbsp;&nbsp;&nbsp;&nbsp;&nbsp; Messe &nbsp;&nbsp;&nbsp;&nbsp;&nbsp;&nbsp;&nbsp;&nbsp;&nbsp;&nbsp;&nbsp;&nbsp;&nbsp;&nbsp;&nbsp;&nbsp;&nbsp;&nbsp;&nbsp;&nbsp;&nbsp;&nbsp;&nbsp;&nbsp;&nbsp;&nbsp;&nbsp;&nbsp;&nbsp;&nbsp;&nbsp;&nbsp;&nbsp;&nbsp; Kl. 14.00 &nbsp;&nbsp;&nbsp;&nbsp;&nbsp;&nbsp; Messe p\u00e5 tagalog S\u00f8ndag 26\/08&nbsp; &nbsp;&nbsp;&nbsp;&nbsp;&nbsp;&nbsp;&nbsp;&nbsp;&nbsp;&nbsp;&nbsp; 21. S\u00d8NDAG I DET&#8230;<br \/><a class=\"read-more-button\" href=\"https:\/\/stansgar.katolsk.no\/?p=75\">Read more<\/a><\/p>\n","protected":false},"author":3,"featured_media":0,"comment_status":"open","ping_status":"open","sticky":false,"template":"","format":"standard","meta":{"footnotes":""},"categories":[1],"tags":[3],"class_list":["post-75","post","type-post","status-publish","format-standard","hentry","category-ukategorisert","tag-kunngjoringer"],"_links":{"self":[{"href":"https:\/\/stansgar.katolsk.no\/index.php?rest_route=\/wp\/v2\/posts\/75","targetHints":{"allow":["GET"]}}],"collection":[{"href":"https:\/\/stansgar.katolsk.no\/index.php?rest_route=\/wp\/v2\/posts"}],"about":[{"href":"https:\/\/stansgar.katolsk.no\/index.php?rest_route=\/wp\/v2\/types\/post"}],"author":[{"embeddable":true,"href":"https:\/\/stansgar.katolsk.no\/index.php?rest_route=\/wp\/v2\/users\/3"}],"replies":[{"embeddable":true,"href":"https:\/\/stansgar.katolsk.no\/index.php?rest_route=%2Fwp%2Fv2%2Fcomments&post=75"}],"version-history":[{"count":1,"href":"https:\/\/stansgar.katolsk.no\/index.php?rest_route=\/wp\/v2\/posts\/75\/revisions"}],"predecessor-version":[{"id":1555,"href":"https:\/\/stansgar.katolsk.no\/index.php?rest_route=\/wp\/v2\/posts\/75\/revisions\/1555"}],"wp:attachment":[{"href":"https:\/\/stansgar.katolsk.no\/index.php?rest_route=%2Fwp%2Fv2%2Fmedia&parent=75"}],"wp:term":[{"taxonomy":"category","embeddable":true,"href":"https:\/\/stansgar.katolsk.no\/index.php?rest_route=%2Fwp%2Fv2%2Fcategories&post=75"},{"taxonomy":"post_tag","embeddable":true,"href":"https:\/\/stansgar.katolsk.no\/index.php?rest_route=%2Fwp%2Fv2%2Ftags&post=75"}],"curies":[{"name":"wp","href":"https:\/\/api.w.org\/{rel}","templated":true}]}}