{"id":7493,"date":"2022-08-07T10:01:04","date_gmt":"2022-08-07T08:01:04","guid":{"rendered":"https:\/\/stansgar.katolsk.no\/?p=7493"},"modified":"2023-02-14T14:24:14","modified_gmt":"2023-02-14T13:24:14","slug":"aktualne-ogloszenia-dla-polakow","status":"publish","type":"post","link":"https:\/\/stansgar.katolsk.no\/?p=7493","title":{"rendered":"Aktualne og\u0142oszenia dla Polak\u00f3w"},"content":{"rendered":"\n<p class=\"has-text-color has-vivid-green-cyan-color\"><strong>Og\u0142oszenia w j. polskim z 12 lutego 2023 r. (6 niedziela zwyk\u0142a, Rok A)<\/strong><\/p>\n\n\n\n<p>1. W dzisiejszej Ewangelii Pan Jezus przypomina nam, \u017ce Bo\u017ce przykazania, mimo \u017ce s\u0105 wymagaj\u0105ce to jednak zawsze maj\u0105 na celu dobro doczesne i wieczne cz\u0142owieka.<\/p>\n\n\n\n<p><strong>2.<\/strong> W przysz\u0142ym tygodniu:<\/p>\n\n\n\n<ul class=\"wp-block-list\"><li>we wtorek \u2013&nbsp;\u015bw. Cyryla i Metodego, patron\u00f3w Europy;<\/li><li>w pi\u0105tek&nbsp;\u2013 kolejne katechezy dla dzieci przygotowuj\u0105cych si\u0119 do I Komunii \u015bwi\u0119tej, rozpoczynaj\u0105ce si\u0119 Msz\u0105 \u015bw. o godz. 18.00, a ko\u0144cz\u0105ce si\u0119 o godz. 20.00; <strong><\/strong><\/li><li>w sobot\u0119&nbsp;\u2013 o godz. 13.00 Msza \u015bw. w j. norweskim. Natomiast o godz.&nbsp;<strong>18.00<\/strong> Msza \u015bwi\u0119ta niedzielna w j. polskim;<strong><\/strong><\/li><li>w niedziel\u0119&nbsp;\u2013 Msza \u015bw. w j. polskim o godz.&nbsp;<strong>9.00<\/strong>, a o godz. 13.30 w Arendal. Przed Msz\u0105 \u015bwi\u0119t\u0105 porann\u0105 o godz. 8.25 odmawiany jest r\u00f3\u017caniec. O godz. 11.00 Msza \u015bw. w j. norweskim, o godz. 13.00 w j. wietnamskim.&nbsp;<\/li><\/ul>\n\n\n\n<p>P\u00f3\u0142 godziny przed Mszami \u015bwi\u0119tymi w j. polskim mo\u017cliwo\u015b\u0107 spowiedzi.<\/p>\n\n\n\n<p><strong><br><\/strong>3. Za nieca\u0142e dwa tygodnie rozpoczyna si\u0119 Wielki Post.<strong> <\/strong>W tym czasie b\u0119dziemy prze\u017cywa\u0107 rekolekcje, kt\u00f3re w naszej pol\u00adskiej wsp\u00f3l\u00adnocie odb\u0119d\u0105 si\u0119 w sobot\u0119 11 marca i w niedziel\u0119 12 marca. Poprowadzi je o. Rafa\u0142 Ochojski MSF \u2013 obecnie proboszcz w Narviku. Szczeg\u00f3\u0142owy plan reko\u00adlekcji jest dost\u0119pny na tablicy og\u0142osze\u0144, a tak\u017ce na ulotkach. Przy tej okazji chcia\u0142em og\u0142osi\u0107, \u017ce 22 lutego w \u015arod\u0119 Popielcow\u0105 b\u0119dzie Msza \u015bwi\u0119ta w j. polskim o godz. 20.00. \u00a0<\/p>\n\n\n\n<p><strong>4.<\/strong> Zwyczajem minionych lat, prosimy do przysz\u0142ej niedzieli, o dostarczanie palm z Niedzieli Palmowej ubieg\u0142ego roku. Z tych palm przygotowywany b\u0119dzie popi\u00f3\u0142, kt\u00f3rym zostan\u0105 posypane nasze g\u0142owy w \u015arod\u0119 Popielcow\u0105. Ten zwyczaj ma g\u0142\u0119boki sens, bo przypomina, \u017ce ci sami ludzie, kt\u00f3rzy rzucali ga\u0142\u0105zki palmowe i wo\u0142ali: \u201eHosanna\u201d, p\u00f3\u017aniej krzyczeli: \u201eUkrzy\u017cuj\u201d. Wierzymy, \u017ce ka\u017cdy z nas uczestnicz\u0105cy w Niedzieli Palmowej i uwielbiaj\u0105cy Jezusa, ma na sumieniu tak\u017ce grzechy, kt\u00f3re przyczyni\u0142y si\u0119 do m\u0119ki i \u015bmierci Jezusa, st\u0105d na znak osobistego nawr\u00f3cenia przyjmujemy popi\u00f3\u0142 na pocz\u0105tku Wielkiego Postu.<\/p>\n\n\n\n<p><strong>5. <\/strong>Planuj\u0105cym sakrament ma\u0142\u017ce\u0144stwa przypominam, \u017cew \u015brod\u0119 1 marca 2023 r. o godz. 19.00 rozpocznie si\u0119 katecheza przedma\u0142\u017ce\u0144ska w j. polskim. Rozpoczniemy j\u0105 w ko\u015bciele od kr\u00f3tkiej wsp\u00f3lnej modlitwy, a nast\u0119pnie przejdziemy do sali w dolnej cz\u0119\u015bci ko\u015bcio\u0142a. Zako\u0144czy si\u0119 ona ok. godz. 21.00. Pozosta\u0142e terminy tych katechez obejmuj\u0105 soboty 18 i 25 marca 2023 r. Rozpoczniemy je Msz\u0105 \u015bwi\u0119t\u0105 o godz. 13.00 i zako\u0144czymy ok. godz. 16.00.Obecno\u015b\u0107 na wszystkich spotkaniach jest obowi\u0105zkowa. Podaj\u0119 terminy wcze\u015bniej, aby za\u0142atwi\u0107 sobie wolne w pracy na ten czas.Zapisy w zakrystii po Mszy \u015bwi\u0119tej.<strong><\/strong><\/p>\n\n\n\n<p><strong>6.<\/strong> Na koniec serdeczne \u201eB\u00f3g zap\u0142a\u0107\u201d pomagaj\u0105cym w czasie Mszy \u015bwi\u0119tych i zaanga\u017cowanym w katechezy. Bardzo dzi\u0119kujemy wszystkim, kt\u00f3rzy wsparli inwestycj\u0119 nowego nag\u0142o\u015bnienia, kt\u00f3re jest ju\u017c zamontowane. Uda\u0142o si\u0119 zebra\u0107 nieca\u0142e 40&nbsp;000 koron, a wi\u0119c prawie po\u0142ow\u0119 koszt\u00f3w. Drug\u0105 cz\u0119\u015b\u0107 koszt\u00f3w pokryje nam diecezja. Dzi\u0119kuj\u0119 tak\u017ce wszystkim, kt\u00f3rzy przygotowali dzisiejsze spotkanie przy kawie, na kt\u00f3re zapraszamy. Przy tej okazji chcia\u0142em poinformowa\u0107, \u017ce ofiary sk\u0142adane przy okazji tych najbli\u017cszych spotka\u0144 przy kawie przeznaczone b\u0119d\u0105 na pokrycie koszt\u00f3w nowej strony internetowej naszej polskiej wsp\u00f3lnoty. Dzi\u0119kuj\u0119 za zrobione i przekazane zdj\u0119cia na t\u0119 stron\u0119. Wszystkim \u017cycz\u0119 b\u0142ogos\u0142awionego tygodnia. &nbsp;&nbsp;<\/p>\n\n\n\n<p>Ks. Piotr G\u0105sior (Tel. +47 925 44&nbsp;572)<\/p>\n","protected":false},"excerpt":{"rendered":"<p>Og\u0142oszenia w j. polskim z 12 lutego 2023 r. (6 niedziela zwyk\u0142a, Rok A) 1. W dzisiejszej Ewangelii Pan Jezus przypomina nam, \u017ce Bo\u017ce przykazania, mimo \u017ce s\u0105 wymagaj\u0105ce to jednak zawsze maj\u0105 na celu dobro doczesne i wieczne cz\u0142owieka&#8230;.<br \/><a class=\"read-more-button\" href=\"https:\/\/stansgar.katolsk.no\/?p=7493\">Read more<\/a><\/p>\n","protected":false},"author":1,"featured_media":0,"comment_status":"open","ping_status":"open","sticky":false,"template":"","format":"standard","meta":{"footnotes":""},"categories":[492],"tags":[509,498,15],"class_list":["post-7493","post","type-post","status-publish","format-standard","hentry","category-polsk-gruppe","tag-ogloszenia","tag-polacy","tag-polsk"],"_links":{"self":[{"href":"https:\/\/stansgar.katolsk.no\/index.php?rest_route=\/wp\/v2\/posts\/7493","targetHints":{"allow":["GET"]}}],"collection":[{"href":"https:\/\/stansgar.katolsk.no\/index.php?rest_route=\/wp\/v2\/posts"}],"about":[{"href":"https:\/\/stansgar.katolsk.no\/index.php?rest_route=\/wp\/v2\/types\/post"}],"author":[{"embeddable":true,"href":"https:\/\/stansgar.katolsk.no\/index.php?rest_route=\/wp\/v2\/users\/1"}],"replies":[{"embeddable":true,"href":"https:\/\/stansgar.katolsk.no\/index.php?rest_route=%2Fwp%2Fv2%2Fcomments&post=7493"}],"version-history":[{"count":126,"href":"https:\/\/stansgar.katolsk.no\/index.php?rest_route=\/wp\/v2\/posts\/7493\/revisions"}],"predecessor-version":[{"id":11610,"href":"https:\/\/stansgar.katolsk.no\/index.php?rest_route=\/wp\/v2\/posts\/7493\/revisions\/11610"}],"wp:attachment":[{"href":"https:\/\/stansgar.katolsk.no\/index.php?rest_route=%2Fwp%2Fv2%2Fmedia&parent=7493"}],"wp:term":[{"taxonomy":"category","embeddable":true,"href":"https:\/\/stansgar.katolsk.no\/index.php?rest_route=%2Fwp%2Fv2%2Fcategories&post=7493"},{"taxonomy":"post_tag","embeddable":true,"href":"https:\/\/stansgar.katolsk.no\/index.php?rest_route=%2Fwp%2Fv2%2Ftags&post=7493"}],"curies":[{"name":"wp","href":"https:\/\/api.w.org\/{rel}","templated":true}]}}