{"id":747,"date":"2014-03-15T19:51:00","date_gmt":"2014-03-15T18:51:00","guid":{"rendered":"http:\/\/stansgar.katolsk.no\/index.php\/2014\/03\/15\/ukens-kunngjringer-5\/"},"modified":"2018-10-12T09:12:48","modified_gmt":"2018-10-12T07:12:48","slug":"ukens-kunngjringer-5","status":"publish","type":"post","link":"https:\/\/stansgar.katolsk.no\/?p=747","title":{"rendered":"Ukens kunngj\u00f8ringer"},"content":{"rendered":"<div class=\"MsoNormal\" style=\"background-color: white; color: #222222;\">\n<\/div>\n<div class=\"MsoNormal\" style=\"background-color: white; color: #222222; font-size: 13px;\">\n<b>Tirsdag til fredag er det messe kl 18<\/b><u><\/u><u><\/u><\/div>\n<div class=\"MsoNormal\" style=\"background-color: white; color: #222222; font-size: 13px;\">\n<b><br \/><\/b><\/div>\n<div class=\"MsoNormal\" style=\"background-color: white; color: #222222; font-size: 13px;\">\n<b>Tirsdag 18. mars<\/b> er f\u00f8lgende program i kirken. Kl. 17.40 vesper, kl. 18.00 messe og kl. 18.30 sakramentstilbedelse.Kl. 19.15 er det svingkurs i ungdomskjelleren.<u><\/u><u><\/u><\/div>\n<div class=\"MsoNormal\" style=\"background-color: white; color: #222222; font-size: 13px;\">\n<\/div>\n<div class=\"MsoNormal\" style=\"background-color: white; color: #222222; font-size: 13px;\">\n<b>Torsdag 20. mars<\/b> er det messe kl. 11 etterfulgt av formiddagstreff med mat.<u><\/u><u><\/u><\/div>\n<div class=\"MsoNormal\" style=\"background-color: white; color: #222222; font-size: 13px;\">\n<\/div>\n<div class=\"MsoNormal\" style=\"background-color: white; color: #222222; font-size: 13px;\">\n<b>Fredag 21. mars<\/b> er det skriftem\u00e5l kl. 17.15 \u2013 17.45, messe kl 18 og korsveiandakt kl. 18.30<u><\/u><u><\/u><\/div>\n<div class=\"MsoNormal\" style=\"background-color: white; color: #222222; font-size: 13px;\">\n<\/div>\n<div class=\"MsoNormal\" style=\"background-color: white; color: #222222; font-size: 13px;\">\n<b>Fredag 21. mars kl. 19.00 inviterer St. Ansgar menighetsr\u00e5d til \u00e5pent m\u00f8te med informasjon om menigheten status etter byggeprosjektet. Det blir presentasjon av menighetens \u00f8konomiske status med regnskap og budsjett. Det blir ogs\u00e5 informasjon om menighetsblad, tur til Trondheim i Olsok 2014 og annet, samt anledning til \u00e5 sp\u00f8rre om det man lurer p\u00e5. Det blir ogs\u00e5 servert mat og vi h\u00e5per det kan bli en b\u00e5de hyggelig og informativ kveld.<\/b><u><\/u><u><\/u><\/div>\n<div class=\"MsoNormal\" style=\"background-color: white; color: #222222; font-size: 13px;\">\n<b><br \/><\/b><\/div>\n<div class=\"MsoNormal\" style=\"background-color: white; color: #222222; font-size: 13px;\">\n<\/div>\n<div class=\"MsoNormal\" style=\"background-color: white; color: #222222; font-size: 13px;\">\n<b>S\u00f8ndag 23. mars <\/b>kl. 14 er det messe p\u00e5 polsk p\u00e5 Stella Maris i Mandal<u><\/u><u><\/u><\/div>\n<div class=\"MsoNormal\" style=\"background-color: white; color: #222222; font-size: 13px;\">\n<\/div>\n<div class=\"MsoNormal\" style=\"background-color: white; color: #222222; font-size: 13px;\">\n<\/div>\n<div class=\"MsoNormal\" style=\"background-color: white; color: #222222; font-size: 13px; line-height: 19px;\">\n<b>Torsdag 27. mars<\/b> kl. 19.00 inviterer Caritas St. Ansgar til v\u00e5rm\u00f8te. Tema denne kvelden er p\u00e5skeskikker i ulike land. Det blir mat og utlodning til inntekt for menigheten. Alle er hjertelig velkommen til en hyggelig samling og Caritas h\u00e5per mange vil komme!<u><\/u><u><\/u><\/div>\n<div class=\"MsoNormal\" style=\"background-color: white; color: #222222; font-size: 13px; line-height: 19px;\">\n<\/div>\n<div class=\"MsoNormal\" style=\"background-color: white; color: #222222; font-size: 13px; line-height: 19px;\">\n<b>Det er fortsatt mulig \u00e5 melde seg p\u00e5 menighetsturen til Trondheim til Olsok (29. juli) 2014. Kontakt Tore Heidenreich.<\/b><\/div>\n","protected":false},"excerpt":{"rendered":"<p>Tirsdag til fredag er det messe kl 18 Tirsdag 18. mars er f\u00f8lgende program i kirken. Kl. 17.40 vesper, kl. 18.00 messe og kl. 18.30 sakramentstilbedelse.Kl. 19.15 er det svingkurs i ungdomskjelleren. Torsdag 20. mars er det messe kl. 11&#8230;<br \/><a class=\"read-more-button\" href=\"https:\/\/stansgar.katolsk.no\/?p=747\">Read more<\/a><\/p>\n","protected":false},"author":3,"featured_media":0,"comment_status":"open","ping_status":"open","sticky":false,"template":"","format":"standard","meta":{"footnotes":""},"categories":[1],"tags":[3],"class_list":["post-747","post","type-post","status-publish","format-standard","hentry","category-ukategorisert","tag-kunngjoringer"],"_links":{"self":[{"href":"https:\/\/stansgar.katolsk.no\/index.php?rest_route=\/wp\/v2\/posts\/747","targetHints":{"allow":["GET"]}}],"collection":[{"href":"https:\/\/stansgar.katolsk.no\/index.php?rest_route=\/wp\/v2\/posts"}],"about":[{"href":"https:\/\/stansgar.katolsk.no\/index.php?rest_route=\/wp\/v2\/types\/post"}],"author":[{"embeddable":true,"href":"https:\/\/stansgar.katolsk.no\/index.php?rest_route=\/wp\/v2\/users\/3"}],"replies":[{"embeddable":true,"href":"https:\/\/stansgar.katolsk.no\/index.php?rest_route=%2Fwp%2Fv2%2Fcomments&post=747"}],"version-history":[{"count":1,"href":"https:\/\/stansgar.katolsk.no\/index.php?rest_route=\/wp\/v2\/posts\/747\/revisions"}],"predecessor-version":[{"id":2722,"href":"https:\/\/stansgar.katolsk.no\/index.php?rest_route=\/wp\/v2\/posts\/747\/revisions\/2722"}],"wp:attachment":[{"href":"https:\/\/stansgar.katolsk.no\/index.php?rest_route=%2Fwp%2Fv2%2Fmedia&parent=747"}],"wp:term":[{"taxonomy":"category","embeddable":true,"href":"https:\/\/stansgar.katolsk.no\/index.php?rest_route=%2Fwp%2Fv2%2Fcategories&post=747"},{"taxonomy":"post_tag","embeddable":true,"href":"https:\/\/stansgar.katolsk.no\/index.php?rest_route=%2Fwp%2Fv2%2Ftags&post=747"}],"curies":[{"name":"wp","href":"https:\/\/api.w.org\/{rel}","templated":true}]}}