{"id":743,"date":"2014-03-23T13:20:00","date_gmt":"2014-03-23T12:20:00","guid":{"rendered":"http:\/\/stansgar.katolsk.no\/index.php\/2014\/03\/23\/kunngjringer-sndag-23mars-2014\/"},"modified":"2018-10-12T09:12:48","modified_gmt":"2018-10-12T07:12:48","slug":"kunngjringer-sndag-23mars-2014","status":"publish","type":"post","link":"https:\/\/stansgar.katolsk.no\/?p=743","title":{"rendered":"Kunngj\u00f8ringer s\u00f8ndag  23.mars  2014"},"content":{"rendered":"<div class=\"MsoNormal\" style=\"background-color: white; color: #222222; font-size: 13px;\">\n<\/div>\n<div class=\"MsoNormal\" style=\"background-color: white; color: #222222; font-size: 13px;\">\n<\/div>\n<div class=\"MsoNormal\" style=\"background-color: white; color: #222222; font-size: 13px;\">\n<b>Mandag 24. mars <\/b>kl. 18 er det messe i den ekstraordin\u00e6re form etter 1962-missalet.<u><\/u><u><\/u><\/div>\n<div class=\"MsoNormal\" style=\"background-color: white; color: #222222; font-size: 13px;\">\n<\/div>\n<div class=\"MsoNormal\" style=\"background-color: white; color: #222222; font-size: 13px;\">\n<b>Tirsdag 25. mars er h\u00f8ytiden for Herrens bebudelse<\/b>. H\u00f8ymesse kl. 18. Denne dagen markeres livets dag i Oslo katolske bisped\u00f8mme, med fokus p\u00e5 respekt for menneskelivet, fra unnfangelsen til en naturlig d\u00f8d.<u><\/u><u><\/u><\/div>\n<div class=\"MsoNormal\" style=\"background-color: white; color: #222222; font-size: 13px; line-height: 19px;\">\n<\/div>\n<div class=\"MsoNormal\" style=\"background-color: white; color: #222222; font-size: 13px; line-height: 19px;\">\n<b>Torsdag 27. mars kl. 19.00<\/b> inviterer Caritas St. Ansgar til v\u00e5rm\u00f8te. Tema denne kvelden er p\u00e5skeskikker i ulike land. Det blir mat og utlodning til inntekt for menigheten. Alle er hjertelig velkommen til en hyggelig samling og Caritas h\u00e5per mange vil komme!<u><\/u><u><\/u><\/div>\n<div class=\"MsoNormal\" style=\"background-color: white; color: #222222; font-size: 13px;\">\n<\/div>\n<div class=\"MsoNormal\" style=\"background-color: white; color: #222222; font-size: 13px;\">\n<b>Fredag 28. mars<\/b> er det skriftem\u00e5l kl. 17.15 \u2013 17.45, messe kl 18 og korsveiandakt kl. 18.30<u><\/u><u><\/u><\/div>\n<div class=\"MsoNormal\" style=\"background-color: white; color: #222222; font-size: 13px;\">\n<\/div>\n<div class=\"MsoNormal\" style=\"background-color: white; color: #222222; font-size: 13px;\">\n<b>L\u00f8rdag 29. mars<\/b> er det messe i Farsund kl. 12 og i Flekkefjord kl 16.<u><\/u><u><\/u><\/div>\n<div class=\"MsoNormal\" style=\"background-color: white; color: #222222; font-size: 13px;\">\n<\/div>\n<div class=\"MsoNormal\" style=\"background-color: white; color: #222222; font-size: 13px;\">\n<b>S\u00f8ndag 30. mars<\/b> kl. 14 er det messe p\u00e5 Stella Maris i Mandal. Dette er en ekstra messe i forbindelse med ungdomslaget Sauls tur til Stella Maris.<u><\/u><u><\/u><\/div>\n<div class=\"MsoNormal\" style=\"background-color: white; color: #222222; font-size: 13px; line-height: 19px;\">\n<\/div>\n<div class=\"MsoNormal\" style=\"background-color: white; color: #222222; font-size: 13px; line-height: 19px;\">\n<b>N\u00e5 er det siste mulighet til \u00e5 melde seg p\u00e5 menighetsturen til Trondheim til Olsok (29. juli) 2014. Kontakt Tore Heidenreich.<\/b><\/div>\n","protected":false},"excerpt":{"rendered":"<p>Mandag 24. mars kl. 18 er det messe i den ekstraordin\u00e6re form etter 1962-missalet. Tirsdag 25. mars er h\u00f8ytiden for Herrens bebudelse. H\u00f8ymesse kl. 18. Denne dagen markeres livets dag i Oslo katolske bisped\u00f8mme, med fokus p\u00e5 respekt for menneskelivet,&#8230;<br \/><a class=\"read-more-button\" href=\"https:\/\/stansgar.katolsk.no\/?p=743\">Read more<\/a><\/p>\n","protected":false},"author":3,"featured_media":0,"comment_status":"open","ping_status":"open","sticky":false,"template":"","format":"standard","meta":{"footnotes":""},"categories":[1],"tags":[3],"class_list":["post-743","post","type-post","status-publish","format-standard","hentry","category-ukategorisert","tag-kunngjoringer"],"_links":{"self":[{"href":"https:\/\/stansgar.katolsk.no\/index.php?rest_route=\/wp\/v2\/posts\/743","targetHints":{"allow":["GET"]}}],"collection":[{"href":"https:\/\/stansgar.katolsk.no\/index.php?rest_route=\/wp\/v2\/posts"}],"about":[{"href":"https:\/\/stansgar.katolsk.no\/index.php?rest_route=\/wp\/v2\/types\/post"}],"author":[{"embeddable":true,"href":"https:\/\/stansgar.katolsk.no\/index.php?rest_route=\/wp\/v2\/users\/3"}],"replies":[{"embeddable":true,"href":"https:\/\/stansgar.katolsk.no\/index.php?rest_route=%2Fwp%2Fv2%2Fcomments&post=743"}],"version-history":[{"count":1,"href":"https:\/\/stansgar.katolsk.no\/index.php?rest_route=\/wp\/v2\/posts\/743\/revisions"}],"predecessor-version":[{"id":2718,"href":"https:\/\/stansgar.katolsk.no\/index.php?rest_route=\/wp\/v2\/posts\/743\/revisions\/2718"}],"wp:attachment":[{"href":"https:\/\/stansgar.katolsk.no\/index.php?rest_route=%2Fwp%2Fv2%2Fmedia&parent=743"}],"wp:term":[{"taxonomy":"category","embeddable":true,"href":"https:\/\/stansgar.katolsk.no\/index.php?rest_route=%2Fwp%2Fv2%2Fcategories&post=743"},{"taxonomy":"post_tag","embeddable":true,"href":"https:\/\/stansgar.katolsk.no\/index.php?rest_route=%2Fwp%2Fv2%2Ftags&post=743"}],"curies":[{"name":"wp","href":"https:\/\/api.w.org\/{rel}","templated":true}]}}