{"id":7425,"date":"2020-05-15T11:14:25","date_gmt":"2020-05-15T09:14:25","guid":{"rendered":"https:\/\/stansgar.katolsk.no\/?p=7425"},"modified":"2020-05-15T13:54:37","modified_gmt":"2020-05-15T11:54:37","slug":"msza-100-urodziny-jp-ii","status":"publish","type":"post","link":"https:\/\/stansgar.katolsk.no\/?p=7425","title":{"rendered":"Msza 100 urodziny JP II"},"content":{"rendered":"<p style=\"text-align: left;\">W dniu 18 maja o godz. 20\u00a0 w naszym ko\u015bciele odb\u0119dzie si\u0119 msza z okazji 100 urodzin papie\u017ca polaka \u015aw. Jana Paw\u0142a II . Msza b\u0119dzie w j\u0119zyku polskim.<\/p>\n<p><strong>18 mai 2020 kl. 20 blir det messe p\u00e5 polsk ved 100- \u00e5rsdagen for\u00a0 Den hellige paven Johannes Paul IIs f\u00f8dsel.\u00a0<\/strong><\/p>\n<p style=\"text-align: center;\"><img loading=\"lazy\" decoding=\"async\" class=\"wp-image-7426 alignleft\" src=\"https:\/\/stansgar.katolsk.no\/wp-content\/uploads\/2020\/05\/JPII-p\u00e5-nettsiden-300x211.jpg\" alt=\"\" width=\"356\" height=\"250\" srcset=\"https:\/\/stansgar.katolsk.no\/wp-content\/uploads\/2020\/05\/JPII-p\u00e5-nettsiden-300x211.jpg 300w, https:\/\/stansgar.katolsk.no\/wp-content\/uploads\/2020\/05\/JPII-p\u00e5-nettsiden-1024x721.jpg 1024w, https:\/\/stansgar.katolsk.no\/wp-content\/uploads\/2020\/05\/JPII-p\u00e5-nettsiden-768x541.jpg 768w, https:\/\/stansgar.katolsk.no\/wp-content\/uploads\/2020\/05\/JPII-p\u00e5-nettsiden-1536x1082.jpg 1536w, https:\/\/stansgar.katolsk.no\/wp-content\/uploads\/2020\/05\/JPII-p\u00e5-nettsiden-2048x1442.jpg 2048w, https:\/\/stansgar.katolsk.no\/wp-content\/uploads\/2020\/05\/JPII-p\u00e5-nettsiden-956x673.jpg 956w\" sizes=\"auto, (max-width: 356px) 100vw, 356px\" \/><\/p>\n","protected":false},"excerpt":{"rendered":"<p>W dniu 18 maja o godz. 20\u00a0 w naszym ko\u015bciele odb\u0119dzie si\u0119 msza z okazji 100 urodzin papie\u017ca polaka \u015aw. Jana Paw\u0142a II . Msza b\u0119dzie w j\u0119zyku polskim. 18 mai 2020 kl. 20 blir det messe p\u00e5 polsk ved&#8230;<br \/><a class=\"read-more-button\" href=\"https:\/\/stansgar.katolsk.no\/?p=7425\">Read more<\/a><\/p>\n","protected":false},"author":1,"featured_media":7427,"comment_status":"open","ping_status":"open","sticky":false,"template":"","format":"standard","meta":{"footnotes":""},"categories":[486,492],"tags":[502,499,498,15],"class_list":["post-7425","post","type-post","status-publish","format-standard","has-post-thumbnail","hentry","category-messe","category-polsk-gruppe","tag-jan-pawel-ii","tag-msza","tag-polacy","tag-polsk"],"_links":{"self":[{"href":"https:\/\/stansgar.katolsk.no\/index.php?rest_route=\/wp\/v2\/posts\/7425","targetHints":{"allow":["GET"]}}],"collection":[{"href":"https:\/\/stansgar.katolsk.no\/index.php?rest_route=\/wp\/v2\/posts"}],"about":[{"href":"https:\/\/stansgar.katolsk.no\/index.php?rest_route=\/wp\/v2\/types\/post"}],"author":[{"embeddable":true,"href":"https:\/\/stansgar.katolsk.no\/index.php?rest_route=\/wp\/v2\/users\/1"}],"replies":[{"embeddable":true,"href":"https:\/\/stansgar.katolsk.no\/index.php?rest_route=%2Fwp%2Fv2%2Fcomments&post=7425"}],"version-history":[{"count":2,"href":"https:\/\/stansgar.katolsk.no\/index.php?rest_route=\/wp\/v2\/posts\/7425\/revisions"}],"predecessor-version":[{"id":7429,"href":"https:\/\/stansgar.katolsk.no\/index.php?rest_route=\/wp\/v2\/posts\/7425\/revisions\/7429"}],"wp:featuredmedia":[{"embeddable":true,"href":"https:\/\/stansgar.katolsk.no\/index.php?rest_route=\/wp\/v2\/media\/7427"}],"wp:attachment":[{"href":"https:\/\/stansgar.katolsk.no\/index.php?rest_route=%2Fwp%2Fv2%2Fmedia&parent=7425"}],"wp:term":[{"taxonomy":"category","embeddable":true,"href":"https:\/\/stansgar.katolsk.no\/index.php?rest_route=%2Fwp%2Fv2%2Fcategories&post=7425"},{"taxonomy":"post_tag","embeddable":true,"href":"https:\/\/stansgar.katolsk.no\/index.php?rest_route=%2Fwp%2Fv2%2Ftags&post=7425"}],"curies":[{"name":"wp","href":"https:\/\/api.w.org\/{rel}","templated":true}]}}