{"id":7370,"date":"2020-05-02T15:19:25","date_gmt":"2020-05-02T13:19:25","guid":{"rendered":"https:\/\/stansgar.katolsk.no\/?p=7370"},"modified":"2020-05-02T15:19:25","modified_gmt":"2020-05-02T13:19:25","slug":"celebracja-liturgii-slowa-na-4-niedziele-wielkanocna-3-maja","status":"publish","type":"post","link":"https:\/\/stansgar.katolsk.no\/?p=7370","title":{"rendered":"CELEBRACJA LITURGII S\u0141OWA NA 4. NIEDZIEL\u0118 WIELKANOCN\u0104 (3. Maja)"},"content":{"rendered":"<p style=\"text-align: center;\"><span style=\"color: #edc218;\"><strong>CELEBRACJA LITURGII S\u0141OWA\u00a0<\/strong><strong>NA 4. NIEDZIEL\u0118 WIELKANOCN\u0104 (3. Maja)<\/strong><\/span><\/p>\n<p style=\"text-align: center;\"><span style=\"color: #ff0000;\"><strong>(Uwaga !!! W zwi\u0105zku z tym, \u017ce 3. Maja w tym roku przypada w niedziel\u0119, Uroczysto\u015b\u0107 Matki Boskiej Kr\u00f3lowej Polski jest przeniesiona na sobot\u0119 2. Maja <\/strong><\/span><\/p>\n<p style=\"text-align: center;\"><span style=\"color: #ff0000;\"><strong>\u2013 transmisja mszy online z naszego ko\u015bcio\u0142a o godz. 17.00)<\/strong><\/span><\/p>\n<p><img loading=\"lazy\" decoding=\"async\" class=\"size-medium wp-image-7268 aligncenter\" src=\"https:\/\/stansgar.katolsk.no\/wp-content\/uploads\/2020\/04\/lkl-e1587201674321-300x121.jpg\" alt=\"\" width=\"300\" height=\"121\" srcset=\"https:\/\/stansgar.katolsk.no\/wp-content\/uploads\/2020\/04\/lkl-e1587201674321-300x121.jpg 300w, https:\/\/stansgar.katolsk.no\/wp-content\/uploads\/2020\/04\/lkl-e1587201674321-1024x412.jpg 1024w, https:\/\/stansgar.katolsk.no\/wp-content\/uploads\/2020\/04\/lkl-e1587201674321-768x309.jpg 768w, https:\/\/stansgar.katolsk.no\/wp-content\/uploads\/2020\/04\/lkl-e1587201674321-956x384.jpg 956w, https:\/\/stansgar.katolsk.no\/wp-content\/uploads\/2020\/04\/lkl-e1587201674321.jpg 1472w\" sizes=\"auto, (max-width: 300px) 100vw, 300px\" \/><\/p>\n<p>tekst p\u00e5 norsk : &laquo;<strong>FEIRING<\/strong>\u00a0<strong>AV\u00a0<\/strong><strong>GUDS ORDS TJENESTE I FAMILIEN\u00a0<\/strong><strong>S\u00d8NDAG I P\u00c5SKETIDEN (3. MAI)&raquo;<a href=\"https:\/\/stansgar.katolsk.no\/?p=7365\">https:\/\/stansgar.katolsk.no\/?p=7365<\/a><\/strong><\/p>\n<p><span style=\"color: #c41818;\">Wszyscy w rodzinie gromadz\u0105 si\u0119 przed krzy\u017cem postawionym na stole, zapalamy \u015bwiece, i zaczynamy znakiem Krzy\u017ca \u015aw. Jedna osoba jest koordynatorem modlitwy. Stoimy:<\/span><\/p>\n<p><span style=\"color: #ff0000;\"><strong><em>K \u2014 koordynator modlitwy<\/em><\/strong><\/span><\/p>\n<p><span style=\"color: #ff0000;\"><strong><em>W \u2014 wszyscy<\/em><\/strong><\/span><\/p>\n<ol>\n<li>W imi\u0119 Ojca i Syna, i Ducha \u015awi\u0119tego. W. Amen.<\/li>\n<\/ol>\n<p><span style=\"color: #ff0000;\"><strong>Akt pokuty<\/strong><\/span><\/p>\n<ol>\n<li>Uznajmy przed Bogiem, \u017ce jeste\u015bmy grzeszni, aby\u015bmy mogli z czystym sercem uczestniczy\u0107 w tej liturgii.<\/li>\n<li>Spowiadam si\u0119 Bogu wszechmog\u0105cemu i wam, bracia i siostry, \u017ce bardzo zgrzeszy\u0142em my\u015bl\u0105, mow\u0105, uczynkiem, i zaniedbaniem: moja wina, moja wina, moja bardzo wielka wina. Przeto b\u0142agam Naj\u015bwi\u0119tsz\u0105 Maryj\u0119, zawsze Dziewic\u0119, wszystkich Anio\u0142\u00f3w i \u015awi\u0119tych, i was, bracia i siostry, o modlitw\u0119 za mnie do Pana Boga naszego.<\/li>\n<li>Niech si\u0119 zmi\u0142uje nad nami B\u00f3g wszechmog\u0105cy i odpu\u015bciwszy nam grzechy doprowadzi nas do \u017cycia wiecznego. W. Amen.<\/li>\n<\/ol>\n<p><strong>\u00a0<\/strong><\/p>\n<p><span style=\"color: #ff0000;\"><strong>Kyrie \u2014<\/strong><\/span><strong> Panie zmi\u0142uj si\u0119 nad nami, <\/strong><\/p>\n<p><strong>Chryste zmi\u0142uj si\u0119 nad nami, <\/strong><\/p>\n<p><strong>Panie zmi\u0142uj si\u0119 nad nami.<\/strong><\/p>\n<p><strong>\u00a0<\/strong><\/p>\n<p><span style=\"color: #ff0000;\"><strong>Gloria \u2014<\/strong><\/span> Chwa\u0142a na\u00a0wysoko\u015bci Bogu a na\u00a0ziemi pok\u00f3j ludziom dobrej woli.<br \/>\nChwalimy Ci\u0119, B\u0142ogos\u0142awimy Ci\u0119, Wielbimy Ci\u0119. Wys\u0142awiamy Ci\u0119.<br \/>\nDzi\u0119ki Ci sk\u0142adamy, bo wielka jest chwa\u0142a Twoja.<br \/>\nPanie Bo\u017ce, Kr\u00f3lu nieba, Bo\u017ce Ojcze wszechmog\u0105cy.<br \/>\nPanie, Synu Jednorodzony, Jezu Chryste.<br \/>\nPanie Bo\u017ce, Baranku Bo\u017cy, Synu Ojca.<br \/>\nKt\u00f3ry g\u0142adzisz grzechy \u015bwiata, zmi\u0142uj si\u0119 nad nami.<br \/>\nKt\u00f3ry g\u0142adzisz grzechy \u015bwiata, przyjm b\u0142aganie nasze.<br \/>\nKt\u00f3ry siedzisz po prawicy Ojca, zmi\u0142uj si\u0119 nad nami.<br \/>\nAlbowiem tylko Ty\u015b jest \u015bwi\u0119ty.<br \/>\nTylko Ty\u015b jest Panem.<br \/>\nTylko Ty\u015b Najwy\u017cszy, Jezu Chryste.<br \/>\nZ Duchem \u015awi\u0119tym w chwale Boga Ojca.<br \/>\nAmen<\/p>\n<p><strong>\u00a0<\/strong><\/p>\n<p><span style=\"color: #ff0000;\"><strong>Kolekta \u2014 modlitwa dnia<\/strong><\/span><\/p>\n<p>Wszechmog\u0105cy, wieczny Bo\u017ce, prowad\u017a nas do niebieskich rado\u015bci, \u2020 niech pokorny lud dojdzie do Ciebie, * pod\u0105\u017caj\u0105c za zwyci\u0119skim Pasterzem. Kt\u00f3ry z Tob\u0105 \u017cyje i kr\u00f3luje w jedno\u015bci Ducha \u015awi\u0119tego, * B\u00f3g, przez wszystkie wieki wiek\u00f3w. Amen.<\/p>\n<p style=\"text-align: center;\"><span style=\"color: #c41818;\">Siadamy i s\u0142uchamy s\u0142owa Bo\u017cego, czytane przez wybranych cz\u0142onk\u00f3w rodziny.<\/span><\/p>\n<h5 style=\"text-align: center;\"><span style=\"color: #3366ff;\">LITURGIA S\u0141OWA<\/span><\/h5>\n<p><span style=\"color: #ff0000;\"><strong>Liturgia S\u0142owa wg lekcjonarza z 2015 roku<\/strong><\/span><\/p>\n<p><strong>PIERWSZE CZYTANIE <\/strong><span style=\"color: #00ccff;\">Dz 2, 14a. 36-41<\/span> <em>B\u00f3g uczyni\u0142 Jezusa Mesjaszem<\/em><\/p>\n<p><strong>Czytanie z Dziej\u00f3w Apostolskich<\/strong><\/p>\n<p>W dniu Pi\u0119\u0107dziesi\u0105tnicy stan\u0105\u0142 Piotr razem z Jedenastoma i przem\u00f3wi\u0142 dono\u015bnym g\u0142osem:<br \/>\n\u00abNiech ca\u0142y dom Izraela wie z niewzruszon\u0105 pewno\u015bci\u0105, \u017ce tego Jezusa, kt\u00f3rego ukrzy\u017cowali\u015bcie, uczyni\u0142 B\u00f3g i Panem, i Mesjaszem\u00bb.<\/p>\n<p>Gdy to us\u0142yszeli, przej\u0119li si\u0119 do g\u0142\u0119bi serca: \u00abC\u00f3\u017c mamy czyni\u0107, bracia?\u00bb \u2013 zapytali Piotra i pozosta\u0142ych aposto\u0142\u00f3w. \u00abNawr\u00f3\u0107cie si\u0119 \u2013 powiedzia\u0142 do nich Piotr \u2013 i niech ka\u017cdy z was przyjmie chrzest w imi\u0119 Jezusa Chrystusa na odpuszczenie grzech\u00f3w waszych, a otrzymacie w darze Ducha \u015awi\u0119tego. Bo dla was jest obietnica i dla dzieci waszych, i dla wszystkich, kt\u00f3rzy s\u0105 daleko, a kt\u00f3rych Pan, B\u00f3g nasz, powo\u0142a\u00bb.<\/p>\n<p>W wielu te\u017c innych s\u0142owach dawa\u0142 \u015bwiadectwo i napomina\u0142: \u00abRatujcie si\u0119 spo\u015br\u00f3d tego przewrotnego pokolenia!\u00bb<\/p>\n<p>Ci wi\u0119c, kt\u00f3rzy przyj\u0119li jego nauk\u0119, zostali ochrzczeni. I przy\u0142\u0105czy\u0142o si\u0119 owego dnia oko\u0142o trzech tysi\u0119cy dusz.<\/p>\n<p><strong>Oto s\u0142owo Bo\u017ce.<\/strong><\/p>\n<p><span style=\"color: #ff0000;\"><strong>PSALM RESPONSORYJNY <\/strong><\/span><span style=\"color: #00ccff;\">Ps 23 (22), 1b-3a. 3b-4. 5. 6 (R.: por. 1b)<\/span><\/p>\n<p><strong>Refren: Pan mym pasterzem, nie brak mi niczego.<\/strong><br \/>\n<span style=\"color: #c41818;\">albo:<\/span>\u00a0<strong>Alleluja.<\/strong><\/p>\n<p>Pan jest moim pasterzem, \u2020<br \/>\nniczego mi nie braknie, *<br \/>\npozwala mi le\u017ce\u0107 na zielonych pastwiskach.<br \/>\nProwadzi mnie nad wody, gdzie mog\u0119 odpocz\u0105\u0107, *<br \/>\norze\u017awia moj\u0105 dusz\u0119. <strong>Refren.<\/strong><\/p>\n<p>Wiedzie mnie po w\u0142a\u015bciwych \u015bcie\u017ckach *<br \/>\nprzez wzgl\u0105d na swoj\u0105 chwa\u0142\u0119.<br \/>\nChocia\u017cbym przechodzi\u0142 przez ciemn\u0105 dolin\u0119, \u2020<br \/>\nz\u0142a si\u0119 nie ul\u0119kn\u0119, bo Ty jeste\u015b ze mn\u0105. *<br \/>\nKij Tw\u00f3j i laska pasterska s\u0105 moj\u0105 pociech\u0105. <strong>Refren.<\/strong><\/p>\n<p>St\u00f3\u0142 dla mnie zastawiasz *<br \/>\nna oczach mych wrog\u00f3w.<br \/>\nNamaszczasz mi g\u0142ow\u0119 olejkiem, *<br \/>\nkielich m\u00f3j pe\u0142ny po brzegi. <strong>Refren.<\/strong><\/p>\n<p>Dobro\u0107 i \u0142aska p\u00f3jd\u0105 w \u015blad za mn\u0105 *<br \/>\nprzez wszystkie dni \u017cycia<br \/>\ni zamieszkam w domu Pana *<br \/>\npo najd\u0142u\u017csze czasy. <strong>Refren.<\/strong><\/p>\n<p><strong>DRUGIE CZYTANIE <\/strong><span style=\"color: #00ccff;\">1 P 2, 20b-25<\/span> <em>Nawr\u00f3cili\u015bcie si\u0119 do Pasterza dusz waszych<\/em><\/p>\n<p><strong>Czytanie z Pierwszego Listu \u015awi\u0119tego Piotra Aposto\u0142a<\/strong><\/p>\n<p>Najdro\u017csi:<br \/>\nTo si\u0119 Bogu podoba, je\u017celi dobrze czynicie, a znosicie cierpienia. Do tego bowiem jeste\u015bcie powo\u0142ani. Chrystus przecie\u017c r\u00f3wnie\u017c cierpia\u0142 za was i zostawi\u0142 wam wz\u00f3r, aby\u015bcie szli za Nim Jego \u015bladami.<\/p>\n<p>On grzechu nie pope\u0142ni\u0142, a w Jego ustach nie by\u0142o podst\u0119pu. On, gdy Mu z\u0142orzeczono, nie z\u0142orzeczy\u0142, gdy cierpia\u0142, nie grozi\u0142, ale zdawa\u0142 si\u0119 na Tego, kt\u00f3ry s\u0105dzi sprawiedliwie. On sam w swoim ciele poni\u00f3s\u0142 nasze grzechy na drzewo, aby\u015bmy przestali by\u0107 uczestnikami grzech\u00f3w, a \u017cyli dla sprawiedliwo\u015bci \u2013 krwi\u0105 Jego ran zostali\u015bcie uzdrowieni.<\/p>\n<p>B\u0142\u0105dzili\u015bcie bowiem jak owce, ale teraz nawr\u00f3cili\u015bcie si\u0119 do Pasterza i Str\u00f3\u017ca dusz waszych.<\/p>\n<p><strong>Oto s\u0142owo Bo\u017ce.<\/strong><\/p>\n<p><span style=\"color: #ff0000;\"><strong>\u015aPIEW PRZED EWANGELI\u0104 <\/strong><\/span><span style=\"color: #00ccff;\">J 10, 14<\/span><\/p>\n<p><strong>Aklamacja: Alleluja, alleluja, alleluja.<\/strong><\/p>\n<p>Ja jestem dobrym pasterzem<br \/>\ni znam owce moje, a moje Mnie znaj\u0105.<\/p>\n<p><strong>Aklamacja: Alleluja, alleluja, alleluja.<\/strong><\/p>\n<p><strong><span style=\"color: #ff0000;\">EWANGELIA<\/span> <\/strong><span style=\"color: #00ccff;\">J 10, 1-10<\/span> <em>Jezus jest bram\u0105 owiec<\/em><\/p>\n<p><strong>S\u0142owa Ewangelii wed\u0142ug \u015awi\u0119tego Jana<\/strong><\/p>\n<p>Jezus powiedzia\u0142:<br \/>\n\u00abZaprawd\u0119, zaprawd\u0119, powiadam wam: Kto nie wchodzi do owczarni przez bram\u0119, ale wdziera si\u0119 inn\u0105 drog\u0105, ten jest z\u0142odziejem i rozb\u00f3jnikiem. Kto jednak wchodzi przez bram\u0119, jest pasterzem owiec. Temu otwiera od\u017awierny, a owce s\u0142uchaj\u0105 jego g\u0142osu; wo\u0142a on swoje owce po imieniu i wyprowadza je. A kiedy wszystkie wyprowadzi, staje na ich czele, owce za\u015b post\u0119puj\u0105 za nim, poniewa\u017c g\u0142os jego znaj\u0105. Natomiast za obcym nie p\u00f3jd\u0105, lecz b\u0119d\u0105 ucieka\u0107 od niego, bo nie znaj\u0105 g\u0142osu obcych\u00bb.<\/p>\n<p>T\u0119 przypowie\u015b\u0107 opowiedzia\u0142 im Jezus, lecz oni nie poj\u0119li znaczenia tego, co im m\u00f3wi\u0142.<\/p>\n<p>Powt\u00f3rnie wi\u0119c powiedzia\u0142 do nich Jezus: \u00abZaprawd\u0119, zaprawd\u0119, powiadam wam: Ja jestem bram\u0105 owiec. Wszyscy, kt\u00f3rzy przyszli przede Mn\u0105, s\u0105 z\u0142odziejami i rozb\u00f3jnikami, a nie pos\u0142ucha\u0142y ich owce. Ja jestem bram\u0105. Je\u017celi kto\u015b wejdzie przeze Mnie, b\u0119dzie zbawiony \u2013 wejdzie i wyjdzie, i znajdzie pastwisko. Z\u0142odziej przychodzi tylko po to, aby kra\u015b\u0107, zabija\u0107 i niszczy\u0107. Ja przyszed\u0142em po to, aby owce mia\u0142y \u017cycie, i mia\u0142y je w obfito\u015bci\u00bb.<\/p>\n<p><strong>Oto s\u0142owo Pa\u0144skie.<\/strong><\/p>\n<p><span style=\"color: #ff0000;\"><strong>Homilia<\/strong><\/span><\/p>\n<p><strong>Na wz\u00f3r Dobrego Pasterza (ks. Leszek Smoli\u0144ski)<\/strong><\/p>\n<p>W Niedziel\u0119 Dobrego Pasterza Ko\u015bci\u00f3\u0142 modli si\u0119 o nowe powo\u0142ania do s\u0142u\u017cby Bo\u017cej. Prosi o nowych i \u015bwi\u0119tych pasterzy, na wz\u00f3r dobrego pasterza z dzisiejszej Ewangelii. On jest obrazem Ojca Niebieskiego i Jego Mi\u0142osierdzia. To w\u0142a\u015bnie ta mi\u0142o\u015b\u0107 odbija si\u0119 w ludzkich umys\u0142ach i sercach, promieniuj\u0105c na innych. Dobry Pasterz przyszed\u0142 po to, aby \u201eowce mia\u0142y \u017cycie i mia\u0142y je w obfito\u015bci\u201d (J 10,10).<\/p>\n<p>Jezusowi nie chodzi wy\u0142\u0105cznie o nasze biologiczne trwanie, ale o jako\u015b\u0107 naszego \u017cycia. Bo On jest \u201ebram\u0105 owiec\u201d. W \u0142\u0105czno\u015bci z Nim zmienia si\u0119 nasze my\u015blenie, patrzenie na \u015bwiat, warto\u015bciowanie. W tym maj\u0105 nam pom\u00f3c pasterze, kt\u00f3rych B\u00f3g powo\u0142uje po\u015br\u00f3d swojego ludu we w\u0142a\u015bciwy sobie spos\u00f3b: kogo, kiedy i jak chce. Powo\u0142ani do s\u0142u\u017cby Bo\u017cej s\u0105 tacy jak my, bo z ludu wzi\u0119ci i dla ludu ustanowieni. Z jednej strony to ludzie pozostaj\u0105cy w szczeg\u00f3lnej blisko\u015bci z Chrystusem; z drugiej &#8211; jak ka\u017cdy \u015bmiertelnik podatni na s\u0142abo\u015b\u0107, pokus\u0119, grzech. Widok ksi\u0119dza jest tak powszedni dla nas, Polak\u00f3w, \u017ce mo\u017ce nawet nie zdajemy sobie sprawy, jak wielka to \u0142aska, \u017ce w naszym kraju &#8211; jak na razie &#8211; kap\u0142an\u00f3w nie brakuje. Mamy ich blisko, na wyci\u0105gni\u0119cie r\u0119ki. Mo\u017ce dlatego tak \u0142atwo przychodzi nam ich krytykowa\u0107, pomija\u0107 milczeniem spe\u0142niane przez nich po cichu dobro, a z tak\u0105 skwapliwo\u015bci\u0105 pi\u0119tnujemy ich rzeczywiste i urojone przewinienia. A przecie\u017c Chrystus zechcia\u0142, by w\u0142a\u015bnie przez nich &#8211; \u015bwi\u0119tych czy s\u0142abych, gorliwych czy ozi\u0119b\u0142ych &#8211; udzielana nam by\u0142a \u0142aska Bo\u017ca.<\/p>\n<p>Dobry Pasterz posiada znajomo\u015b\u0107 ludzkiego serca. Nie tylko obiecuje szcz\u0119\u015bcie, ale Jego obecno\u015b\u0107 nape\u0142nia szcz\u0119\u015bciem. Ka\u017cdy wi\u0119c, kto pod\u0105\u017ca za tym boskim Przewodnikiem, idzie we w\u0142a\u015bciwym kierunku. On wzywa nas ka\u017cdego dnia do stawania si\u0119 doskona\u0142ymi w mi\u0142o\u015bci Ojca, a wi\u0119c \u015bwi\u0119tymi. Chrystus wzywa nas dzisiaj do szczeg\u00f3lnego zadania, jakim jest dla wsp\u00f3lnoty Ko\u015bcio\u0142a modlitwa o nowe powo\u0142ania. Pami\u0119tajmy, \u017ce rodziny s\u0105 nie tylko uprzywilejowanym miejscem formacji ludzkiej i chrze\u015bcija\u0144skiej. Mog\u0105 tak\u017ce reprezentowa\u0107 \u201epierwsze i najlepsze seminarium powo\u0142aniowe do \u017cycia ofiarowanego na s\u0142u\u017cb\u0119 Kr\u00f3lestwa Bo\u017cego\u201d (<em>Familiaris consortio<\/em>\u00a053).<\/p>\n<p>Natomiast miejscem formacji m\u0142odych ludzi, kt\u00f3rzy us\u0142yszeli g\u0142os Jezusa Chrystusa: \u201eP\u00f3jd\u017a za mn\u0105!\u201d jest seminarium duchowne. Jego celem jest nie tylko zapewnienie naukowej kompetencji i zdolno\u015bci dzia\u0142ania w dziedzinie duszpasterstwa, ale przede wszystkim rozw\u00f3j pewnego sposobu bycia w \u0142\u0105czno\u015bci z Chrystusem, komunii z Nim. Alumn, a w przysz\u0142o\u015bci kap\u0142an, ma by\u0107 bowiem pomostem mi\u0119dzy cz\u0142owiekiem a Bogiem. Dzisiejsza niedziela stanowi doskona\u0142\u0105 okazj\u0119, by podzi\u0119kowa\u0107 r\u00f3wnie\u017c za wszystkich dobrych pasterzy, kt\u00f3rych spotkali\u015bmy w naszym \u017cyciu.<\/p>\n<p>Jezus nam przypomina, \u017ce bycie dobrym chrze\u015bcijaninem to nieustannie poszukiwanie woli Dobrego Pasterza. To bycie cz\u0142owiekiem \u015bwiadomym celu i sensu swojego istnienia. Otwartym na nowe powiewy \u0141aski, pobudzanym przez Ducha \u015awi\u0119tego do misji ewangelizacji i pos\u0142ugi mi\u0142o\u015bci. Po to, by \u015bwiat stawa\u0142 si\u0119 bardziej Chrystusowy i przez to bardziej ludzki, przyjazny.<\/p>\n<p><span style=\"color: #ff0000;\">Modlitwa powszechna<\/span><br \/>\n<strong><br \/>\nPrzynosimy do Boga nasze t\u0119sknoty i niepokoje ufaj\u0105c, \u017ce moc\u0105 zmartwychwstania Chrystusa, naszego Dobrego Pasterza otrzymamy dobra potrzebne dla nas i dla \u015bwiata.<\/strong><\/p>\n<ol>\n<li>Za pasterzy Ko\u015bcio\u0142a, aby za przyk\u0142adem Dobrego Pasterza \u2014 Jezusa, prowadzili owczarni\u0119 Bo\u017c\u0105 do pe\u0142ni \u017cycia i szcz\u0119\u015bcia.<\/li>\n<li>O nowe powo\u0142ania kap\u0142a\u0144skie i zakonne, aby nigdy nie zabrak\u0142o \u015bwiatu ludzi odwa\u017cnych i dobrych, kt\u00f3rzy p\u00f3jd\u0105 za g\u0142osem wezwania Bo\u017cego.<\/li>\n<li>Za seminarzyst\u00f3w, aby dobrze przygotowali si\u0119 do swych zada\u0144 oraz wykonywali je z wiar\u0105, mi\u0142o\u015bci\u0105 i bezinteresownie.<\/li>\n<li>Za siostry zakonne, aby wezwane przez Boga do specjalnych zada\u0144, wype\u0142nia\u0142y dzie\u0142a mi\u0142osierdzia, nios\u0142y \u015bwiatu dar modlitwy, a swym \u017cyciem ukazywa\u0142y wielkie warto\u015bci po\u015bwi\u0119cenia i ofiary.<\/li>\n<li>Za kap\u0142an\u00f3w, zw\u0142aszcza za naszych ksi\u0119\u017cy, by jak Dobry Pasterz umieli prowadzi\u0107 ludzi do owczarni, umieli s\u0142ucha\u0107 nieszcz\u0119\u015bliwych, g\u0142osili s\u0142owa prawdy, a owce im powierzone s\u0142ucha\u0142y ich g\u0142osu i darzy\u0142y zaufaniem i dobroci\u0105.<\/li>\n<li>Za naszych zmar\u0142ych, aby przez Bram\u0119, kt\u00f3r\u0105 jest Chrystus, weszli do wiecznej owczarni zbawionych.<\/li>\n<li>Za nas tu obecnych, aby z naszej spo\u0142eczno\u015bci B\u00f3g powo\u0142a\u0142 swoich pasterzy, nas umacnia\u0142 w wytrwaniu przy Ko\u015bciele i aby\u015bmy szli za Chrystusem, kt\u00f3ry zostawi\u0142 nam wz\u00f3r jak z\u0142o zwyci\u0119\u017ca\u0107 dobrem i ofiar\u0105.<\/li>\n<\/ol>\n<p><strong>Wys\u0142uchaj naszych pr\u00f3\u015bb, Bo\u017ce, Ojcze Wszechmog\u0105cy, kt\u00f3ry uczyni\u0142e\u015b swego Syna Panem i Mesjaszem, a tak\u017ce Pasterzem Ko\u015bcio\u0142a. Spraw, aby ludzie zbawieni moc\u0105 zmartwychwstania weszli przez Chrystusa jak przez bram\u0119, do wiecznej owczarni nieba. Kt\u00f3ry z Tob\u0105 \u017cyje i kr\u00f3luje na wieki wiek\u00f3w.<\/strong><\/p>\n<p>&nbsp;<\/p>\n<p><span style=\"color: #ff0000;\"><strong>Pater noster \u2014 Ojcze nasz<\/strong><\/span><\/p>\n<ol>\n<li>Pro\u015bmy Ojca niebieskiego, aby odpu\u015bci\u0142 nam grzechy i zachowa\u0142 nas od z\u0142ego:<\/li>\n<li>Ojcze nasz, kt\u00f3ry\u015b jest w niebie: \u015bwi\u0119\u0107 si\u0119 imi\u0119 Twoje, przyjd\u017a Kr\u00f3lestwo Twoje, b\u0105d\u017a wola Twoja jako w niebie, tak i na ziemi. Chleba naszego powszedniego daj nam dzisiaj. I odpu\u015b\u0107 nam nasze winy, jako i my odpuszczamy naszym winowajcom. I nie w\u00f3d\u017a nas na pokuszenie, ale nas zbaw ode z\u0142ego.<\/li>\n<\/ol>\n<p><strong>\u00a0<\/strong><\/p>\n<p><strong>Baranku Bo\u017cy, kt\u00f3ry g\u0142adzisz grzechy \u015bwiata, zmi\u0142uj si\u0119 nad nami <\/strong><\/p>\n<p><strong>Baranku Bo\u017cy, kt\u00f3ry g\u0142adzisz grzechy \u015bwiata, zmi\u0142uj si\u0119 nad nami <\/strong><\/p>\n<p><strong>Baranku Bo\u017cy, kt\u00f3ry g\u0142adzisz grzechy \u015bwiata, obdarz nas pokojem<\/strong><\/p>\n<p><strong>\u00a0<\/strong><\/p>\n<p><span style=\"color: #ff0000;\"><strong>Modlitwa po Komunii<\/strong><\/span><\/p>\n<p><em>Panie Jezu, Bo\u017ce m\u00f3j i Zbawicielu, kt\u00f3ry by\u0142e\u015b opuszczony w czasie M\u0119ki Swojej, a teraz obecny w \u015awi\u0119tej Eucharystii, osamotniony i zamkni\u0119ty w Tabernakulach \u015bwiata umierasz z pragnienia, by wst\u0105pi\u0107 do ludzkiego serca. Przyjd\u017a Panie Jezu do n\u0119dznego serca mojego, oczy\u015b\u0107 go, u\u015bwi\u0119\u0107 go i zamieszkaj na zawsze. Przebacz mi wszystkie moje grzechy i zaniedbania, przemie\u0144 mnie w Siebie i dzia\u0142aj przeze mnie, abym w ka\u017cdej chwili \u017cycia, pe\u0142ni\u0142 tylko Twoj\u0105 Wol\u0119. Pragn\u0119 Ci\u0119 kocha\u0107 i wynagradza\u0107 za wszystkich ludzi niewdzi\u0119cznych i oboj\u0119tnych. Ty\u015b mnie o Jezu, nigdy nie opu\u015bci\u0142, nie dozw\u00f3l, abym ja mia\u0142 Ciebie kiedykolwiek opu\u015bci\u0107. Uwielbiam i kocham Ci\u0119 Jezu, Kr\u00f3lu i Zbawicielu m\u00f3j. B\u0105d\u017a jedyn\u0105 Mi\u0142o\u015bci\u0105 i pragnieniem moim w \u017cyciu i przy \u015bmierci. Amen.<br \/>\nJezu, Maryjo, J\u00f3zefie \u015aw. Wam oddaj\u0119 cia\u0142o i dusz\u0119 moj\u0105 teraz i w ostatniej chwili skonania mojego. Amen. <\/em>(<a href=\"http:\/\/www.modlitewnik.com.pl\/modlitwy\/198-komunia-duchowa\">http:\/\/www.modlitewnik.com.pl\/modlitwy\/198-komunia-duchowa<\/a>)<\/p>\n<p>&nbsp;<\/p>\n<p><span style=\"color: #ff0000;\"><strong>Modlitwa na zako\u0144czenie<\/strong><\/span><\/p>\n<p>Bo\u017ce, Dobry Pasterzu, wejrzyj \u0142askawie na lud sw\u00f3j odkupiony najdro\u017csz\u0105 krwi\u0105 Twojego Syna, * i wprowad\u017a go na uczt\u0119 \u017cycia wiecznego. Przez Chrystusa, Pana naszego. Amen.<\/p>\n<p>&nbsp;<\/p>\n<h5 style=\"text-align: center;\"><span style=\"color: #3366ff;\">OBRZ\u0118DY ZAKO\u0143CZENIA<\/span><\/h5>\n<ol>\n<li>Niech nas B\u00f3g b\u0142ogos\u0142awi, broni od wszelkiego z\u0142a i doprowadzi do \u017cycia wiecznego.<\/li>\n<\/ol>\n<p>.<\/p>\n<ol>\n<li>Amen.<\/li>\n<li>Id\u017acie w pokoju Chrystusa. Alleluja, Alleluja<\/li>\n<li>Bogu niech b\u0119d\u0105 dzi\u0119ki. Alleluja, Alleluja<\/li>\n<\/ol>\n<p>&nbsp;<\/p>\n<p>Mo\u017cna odm\u00f3wi\u0107 jeszcze Regina Caeli<\/p>\n<p>Antyfon\u0119 odmawia si\u0119 od Wielkiej Soboty do \u015awi\u0119tej Tr\u00f3jcy wy\u0142\u0105cznie<\/p>\n<p><em>Antyfon\u0119 odmawia si\u0119 zawsze na stoj\u0105co<\/em><\/p>\n<table width=\"500\">\n<tbody>\n<tr>\n<td width=\"50%\">Regina Caeli, laetare, alleluia,<br \/>\nQuia quem meruisti portare, alleluia,<br \/>\nResurrexit, sicut dixit, alleluia,<br \/>\nOra pro nobis Deum, alleluia.<\/p>\n<p>V. Gaude et laetare Virgo Maria, alleluia,<\/p>\n<p>R. Quia surrexit Dominus vere, alleluia.<\/p>\n<p>&nbsp;<\/p>\n<p>Oremus.<\/p>\n<p>Deus, qui per resurrectionem<\/p>\n<p>Filii Tui Domini nostri Iesu Christi mundum laetificare dignatus es: praesta, quaesumus, ut, per eius Genitricem Virginem Mariam, perpetuae capiamus gaudia vitae. Per eumdem Christum Dominum nostrum.<\/p>\n<p>R. Amen.<\/td>\n<td width=\"50%\">Kr\u00f3lowo nieba, wesel si\u0119, alleluja,<br \/>\nBo Ten, kt\u00f3rego\u015b nosi\u0142a, alleluja,<br \/>\nZmartwychwsta\u0142 jak powiedzia\u0142, alleluja,<br \/>\nM\u00f3dl si\u0119 za nami do Boga, alleluja.<\/p>\n<p>&nbsp;<\/p>\n<p>V. Raduj si\u0119 i wesel, Panno Maryjo, alleluja<\/p>\n<p>R. Bo zmartwychwsta\u0142 Pan prawdziwie, alleluja.<\/p>\n<p>&nbsp;<\/p>\n<p>M\u00f3dlmy si\u0119.<\/p>\n<p>Bo\u017ce, kt\u00f3ry\u015b przez zmartwychwstanie Syna swojego, Pana naszego Jezusa Chrystusa \u015bwiat uweseli\u0107 raczy\u0142, daj nam, prosimy, aby\u015bmy przez Jego Rodzicielk\u0119 Pann\u0119 Maryj\u0119 dost\u0105pili rado\u015bci \u017cycia wiecznego. Przez tego\u017c Chrystusa Pana naszego.<\/p>\n<p>R. Amen.<\/td>\n<\/tr>\n<\/tbody>\n<\/table>\n<p>&nbsp;<\/p>\n<p><strong>\u00a0\u00a0<\/strong><span style=\"color: #ff0000;\"><strong>Chwa\u0142a Ojcu \u2026<\/strong><\/span><\/p>\n<p><span style=\"color: #ff0000;\"><strong>\u00a0\u00a0\u00a0 Wieczny odpoczynek \u2026<\/strong><\/span><\/p>\n<p><span style=\"color: #ff0000;\"><strong>Pod Twoj\u0105 obron\u0119\u2026<\/strong><\/span><\/p>\n<p><img loading=\"lazy\" decoding=\"async\" class=\"size-medium wp-image-6986 aligncenter\" src=\"https:\/\/stansgar.katolsk.no\/wp-content\/uploads\/2020\/03\/5bb699f1-b6a6-4d0f-b717-dfe7b48d8ece-300x200.jpeg\" alt=\"\" width=\"300\" height=\"200\" srcset=\"https:\/\/stansgar.katolsk.no\/wp-content\/uploads\/2020\/03\/5bb699f1-b6a6-4d0f-b717-dfe7b48d8ece-300x200.jpeg 300w, https:\/\/stansgar.katolsk.no\/wp-content\/uploads\/2020\/03\/5bb699f1-b6a6-4d0f-b717-dfe7b48d8ece.jpeg 768w\" sizes=\"auto, (max-width: 300px) 100vw, 300px\" \/><\/p>\n<p><strong>\u00a0<\/strong><\/p>\n<p>&nbsp;<\/p>\n<p style=\"text-align: center;\"><strong><span style=\"color: #000000;\">Wszystkim Parafianom ks. proboszcz Tien i ks. Dawid \u017cyczy udanej Niedzieli i dobrego prze\u017cywania nadchodz\u0105cego tygodnia.<\/span><\/strong><\/p>\n","protected":false},"excerpt":{"rendered":"<p>CELEBRACJA LITURGII S\u0141OWA\u00a0NA 4. NIEDZIEL\u0118 WIELKANOCN\u0104 (3. Maja) (Uwaga !!! W zwi\u0105zku z tym, \u017ce 3. Maja w tym roku przypada w niedziel\u0119, Uroczysto\u015b\u0107 Matki Boskiej Kr\u00f3lowej Polski jest przeniesiona na sobot\u0119 2. Maja \u2013 transmisja mszy online z naszego&#8230;<br \/><a class=\"read-more-button\" href=\"https:\/\/stansgar.katolsk.no\/?p=7370\">Read more<\/a><\/p>\n","protected":false},"author":5,"featured_media":7268,"comment_status":"open","ping_status":"open","sticky":false,"template":"","format":"standard","meta":{"footnotes":""},"categories":[204],"tags":[],"class_list":["post-7370","post","type-post","status-publish","format-standard","has-post-thumbnail","hentry","category-ukategorisert-nb"],"_links":{"self":[{"href":"https:\/\/stansgar.katolsk.no\/index.php?rest_route=\/wp\/v2\/posts\/7370","targetHints":{"allow":["GET"]}}],"collection":[{"href":"https:\/\/stansgar.katolsk.no\/index.php?rest_route=\/wp\/v2\/posts"}],"about":[{"href":"https:\/\/stansgar.katolsk.no\/index.php?rest_route=\/wp\/v2\/types\/post"}],"author":[{"embeddable":true,"href":"https:\/\/stansgar.katolsk.no\/index.php?rest_route=\/wp\/v2\/users\/5"}],"replies":[{"embeddable":true,"href":"https:\/\/stansgar.katolsk.no\/index.php?rest_route=%2Fwp%2Fv2%2Fcomments&post=7370"}],"version-history":[{"count":2,"href":"https:\/\/stansgar.katolsk.no\/index.php?rest_route=\/wp\/v2\/posts\/7370\/revisions"}],"predecessor-version":[{"id":7372,"href":"https:\/\/stansgar.katolsk.no\/index.php?rest_route=\/wp\/v2\/posts\/7370\/revisions\/7372"}],"wp:featuredmedia":[{"embeddable":true,"href":"https:\/\/stansgar.katolsk.no\/index.php?rest_route=\/wp\/v2\/media\/7268"}],"wp:attachment":[{"href":"https:\/\/stansgar.katolsk.no\/index.php?rest_route=%2Fwp%2Fv2%2Fmedia&parent=7370"}],"wp:term":[{"taxonomy":"category","embeddable":true,"href":"https:\/\/stansgar.katolsk.no\/index.php?rest_route=%2Fwp%2Fv2%2Fcategories&post=7370"},{"taxonomy":"post_tag","embeddable":true,"href":"https:\/\/stansgar.katolsk.no\/index.php?rest_route=%2Fwp%2Fv2%2Ftags&post=7370"}],"curies":[{"name":"wp","href":"https:\/\/api.w.org\/{rel}","templated":true}]}}