{"id":7356,"date":"2020-05-01T14:59:19","date_gmt":"2020-05-01T12:59:19","guid":{"rendered":"https:\/\/stansgar.katolsk.no\/?p=7356"},"modified":"2020-05-08T22:49:53","modified_gmt":"2020-05-08T20:49:53","slug":"ogloszenia-dla-polakow-z-parafii-sw-ansgara-w-kristiansad-na-maj-2020","status":"publish","type":"post","link":"https:\/\/stansgar.katolsk.no\/?p=7356","title":{"rendered":"Og\u0142oszenia maj 2020"},"content":{"rendered":"<h4 style=\"text-align: center;\"><strong>Og\u0142oszenia dla Polak\u00f3w z parafii \u015bw. Ansgara w Kristiansad na maj 2020<\/strong><\/h4>\n<p>&nbsp;<\/p>\n<pre><span style=\"color: #de1616;\">                              kunngj\u00f8ringer mai- polsk gruppe<\/span><\/pre>\n<p>&nbsp;<\/p>\n<p>W czasie pandemii koronawirusa wszystkie publiczne msze i nabo\u017ce\u0144stwa s\u0105 zawieszone w ca\u0142ej Norwegii do 7. 05.2020. Po tym dniu b\u0119dzie mo\u017cna uczestniczy\u0107 w Mszach \u015bwi\u0119tych w grupach do 50 os\u00f3b, zachowuj\u0105c dystans przynajmniej 1 metra <strong>(nie dotyczy rodzin mieszkaj\u0105cych ca\u0142y czas ze sob\u0105)<\/strong> i przestrzegaj\u0105c pozosta\u0142ych zasad nakazanych przez w\u0142adze sanitarne.<\/p>\n<p>Dlatego od 8.05.2020 zostaj\u0105 przywr\u00f3cone msze \u015bwi\u0119te w soboty o 18.00 i w niedziele o 9.00.<\/p>\n<p><span style=\"color: #0000ff;\"><strong>Sobota 9 maja<\/strong><\/span><\/p>\n<p><span style=\"color: #000000;\"><strong>18.00 &#8211;<\/strong> Msza \u015bwi\u0119ta po polsku<\/span><\/p>\n<p><span style=\"color: #000000;\"><strong>19.00 &#8211;<\/strong> <\/span>nabo\u017ce\u0144stwo majowe z transmisj\u0105 online<\/p>\n<p>&nbsp;<\/p>\n<p><span style=\"color: #0000ff;\"><strong>Niedziela 10 maja: V Niedziela Wielkanocna\u00a0<\/strong><\/span><\/p>\n<p><strong>09.00 &#8211;<\/strong> Msza \u015bwi\u0119ta po polsku z transmisj\u0105 online<\/p>\n<p>Z powodu ograniczenia ilo\u015bci os\u00f3b (do 50 os\u00f3b) zach\u0119cam wiernych do liczniejszego udzia\u0142u we mszach \u015bwi\u0119tych wieczornych w soboty.<\/p>\n<p>&nbsp;<\/p>\n<p style=\"text-align: center;\"><strong>Plan transmisji internetowych z naszej parafii<\/strong><\/p>\n<p><strong>\u00a0<\/strong><\/p>\n<p><span style=\"color: #de1616;\"><strong><em>Uwaga w czasie transmisji \u201ena \u017cywo\u201d (online) ko\u015bci\u00f3\u0142 jest zamkni\u0119ty. Msze \u015bw. s\u0105 bez udzia\u0142u wiernych (z mo\u017cliwie najmniejsz\u0105 ilo\u015bci\u0105 obs\u0142ugi)<br \/>\nTransmisj\u0119 mo\u017cna \u015bledzi\u0107 na stronie \u201efacebookowej\u201d naszej parafii.<\/em><\/strong><\/span><\/p>\n<p>&nbsp;<\/p>\n<p><span style=\"color: #0000ff;\"><strong><u>Sobota 2. maja. <\/u><\/strong><strong><u>(w Polsce Uroczysto\u015b\u0107 NMP Kr\u00f3lowej Polski) <\/u><\/strong><strong>1. Sobota miesi\u0105ca<\/strong><\/span><\/p>\n<p><span style=\"color: #de1616;\"><strong>(Uwaga !!! W zwi\u0105zku z tym, \u017ce 3. Maja w tym roku przypada w niedziel\u0119, Uroczysto\u015b\u0107 Matki Boskiej Kr\u00f3lowej Polski jest przeniesiona na sobot\u0119 2. Maja <\/strong><\/span><\/p>\n<p><strong>17.00 \u2013 transmisja mszy online z naszego ko\u015bcio\u0142a <\/strong>(mo\u017cna znale\u017a\u0107 na stronie facebooka naszej parafii)<\/p>\n<p><strong>18.00 \u2013 transmisja nabo\u017ce\u0144stwa majowego i r\u00f3\u017ca\u0144cowego<\/strong><\/p>\n<p><strong><u>\u00a0<\/u><\/strong><\/p>\n<p><span style=\"color: #ffcc00;\"><strong><u>Niedziela 3. maja: 4. Niedziela Wielkanocna Mi\u0142osierdzia Bo\u017cego<\/u><\/strong><\/span><\/p>\n<p><strong>08.00 <\/strong><strong>Msza \u015bw. <\/strong>(po polsku)<span style=\"color: #de1616;\"><em> online<\/em><\/span><\/p>\n<p>&nbsp;<\/p>\n<p>od 9.00 do 10.00 <em>dla ch\u0119tnych modlitwa w ciszy, mo\u017cliwo\u015b\u0107 skorzystania ze spowiedzi i przyj\u0119cia Komunii \u015bw. *<\/em><\/p>\n<p><em>\u00a0<\/em><\/p>\n<p><strong>12.00 <\/strong><strong>Msza \u015bw. <\/strong>(po norwesku)<span style=\"color: #de1616;\"><em> online<\/em><\/span><\/p>\n<p><em>\u00a0<\/em><\/p>\n<p>&nbsp;<\/p>\n<p><span style=\"color: #3366ff;\">18 maja br. przypada 100 rocznica urodzin \u015bw. papie\u017ca Jana Paw\u0142a II. Aby godnie uczci\u0107 ten dzie\u0144 i wyrazi\u0107 wdzi\u0119czno\u015b\u0107 Bogu za dar wielkiego Rodaka <strong><u>odprawiona zostanie msza \u015bw. w j\u0119z. polskim 18.05.2020 r. o godz. 20.00.<\/u><\/strong><\/span><\/p>\n<p><span style=\"color: #2d0e9e;\">Od 1. Maja w przedsionku ko\u015bcio\u0142a znajduje si\u0119 wystawa po\u015bwi\u0119cona tej rocznicy<\/span><\/p>\n","protected":false},"excerpt":{"rendered":"<p>Og\u0142oszenia dla Polak\u00f3w z parafii \u015bw. Ansgara w Kristiansad na maj 2020 &nbsp; kunngj\u00f8ringer mai- polsk gruppe &nbsp; W czasie pandemii koronawirusa wszystkie publiczne msze i nabo\u017ce\u0144stwa s\u0105 zawieszone w ca\u0142ej Norwegii do 7. 05.2020. Po tym dniu b\u0119dzie mo\u017cna&#8230;<br \/><a class=\"read-more-button\" href=\"https:\/\/stansgar.katolsk.no\/?p=7356\">Read more<\/a><\/p>\n","protected":false},"author":5,"featured_media":0,"comment_status":"open","ping_status":"open","sticky":false,"template":"","format":"standard","meta":{"footnotes":""},"categories":[491,492],"tags":[],"class_list":["post-7356","post","type-post","status-publish","format-standard","hentry","category-nasjonale-grupper","category-polsk-gruppe"],"_links":{"self":[{"href":"https:\/\/stansgar.katolsk.no\/index.php?rest_route=\/wp\/v2\/posts\/7356","targetHints":{"allow":["GET"]}}],"collection":[{"href":"https:\/\/stansgar.katolsk.no\/index.php?rest_route=\/wp\/v2\/posts"}],"about":[{"href":"https:\/\/stansgar.katolsk.no\/index.php?rest_route=\/wp\/v2\/types\/post"}],"author":[{"embeddable":true,"href":"https:\/\/stansgar.katolsk.no\/index.php?rest_route=\/wp\/v2\/users\/5"}],"replies":[{"embeddable":true,"href":"https:\/\/stansgar.katolsk.no\/index.php?rest_route=%2Fwp%2Fv2%2Fcomments&post=7356"}],"version-history":[{"count":8,"href":"https:\/\/stansgar.katolsk.no\/index.php?rest_route=\/wp\/v2\/posts\/7356\/revisions"}],"predecessor-version":[{"id":7405,"href":"https:\/\/stansgar.katolsk.no\/index.php?rest_route=\/wp\/v2\/posts\/7356\/revisions\/7405"}],"wp:attachment":[{"href":"https:\/\/stansgar.katolsk.no\/index.php?rest_route=%2Fwp%2Fv2%2Fmedia&parent=7356"}],"wp:term":[{"taxonomy":"category","embeddable":true,"href":"https:\/\/stansgar.katolsk.no\/index.php?rest_route=%2Fwp%2Fv2%2Fcategories&post=7356"},{"taxonomy":"post_tag","embeddable":true,"href":"https:\/\/stansgar.katolsk.no\/index.php?rest_route=%2Fwp%2Fv2%2Ftags&post=7356"}],"curies":[{"name":"wp","href":"https:\/\/api.w.org\/{rel}","templated":true}]}}