{"id":734,"date":"2014-04-07T21:06:00","date_gmt":"2014-04-07T19:06:00","guid":{"rendered":"http:\/\/stansgar.katolsk.no\/index.php\/2014\/04\/07\/kunngjringer-sndag-6april-2014\/"},"modified":"2018-10-12T09:12:47","modified_gmt":"2018-10-12T07:12:47","slug":"kunngjringer-sndag-6april-2014","status":"publish","type":"post","link":"https:\/\/stansgar.katolsk.no\/?p=734","title":{"rendered":"Kunngj\u00f8ringer s\u00f8ndag 6.april  2014"},"content":{"rendered":"<div class=\"MsoNormal\" style=\"background-color: white; color: #222222;\">\n<\/div>\n<div class=\"MsoNormal\" style=\"background-color: white; color: #222222; font-size: 13px;\">\n<\/div>\n<div class=\"MsoNormal\" style=\"background-color: white; color: #222222; font-size: 13px;\">\n<b>Tirsdag 8. april<\/b> er det vesper i kirken kl. 17.40, messe kl. 18 og sakramentstilbedelse kl. 18.30 \u2013 19.00<u><\/u><u><\/u><\/div>\n<div class=\"MsoNormal\" style=\"background-color: white; color: #222222; font-size: 13px;\">\n<\/div>\n<div class=\"MsoNormal\" style=\"background-color: white; color: #222222; font-size: 13px;\">\n<b>Tirsdag 8. april<\/b> er alle unge voksne velkommen til det andre m\u00f8tet i den nye 18+ gruppen. Ogs\u00e5 denne gang blir pater Hallvard fra Arendal med. M\u00f8tet begynner med sang\u00f8velse kl. 17.30. Etter messe og tilbedelse sammen med resten av menigheten blir det en samling i KIGA med foredrag, samtale og noe \u00e5 spise. Velkommen til alle 18+<u><\/u><u><\/u><\/div>\n<div class=\"MsoNormal\" style=\"background-color: white; color: #222222; font-size: 13px;\">\n<\/div>\n<div class=\"MsoNormal\" style=\"background-color: white; color: #222222; font-size: 13px;\">\n<b>Torsdag 10. april <\/b>er det messe kl. 11. etterfulgt av formiddagstreff med mat. Messe kl. 18 som vanlig.<u><\/u><u><\/u><\/div>\n<div class=\"MsoNormal\" style=\"background-color: white; color: #222222; font-size: 13px;\">\n<\/div>\n<div class=\"MsoNormal\" style=\"background-color: white; color: #222222; font-size: 13px;\">\n<b>Fredag 11. april<\/b> er det skriftem\u00e5l kl 17.15, messe kl 18 og korsveiandakt kl. 18.30.<u><\/u><u><\/u><\/div>\n<div class=\"MsoNormal\" style=\"background-color: white; color: #222222; font-size: 13px;\">\n<\/div>\n<div class=\"MsoNormal\" style=\"background-color: white; color: #222222; font-size: 13px;\">\n<b>L\u00f8rdag 12. april er det katekese.<\/b><u><\/u><u><\/u><\/div>\n<div class=\"MsoNormal\" style=\"background-color: white; color: #222222; font-size: 13px;\">\n1.- 6. klasse fra kl 10 \u2013 14 og 6. \u2013 9. klasse fra kl. 14.00 \u2013 18.00.<u><\/u><u><\/u><\/div>\n<div class=\"MsoNormal\" style=\"background-color: white; color: #222222; font-size: 13px;\">\n<\/div>\n<div class=\"MsoNormal\" style=\"background-color: white; color: #222222; font-size: 13px;\">\n<u><\/u><u><\/u><\/div>\n<div class=\"MsoNormal\" style=\"background-color: white; color: #222222; font-size: 13px;\">\n<b>L\u00f8rdag 12. april <\/b>vil pater Hallvard Hole fra Arendal h\u00f8re skriftem\u00e5l i St. Ansgar kirke fra kl. 16-17. Dette er en mulighet for dem som helst vil skrifte for en prest fra en annen menighet.<u><\/u><u><\/u><\/div>\n<div class=\"MsoNormal\" style=\"background-color: white; color: #222222; font-size: 13px;\">\n<\/div>\n<div class=\"MsoNormal\" style=\"background-color: white; color: #222222; font-size: 13px;\">\n<b>S\u00f8ndag 13 april<\/b> er det messe p\u00e5 Stella Maris i Mandal kl. 14<u><\/u><u><\/u><\/div>\n<div class=\"MsoNormal\" style=\"background-color: white; color: #222222; font-size: 13px;\">\n<\/div>\n<div class=\"MsoNormal\" style=\"background-color: white; color: #222222; font-size: 13px; line-height: 19px;\">\n<b>S\u00f8ndag 13. april<\/b> er palmes\u00f8ndag. Eget program for den stille uke og p\u00e5skefen kommer snart.<u><\/u><\/div>\n<div class=\"MsoNormal\" style=\"background-color: white; color: #222222; font-size: 13px; line-height: 19px;\">\n<\/div>\n<div class=\"MsoNormal\" style=\"background-color: white; color: #222222; font-size: 13px; line-height: 19px;\">\n<b>Kirkebenkene for galleriet kommer onsdag 9. eller torsdag 10. april. Ta kontakt hvis du kan hjelpe med \u00e5 b\u00e6re.<\/b><\/div>\n<div class=\"MsoNormal\" style=\"background-color: white; color: #222222; font-size: 13px; line-height: 19px;\">\n<\/div>\n<div class=\"MsoNormal\" style=\"background-color: white; color: #222222;\">\n<\/div>\n<div class=\"MsoNormal\" style=\"background-color: white; color: #222222; font-size: 13px;\">\n<\/div>\n<div class=\"MsoNormal\" style=\"background-color: white; color: #222222; font-family: arial, sans-serif; font-size: 13px;\">\n<\/div>\n","protected":false},"excerpt":{"rendered":"<p>Tirsdag 8. april er det vesper i kirken kl. 17.40, messe kl. 18 og sakramentstilbedelse kl. 18.30 \u2013 19.00 Tirsdag 8. april er alle unge voksne velkommen til det andre m\u00f8tet i den nye 18+ gruppen. Ogs\u00e5 denne gang blir&#8230;<br \/><a class=\"read-more-button\" href=\"https:\/\/stansgar.katolsk.no\/?p=734\">Read more<\/a><\/p>\n","protected":false},"author":3,"featured_media":0,"comment_status":"open","ping_status":"open","sticky":false,"template":"","format":"standard","meta":{"footnotes":""},"categories":[1],"tags":[3],"class_list":["post-734","post","type-post","status-publish","format-standard","hentry","category-ukategorisert","tag-kunngjoringer"],"_links":{"self":[{"href":"https:\/\/stansgar.katolsk.no\/index.php?rest_route=\/wp\/v2\/posts\/734","targetHints":{"allow":["GET"]}}],"collection":[{"href":"https:\/\/stansgar.katolsk.no\/index.php?rest_route=\/wp\/v2\/posts"}],"about":[{"href":"https:\/\/stansgar.katolsk.no\/index.php?rest_route=\/wp\/v2\/types\/post"}],"author":[{"embeddable":true,"href":"https:\/\/stansgar.katolsk.no\/index.php?rest_route=\/wp\/v2\/users\/3"}],"replies":[{"embeddable":true,"href":"https:\/\/stansgar.katolsk.no\/index.php?rest_route=%2Fwp%2Fv2%2Fcomments&post=734"}],"version-history":[{"count":1,"href":"https:\/\/stansgar.katolsk.no\/index.php?rest_route=\/wp\/v2\/posts\/734\/revisions"}],"predecessor-version":[{"id":2705,"href":"https:\/\/stansgar.katolsk.no\/index.php?rest_route=\/wp\/v2\/posts\/734\/revisions\/2705"}],"wp:attachment":[{"href":"https:\/\/stansgar.katolsk.no\/index.php?rest_route=%2Fwp%2Fv2%2Fmedia&parent=734"}],"wp:term":[{"taxonomy":"category","embeddable":true,"href":"https:\/\/stansgar.katolsk.no\/index.php?rest_route=%2Fwp%2Fv2%2Fcategories&post=734"},{"taxonomy":"post_tag","embeddable":true,"href":"https:\/\/stansgar.katolsk.no\/index.php?rest_route=%2Fwp%2Fv2%2Ftags&post=734"}],"curies":[{"name":"wp","href":"https:\/\/api.w.org\/{rel}","templated":true}]}}