{"id":733,"date":"2014-04-09T10:47:00","date_gmt":"2014-04-09T08:47:00","guid":{"rendered":"http:\/\/stansgar.katolsk.no\/index.php\/2014\/04\/09\/polsk-retre\/"},"modified":"2018-10-12T09:12:47","modified_gmt":"2018-10-12T07:12:47","slug":"polsk-retre","status":"publish","type":"post","link":"https:\/\/stansgar.katolsk.no\/?p=733","title":{"rendered":"Polsk retrett"},"content":{"rendered":"<div align=\"center\" class=\"MsoNormal\" style=\"text-align: center;\">\n<b style=\"mso-bidi-font-weight: normal;\"><\/b><\/div>\n<div align=\"center\" class=\"MsoNormal\" style=\"text-align: center;\">\n<b><br \/><\/b><\/div>\n<div class=\"separator\" style=\"clear: both; text-align: center;\">\n<a href=\"http:\/\/stansgar.katolsk.no\/wp-content\/uploads\/2014\/04\/Uten-navn1.png\" imageanchor=\"1\" style=\"margin-left: 1em; margin-right: 1em;\"><img loading=\"lazy\" decoding=\"async\" border=\"0\" src=\"http:\/\/stansgar.katolsk.no\/wp-content\/uploads\/2014\/04\/Uten-navn1.png\" height=\"46\" width=\"400\" \/><\/a><\/div>\n<div align=\"center\" class=\"MsoNormal\" style=\"text-align: center;\">\n<\/div>\n<div align=\"center\" class=\"MsoNormal\" style=\"text-align: center;\">\n<b>11-13.04.2014 r. &#8211; KRISTIANSAND<\/b><\/div>\n<div align=\"center\" class=\"MsoNormal\" style=\"text-align: center;\">\n<\/div>\n<div align=\"center\" class=\"MsoNormal\" style=\"text-align: center;\">\n<strong><\/strong><b style=\"mso-bidi-font-weight: normal;\"><\/b><\/div>\n<div class=\"separator\" style=\"clear: both; text-align: center;\">\n<\/div>\n<div class=\"MsoNormal\">\n&nbsp; &nbsp; &nbsp; &nbsp; &nbsp; &nbsp; &nbsp; &nbsp; &nbsp; &nbsp; &nbsp;<\/div>\n<div class=\"separator\" style=\"clear: both; text-align: center;\">\n<a href=\"http:\/\/stansgar.katolsk.no\/wp-content\/uploads\/2014\/04\/Uten-navn2.png\" imageanchor=\"1\" style=\"margin-left: 1em; margin-right: 1em;\"><img loading=\"lazy\" decoding=\"async\" border=\"0\" src=\"http:\/\/stansgar.katolsk.no\/wp-content\/uploads\/2014\/04\/Uten-navn2.png\" height=\"61\" width=\"400\" \/><\/a><\/div>\n<div class=\"separator\" style=\"clear: both; text-align: center;\">\n<\/div>\n<div class=\"separator\" style=\"clear: both; text-align: center;\">\n<\/div>\n<p><\/p>\n<div class=\"MsoNormal\">\n&nbsp;&nbsp;&nbsp;&nbsp; Pi\u0105tek -11 kwiecie\u0144<\/div>\n<div class=\"MsoNormal\" style=\"margin-left: 106.5pt; mso-list: l0 level1 lfo1; tab-stops: list 106.5pt; text-indent: -18.0pt;\">\n\u00a7&nbsp; 19.00 \u2013 Droga<br \/>\nKrzy\u017cowa<\/div>\n<div class=\"MsoNormal\" style=\"margin-left: 106.5pt; mso-list: l0 level1 lfo1; tab-stops: list 106.5pt; text-indent: -18.0pt;\">\n\u00a7&nbsp; 19.30 \u2013 Msza \u015bw. z nauk\u0105<br \/>\nrekolekcyjn\u0105<\/div>\n<div class=\"MsoNormal\" style=\"margin-left: 88.5pt;\">\n<\/div>\n<div class=\"MsoNormal\">\n&nbsp;&nbsp;&nbsp;&nbsp; Sobota-12 kwiecie\u0144<\/div>\n<div class=\"MsoNormal\" style=\"margin-left: 106.5pt; mso-list: l2 level1 lfo2; tab-stops: list 106.5pt; text-indent: -18.0pt;\">\n\u00a7&nbsp; 18.00- Spowied\u017a \u015bw.<\/div>\n<div class=\"MsoNormal\" style=\"margin-left: 106.5pt; mso-list: l2 level1 lfo2; tab-stops: list 106.5pt; text-indent: -18.0pt;\">\n\u00a7&nbsp; 18.45- Koronka do<br \/>\nBo\u017cego Mi\u0142osierdzia<\/div>\n<div class=\"MsoNormal\" style=\"margin-left: 106.5pt; mso-list: l2 level1 lfo2; tab-stops: list 106.5pt; text-indent: -18.0pt;\">\n\u00a7&nbsp; 19.00- Msza \u015bw. z<br \/>\nnauk\u0105 rekolekcyjn\u0105<\/div>\n<div class=\"MsoNormal\" style=\"margin-left: 106.5pt; mso-list: l2 level1 lfo2; tab-stops: list 106.5pt; text-indent: -18.0pt;\">\n\u00a7&nbsp; 20.00-Apel Maryjny<\/div>\n<div class=\"MsoNormal\" style=\"margin-left: 88.5pt; text-indent: -52.5pt;\">\n<\/div>\n<div class=\"MsoNormal\" style=\"margin-left: 88.5pt; tab-stops: 36.0pt; text-indent: -52.5pt;\">\nNiedziela-13<br \/>\nkwiecie\u0144<\/div>\n<div class=\"MsoNormal\" style=\"margin-left: 106.5pt; mso-list: l1 level1 lfo3; tab-stops: 36.0pt list 106.5pt; text-indent: -18.0pt;\">\n\u00a7&nbsp; 9.00-Spowied\u017a \u015bw.<\/div>\n<div class=\"MsoNormal\" style=\"margin-left: 106.5pt; mso-list: l1 level1 lfo3; tab-stops: 36.0pt list 106.5pt; text-indent: -18.0pt;\">\n\u00a7&nbsp; 9.30-Msza \u015bw. z<br \/>\nnauk\u0105 rekolekcyjn\u0105<\/div>\n<div class=\"MsoNormal\" style=\"margin-left: 106.5pt; mso-list: l1 level1 lfo3; tab-stops: 36.0pt list 106.5pt; text-indent: -18.0pt;\">\n\u00a7&nbsp; 13.30-Spowied\u017a \u015bw.<br \/>\nMANDAL<\/div>\n<div class=\"MsoNormal\" style=\"margin-left: 106.5pt; mso-list: l1 level1 lfo3; tab-stops: 36.0pt list 106.5pt; text-indent: -18.0pt;\">\n\u00a7&nbsp; 14.00-Msza \u015bw. z<br \/>\nnauk\u0105 rekolekcyjn\u0105<\/div>\n<div class=\"MsoNormal\" style=\"margin-left: 106.5pt; mso-list: l1 level1 lfo3; tab-stops: 36.0pt list 106.5pt; text-indent: -18.0pt;\">\n\u00a7&nbsp; 15.00-Droga Krzy\u017cowa<\/div>\n<div class=\"MsoNormal\" style=\"margin-left: 88.5pt; tab-stops: 36.0pt;\">\n<\/div>\n<p><\/p>\n<div align=\"center\" class=\"MsoNormal\" style=\"margin-left: 88.5pt; tab-stops: 36.0pt; text-align: center; text-indent: -52.5pt;\">\n<strong>Rekolekcje wielkopostne <\/strong>wyg\u0142osi <strong>Ksi\u0105dz misjonarz z diecezji<br \/>\nodesko-symferopolskiej.<\/strong><\/div>\n","protected":false},"excerpt":{"rendered":"<p>11-13.04.2014 r. &#8211; KRISTIANSAND &nbsp; &nbsp; &nbsp; &nbsp; &nbsp; &nbsp; &nbsp; &nbsp; &nbsp; &nbsp; &nbsp; &nbsp;&nbsp;&nbsp;&nbsp; Pi\u0105tek -11 kwiecie\u0144 \u00a7&nbsp; 19.00 \u2013 Droga Krzy\u017cowa \u00a7&nbsp; 19.30 \u2013 Msza \u015bw. z nauk\u0105 rekolekcyjn\u0105 &nbsp;&nbsp;&nbsp;&nbsp; Sobota-12 kwiecie\u0144 \u00a7&nbsp; 18.00- Spowied\u017a \u015bw. \u00a7&nbsp;&#8230;<br \/><a class=\"read-more-button\" href=\"https:\/\/stansgar.katolsk.no\/?p=733\">Read more<\/a><\/p>\n","protected":false},"author":3,"featured_media":2702,"comment_status":"open","ping_status":"open","sticky":false,"template":"","format":"standard","meta":{"footnotes":""},"categories":[1],"tags":[15,30],"class_list":["post-733","post","type-post","status-publish","format-standard","has-post-thumbnail","hentry","category-ukategorisert","tag-polsk","tag-retrett"],"_links":{"self":[{"href":"https:\/\/stansgar.katolsk.no\/index.php?rest_route=\/wp\/v2\/posts\/733","targetHints":{"allow":["GET"]}}],"collection":[{"href":"https:\/\/stansgar.katolsk.no\/index.php?rest_route=\/wp\/v2\/posts"}],"about":[{"href":"https:\/\/stansgar.katolsk.no\/index.php?rest_route=\/wp\/v2\/types\/post"}],"author":[{"embeddable":true,"href":"https:\/\/stansgar.katolsk.no\/index.php?rest_route=\/wp\/v2\/users\/3"}],"replies":[{"embeddable":true,"href":"https:\/\/stansgar.katolsk.no\/index.php?rest_route=%2Fwp%2Fv2%2Fcomments&post=733"}],"version-history":[{"count":1,"href":"https:\/\/stansgar.katolsk.no\/index.php?rest_route=\/wp\/v2\/posts\/733\/revisions"}],"predecessor-version":[{"id":2704,"href":"https:\/\/stansgar.katolsk.no\/index.php?rest_route=\/wp\/v2\/posts\/733\/revisions\/2704"}],"wp:featuredmedia":[{"embeddable":true,"href":"https:\/\/stansgar.katolsk.no\/index.php?rest_route=\/wp\/v2\/media\/2702"}],"wp:attachment":[{"href":"https:\/\/stansgar.katolsk.no\/index.php?rest_route=%2Fwp%2Fv2%2Fmedia&parent=733"}],"wp:term":[{"taxonomy":"category","embeddable":true,"href":"https:\/\/stansgar.katolsk.no\/index.php?rest_route=%2Fwp%2Fv2%2Fcategories&post=733"},{"taxonomy":"post_tag","embeddable":true,"href":"https:\/\/stansgar.katolsk.no\/index.php?rest_route=%2Fwp%2Fv2%2Ftags&post=733"}],"curies":[{"name":"wp","href":"https:\/\/api.w.org\/{rel}","templated":true}]}}