{"id":731,"date":"2014-04-10T17:43:00","date_gmt":"2014-04-10T15:43:00","guid":{"rendered":"http:\/\/stansgar.katolsk.no\/index.php\/2014\/04\/10\/den-stille-uke-og-pasken-2014-i-stansgar\/"},"modified":"2018-10-12T09:12:47","modified_gmt":"2018-10-12T07:12:47","slug":"den-stille-uke-og-pasken-2014-i-stansgar","status":"publish","type":"post","link":"https:\/\/stansgar.katolsk.no\/?p=731","title":{"rendered":"Den stille uke og p\u00e5sken 2014 i St.Ansgar"},"content":{"rendered":"<p><\/p>\n<div class=\"separator\" style=\"clear: both; text-align: center;\">\n<a href=\"http:\/\/www.santiebeati.it\/immagini\/Original\/20254\/20254G.JPG\" imageanchor=\"1\" style=\"clear: left; float: left; margin-bottom: 1em; margin-right: 1em;\"><img loading=\"lazy\" decoding=\"async\" border=\"0\" src=\"http:\/\/www.santiebeati.it\/immagini\/Original\/20254\/20254G.JPG\" height=\"400\" width=\"267\" \/><\/a><\/div>\n<div align=\"left\" class=\"MsoNormal\" style=\"background-color: white; color: #222222; margin: 0cm 0cm 0.0001pt; text-align: left; text-indent: 0cm;\">\n<\/div>\n<div align=\"left\" class=\"MsoNormal\" style=\"background-color: white; color: #222222; font-size: 13px; margin: 0cm 0cm 0.0001pt; text-align: left; text-indent: 0cm;\">\n<\/div>\n<div align=\"left\" class=\"MsoNormal\" style=\"background-color: white; color: #222222; font-size: 13px; margin: 0cm 0cm 0.0001pt; text-align: left; text-indent: 0cm;\">\n<\/div>\n<div align=\"left\" class=\"MsoNormal\" style=\"background-color: white; color: #222222; font-size: 13px; margin: 0cm 0cm 0.0001pt; text-align: left; text-indent: 0cm;\">\n<\/div>\n<div align=\"left\" class=\"MsoNormal\" style=\"background-color: white; color: #222222; font-size: 13px; margin: 0cm 0cm 0.0001pt; text-align: left; text-indent: 0cm;\">\n<\/div>\n<div align=\"left\" class=\"MsoNormal\" style=\"background-color: white; color: #222222; font-size: 13px; margin: 0cm 0cm 0.0001pt; text-align: left; text-indent: 0cm;\">\n<b>Palmes\u00f8ndag 13. april<\/b><u><\/u><\/div>\n<div align=\"left\" class=\"MsoNormal\" style=\"background-color: white; color: #222222; font-size: 13px; margin: 0cm 0cm 0.0001pt; text-align: left; text-indent: 0cm;\">\nkl. 9.30 &nbsp;&nbsp;&nbsp;&nbsp;&nbsp;&nbsp;&nbsp; Messe p\u00e5 polsk<u><\/u><u><\/u><\/div>\n<div align=\"left\" class=\"MsoNormal\" style=\"background-color: white; color: #222222; font-size: 13px; margin: 0cm 0cm 0.0001pt; text-align: left; text-indent: 0cm;\">\nkl 11.00&nbsp;&nbsp;&nbsp;&nbsp;&nbsp;&nbsp;&nbsp; Palmevigsel, prosesjon og h\u00f8ymesse p\u00e5 norsk<u><\/u><u><\/u><\/div>\n<div align=\"left\" class=\"MsoNormal\" style=\"background-color: white; color: #222222; font-size: 13px; margin: 0cm 0cm 0.0001pt; text-align: left; text-indent: 0cm;\">\nkl.13.00&nbsp;&nbsp;&nbsp;&nbsp;&nbsp;&nbsp;&nbsp; Palmevigsel, prosesjon og h\u00f8ymesse p\u00e5 vietnamesisk<u><\/u><u><\/u><\/div>\n<div align=\"left\" class=\"MsoNormal\" style=\"background-color: white; color: #222222; font-size: 13px; margin: 0cm 0cm 0.0001pt; text-align: left; text-indent: 0cm;\">\nKl.18.00&nbsp;&nbsp;&nbsp;&nbsp;&nbsp;&nbsp;&nbsp; Messe p\u00e5 engelsk<u><\/u><u><\/u><\/div>\n<div align=\"left\" class=\"MsoNormal\" style=\"background-color: white; color: #222222; font-size: 13px; margin: 0cm 0cm 0.0001pt; text-align: left; text-indent: 0cm;\">\n<\/div>\n<div align=\"left\" class=\"MsoNormal\" style=\"background-color: white; color: #222222; font-size: 13px; margin: 0cm 0cm 0.0001pt; text-align: left; text-indent: 0cm;\">\n<\/div>\n<div align=\"left\" class=\"MsoNormal\" style=\"background-color: white; color: #222222; font-size: 13px; margin: 0cm 0cm 0.0001pt; text-align: left; text-indent: 0cm;\">\n<\/div>\n<div align=\"left\" class=\"MsoNormal\" style=\"background-color: white; color: #222222; font-size: 13px; margin: 0cm 0cm 0.0001pt; text-align: left; text-indent: 0cm;\">\n<\/div>\n<div align=\"left\" class=\"MsoNormal\" style=\"background-color: white; color: #222222; font-size: 13px; margin: 0cm 0cm 0.0001pt; text-align: left; text-indent: 0cm;\">\n<\/div>\n<div align=\"left\" class=\"MsoNormal\" style=\"background-color: white; color: #222222; font-size: 13px; margin: 0cm 0cm 0.0001pt; text-align: left; text-indent: 0cm;\">\n<\/div>\n<div align=\"left\" class=\"MsoNormal\" style=\"background-color: white; color: #222222; font-size: 13px; margin: 0cm 0cm 0.0001pt; text-align: left; text-indent: 0cm;\">\n<b style=\"background-color: white; font-family: Times, 'Times New Roman', serif; font-size: 14pt; text-indent: 0cm;\"><br \/><\/b><br \/>\n<b style=\"background-color: white; font-family: Times, 'Times New Roman', serif; font-size: 14pt; text-indent: 0cm;\"><br \/><\/b><br \/>\n<b style=\"background-color: white; font-family: Times, 'Times New Roman', serif; font-size: 14pt; text-indent: 0cm;\"><br \/><\/b><br \/>\n<b style=\"background-color: white; font-family: Times, 'Times New Roman', serif; font-size: 14pt; text-indent: 0cm;\">Mandag i den stille uke 14. april<\/b><\/div>\n<div align=\"left\" class=\"MsoNormal\" style=\"background-color: white; color: #222222; font-size: 13px; margin: 0cm 0cm 0.0001pt; text-align: left; text-indent: 0cm;\">\nkl.18.00&nbsp;&nbsp;&nbsp;&nbsp;&nbsp;&nbsp;&nbsp; Messe p\u00e5 norsk<u><\/u><u><\/u><\/div>\n<div align=\"left\" class=\"MsoNormal\" style=\"background-color: white; color: #222222; font-size: 13px; margin: 0cm 0cm 0.0001pt; text-align: left; text-indent: 0cm;\">\n<\/div>\n<div align=\"left\" class=\"MsoNormal\" style=\"background-color: white; color: #222222; font-size: 13px; margin: 0cm 0cm 0.0001pt; text-align: left; text-indent: 0cm;\">\n<b>Tirsdag i den stille uke 15. april&nbsp;<\/b><u><\/u><\/div>\n<div align=\"left\" class=\"MsoNormal\" style=\"background-color: white; color: #222222; font-size: 13px; margin: 0cm 0cm 0.0001pt; text-align: left; text-indent: 0cm;\">\nIngen messe. Oljevigselsmesse i St.Olav domkirke i Oslo<u><\/u><u><\/u><\/div>\n<div align=\"left\" class=\"MsoNormal\" style=\"background-color: white; color: #222222; font-size: 13px; margin: 0cm 0cm 0.0001pt; text-align: left; text-indent: 0cm;\">\n<\/div>\n<div align=\"left\" class=\"MsoNormal\" style=\"background-color: white; color: #222222; font-size: 13px; margin: 0cm 0cm 0.0001pt; text-align: left; text-indent: 0cm;\">\n<b>Onsdag i den stille uke 16. april<\/b><u><\/u><\/div>\n<div align=\"left\" class=\"MsoNormal\" style=\"background-color: white; color: #222222; font-size: 13px; margin: 0cm 0cm 0.0001pt; text-align: left; text-indent: 0cm;\">\nkl.18.00&nbsp;&nbsp;&nbsp;&nbsp;&nbsp;&nbsp;&nbsp; Messe p\u00e5 norsk<u><\/u><u><\/u><\/div>\n<div align=\"left\" class=\"MsoNormal\" style=\"background-color: white; color: #222222; font-size: 13px; margin: 0cm 0cm 0.0001pt; text-align: left; text-indent: 0cm;\">\n<\/div>\n<div class=\"separator\" style=\"clear: both; text-align: center;\">\n<a href=\"http:\/\/www.santiebeati.it\/immagini\/Original\/20256\/20256AG.JPG\" imageanchor=\"1\" style=\"clear: right; float: right; margin-bottom: 1em; margin-left: 1em;\"><img loading=\"lazy\" decoding=\"async\" border=\"0\" src=\"http:\/\/www.santiebeati.it\/immagini\/Original\/20256\/20256AG.JPG\" height=\"232\" width=\"320\" \/><\/a><\/div>\n<div align=\"left\" class=\"MsoNormal\" style=\"background-color: white; color: #222222; font-size: 13px; margin: 0cm 0cm 0.0001pt; text-align: left; text-indent: 0cm;\">\n<\/div>\n<div align=\"left\" class=\"MsoNormal\" style=\"background-color: white; color: #222222; font-size: 13px; margin: 0cm 0cm 0.0001pt; text-align: left; text-indent: 0cm;\">\n<b>Skj\u00e6rtorsdag 17. april<\/b><\/div>\n<div align=\"left\" class=\"MsoNormal\" style=\"background-color: white; color: #222222; font-size: 13px; margin: 0cm 0cm 0.0001pt; text-align: left; text-indent: 0cm;\">\nkl 15.00 &nbsp; &nbsp; &nbsp; &nbsp;Messe p\u00e5 polsk<u><\/u><u><\/u><\/div>\n<div align=\"left\" class=\"MsoNormal\" style=\"background-color: white; color: #222222; font-size: 13px; margin: 0cm 0cm 0.0001pt; text-align: left; text-indent: 0cm;\">\nkl.16.30&nbsp;&nbsp;&nbsp;&nbsp;&nbsp;&nbsp;&nbsp; Messe p\u00e5 vietnamesisk<u><\/u><u><\/u><\/div>\n<div align=\"left\" class=\"MsoNormal\" style=\"background-color: white; color: #222222; font-size: 13px; margin: 0cm 0cm 0.0001pt; text-align: left; text-indent: 0cm;\">\nkl.19.00&nbsp;&nbsp;&nbsp;&nbsp;&nbsp;&nbsp;&nbsp; Messe p\u00e5 norsk, deretter tilbedelse og skriftem\u00e5l inntil midnatt.<u><\/u><u><\/u><\/div>\n<div align=\"left\" class=\"MsoNormal\" style=\"background-color: white; color: #222222; font-size: 13px; margin: 0cm 0cm 0.0001pt; text-align: left; text-indent: 0cm;\">\n<\/div>\n<div align=\"left\" class=\"MsoNormal\" style=\"background-color: white; color: #222222; font-size: 13px; margin: 0cm 0cm 0.0001pt; text-align: left; text-indent: 0cm;\">\n<\/div>\n<div align=\"left\" class=\"MsoNormal\" style=\"background-color: white; color: #222222; font-size: 13px; margin: 0cm 0cm 0.0001pt; text-align: left; text-indent: 0cm;\">\n<\/div>\n<div align=\"left\" class=\"MsoNormal\" style=\"background-color: white; color: #222222; font-size: 13px; margin: 0cm 0cm 0.0001pt; text-align: left; text-indent: 0cm;\">\n<\/div>\n<div align=\"left\" class=\"MsoNormal\" style=\"background-color: white; color: #222222; font-size: 13px; margin: 0cm 0cm 0.0001pt; text-align: left; text-indent: 0cm;\">\n<\/div>\n<div align=\"left\" class=\"MsoNormal\" style=\"background-color: white; color: #222222; font-size: 13px; margin: 0cm 0cm 0.0001pt; text-align: left; text-indent: 0cm;\">\n<\/div>\n<div align=\"left\" class=\"MsoNormal\" style=\"background-color: white; color: #222222; font-size: 13px; margin: 0cm 0cm 0.0001pt; text-align: left; text-indent: 0cm;\">\n<\/div>\n<div align=\"left\" class=\"MsoNormal\" style=\"background-color: white; font-size: 13px; margin: 0cm 0cm 0.0001pt; text-align: left; text-indent: 0cm;\">\n<b>Langfredag 18. april&nbsp;(faste- og abstinensdag)<\/b><u><\/u><u><\/u><\/div>\n<div align=\"left\" class=\"MsoNormal\" style=\"background-color: white; color: #222222; font-size: 13px; margin: 0cm 0cm 0.0001pt; text-align: left; text-indent: 0cm;\">\nkl.10.00&nbsp;&nbsp;&nbsp;&nbsp;&nbsp;&nbsp;&nbsp; Matutin og laudes (sunget morgenb\u00f8nn) p\u00e5 norsk<u><\/u><u><\/u><\/div>\n<div align=\"left\" class=\"MsoNormal\" style=\"background-color: white; color: #222222; font-size: 13px; margin: 0cm 0cm 0.0001pt; text-align: left; text-indent: 0cm;\">\nkl.11.00&nbsp;&nbsp;&nbsp;&nbsp;&nbsp;&nbsp;&nbsp; Skriftem\u00e5l<u><\/u><u><\/u><\/div>\n<div align=\"left\" class=\"MsoNormal\" style=\"background-color: white; color: #222222; font-size: 13px; margin: 0cm 0cm 0.0001pt; text-align: left; text-indent: 0cm;\">\nkl.13.00&nbsp;&nbsp;&nbsp;&nbsp;&nbsp;&nbsp;&nbsp; Langfredagsliturgi p\u00e5 vietnamesisk<u><\/u><u><\/u><\/div>\n<div align=\"left\" class=\"MsoNormal\" style=\"background-color: white; color: #222222; font-size: 13px; margin: 0cm 0cm 0.0001pt; text-align: left; text-indent: 0cm;\">\nkl.15.00&nbsp;&nbsp;&nbsp;&nbsp;&nbsp;&nbsp;&nbsp; Langfredagsliturgi p\u00e5 norsk<u><\/u><br \/>\nkl. 17.00 &nbsp; &nbsp; &nbsp; \u00d8kumenisk korsvei i byen. Starter ved St.Ansgar kirke<\/div>\n<div align=\"left\" class=\"MsoNormal\" style=\"background-color: white; color: #222222; font-size: 13px; margin: 0cm 0cm 0.0001pt; text-align: left; text-indent: 0cm;\">\nkl.18.00&nbsp;&nbsp;&nbsp;&nbsp;&nbsp;&nbsp;&nbsp; Langfredagsliturgi p\u00e5 polsk<u><\/u><u><\/u><\/div>\n<div class=\"separator\" style=\"clear: both; text-align: center;\">\n<a href=\"http:\/\/www.santiebeati.it\/immagini\/Original\/20258\/20258.JPG\" imageanchor=\"1\" style=\"margin-left: 1em; margin-right: 1em;\"><img loading=\"lazy\" decoding=\"async\" border=\"0\" src=\"http:\/\/www.santiebeati.it\/immagini\/Original\/20258\/20258.JPG\" height=\"320\" width=\"255\" \/><\/a><\/div>\n<div align=\"left\" class=\"MsoNormal\" style=\"background-color: white; color: #222222; font-size: 13px; margin: 0cm 0cm 0.0001pt; text-align: left; text-indent: 0cm;\">\n<\/div>\n<div align=\"left\" class=\"MsoNormal\" style=\"background-color: white; color: #222222; font-size: 13px; margin: 0cm 0cm 0.0001pt; text-align: left; text-indent: 0cm;\">\n<b>P\u00e5skeaften 19. april<\/b><u><\/u><\/div>\n<div align=\"left\" class=\"MsoNormal\" style=\"background-color: white; color: #222222; font-size: 13px; margin: 0cm 0cm 0.0001pt; text-align: left; text-indent: 0cm;\">\nkl.10.00&nbsp;&nbsp;&nbsp;&nbsp;&nbsp;&nbsp;&nbsp; Matutin og laudes (sunget morgenb\u00f8nn) p\u00e5 norsk<\/div>\n<div align=\"left\" class=\"MsoNormal\" style=\"background-color: white; color: #222222; margin: 0cm 0cm 0.0001pt; text-align: left; text-indent: 0cm;\">\n<div style=\"font-size: 13px;\">\nkl.12.00&nbsp;&nbsp;&nbsp;&nbsp;&nbsp;&nbsp;&nbsp; Velsignelse av p\u00e5skemat p\u00e5 polsk<br \/>\nkl.15.00 &nbsp; &nbsp; &nbsp; &nbsp;Messe p\u00e5 polsk og velsignelse av p\u00e5skemat i Flekkefjord<br \/>\nkl.18.00 &nbsp; &nbsp; &nbsp; &nbsp;Messe p\u00e5 polsk og velsignelse av p\u00e5skemat i Mandal(Stella Maris).<\/div>\n<\/div>\n<div align=\"left\" class=\"MsoNormal\" style=\"background-color: white; color: #222222; font-size: 13px; margin: 0cm 0cm 0.0001pt; text-align: left; text-indent: 0cm;\">\nkl.21.00 &nbsp; &nbsp; &nbsp; &nbsp;Felles p\u00e5skevigilie i St.Ansgar. Etter messen er alle velkommen til &nbsp;<br \/>\n&nbsp; &nbsp; &nbsp; &nbsp; &nbsp; &nbsp; &nbsp; &nbsp; &nbsp; &nbsp; &nbsp;hyggelig samv\u00e6r i menighetslokalet.<u><\/u><u><\/u><\/div>\n<div align=\"left\" class=\"MsoNormal\" style=\"background-color: white; color: #222222; font-size: 13px; margin: 0cm 0cm 0.0001pt; text-align: left; text-indent: 0cm;\">\n<\/div>\n<div align=\"left\" class=\"MsoNormal\" style=\"background-color: white; color: #222222; font-size: 13px; margin: 0cm 0cm 0.0001pt; text-align: left; text-indent: 0cm;\">\n<\/div>\n<div align=\"left\" class=\"MsoNormal\" style=\"background-color: white; color: #222222; font-size: 13px; margin: 0cm 0cm 0.0001pt; text-align: left; text-indent: 0cm;\">\n<a href=\"http:\/\/www.santiebeati.it\/immagini\/Original\/20260\/20260AH.JPG\" imageanchor=\"1\" style=\"clear: right; float: right; margin-bottom: 1em; margin-left: 1em;\"><img loading=\"lazy\" decoding=\"async\" border=\"0\" src=\"http:\/\/www.santiebeati.it\/immagini\/Original\/20260\/20260AH.JPG\" height=\"400\" width=\"305\" \/><\/a><\/div>\n<div align=\"left\" class=\"MsoNormal\" style=\"background-color: white; color: #222222; font-size: 13px; margin: 0cm 0cm 0.0001pt; text-align: left; text-indent: 0cm;\">\n<\/div>\n<div align=\"left\" class=\"MsoNormal\" style=\"background-color: white; color: #222222; font-size: 13px; margin: 0cm 0cm 0.0001pt; text-align: left; text-indent: 0cm;\">\n<u><\/u>&nbsp;<b style=\"font-family: Times, 'Times New Roman', serif; font-size: 14pt; text-indent: 0cm;\">P\u00e5skes\u00f8ndag 20. april<\/b><\/div>\n<div align=\"left\" class=\"MsoNormal\" style=\"background-color: white; color: #222222; font-size: 13px; margin: 0cm 0cm 0.0001pt; text-align: left; text-indent: 0cm;\">\nkl. 9.30&nbsp;&nbsp;&nbsp;&nbsp;&nbsp;&nbsp;&nbsp;&nbsp;&nbsp;&nbsp;&nbsp;&nbsp;&nbsp;&nbsp;&nbsp;&nbsp;&nbsp;&nbsp;&nbsp;&nbsp; Messe p\u00e5 polsk<u><\/u><u><\/u><\/div>\n<div align=\"left\" class=\"MsoNormal\" style=\"background-color: white; color: #222222; font-size: 13px; margin: 0cm 0cm 0.0001pt; text-align: left; text-indent: 0cm;\">\nkl.11.00&nbsp;&nbsp;&nbsp;&nbsp;&nbsp;&nbsp;&nbsp; P\u00e5skedagens h\u00f8ymesse p\u00e5 norsk<u><\/u><u><\/u><\/div>\n<div align=\"left\" class=\"MsoNormal\" style=\"background-color: white; color: #222222; font-size: 13px; margin: 0cm 0cm 0.0001pt; text-align: left; text-indent: 0cm;\">\nkl.13.00&nbsp;&nbsp;&nbsp;&nbsp;&nbsp;&nbsp;&nbsp; P\u00e5skedagens h\u00f8ymesse p\u00e5 vietnamesisk<u><\/u><u><\/u><\/div>\n<div align=\"left\" class=\"MsoNormal\" style=\"background-color: white; color: #222222; font-size: 13px; margin: 0cm 0cm 0.0001pt; text-align: left; text-indent: 0cm;\">\nkl.14.00&nbsp;&nbsp;&nbsp;&nbsp;&nbsp;&nbsp;&nbsp; Messe p\u00e5 Stella Maris<u><\/u><u><\/u><br \/>\nkl.16.00 &nbsp; &nbsp; &nbsp; &nbsp;Messe p\u00e5 litauisk<\/div>\n<div align=\"left\" class=\"MsoNormal\" style=\"background-color: white; color: #222222; font-size: 13px; margin: 0cm 0cm 0.0001pt; text-align: left; text-indent: 0cm;\">\nkl.18.00&nbsp;&nbsp;&nbsp;&nbsp;&nbsp;&nbsp;&nbsp; Messe p\u00e5 engelsk<u><\/u><u><\/u><\/div>\n<div align=\"left\" class=\"MsoNormal\" style=\"background-color: white; color: #222222; font-size: 13px; margin: 0cm 0cm 0.0001pt; text-align: left; text-indent: 0cm;\">\n<\/div>\n<div align=\"left\" class=\"MsoNormal\" style=\"background-color: white; color: #222222; font-size: 13px; margin: 0cm 0cm 0.0001pt; text-align: left; text-indent: 0cm;\">\n<b>2. p\u00e5skedag 21. april<\/b><u><\/u><\/div>\n<div align=\"left\" class=\"MsoNormal\" style=\"background-color: white; color: #222222; font-size: 13px; margin: 0cm 0cm 0.0001pt; text-align: left; text-indent: 0cm;\">\nkl.09.30&nbsp;&nbsp;&nbsp;&nbsp;&nbsp;&nbsp;&nbsp; Messe p\u00e5 polsk<u><\/u><u><\/u><\/div>\n<div align=\"left\" class=\"MsoNormal\" style=\"background-color: white; color: #222222; font-size: 13px; margin: 0cm 0cm 0.0001pt; text-align: left; text-indent: 0cm;\">\nkl.11.00&nbsp;&nbsp;&nbsp;&nbsp;&nbsp;&nbsp;&nbsp; Messe p\u00e5 norsk<u><\/u><u><\/u><\/div>\n<div align=\"left\" class=\"MsoNormal\" style=\"background-color: white; color: #222222; font-size: 13px; margin: 0cm 0cm 0.0001pt; text-align: left; text-indent: 0cm;\">\nkl.12.00&nbsp;&nbsp;&nbsp;&nbsp;&nbsp;&nbsp;&nbsp; Messe i Farsund<u><\/u><u><\/u><\/div>\n<div align=\"left\" class=\"MsoNormal\" style=\"background-color: white; color: #222222; font-size: 13px; margin: 0cm 0cm 0.0001pt; text-align: left; text-indent: 0cm;\">\nkl.16.00&nbsp;&nbsp;&nbsp;&nbsp;&nbsp;&nbsp;&nbsp; Messe i Flekkefjord<u><\/u><u><\/u><\/div>\n<div align=\"left\" class=\"MsoNormal\" style=\"background-color: white; color: #222222; font-family: arial, sans-serif; font-size: 13px; margin: 0cm 0cm 0.0001pt; text-align: left; text-indent: 0cm;\">\n<\/div>\n","protected":false},"excerpt":{"rendered":"<p>Palmes\u00f8ndag 13. april kl. 9.30 &nbsp;&nbsp;&nbsp;&nbsp;&nbsp;&nbsp;&nbsp; Messe p\u00e5 polsk kl 11.00&nbsp;&nbsp;&nbsp;&nbsp;&nbsp;&nbsp;&nbsp; Palmevigsel, prosesjon og h\u00f8ymesse p\u00e5 norsk kl.13.00&nbsp;&nbsp;&nbsp;&nbsp;&nbsp;&nbsp;&nbsp; Palmevigsel, prosesjon og h\u00f8ymesse p\u00e5 vietnamesisk Kl.18.00&nbsp;&nbsp;&nbsp;&nbsp;&nbsp;&nbsp;&nbsp; Messe p\u00e5 engelsk Mandag i den stille uke 14. april kl.18.00&nbsp;&nbsp;&nbsp;&nbsp;&nbsp;&nbsp;&nbsp; Messe p\u00e5 norsk Tirsdag&#8230;<br \/><a class=\"read-more-button\" href=\"https:\/\/stansgar.katolsk.no\/?p=731\">Read more<\/a><\/p>\n","protected":false},"author":3,"featured_media":2700,"comment_status":"open","ping_status":"open","sticky":false,"template":"","format":"standard","meta":{"footnotes":""},"categories":[1],"tags":[27,26],"class_list":["post-731","post","type-post","status-publish","format-standard","has-post-thumbnail","hentry","category-ukategorisert","tag-den-stille-uke","tag-paske"],"_links":{"self":[{"href":"https:\/\/stansgar.katolsk.no\/index.php?rest_route=\/wp\/v2\/posts\/731","targetHints":{"allow":["GET"]}}],"collection":[{"href":"https:\/\/stansgar.katolsk.no\/index.php?rest_route=\/wp\/v2\/posts"}],"about":[{"href":"https:\/\/stansgar.katolsk.no\/index.php?rest_route=\/wp\/v2\/types\/post"}],"author":[{"embeddable":true,"href":"https:\/\/stansgar.katolsk.no\/index.php?rest_route=\/wp\/v2\/users\/3"}],"replies":[{"embeddable":true,"href":"https:\/\/stansgar.katolsk.no\/index.php?rest_route=%2Fwp%2Fv2%2Fcomments&post=731"}],"version-history":[{"count":1,"href":"https:\/\/stansgar.katolsk.no\/index.php?rest_route=\/wp\/v2\/posts\/731\/revisions"}],"predecessor-version":[{"id":2699,"href":"https:\/\/stansgar.katolsk.no\/index.php?rest_route=\/wp\/v2\/posts\/731\/revisions\/2699"}],"wp:featuredmedia":[{"embeddable":true,"href":"https:\/\/stansgar.katolsk.no\/index.php?rest_route=\/wp\/v2\/media\/2700"}],"wp:attachment":[{"href":"https:\/\/stansgar.katolsk.no\/index.php?rest_route=%2Fwp%2Fv2%2Fmedia&parent=731"}],"wp:term":[{"taxonomy":"category","embeddable":true,"href":"https:\/\/stansgar.katolsk.no\/index.php?rest_route=%2Fwp%2Fv2%2Fcategories&post=731"},{"taxonomy":"post_tag","embeddable":true,"href":"https:\/\/stansgar.katolsk.no\/index.php?rest_route=%2Fwp%2Fv2%2Ftags&post=731"}],"curies":[{"name":"wp","href":"https:\/\/api.w.org\/{rel}","templated":true}]}}