{"id":73,"date":"2018-08-26T20:23:00","date_gmt":"2018-08-26T18:23:00","guid":{"rendered":"http:\/\/stansgar.katolsk.no\/index.php\/2018\/08\/26\/katekese-i-st-ansgar-menighet-20182019\/"},"modified":"2018-10-12T09:12:13","modified_gmt":"2018-10-12T07:12:13","slug":"katekese-i-st-ansgar-menighet-20182019","status":"publish","type":"post","link":"https:\/\/stansgar.katolsk.no\/?p=73","title":{"rendered":"Katekese i St. Ansgar menighet 2018\/2019"},"content":{"rendered":"<p><\/p>\n<div class=\"Standard\" style=\"background: white; line-height: normal; margin-bottom: .0001pt; margin-bottom: 0cm;\">\n<b><br \/><\/b><\/div>\n<div class=\"Standard\" style=\"background: white; line-height: normal; margin-bottom: .0001pt; margin-bottom: 0cm;\">\n<b><br style=\"mso-special-character: line-break;\" \/><br \/>\n<br style=\"mso-special-character: line-break;\" \/><br \/>\n<\/b><\/div>\n<div class=\"MsoNormal\" style=\"line-height: normal; margin-bottom: .0001pt; margin-bottom: 0cm; mso-layout-grid-align: none; text-autospace: none;\">\n<b>Velkommen<br \/>\ntil katekese l\u00f8rdag 8. september i menighetshuset \u00abKIGA\u00bb i Kongensgate 17!<br style=\"mso-special-character: line-break;\" \/><br \/>\n<br style=\"mso-special-character: line-break;\" \/><br \/>\n<\/b><\/div>\n<div class=\"MsoNormal\" style=\"line-height: normal; margin-bottom: .0001pt; margin-bottom: 0cm; mso-layout-grid-align: none; text-autospace: none;\">\nKatekesen er et tilbud om<br \/>\nkatolsk kristendomsundervisning for alle barn og ungdommer som g\u00e5r i <br \/>\n1. \u2013 9. klasse. Her treffer barn og ungdommer andre katolske barn og ungdommer<br \/>\nog l\u00e6rer om katolsk tro, fortellinger fra Bibelen, messens liturgi, kristne<br \/>\nsanger samt at de f\u00e5r en bedre forst\u00e5else av h\u00f8ytidene i l\u00f8pet av kirke\u00e5ret. Vi<br \/>\n\u00f8nsker \u00e5 skape et godt sosialt milj\u00f8 slik at barna f\u00f8ler seg som en del av<br \/>\nfellesskapet i menigheten. Katekesen st\u00f8tter foreldrene i \u00e5 gi en levende tro<br \/>\nvidere til barna og bidrar til at barna kan utvikle sin religi\u00f8se identitet i<br \/>\nden katolske troen. Foreldrene har hovedansvaret, slik de lovet det ved barnas<br \/>\nd\u00e5p. Ingen katekese i kirken kan erstatte et praktiserende hjem.<\/div>\n<div class=\"MsoNormal\" style=\"line-height: normal; margin-bottom: .0001pt; margin-bottom: 0cm; mso-layout-grid-align: none; text-autospace: none;\">\n<\/div>\n<div class=\"MsoNormal\" style=\"line-height: normal; margin-bottom: .0001pt; margin-bottom: 0cm; mso-layout-grid-align: none; text-autospace: none;\">\n<b style=\"mso-bidi-font-weight: normal;\">Katekeseinformasjon:<br style=\"mso-special-character: line-break;\" \/><br \/>\n<br style=\"mso-special-character: line-break;\" \/><br \/>\n<\/b><\/div>\n<div class=\"Standard\" style=\"background: white; line-height: normal; margin-bottom: .0001pt; margin-bottom: 0cm;\">\nFor 1. klasse til 9. klasse er katekesen p\u00e5 samme<br \/>\nl\u00f8rdag en gang i m\u00e5neden.<\/div>\n<div class=\"Standard\" style=\"background: white; line-height: normal; margin-bottom: .0001pt; margin-bottom: 0cm;\">\nDet er katekese p\u00e5 f\u00f8lgende l\u00f8rdager:<\/div>\n<div class=\"Standard\" style=\"background: white; line-height: normal; margin-bottom: .0001pt; margin-bottom: 0cm;\">\n<b style=\"mso-bidi-font-weight: normal;\">H\u00f8sten 2018:<\/b> 8. september, 13. oktober, 10. november og 8. desember.<\/div>\n<div class=\"Standard\" style=\"background: white; line-height: normal; margin-bottom: .0001pt; margin-bottom: 0cm;\">\n<b>V\u00e5ren 2019:<\/b> 12. januar, 9. februar, 9. mars, 13.<br \/>\napril, 11. mai og 8. juni.<\/div>\n<div class=\"Standard\" style=\"background: white; line-height: normal; margin-bottom: .0001pt; margin-bottom: 0cm;\">\n<\/div>\n<div class=\"Standard\" style=\"background: white; line-height: normal; margin-bottom: .0001pt; margin-bottom: 0cm;\">\n<b>Viktig! <\/b>L\u00f8rdag 13. oktober er det <b>ikke<br \/>\nmesse kl. 13.00. <\/b>Derfor m\u00e5 barn bli hentet kl. 12.45.<\/div>\n<div class=\"Standard\" style=\"background: white; line-height: normal; margin-bottom: .0001pt; margin-bottom: 0cm;\">\n&nbsp;&nbsp;&nbsp;&nbsp;&nbsp;&nbsp;&nbsp;&nbsp;&nbsp;&nbsp;&nbsp; Ettermiddagskatekesen begynner kl.<br \/>\n14.00 i Kiga. Den slutter kl. 16.45 fordi det er <\/div>\n<div class=\"Standard\" style=\"background: white; line-height: normal; margin-bottom: .0001pt; margin-bottom: 0cm;\">\n&nbsp;&nbsp;&nbsp;&nbsp;&nbsp;&nbsp;&nbsp;&nbsp;&nbsp;&nbsp;&nbsp; messe kl. 17.00 etterfulgt av Maria<br \/>\nprosesjon. <\/div>\n<div class=\"Standard\" style=\"background: white; line-height: normal; margin-bottom: .0001pt; margin-bottom: 0cm;\">\n<\/div>\n<div class=\"Standard\" style=\"background: white; line-height: normal; margin-bottom: .0001pt; margin-bottom: 0cm;\">\n<b>Vi deler katekesen i to grupper:<\/b><\/div>\n<div class=\"Standard\" style=\"background: white; line-height: normal; margin-bottom: .0001pt; margin-bottom: 0cm;\">\n<\/div>\n<div class=\"Standard\" style=\"background: white; line-height: normal; margin-bottom: .0001pt; margin-bottom: 0cm;\">\n<b>1.- 4. klasse&nbsp;<\/b>har katekese<b>&nbsp;klokken 10.00 &#8211; 14.00<\/b>.<br \/>\nBarna f\u00e5r servert mat og drikke i pausen. Barna har ikke lov til \u00e5 g\u00e5 ut i byen.<\/div>\n<div class=\"Standard\" style=\"background: white; line-height: normal; margin-bottom: .0001pt; margin-bottom: 0cm;\">\n<\/div>\n<div class=\"Standard\" style=\"background: white; line-height: normal; margin-bottom: .0001pt; margin-bottom: 0cm;\">\n<b style=\"mso-bidi-font-weight: normal;\">kl. 13.00: Messe for begge gruppene.<br style=\"mso-special-character: line-break;\" \/><br \/>\n<br style=\"mso-special-character: line-break;\" \/><br \/>\n<\/b><\/div>\n<div class=\"Standard\" style=\"background: white; line-height: normal; margin-bottom: .0001pt; margin-bottom: 0cm;\">\n<b>5. &#8211; 9. klasse&nbsp;<\/b>har katekese&nbsp;<b>klokken 13.00 &#8211; 17.00.<br \/>\n<\/b>Mat og drikke serveres i pausen. <\/div>\n<div class=\"MsoNormal\" style=\"line-height: normal; margin-bottom: .0001pt; margin-bottom: 0cm; mso-layout-grid-align: none; text-autospace: none;\">\n<\/div>\n<div class=\"Standard\" style=\"background: white; line-height: normal; margin-bottom: .0001pt; margin-bottom: 0cm;\">\nDen 1. Hellige Kommunion blir l\u00f8rdag <b>1.<br \/>\njuni <\/b>2019.<\/div>\n<div class=\"MsoNormal\" style=\"background: white; line-height: normal; margin-bottom: .0001pt; margin-bottom: 0cm;\">\n<\/div>\n<div class=\"MsoNormal\" style=\"background: white; line-height: normal; margin-bottom: .0001pt; margin-bottom: 0cm;\">\nDet blir konfirmasjon l\u00f8rdag <b style=\"mso-bidi-font-weight: normal;\">31. august <\/b>2019.<\/div>\n<div class=\"MsoNormal\" style=\"background: white; line-height: normal; margin-bottom: .0001pt; margin-bottom: 0cm;\">\n<\/div>\n<div class=\"MsoNormal\" style=\"background: white; line-height: normal; margin-bottom: .0001pt; margin-bottom: 0cm;\">\n<b style=\"mso-bidi-font-weight: normal;\">Viktig!<\/b> <br \/><b>&nbsp;<\/b><\/div>\n<div class=\"MsoNormal\" style=\"line-height: normal; margin-bottom: .0001pt; margin-bottom: 0cm; mso-layout-grid-align: none; text-autospace: none;\">\n<p><\/p>\n<div class=\"MsoNormal\" style=\"background: white; line-height: normal; margin-bottom: .0001pt; margin-bottom: 0cm;\">\n<b style=\"mso-bidi-font-weight: normal;\">Forberedelse til konfirmasjonen er to<br \/>\n\u00e5r. <\/b>Bare de som har<br \/>\nfullf\u00f8rt to \u00e5rs konfirmasjonskurs kan motta konfirmasjonens sakrament. Alle m\u00e5<br \/>\nbegynne i 8. klasse som er det f\u00f8rste forberedelses\u00e5ret til konfirmasjonens<br \/>\nsakrament. Dette gjelder ogs\u00e5 ungdommer som g\u00e5r i 9. eller 10. trinn p\u00e5<br \/>\ngrunnskolen hvis de ikke har tatt det f\u00f8rste forberedelses\u00e5ret til<br \/>\nkonfirmasjonen. <\/div>\n<div class=\"MsoNormal\" style=\"background: white; line-height: normal; margin-bottom: .0001pt; margin-bottom: 0cm;\">\n<\/div>\n<\/div>\n<div class=\"MsoNormal\" style=\"background: white; line-height: normal; margin-bottom: .0001pt; margin-bottom: 0cm;\">\n<p>Kontingent for katekesen er 350 kroner per barn. Familier med tre eller flere<br \/>\nbarn betaler 700 kroner per familie. Kontingent for<br \/>\nkonfirmasjonskatekesen i 9. klasse er kr 600 per konfirmant. Dette inkluderer<br \/>\nkonfirmantretrett p\u00e5 Stella Maris og utgifter p\u00e5 konfirmasjonsdagen.<br \/>\nKontingenten kan betales kontant, med kort,<br \/>\nevt. med nettbank til menighetens konto 3000.16.55864. Husk \u00e5 merke betalingen<br \/>\nmed katekese og barnets\/ungdommens navn og klasse.<\/p><\/div>\n<div class=\"MsoNormal\" style=\"background: white; line-height: normal; margin-bottom: .0001pt; margin-bottom: 0cm;\">\n<br style=\"mso-special-character: line-break;\" \/><br \/>\n<br style=\"mso-special-character: line-break;\" \/>\n<\/div>\n<div class=\"MsoNormal\" style=\"background: white; line-height: normal; margin-bottom: .0001pt; margin-bottom: 0cm;\">\n<br \/>\np. Louis Tien Quang Dang&nbsp;&nbsp;&nbsp;&nbsp;&nbsp;&nbsp;&nbsp;&nbsp;&nbsp;&nbsp;&nbsp;&nbsp;&nbsp;&nbsp;&nbsp;&nbsp;&nbsp;&nbsp;&nbsp;&nbsp;&nbsp;&nbsp;&nbsp;&nbsp;&nbsp;&nbsp;&nbsp;&nbsp;&nbsp;&nbsp;&nbsp;&nbsp;&nbsp;&nbsp;&nbsp;&nbsp;&nbsp;&nbsp;&nbsp;&nbsp;&nbsp;&nbsp;&nbsp;&nbsp;&nbsp;&nbsp;&nbsp;&nbsp;&nbsp;&nbsp;&nbsp;&nbsp;&nbsp;&nbsp;&nbsp;&nbsp;&nbsp;&nbsp;&nbsp;&nbsp;&nbsp;&nbsp;&nbsp; Mona<br \/>\nJacobsen Jardim<br \/>\nSogneadministrator&nbsp;&nbsp;&nbsp;&nbsp;&nbsp;&nbsp;&nbsp;&nbsp;&nbsp;&nbsp;&nbsp;&nbsp;&nbsp;&nbsp;&nbsp;&nbsp;&nbsp;&nbsp;&nbsp;&nbsp;&nbsp;&nbsp;&nbsp;&nbsp;&nbsp;&nbsp;&nbsp;&nbsp;&nbsp;&nbsp;&nbsp;&nbsp;&nbsp;&nbsp;&nbsp;&nbsp;&nbsp;&nbsp;&nbsp;&nbsp;&nbsp;&nbsp;&nbsp;&nbsp;&nbsp;&nbsp;&nbsp;&nbsp;&nbsp;&nbsp;&nbsp;&nbsp;&nbsp;&nbsp;&nbsp;&nbsp;&nbsp;&nbsp;&nbsp;&nbsp;&nbsp;&nbsp;&nbsp;&nbsp;&nbsp;&nbsp;&nbsp;&nbsp;&nbsp;&nbsp;&nbsp;&nbsp;&nbsp; Koordinator<br \/>\ni katekesen<\/div>\n<p><\/p>\n","protected":false},"excerpt":{"rendered":"<p>Velkommen til katekese l\u00f8rdag 8. september i menighetshuset \u00abKIGA\u00bb i Kongensgate 17! Katekesen er et tilbud om katolsk kristendomsundervisning for alle barn og ungdommer som g\u00e5r i 1. \u2013 9. klasse. Her treffer barn og ungdommer andre katolske barn og&#8230;<br \/><a class=\"read-more-button\" href=\"https:\/\/stansgar.katolsk.no\/?p=73\">Read more<\/a><\/p>\n","protected":false},"author":3,"featured_media":0,"comment_status":"open","ping_status":"open","sticky":false,"template":"","format":"standard","meta":{"footnotes":""},"categories":[1],"tags":[10],"class_list":["post-73","post","type-post","status-publish","format-standard","hentry","category-ukategorisert","tag-katekese"],"_links":{"self":[{"href":"https:\/\/stansgar.katolsk.no\/index.php?rest_route=\/wp\/v2\/posts\/73","targetHints":{"allow":["GET"]}}],"collection":[{"href":"https:\/\/stansgar.katolsk.no\/index.php?rest_route=\/wp\/v2\/posts"}],"about":[{"href":"https:\/\/stansgar.katolsk.no\/index.php?rest_route=\/wp\/v2\/types\/post"}],"author":[{"embeddable":true,"href":"https:\/\/stansgar.katolsk.no\/index.php?rest_route=\/wp\/v2\/users\/3"}],"replies":[{"embeddable":true,"href":"https:\/\/stansgar.katolsk.no\/index.php?rest_route=%2Fwp%2Fv2%2Fcomments&post=73"}],"version-history":[{"count":1,"href":"https:\/\/stansgar.katolsk.no\/index.php?rest_route=\/wp\/v2\/posts\/73\/revisions"}],"predecessor-version":[{"id":1553,"href":"https:\/\/stansgar.katolsk.no\/index.php?rest_route=\/wp\/v2\/posts\/73\/revisions\/1553"}],"wp:attachment":[{"href":"https:\/\/stansgar.katolsk.no\/index.php?rest_route=%2Fwp%2Fv2%2Fmedia&parent=73"}],"wp:term":[{"taxonomy":"category","embeddable":true,"href":"https:\/\/stansgar.katolsk.no\/index.php?rest_route=%2Fwp%2Fv2%2Fcategories&post=73"},{"taxonomy":"post_tag","embeddable":true,"href":"https:\/\/stansgar.katolsk.no\/index.php?rest_route=%2Fwp%2Fv2%2Ftags&post=73"}],"curies":[{"name":"wp","href":"https:\/\/api.w.org\/{rel}","templated":true}]}}