{"id":7299,"date":"2020-04-25T14:16:52","date_gmt":"2020-04-25T12:16:52","guid":{"rendered":"https:\/\/stansgar.katolsk.no\/?p=7299"},"modified":"2020-04-25T14:16:52","modified_gmt":"2020-04-25T12:16:52","slug":"celebracja-liturgii-slowa-na-3-niedziele-wielkanocna-26-kwietnia","status":"publish","type":"post","link":"https:\/\/stansgar.katolsk.no\/?p=7299","title":{"rendered":"CELEBRACJA LITURGII S\u0141OWA NA 3. NIEDZIEL\u0118 WIELKANOCN\u0104 (26. KWIETNIA)"},"content":{"rendered":"<p style=\"text-align: center;\"><strong><span style=\"color: #f0e248;\">CELEBRACJA LITURGII S\u0141OWA\u00a0NA 3. NIEDZIEL\u0118 WIELKANOCN\u0104 (26. KWIETNIA)<\/span><\/strong><\/p>\n<p><img loading=\"lazy\" decoding=\"async\" class=\"size-medium wp-image-7268 aligncenter\" src=\"https:\/\/stansgar.katolsk.no\/wp-content\/uploads\/2020\/04\/lkl-e1587201674321-300x121.jpg\" alt=\"\" width=\"300\" height=\"121\" srcset=\"https:\/\/stansgar.katolsk.no\/wp-content\/uploads\/2020\/04\/lkl-e1587201674321-300x121.jpg 300w, https:\/\/stansgar.katolsk.no\/wp-content\/uploads\/2020\/04\/lkl-e1587201674321-1024x412.jpg 1024w, https:\/\/stansgar.katolsk.no\/wp-content\/uploads\/2020\/04\/lkl-e1587201674321-768x309.jpg 768w, https:\/\/stansgar.katolsk.no\/wp-content\/uploads\/2020\/04\/lkl-e1587201674321-956x384.jpg 956w, https:\/\/stansgar.katolsk.no\/wp-content\/uploads\/2020\/04\/lkl-e1587201674321.jpg 1472w\" sizes=\"auto, (max-width: 300px) 100vw, 300px\" \/><\/p>\n<p>Tekst p\u00e5 norsk: FEIRING AV GUDS ORDS TJENESTE I FAMILIEN S\u00d8NDAG I P\u00c5SKETIDEN (26. APRIL)\u00a0<a href=\"https:\/\/stansgar.katolsk.no\/?p=7295\">https:\/\/stansgar.katolsk.no\/?p=7295<\/a><\/p>\n<p><span style=\"color: #cf0606;\">Wszyscy w rodzinie gromadz\u0105 si\u0119 przed krzy\u017cem postawionym na stole, zapalamy \u015bwiece, i zaczynamy znakiem Krzy\u017ca \u015aw. Jedna osoba jest koordynatorem modlitwy. Stoimy:<\/span><\/p>\n<p><span style=\"color: #ff0000;\"><strong><em>K \u2014 koordynator modlitwy<\/em><\/strong><\/span><\/p>\n<p><span style=\"color: #ff0000;\"><strong><em>W \u2014 wszyscy<\/em><\/strong><\/span><\/p>\n<ol>\n<li>W imi\u0119 Ojca i Syna, i Ducha \u015awi\u0119tego. W. Amen.<\/li>\n<\/ol>\n<p><span style=\"color: #ff0000;\"><strong>Akt pokuty<\/strong><\/span><\/p>\n<ol>\n<li>Uznajmy przed Bogiem, \u017ce jeste\u015bmy grzeszni, aby\u015bmy mogli z czystym sercem uczestniczy\u0107 w tej liturgii.<\/li>\n<li>Spowiadam si\u0119 Bogu wszechmog\u0105cemu i wam, bracia i siostry, \u017ce bardzo zgrzeszy\u0142em my\u015bl\u0105, mow\u0105, uczynkiem, i zaniedbaniem: moja wina, moja wina, moja bardzo wielka wina. Przeto b\u0142agam Naj\u015bwi\u0119tsz\u0105 Maryj\u0119, zawsze Dziewic\u0119, wszystkich Anio\u0142\u00f3w i \u015awi\u0119tych, i was, bracia i siostry, o modlitw\u0119 za mnie do Pana Boga naszego.<\/li>\n<li>Niech si\u0119 zmi\u0142uje nad nami B\u00f3g wszechmog\u0105cy i odpu\u015bciwszy nam grzechy doprowadzi nas do \u017cycia wiecznego. W. Amen.<\/li>\n<\/ol>\n<p><strong>\u00a0<\/strong><\/p>\n<p><strong><span style=\"color: #ff0000;\">Kyrie \u2014<\/span><\/strong> <strong>Panie zmi\u0142uj si\u0119 nad nami, <\/strong><\/p>\n<p><strong>Chryste zmi\u0142uj si\u0119 nad nami, <\/strong><\/p>\n<p><strong>Panie zmi\u0142uj si\u0119 nad nami.<\/strong><\/p>\n<p><strong>\u00a0<\/strong><\/p>\n<p><span style=\"color: #ff0000;\"><strong>Gloria \u2014<\/strong> <\/span>Chwa\u0142a na\u00a0wysoko\u015bci Bogu a na\u00a0ziemi pok\u00f3j ludziom dobrej woli.<br \/>\nChwalimy Ci\u0119, B\u0142ogos\u0142awimy Ci\u0119, Wielbimy Ci\u0119. Wys\u0142awiamy Ci\u0119.<br \/>\nDzi\u0119ki Ci sk\u0142adamy, bo wielka jest chwa\u0142a Twoja.<br \/>\nPanie Bo\u017ce, Kr\u00f3lu nieba, Bo\u017ce Ojcze wszechmog\u0105cy.<br \/>\nPanie, Synu Jednorodzony, Jezu Chryste.<br \/>\nPanie Bo\u017ce, Baranku Bo\u017cy, Synu Ojca.<br \/>\nKt\u00f3ry g\u0142adzisz grzechy \u015bwiata, zmi\u0142uj si\u0119 nad nami.<br \/>\nKt\u00f3ry g\u0142adzisz grzechy \u015bwiata, przyjm b\u0142aganie nasze.<br \/>\nKt\u00f3ry siedzisz po prawicy Ojca, zmi\u0142uj si\u0119 nad nami.<br \/>\nAlbowiem tylko Ty\u015b jest \u015bwi\u0119ty.<br \/>\nTylko Ty\u015b jest Panem.<br \/>\nTylko Ty\u015b Najwy\u017cszy, Jezu Chryste.<br \/>\nZ Duchem \u015awi\u0119tym w chwale Boga Ojca.<br \/>\nAmen<\/p>\n<p><strong>\u00a0<\/strong><\/p>\n<p><span style=\"color: #ff0000;\"><strong>Kolekta \u2014 modlitwa dnia<\/strong><\/span><\/p>\n<p>Bo\u017ce, Ty przywr\u00f3ci\u0142e\u015b m\u0142odo\u015b\u0107 ducha swoim wiernym, \u2020 zachowaj ich w rado\u015bci i spraw, aby ciesz\u0105c si\u0119 z odzyskanej godno\u015bci przybranych dzieci Bo\u017cych * z ufno\u015bci\u0105 oczekiwali chwalebnego dnia zmartwychwstania. Przez naszego Pana Jezusa Chrystusa, Twojego Syna, \u2020 kt\u00f3ry z Tob\u0105 \u017cyje i kr\u00f3luje w jedno\u015bci Ducha \u015awi\u0119tego, * B\u00f3g, przez wszystkie wieki wiek\u00f3w.<\/p>\n<p>&nbsp;<\/p>\n<p style=\"text-align: center;\"><span style=\"color: #cf0606;\">Siadamy i s\u0142uchamy s\u0142owa Bo\u017cego, czytane przez wybranych cz\u0142onk\u00f3w rodziny.<\/span><\/p>\n<p style=\"text-align: center;\"><span style=\"color: #3366ff;\"><strong>LITURGIA S\u0141OWA<\/strong><\/span><\/p>\n<p><span style=\"color: #cf0606;\">Liturgia S\u0142owa wg lekcjonarza z 2015 roku<\/span><\/p>\n<p><strong>PIERWSZE CZYTANIE <\/strong><span style=\"color: #00ccff;\">Dz 2, 14. 22b-32<\/span> <em>B\u00f3g wskrzesi\u0142 Jezusa, zerwawszy wi\u0119zy \u015bmierci<\/em><\/p>\n<p><strong>Czytanie z Dziej\u00f3w Apostolskich<\/strong><\/p>\n<p>W dniu Pi\u0119\u0107dziesi\u0105tnicy stan\u0105\u0142 Piotr razem z Jedenastoma i przem\u00f3wi\u0142 dono\u015bnym g\u0142osem:<br \/>\n\u00abM\u0119\u017cowie Judejczycy i wszyscy mieszka\u0144cy Jeruzalem, przyjmijcie do wiadomo\u015bci i pos\u0142uchajcie uwa\u017cnie mych s\u0142\u00f3w! Jezusa Nazarejczyka, M\u0119\u017ca, kt\u00f3rego pos\u0142annictwo B\u00f3g potwierdzi\u0142 wam niezwyk\u0142ymi czynami, cudami i znakami, jakich B\u00f3g przez Niego dokona\u0142 w\u015br\u00f3d was, o czym sami wiecie, tego M\u0119\u017ca, kt\u00f3ry z woli, postanowienia i przewidzenia Boga zosta\u0142 wydany, przybili\u015bcie r\u0119kami bezbo\u017cnych do krzy\u017ca i zabili\u015bcie. Lecz B\u00f3g wskrzesi\u0142 Go, zerwawszy wi\u0119zy \u015bmierci, gdy\u017c niemo\u017cliwe by\u0142o, aby ona panowa\u0142a nad Nim, bo Dawid m\u00f3wi o Nim:<\/p>\n<p>\u201eMia\u0142em Pana zawsze przed oczami, gdy\u017c stoi po mojej prawicy, abym si\u0119 nie zachwia\u0142. Dlatego ucieszy\u0142o si\u0119 moje serce i rozradowa\u0142 si\u0119 m\u00f3j j\u0119zyk, tak\u017ce i moje cia\u0142o spoczywa\u0107 b\u0119dzie w nadziei, \u017ce nie zostawisz duszy mojej w Otch\u0142ani ani nie dasz \u015awi\u0119temu Twemu ulec rozk\u0142adowi. Da\u0142e\u015b mi pozna\u0107 drogi \u017cycia i nape\u0142nisz mnie rado\u015bci\u0105 przed obliczem Twoim\u201d.<\/p>\n<p>Bracia, wolno powiedzie\u0107 do was otwarcie, \u017ce patriarcha Dawid umar\u0142 i zosta\u0142 pochowany w grobie, kt\u00f3ry znajduje si\u0119 u nas a\u017c po dzie\u0144 dzisiejszy. Wi\u0119c jako prorok, kt\u00f3ry wiedzia\u0142, \u017ce B\u00f3g przysi\u0105g\u0142 mu uroczy\u015bcie, i\u017c jego Potomek zasi\u0105dzie na jego tronie, widzia\u0142 przysz\u0142o\u015b\u0107 i przepowiedzia\u0142 zmartwychwstanie Mesjasza, \u017ce ani nie pozostanie w Otch\u0142ani, ani cia\u0142o Jego nie ulegnie rozk\u0142adowi.<\/p>\n<p>Tego w\u0142a\u015bnie Jezusa wskrzesi\u0142 B\u00f3g, a my wszyscy jeste\u015bmy tego \u015bwiadkami\u00bb.<\/p>\n<p><strong>Oto s\u0142owo Bo\u017ce.<\/strong><\/p>\n<p><strong>PSALM RESPONSORYJNY <\/strong><span style=\"color: #00ccff;\">Ps 16 (15), 1b-2a i 5. 7-8. 9-10. 11 (R.: por. 11a)<\/span><\/p>\n<p><strong>Refren: Uka\u017c nam, Panie, Twoj\u0105 \u015bcie\u017ck\u0119 \u017cycia.<\/strong><br \/>\nalbo:\u00a0<strong>Alleluja.<\/strong><\/p>\n<p>Zachowaj mnie, Bo\u017ce, bo chroni\u0119 si\u0119 do Ciebie, *<br \/>\nm\u00f3wi\u0119 do Pana: \u00abTy jeste\u015b Panem moim\u00bb.<br \/>\nPan moim dziedzictwem i przeznaczeniem, *<br \/>\nto On m\u00f3j los zabezpiecza. <strong>Refren.<\/strong><\/p>\n<p>B\u0142ogos\u0142awi\u0119 Pana, kt\u00f3ry da\u0142 mi rozs\u0105dek, *<br \/>\nbo serce napomina mnie nawet noc\u0105.<br \/>\nZawsze stawiam sobie Pana przed oczy, *<br \/>\nOn jest po mojej prawicy, nic mn\u0105 nie zachwieje. <strong>Refren.<\/strong><\/p>\n<p>Dlatego cieszy si\u0119 moje serce i dusza raduje, *<br \/>\na cia\u0142o moje b\u0119dzie spoczywa\u0107 bezpiecznie,<br \/>\nbo w kraju zmar\u0142ych duszy mej nie zostawisz *<br \/>\ni nie dopu\u015bcisz, bym pozosta\u0142 w grobie. <strong>Refren.<\/strong><\/p>\n<p>Ty \u015bcie\u017ck\u0119 \u017cycia mi uka\u017cesz, *<br \/>\npe\u0142ni\u0119 rado\u015bci przy Tobie<br \/>\ni wieczne szcz\u0119\u015bcie *<br \/>\npo Twojej prawicy. <strong>Refren.<\/strong><\/p>\n<p><strong>\u00a0<\/strong><\/p>\n<p><strong>DRUGIE CZYTANIE <\/strong><span style=\"color: #00ccff;\">1 P 1, 17-21<\/span> <em>Zostali\u015bcie wykupieni drogocenn\u0105 krwi\u0105 Chrystusa<\/em><\/p>\n<p><strong>Czytanie z Pierwszego Listu \u015awi\u0119tego Piotra Aposto\u0142a<\/strong><\/p>\n<p>Bracia:<br \/>\nJe\u017celi Ojcem nazywacie Tego, kt\u00f3ry bez wzgl\u0119du na osoby s\u0105dzi ka\u017cdego wed\u0142ug uczynk\u00f3w, to w boja\u017ani sp\u0119dzajcie czas swojego pobytu na obczy\u017anie.<\/p>\n<p>Wiecie bowiem, \u017ce z odziedziczonego po przodkach waszego z\u0142ego post\u0119powania zostali\u015bcie wykupieni nie czym\u015b przemijaj\u0105cym, srebrem lub z\u0142otem, ale drogocenn\u0105 krwi\u0105 Chrystusa, jako baranka niepokalanego i bez zmazy.<\/p>\n<p>On by\u0142 wprawdzie przewidziany przed stworzeniem \u015bwiata, dopiero jednak w ostatnich czasach objawi\u0142 si\u0119 ze wzgl\u0119du na was. Wy przez Niego uwierzyli\u015bcie w Boga, kt\u00f3ry wskrzesi\u0142 Go z martwych i udzieli\u0142 Mu chwa\u0142y, tak \u017ce wiara wasza i nadzieja s\u0105 skierowane ku Bogu.<\/p>\n<p><strong>Oto s\u0142owo Bo\u017ce.<\/strong><\/p>\n<p><strong>\u015aPIEW PRZED EWANGELI\u0104 <\/strong><span style=\"color: #00ccff;\">Por. \u0141k 24, 32<\/span><\/p>\n<p><strong><em>Aklamacja: Alleluja, alleluja, alleluja.<br \/>\n<\/em><\/strong>Panie Jezu, daj nam zrozumie\u0107 Pisma,<br \/>\nniech pa\u0142a nasze serce, gdy do nas m\u00f3wisz.<br \/>\n<strong><em>Aklamacja: Alleluja, alleluja, alleluja.<\/em><\/strong><\/p>\n<p><strong>EWANGELIA <\/strong><span style=\"color: #00ccff;\">\u0141k 24, 13-35<\/span> <em>Poznali Chrystusa przy \u0142amaniu chleba<\/em><\/p>\n<p><strong>S\u0142owa Ewangelii wed\u0142ug \u015awi\u0119tego \u0141ukasza<\/strong><\/p>\n<p>W pierwszy dzie\u0144 tygodnia dwaj uczniowie Jezusa byli w drodze do wsi, zwanej Emaus, oddalonej o sze\u015b\u0107dziesi\u0105t stadi\u00f3w od Jeruzalem. Rozmawiali oni z sob\u0105 o tym wszystkim, co si\u0119 wydarzy\u0142o. Gdy tak rozmawiali i rozprawiali z sob\u0105, sam Jezus przybli\u017cy\u0142 si\u0119 i szed\u0142 z nimi. Lecz oczy ich by\u0142y jakby przes\u0142oni\u0119te, tak \u017ce Go nie poznali.<\/p>\n<p>On za\u015b ich zapyta\u0142: \u00abC\u00f3\u017c to za rozmowy prowadzicie z sob\u0105 w drodze?\u00bb Zatrzymali si\u0119 smutni. A jeden z nich, imieniem Kleofas, odpowiedzia\u0142 Mu: \u00abTy jeste\u015b chyba jedynym z przebywaj\u0105cych w Jerozolimie, kt\u00f3ry nie wie, co si\u0119 tam w tych dniach sta\u0142o\u00bb.<\/p>\n<p>Zapyta\u0142 ich: \u00abC\u00f3\u017c takiego?\u00bb<\/p>\n<p>Odpowiedzieli Mu: \u00abTo, co si\u0119 sta\u0142o z Jezusem Nazarejczykiem, kt\u00f3ry by\u0142 prorokiem pot\u0119\u017cnym w czynie i s\u0142owie wobec Boga i ca\u0142ego ludu; jak arcykap\u0142ani i nasi przyw\u00f3dcy wydali Go na \u015bmier\u0107 i ukrzy\u017cowali. A my spodziewali\u015bmy si\u0119, \u017ce On w\u0142a\u015bnie mia\u0142 wyzwoli\u0107 Izraela. Ale po tym wszystkim dzi\u015b ju\u017c trzeci dzie\u0144, jak si\u0119 to sta\u0142o. Nadto, jeszcze niekt\u00f3re z naszych kobiet przerazi\u0142y nas: by\u0142y rano u grobu, a nie znalaz\u0142szy Jego cia\u0142a, wr\u00f3ci\u0142y i opowiedzia\u0142y, \u017ce mia\u0142y widzenie anio\u0142\u00f3w, kt\u00f3rzy zapewniaj\u0105, i\u017c On \u017cyje. Poszli niekt\u00f3rzy z naszych do grobu i zastali wszystko tak, jak kobiety opowiada\u0142y, ale Jego nie widzieli\u00bb.<\/p>\n<p>Na to On rzek\u0142 do nich: \u00abO, nierozumni, jak nieskore s\u0105 wasze serca do wierzenia we wszystko, co powiedzieli prorocy! Czy\u017c Mesjasz nie mia\u0142 tego cierpie\u0107, aby wej\u015b\u0107 do swej chwa\u0142y?\u00bb I zaczynaj\u0105c od Moj\u017cesza, poprzez wszystkich prorok\u00f3w, wyk\u0142ada\u0142 im, co we wszystkich Pismach odnosi\u0142o si\u0119 do Niego.<\/p>\n<p>Tak przybli\u017cyli si\u0119 do wsi, do kt\u00f3rej zd\u0105\u017cali, a On okazywa\u0142, jakoby mia\u0142 i\u015b\u0107 dalej. Lecz przymusili Go, m\u00f3wi\u0105c: \u00abZosta\u0144 z nami, gdy\u017c ma si\u0119 ku wieczorowi i dzie\u0144 si\u0119 ju\u017c nachyli\u0142\u00bb. Wszed\u0142 wi\u0119c, aby zosta\u0107 wraz z nimi. Gdy zaj\u0105\u0142 z nimi miejsce u sto\u0142u, wzi\u0105\u0142 chleb, odm\u00f3wi\u0142 b\u0142ogos\u0142awie\u0144stwo, po\u0142ama\u0142 go i dawa\u0142 im. Wtedy otworzy\u0142y si\u0119 im oczy i poznali Go, lecz On znikn\u0105\u0142 im z oczu. I m\u00f3wili mi\u0119dzy sob\u0105: \u00abCzy serce nie pa\u0142a\u0142o w nas, kiedy rozmawia\u0142 z nami w drodze i Pisma nam wyja\u015bnia\u0142?\u00bb<\/p>\n<p>W tej samej godzinie zabrali si\u0119 i wr\u00f3cili do Jeruzalem. Tam zastali zebranych Jedenastu, a z nimi innych, kt\u00f3rzy im oznajmili: \u00abPan rzeczywi\u015bcie zmartwychwsta\u0142 i ukaza\u0142 si\u0119 Szymonowi\u00bb. Oni r\u00f3wnie\u017c opowiadali, co ich spotka\u0142o w drodze i jak Go poznali przy \u0142amaniu chleba.<\/p>\n<p><strong>Oto s\u0142owo Pa\u0144skie.<\/strong><\/p>\n<p><span style=\"color: #ff0000;\"><strong>Homilia<\/strong><\/span><\/p>\n<p><em>\u201eA my\u015bmy si\u0119 spodziewali\u201d<\/em>. Przed kilku dniami zmierzali do Jerozolimy, pe\u0142ni entuzjazmu i nadziei. Byli przekonani, \u017ce nadszed\u0142 ju\u017c czas wybawienia Izraela z niewoli. S\u0105dzili, \u017ce Jezus dokona przewrotu, kt\u00f3ry zmieni bieg historii Narodu Wybranego. Chwila by\u0142a sposobna: stolic\u0119 wype\u0142nia\u0142y t\u0142umy pielgrzym\u00f3w, gotowych na jedno s\u0142owo Jezusa chwyci\u0107 za bro\u0144. Plan by\u0142 prosty: opanowa\u0107 miasto, z\u0142o\u017cy\u0107 z tronu Heroda, obwo\u0142a\u0107 kr\u00f3lem Jezusa, pod Jego wodz\u0105 stawi\u0107 czo\u0142a Rzymianom i wyprze\u0107 ich ostatecznie z kraju. Liczyli na to, \u017ce B\u00f3g pob\u0142ogos\u0142awi \u015bwi\u0119tej wojnie, kt\u00f3ra mia\u0142a doprowadzi\u0107 do przywr\u00f3cenia Jego kr\u00f3lestwa w Izraelu. Wprawdzie Jezus m\u00f3wi\u0142, \u017ce idzie do Jerozolimy, aby by\u0107 ukrzy\u017cowanym, ale nie wyobra\u017cali sobie, \u017ce mog\u0142o do tego doj\u015b\u0107. A jednak sta\u0142o si\u0119! T\u0142um obr\u00f3ci\u0142 si\u0119 przeciw Jezusowi. Starszyzna \u017cydowska dokona\u0142a s\u0105du. Rzymianie wype\u0142nili wyrok. Wszystko sko\u0144czone. Pozosta\u0142o jedynie uczucie zawodu. W takim nastroju wracali z Jerozolimy do Emaus. I w\u0142a\u015bnie wtedy, gdy krok za krokiem pogr\u0105\u017cali si\u0119 coraz g\u0142\u0119biej w smutku, przy\u0142\u0105czy\u0142 si\u0119 do nich Zmartwychwsta\u0142y. Stan\u0105\u0142 na ich drodze, aby przywr\u00f3ci\u0107 im utracon\u0105 wiar\u0119 i nadziej\u0119.<\/p>\n<p>Godny uwagi jest spos\u00f3b, w jaki Chrystus wyprowadza\u0142 ich z beznadziei. Nie pozwoli\u0142, aby rozpoznali Go od razu. <em>\u201eOczy ich by\u0142y niejako na uwi\u0119zi\u201d<\/em>. Musia\u0142 wpierw doprowadzi\u0107 do tego, aby przewarto\u015bciowali swoje my\u015blenie. Oni musieli przesta\u0107 rozumowa\u0107 w kategoriach polityki i zacz\u0105\u0107 analizowa\u0107 wydarzenia na spos\u00f3b religijny. Chrystus podejmuje wi\u0119c z nimi rozmow\u0119. Wpierw prowokuje ich, aby wr\u00f3cili pami\u0119ci\u0105 do wydarze\u0144, kt\u00f3re si\u0119 dokona\u0142y. Opowiadaj\u0105c o nich, u\u015bwiadamiaj\u0105 sobie, kim Jezus by\u0142 w ich oczach: <em>\u201eBy\u0142 prorokiem pot\u0119\u017cnym w czynie i s\u0142owie wobec Boga i ca\u0142ego ludu\u201d<\/em> Potem pozwala, aby g\u0142o\u015bno wyrazili to, co by\u0142o ich nadziej\u0105 <em>\u201eA my\u015bmy si\u0119 spodziewali, \u017ce On w\u0142a\u015bnie mia\u0142 wyzwoli\u0107 Izraela\u201d.<\/em> W ko\u0144cu podaj\u0105 dwa fakty: \u015bmier\u0107 Jezusa, kt\u00f3ra ich rozczarowa\u0142a i wie\u015b\u0107 o tym, \u017ce On \u017cyje, kt\u00f3ra ich przerazi\u0142a. Gdy ju\u017c u\u015bwiadomili sobie, jakie mieli wyobra\u017cenia o Jezusie, nadzieje z Nim zwi\u0105zane i co by\u0142o powodem ich zawodu, Chrystus zaczyna wyja\u015bnia\u0107 im Pisma pocz\u0105wszy <em>\u201eOd Moj\u017cesza poprzez wszystkich prorok\u00f3w\u201d<\/em>. W ten spos\u00f3b daje im mo\u017cliwo\u015b\u0107 skonfrontowania w\u0142asnych wyobra\u017ce\u0144 i pragnie\u0144 z tym, co by\u0142o zamiarem Boga wobec Mesjasza. Musieli zrozumie\u0107, \u017ce prorocka moc Jezusa z Nazaretu nie mia\u0142a nic wsp\u00f3lnego z pot\u0119g\u0105 polityczn\u0105 w\u0142adc\u00f3w, za\u015b oczekiwania ich by\u0142y b\u0142\u0119dne, bo ograniczone od doczesno\u015bci. Co za\u015b najwa\u017cniejsze, trzeba by\u0142o, aby dotar\u0142o do ich \u015bwiadomo\u015bci, \u017ce \u015bmier\u0107 Mesjasza by\u0142a przewidziana w Bo\u017cych planach, tak samo jak by\u0142o zapowiedziane jego zmartwychwstanie. Dopiero teraz, gdy pod wp\u0142ywem Chrystusowego s\u0142owa ich serca zacz\u0119\u0142y pa\u0142a\u0107 now\u0105 wiar\u0105, byli gotowi na przyj\u0119cie tajemnicy zmartwychwstania. Teraz pozwoli\u0142, by Go rozpoznali. Uczyni\u0142 to za pomoc\u0105 znaku \u0142amania chleba \u2013 tego samego, prze kt\u00f3ry w Wieczerniku objawi\u0142 swoje ca\u0142kowite oddanie ofierze mi\u0142o\u015bci.<\/p>\n<p>Historia dw\u00f3ch uczni\u00f3w pod\u0105\u017caj\u0105cych do Emaus mo\u017ce powt\u00f3rzy\u0107 si\u0119 w naszym \u017cyciu. Mo\u017ce zdarzy\u0107 si\u0119, \u017ce pod wp\u0142ywem z\u0142ych do\u015bwiadcze\u0144 upadn\u0105 wielkie idea\u0142y. Zdrada, niesprawiedliwo\u015b\u0107 innych albo w\u0142asna s\u0142abo\u015b\u0107 i niewierno\u015b\u0107 zachwieje wiar\u0105. Zachwyt Ewangeli\u0105, nadzieje na zbudowanie innej rzeczywisto\u015bci zmieni\u0105 si\u0119 w rozczarowanie. Przyjdzie pokusa, aby wyj\u015b\u0107 z Jerozolimy, gdzie u progu \u015bwi\u0105tyni pogrzebali\u015bmy nadziej\u0119 i schowa\u0107 si\u0119 w ciasnym Emaus w\u0142asnego smutku i przera\u017cenia, bez jakiejkolwiek perspektywy na przysz\u0142o\u015b\u0107. Mo\u017cna jej unikn\u0105\u0107. Mo\u017cna na nowo prze\u017cy\u0107 tajemnic\u0119 zmartwychwstania i z rado\u015bci\u0105 odkry\u0107, \u017ce Chrystus jest blisko i nadaje sens wszystkiemu, co zdarza si\u0119 w naszym \u017cyciu. Trzeba jednak przewarto\u015bciowa\u0107 swoje my\u015blenie w oparciu o metod\u0119, kt\u00f3r\u0105 zastosowa\u0142 Chrystus wobec uczni\u00f3w id\u0105cych do Emaus.<\/p>\n<p>Wpierw nale\u017cy szczerze odpowiedzie\u0107 sobie na pytanie: kim dla mnie jest Chrystus? Nast\u0119pnie: jakie s\u0105 moje nadzieje z Nim zwi\u0105zane? W ko\u0144cu: Co jest powodem mojego zawodu<br \/>\ni smutku? Potem trzeba wzi\u0105\u0107 do r\u0119ki Pismo \u015aw. i skonfrontowa\u0107 swoje wyobra\u017cenia o Chrystusie i oczekiwanie wobec Niego z Prawd\u0105 objawion\u0105. Mo\u017ce si\u0119 okaza\u0107, \u017ce nasze rozczarowanie bierze si\u0119 st\u0105d, \u017ce zbyt \u015bwieckie jest nasze my\u015blenie: widzenie Chrystusa, Ewangelii, Ko\u015bcio\u0142a jest zafa\u0142szowane nasz\u0105 w\u0142asn\u0105 filozofi\u0105 \u017cycia; oczekiwania s\u0105 bardzo przyziemne, ograniczone do konkretnych potrzeb codzienno\u015bci i pozbawione nadprzyrodzonej perspektywy; \u015bmier\u0107 jawi si\u0119 jako nieunikniona konieczno\u015b\u0107, za\u015b zmartwychwstanie w og\u00f3le nie bierzemy pod uwag\u0119. Wtedy niezb\u0119dna jest modlitwa \u2013 dialog z Chrystusem w Duchu \u015aw. Trzeba si\u0119 ws\u0142ucha\u0107, co on sam m\u00f3wi o sobie, o nas, o Bo\u017cym planie zbawienia. On sprawi, \u017ce nasze serca zaczn\u0105 pa\u0142a\u0107 ogniem odnowionej wiary. W\u00f3wczas otworz\u0105 si\u0119 oczy i, gdy \u0142ama\u0107 b\u0119dziemy eucharystyczny Chleb, bez trudu rozpoznamy, i\u017c jest to znak obecnego, zmartwychwsta\u0142ego Pana. Rozczarowanie ust\u0105pi miejsca rado\u015bci, kt\u00f3r\u0105 b\u0119dziemy \u015bwiadczy\u0107 wobec innych, \u017ce <em>\u201ePan rzeczywi\u015bcie zmartwychwsta\u0142\u201d<\/em>. Amen.<\/p>\n<p><span style=\"color: #ff0000;\"><strong>Wyznanie wiary (Credo)<\/strong><\/span><\/p>\n<p>Wierz\u0119 w jednego Boga, Ojca Wszechmog\u0105cego, Stworzyciela nieba i ziemi, wszystkich rzeczy widzialnych i niewidzialnych. I w jednego Pana Jezusa Chrystusa, Syna Bo\u017cego Jednorodzonego, kt\u00f3ry z Ojca jest zrodzony przed wszystkimi wiekami. B\u00f3g z Boga, \u015awiat\u0142o\u015b\u0107 ze \u015awiat\u0142o\u015bci, B\u00f3g prawdziwy z Boga prawdziwego. Zrodzony a nie stworzony, wsp\u00f3\u0142istotny Ojcu, a przez Niego wszystko si\u0119 sta\u0142o. On to dla nas ludzi i dla naszego zbawienia zst\u0105pi\u0142 z nieba. I za spraw\u0105 Ducha \u015awi\u0119tego przyj\u0105\u0142 cia\u0142o z Maryi Dziewicy i sta\u0142 si\u0119 cz\u0142owiekiem. Ukrzy\u017cowany r\u00f3wnie\u017c za nas, pod Poncjuszem Pi\u0142atem zosta\u0142 um\u0119czony i pogrzebany. I zmartwychwsta\u0142 dnia trzeciego, jak oznajmia Pismo. I wst\u0105pi\u0142 do nieba; siedzi po prawicy Ojca. I powt\u00f3rnie przyjdzie w chwale s\u0105dzi\u0107 \u017cywych i umar\u0142ych, a Kr\u00f3lestwu Jego nie b\u0119dzie ko\u0144ca. Wierz\u0119 w Ducha \u015awi\u0119tego, Pana i O\u017cywiciela, kt\u00f3ry od Ojca i Syna pochodzi. Kt\u00f3ry z Ojcem i Synem wsp\u00f3lnie odbiera uwielbienie i chwa\u0142\u0119 kt\u00f3ry m\u00f3wi\u0142 przez Prorok\u00f3w. Wierz\u0119 w jeden, \u015awi\u0119ty, powszechny i apostolski Ko\u015bci\u00f3\u0142. Wyznaj\u0119 jeden chrzest na odpuszczenie grzech\u00f3w. I oczekuj\u0119 wskrzeszenia umar\u0142ych. I \u017cycia wiecznego w przysz\u0142ym \u015bwiecie. Amen.<\/p>\n<p>&nbsp;<\/p>\n<p><span style=\"color: #ff0000;\">Modlitwa powszechna<\/span><br \/>\n<strong><br \/>\nTrwaj\u0105c w rado\u015bci zmartwychwstania, zanie\u015bmy do Chrystusa pro\u015bby nasze i ca\u0142ego \u015bwiata.<\/strong><\/p>\n<p>Po ka\u017cdym wezwaniu powtarzamy:\u00a0<strong>Wys\u0142uchaj nas, Panie.<\/strong><\/p>\n<ol>\n<li>Prosimy Ci\u0119, Panie, za Ko\u015bci\u00f3\u0142, aby u\u017cywaj\u0105c\u00a0 nowych \u015brodk\u00f3w ewangelizacji, skutecznie dociera\u0142 z Dobr\u0105 Nowin\u0105 do wsp\u00f3\u0142czesnego \u015bwiata.<\/li>\n<li>Prosimy Ci\u0119, Panie, za papie\u017ca, biskup\u00f3w, prezbiter\u00f3w i diakon\u00f3w, by byli skutecznymi g\u0142osicielami Twojego niezg\u0142\u0119bionego mi\u0142osierdzia.<\/li>\n<li>Prosimy Ci\u0119, Panie, za pogr\u0105\u017conych w b\u00f3lu i \u017ca\u0142obie po stracie bliskich, aby w Tobie odnale\u017ali pociech\u0119 i ukojenie.<\/li>\n<li>Prosimy Ci\u0119, Panie, za nasz\u0105 wsp\u00f3lnot\u0119 Eucharystyczn\u0105, aby\u015bmy, posileni Naj\u015bwi\u0119tszym Sakramentem, byli zawsze otwarci na ludzi i ich potrzeby.<\/li>\n<\/ol>\n<p><strong>Chrystusowi Mi\u0142osiernemu niech b\u0119dzie wszelka cze\u015b\u0107 i chwa\u0142a, na wieki wiek\u00f3w. <\/strong><strong>Amen.<\/strong><\/p>\n<p><span style=\"color: #ff0000;\"><strong>Pater noster \u2014 Ojcze nasz<\/strong><\/span><\/p>\n<ol>\n<li>Pro\u015bmy Ojca niebieskiego, aby odpu\u015bci\u0142 nam grzechy i zachowa\u0142 nas od z\u0142ego:<\/li>\n<li>Ojcze nasz, kt\u00f3ry\u015b jest w niebie: \u015bwi\u0119\u0107 si\u0119 imi\u0119 Twoje, przyjd\u017a Kr\u00f3lestwo Twoje, b\u0105d\u017a wola Twoja jako w niebie, tak i na ziemi. Chleba naszego powszedniego daj nam dzisiaj. I odpu\u015b\u0107 nam nasze winy, jako i my odpuszczamy naszym winowajcom. I nie w\u00f3d\u017a nas na pokuszenie, ale nas zbaw ode z\u0142ego.<\/li>\n<\/ol>\n<p><strong>\u00a0<\/strong><\/p>\n<p><strong>Baranku Bo\u017cy, kt\u00f3ry g\u0142adzisz grzechy \u015bwiata, zmi\u0142uj si\u0119 nad nami <\/strong><\/p>\n<p><strong>Baranku Bo\u017cy, kt\u00f3ry g\u0142adzisz grzechy \u015bwiata, zmi\u0142uj si\u0119 nad nami <\/strong><\/p>\n<p><strong>Baranku Bo\u017cy, kt\u00f3ry g\u0142adzisz grzechy \u015bwiata, obdarz nas pokojem<\/strong><\/p>\n<p><strong>\u00a0<\/strong><\/p>\n<p><span style=\"color: #ff0000;\"><strong>Modlitwa po Komunii<\/strong><\/span><\/p>\n<p><em>Panie Jezu, Bo\u017ce m\u00f3j i Zbawicielu, kt\u00f3ry by\u0142e\u015b opuszczony w czasie M\u0119ki Swojej, a teraz obecny w \u015awi\u0119tej Eucharystii, osamotniony i zamkni\u0119ty w Tabernakulach \u015bwiata umierasz z pragnienia, by wst\u0105pi\u0107 do ludzkiego serca. Przyjd\u017a Panie Jezu do n\u0119dznego serca mojego, oczy\u015b\u0107 go, u\u015bwi\u0119\u0107 go i zamieszkaj na zawsze. Przebacz mi wszystkie moje grzechy i zaniedbania, przemie\u0144 mnie w Siebie i dzia\u0142aj przeze mnie, abym w ka\u017cdej chwili \u017cycia, pe\u0142ni\u0142 tylko Twoj\u0105 Wol\u0119. Pragn\u0119 Ci\u0119 kocha\u0107 i wynagradza\u0107 za wszystkich ludzi niewdzi\u0119cznych i oboj\u0119tnych. Ty\u015b mnie o Jezu, nigdy nie opu\u015bci\u0142, nie dozw\u00f3l, abym ja mia\u0142 Ciebie kiedykolwiek opu\u015bci\u0107. Uwielbiam i kocham Ci\u0119 Jezu, Kr\u00f3lu i Zbawicielu m\u00f3j. B\u0105d\u017a jedyn\u0105 Mi\u0142o\u015bci\u0105 i pragnieniem moim w \u017cyciu i przy \u015bmierci. Amen.<br \/>\nJezu, Maryjo, J\u00f3zefie \u015aw. Wam oddaj\u0119 cia\u0142o i dusz\u0119 moj\u0105 teraz i w ostatniej chwili skonania mojego. Amen. <\/em>(<a href=\"http:\/\/www.modlitewnik.com.pl\/modlitwy\/198-komunia-duchowa\">http:\/\/www.modlitewnik.com.pl\/modlitwy\/198-komunia-duchowa<\/a>)<\/p>\n<p>&nbsp;<\/p>\n<p><span style=\"color: #ff0000;\"><strong>Modlitwa na zako\u0144czenie<\/strong><\/span><\/p>\n<p>Bo\u017ce, nasz Ojcze, wejrzyj \u0142askawie na lud sw\u00f3j, kt\u00f3ry odnowi\u0142e\u015b przez Sakramenty daj\u0105ce \u017cycie wieczne, * i doprowad\u017a go do chwalebnego zmartwychwstania. Przez Chrystusa, Pana naszego.<\/p>\n<p>&nbsp;<\/p>\n<p style=\"text-align: center;\"><span style=\"color: #3366ff;\">OBRZ\u0118DY ZAKO\u0143CZENIA<\/span><\/p>\n<ol>\n<li>Niech nas B\u00f3g b\u0142ogos\u0142awi, broni od wszelkiego z\u0142a i doprowadzi do \u017cycia wiecznego.<\/li>\n<\/ol>\n<p>.<\/p>\n<ol>\n<li>Amen.<\/li>\n<li>Id\u017acie w pokoju Chrystusa. Alleluja, Alleluja<\/li>\n<li>Bogu niech b\u0119d\u0105 dzi\u0119ki. Alleluja, Alleluja<\/li>\n<\/ol>\n<p>&nbsp;<\/p>\n<p>Mo\u017cna odm\u00f3wi\u0107 jeszcze Regina Caeli<\/p>\n<p>Antyfon\u0119 odmawia si\u0119 od Wielkiej Soboty do \u015awi\u0119tej Tr\u00f3jcy wy\u0142\u0105cznie<\/p>\n<p><em>Antyfon\u0119 odmawia si\u0119 zawsze na stoj\u0105co<\/em><\/p>\n<table width=\"500\">\n<tbody>\n<tr>\n<td width=\"50%\">Regina Caeli, laetare, alleluia,<br \/>\nQuia quem meruisti portare, alleluia,<br \/>\nResurrexit, sicut dixit, alleluia,<br \/>\nOra pro nobis Deum, alleluia.<\/p>\n<p>V. Gaude et laetare Virgo Maria, alleluia,<\/p>\n<p>R. Quia surrexit Dominus vere, alleluia.<\/p>\n<p>&nbsp;<\/p>\n<p>Oremus.<\/p>\n<p>Deus, qui per resurrectionem<\/p>\n<p>Filii Tui Domini nostri Iesu Christi mundum laetificare dignatus es: praesta, quaesumus, ut, per eius Genitricem Virginem Mariam, perpetuae capiamus gaudia vitae. Per eumdem Christum Dominum nostrum.<\/p>\n<p>R. Amen.<\/td>\n<td width=\"50%\">Kr\u00f3lowo nieba, wesel si\u0119, alleluja,<br \/>\nBo Ten, kt\u00f3rego\u015b nosi\u0142a, alleluja,<br \/>\nZmartwychwsta\u0142 jak powiedzia\u0142, alleluja,<br \/>\nM\u00f3dl si\u0119 za nami do Boga, alleluja.<\/p>\n<p>&nbsp;<\/p>\n<p>V. Raduj si\u0119 i wesel, Panno Maryjo, alleluja<\/p>\n<p>R. Bo zmartwychwsta\u0142 Pan prawdziwie, alleluja.<\/p>\n<p>&nbsp;<\/p>\n<p>M\u00f3dlmy si\u0119.<\/p>\n<p>Bo\u017ce, kt\u00f3ry\u015b przez zmartwychwstanie Syna swojego, Pana naszego Jezusa Chrystusa \u015bwiat uweseli\u0107 raczy\u0142, daj nam, prosimy, aby\u015bmy przez Jego Rodzicielk\u0119 Pann\u0119 Maryj\u0119 dost\u0105pili rado\u015bci \u017cycia wiecznego. Przez tego\u017c Chrystusa Pana naszego.<\/p>\n<p>R. Amen.<\/td>\n<\/tr>\n<\/tbody>\n<\/table>\n<p>&nbsp;<\/p>\n<p><strong>\u00a0\u00a0<\/strong><span style=\"color: #ff0000;\"><strong>Chwa\u0142a Ojcu \u2026<\/strong><\/span><\/p>\n<p><span style=\"color: #ff0000;\"><strong>\u00a0\u00a0\u00a0 Wieczny odpoczynek \u2026<\/strong><\/span><\/p>\n<p><span style=\"color: #ff0000;\"><strong>Pod Twoj\u0105 obron\u0119\u2026<\/strong><\/span><\/p>\n<p><img loading=\"lazy\" decoding=\"async\" class=\"size-medium wp-image-6986 aligncenter\" src=\"https:\/\/stansgar.katolsk.no\/wp-content\/uploads\/2020\/03\/5bb699f1-b6a6-4d0f-b717-dfe7b48d8ece-300x200.jpeg\" alt=\"\" width=\"300\" height=\"200\" srcset=\"https:\/\/stansgar.katolsk.no\/wp-content\/uploads\/2020\/03\/5bb699f1-b6a6-4d0f-b717-dfe7b48d8ece-300x200.jpeg 300w, https:\/\/stansgar.katolsk.no\/wp-content\/uploads\/2020\/03\/5bb699f1-b6a6-4d0f-b717-dfe7b48d8ece.jpeg 768w\" sizes=\"auto, (max-width: 300px) 100vw, 300px\" \/><\/p>\n<h4 style=\"text-align: center;\">Wszystkim Parafianom ks. proboszcz Tien i ks. Dawid \u017cyczy udanej Niedzieli i dobrego prze\u017cywania nadchodz\u0105cego tygodnia.<\/h4>\n","protected":false},"excerpt":{"rendered":"<p>CELEBRACJA LITURGII S\u0141OWA\u00a0NA 3. NIEDZIEL\u0118 WIELKANOCN\u0104 (26. KWIETNIA) Tekst p\u00e5 norsk: FEIRING AV GUDS ORDS TJENESTE I FAMILIEN S\u00d8NDAG I P\u00c5SKETIDEN (26. APRIL)\u00a0https:\/\/stansgar.katolsk.no\/?p=7295 Wszyscy w rodzinie gromadz\u0105 si\u0119 przed krzy\u017cem postawionym na stole, zapalamy \u015bwiece, i zaczynamy znakiem Krzy\u017ca \u015aw&#8230;.<br \/><a class=\"read-more-button\" href=\"https:\/\/stansgar.katolsk.no\/?p=7299\">Read more<\/a><\/p>\n","protected":false},"author":5,"featured_media":7268,"comment_status":"open","ping_status":"open","sticky":false,"template":"","format":"standard","meta":{"footnotes":""},"categories":[204],"tags":[],"class_list":["post-7299","post","type-post","status-publish","format-standard","has-post-thumbnail","hentry","category-ukategorisert-nb"],"_links":{"self":[{"href":"https:\/\/stansgar.katolsk.no\/index.php?rest_route=\/wp\/v2\/posts\/7299","targetHints":{"allow":["GET"]}}],"collection":[{"href":"https:\/\/stansgar.katolsk.no\/index.php?rest_route=\/wp\/v2\/posts"}],"about":[{"href":"https:\/\/stansgar.katolsk.no\/index.php?rest_route=\/wp\/v2\/types\/post"}],"author":[{"embeddable":true,"href":"https:\/\/stansgar.katolsk.no\/index.php?rest_route=\/wp\/v2\/users\/5"}],"replies":[{"embeddable":true,"href":"https:\/\/stansgar.katolsk.no\/index.php?rest_route=%2Fwp%2Fv2%2Fcomments&post=7299"}],"version-history":[{"count":1,"href":"https:\/\/stansgar.katolsk.no\/index.php?rest_route=\/wp\/v2\/posts\/7299\/revisions"}],"predecessor-version":[{"id":7300,"href":"https:\/\/stansgar.katolsk.no\/index.php?rest_route=\/wp\/v2\/posts\/7299\/revisions\/7300"}],"wp:featuredmedia":[{"embeddable":true,"href":"https:\/\/stansgar.katolsk.no\/index.php?rest_route=\/wp\/v2\/media\/7268"}],"wp:attachment":[{"href":"https:\/\/stansgar.katolsk.no\/index.php?rest_route=%2Fwp%2Fv2%2Fmedia&parent=7299"}],"wp:term":[{"taxonomy":"category","embeddable":true,"href":"https:\/\/stansgar.katolsk.no\/index.php?rest_route=%2Fwp%2Fv2%2Fcategories&post=7299"},{"taxonomy":"post_tag","embeddable":true,"href":"https:\/\/stansgar.katolsk.no\/index.php?rest_route=%2Fwp%2Fv2%2Ftags&post=7299"}],"curies":[{"name":"wp","href":"https:\/\/api.w.org\/{rel}","templated":true}]}}