{"id":7290,"date":"2020-04-23T19:37:14","date_gmt":"2020-04-23T17:37:14","guid":{"rendered":"https:\/\/stansgar.katolsk.no\/?p=7290"},"modified":"2020-04-23T20:42:06","modified_gmt":"2020-04-23T18:42:06","slug":"referat-menighetsradsmote-22-04-2020","status":"publish","type":"post","link":"https:\/\/stansgar.katolsk.no\/?p=7290","title":{"rendered":"Referat menighetsr\u00e5dsm\u00f8te 22.04.2020"},"content":{"rendered":"<p>Til stede:<br \/>\nP. Quang Tien Dang, P. Dawid Banas, Ane Ugland Alb\u00e6k, Joanna Rodziewicz, Luan Van Nguyen, Tinh Van Doan, John Arngrim Hunnes, Xuat Minh Dang, Wlodzimierz Dyzma<br \/>\nIkke til stede: Kristian Teofilovic, Daniel Habtay, Jocelyn Augland<br \/>\nNeste m\u00f8te:<br \/>\n20.05.20, kl. 1900<\/p>\n<p><strong>Sak 13\/20 Tiltak i menigheten i forbindelse med koronaviruset<\/strong><br \/>\nKoronaviruset endrer mye av det som skjer i St. Ansgar menighet v\u00e5ren 2020:<\/p>\n<p>\u2022 S\u00f8ndagsmessene str\u00f8mmes fortsatt p\u00e5 menighetes Facebookside p\u00e5 polsk (kl. 0800), norsk (kl. 1200) og vietnamesisk (kl. 1330).<\/p>\n<p>\u2022 Katekesen fortsetter \u2013 digitalt. Hver klasse forholder seg til informasjon fra sin kateket. Katekesemessen str\u00f8mmes. Vi har problemer med \u00e5 f\u00e5 kontakt med alle foreldrene. Mona lager kunngj\u00f8ring om at foreldre som ikke f\u00e5r henvendelse fra sin kateket m\u00e5 ta kontakt med sin kateket selv.<\/p>\n<p>\u2022 F\u00f8rstekommunion utsettes inntil videre.<br \/>\n&#8211; Vi har mottatt \u00f8nske om \u00e5 arrangere f\u00f8rstekommunionsseremonier for f\u00e5 barn av gangen. Det er ikke aktuelt, da det er i strid med retningslinjene fra OKB og det i tillegg vil v\u00e6re vanskelig gjenomf\u00f8rbart \u00e5 avholde s\u00e5 mange seremonier.<br \/>\n&#8211; Vi har ogs\u00e5 mottatt forslag om \u00abdrive-in\u00bb serememoni der vi m\u00f8tes p\u00e5 en parkeringsplass og alle sitter i hver sine biler. Ogs\u00e5 her f\u00f8lger vi OKBs p\u00e5legg om \u00e5 utsette v\u00e5rens f\u00f8rstekommunionsseremonier. Dersom situasjonen varer lenge m\u00e5 vi vurdere andre muligheter for f\u00f8rstekommunion.<\/p>\n<p>\u2022 Hva som skjer med h\u00f8stens konfirmasjoner er enn\u00e5 ikke besluttet.<\/p>\n<p>\u2022 Caritasgruppen har fortsatt frivillige klare til \u00e5 bist\u00e5 menighetens medlemmer men de har forel\u00f8pig ikke mottatt henvendelser.<\/p>\n<p>\u2022 Vi sender rosenkransb\u00f8nn p\u00e5 facebook de fleste dager kl 18.00 fra ulike hjem. I mai sender vi rosenkrans hver dag p\u00e5 forskjellige spr\u00e5k. Lederne for de nasjonale grupper f\u00e5r ansvar for hver sine dager.<\/p>\n<p>\u2022 SAUL har hatt felles b\u00f8nn digitalt hele p\u00e5sken. Det er kjempeflott og vi \u00f8nsker at ungdommene fortsetter \u00e5 holde kontakt med hverandre i denne perioden med koronarestriksjoner.<\/p>\n<p><strong>Sak 14\/20 Giverkampanje<\/strong><br \/>\nVi f\u00e5r stadig f\u00e6rre avtalegirogivere til menighetens byggefond. Den planlagte giverkampanjen m\u00e5 derfor lanseres digitalt p\u00e5 nettsiden og facebook gjennom egne oppslag og i kunngj\u00f8ringer i messene.<\/p>\n<p><strong>Sak 15\/20 Eventuelt<\/strong><br \/>\n&#8211; Vi har en bankterminal\/kortautomat som koster kr 13.000,- i \u00e5ret. Den er s\u00e5 lite i bruk at vi avvikler denne betalingsordningen.<\/p>\n<p>&#8211; 18. mai er det 100 \u00e5r siden Johannes Paul II ble f\u00f8dt. Vi \u00f8nsker \u00e5 markere det med messefeiring som str\u00f8mmes.<\/p>\n<p>&#8211; Vaskemaskinen p\u00e5 kj\u00f8kkenet i Kiga er \u00f8delagt. Reparasjon vil koste kr 4-5000,-. Vi vedtar \u00e5 reparere den siden en slik vaskemaskin koster rundt kr 40.000,-. Det er sannsynlig at feil bruk er \u00e5rsaken til at den n\u00e5 er \u00f8delagt. Vi lager instruksjon for b\u00e5de vaskemaskin og ovn som henges opp p\u00e5 veggen p\u00e5 kj\u00f8kkenet innen kirken \u00e5pnes igjen for bruk. Samtidig minner vi om at filteret i kj\u00f8kkenviften trenger jevnlig rengj\u00f8ring.<\/p>\n<p>&#8211; V\u00e5rens pastoralr\u00e5dsm\u00f8te ble avlyst. Siden vi mangler denne muligheten til \u00e5 rapportere om menighetens tilstand og drift, \u00f8nsker menighetsr\u00e5det \u00e5 sende en orientering til OKB ved Kansler og personalsjef Anne-Mette Ringdal og Biskop Bernt. Vi vil formidle at i denne vanskelige tiden har prestene og menigheten i St Ansgar st\u00e5tt sammen og i fellesskap f\u00e5tt til mange tiltak og h\u00f8y deltakelse. Dette gjelder str\u00f8mmede messer, fellesb\u00f8nner som rosenkrans og korsvei, digital katekese, videom\u00f8ter, filmer og hjelp til Guds ords tjeneste i familien. Uten fantastisk koordinering og innsats fra v\u00e5re flotte prester hadde ikke dette v\u00e6rt mulig. Vi er stolte over alt vi har f\u00e5tt til og over alle de flotte medlemmene vi har i menigheten som hjelper p\u00e5 hver sin m\u00e5te.<\/p>\n<p>Ane Ugland Alb\u00e6k<br \/>\nSign.<\/p>\n","protected":false},"excerpt":{"rendered":"<p>Til stede: P. Quang Tien Dang, P. Dawid Banas, Ane Ugland Alb\u00e6k, Joanna Rodziewicz, Luan Van Nguyen, Tinh Van Doan, John Arngrim Hunnes, Xuat Minh Dang, Wlodzimierz Dyzma Ikke til stede: Kristian Teofilovic, Daniel Habtay, Jocelyn Augland Neste m\u00f8te: 20.05.20,&#8230;<br \/><a class=\"read-more-button\" href=\"https:\/\/stansgar.katolsk.no\/?p=7290\">Read more<\/a><\/p>\n","protected":false},"author":1,"featured_media":0,"comment_status":"open","ping_status":"open","sticky":false,"template":"","format":"standard","meta":{"footnotes":""},"categories":[204],"tags":[],"class_list":["post-7290","post","type-post","status-publish","format-standard","hentry","category-ukategorisert-nb"],"_links":{"self":[{"href":"https:\/\/stansgar.katolsk.no\/index.php?rest_route=\/wp\/v2\/posts\/7290","targetHints":{"allow":["GET"]}}],"collection":[{"href":"https:\/\/stansgar.katolsk.no\/index.php?rest_route=\/wp\/v2\/posts"}],"about":[{"href":"https:\/\/stansgar.katolsk.no\/index.php?rest_route=\/wp\/v2\/types\/post"}],"author":[{"embeddable":true,"href":"https:\/\/stansgar.katolsk.no\/index.php?rest_route=\/wp\/v2\/users\/1"}],"replies":[{"embeddable":true,"href":"https:\/\/stansgar.katolsk.no\/index.php?rest_route=%2Fwp%2Fv2%2Fcomments&post=7290"}],"version-history":[{"count":2,"href":"https:\/\/stansgar.katolsk.no\/index.php?rest_route=\/wp\/v2\/posts\/7290\/revisions"}],"predecessor-version":[{"id":7292,"href":"https:\/\/stansgar.katolsk.no\/index.php?rest_route=\/wp\/v2\/posts\/7290\/revisions\/7292"}],"wp:attachment":[{"href":"https:\/\/stansgar.katolsk.no\/index.php?rest_route=%2Fwp%2Fv2%2Fmedia&parent=7290"}],"wp:term":[{"taxonomy":"category","embeddable":true,"href":"https:\/\/stansgar.katolsk.no\/index.php?rest_route=%2Fwp%2Fv2%2Fcategories&post=7290"},{"taxonomy":"post_tag","embeddable":true,"href":"https:\/\/stansgar.katolsk.no\/index.php?rest_route=%2Fwp%2Fv2%2Ftags&post=7290"}],"curies":[{"name":"wp","href":"https:\/\/api.w.org\/{rel}","templated":true}]}}