{"id":7275,"date":"2020-04-17T11:27:17","date_gmt":"2020-04-17T09:27:17","guid":{"rendered":"https:\/\/stansgar.katolsk.no\/?p=7275"},"modified":"2020-04-18T11:22:22","modified_gmt":"2020-04-18T09:22:22","slug":"celebracja-liturgii-slowa-na-2-niedziele-wielkanocna-milosierdzia-bozego-19-kwietnia","status":"publish","type":"post","link":"https:\/\/stansgar.katolsk.no\/?p=7275","title":{"rendered":"CELEBRACJA LITURGII S\u0141OWA NA 2. NIEDZIEL\u0118 WIELKANOCN\u0104 MI\u0141OSIERDZIA BO\u017bEGO  (19. KWIETNIA)"},"content":{"rendered":"<p style=\"text-align: center;\"><span style=\"color: #ff9900;\"><strong>CELEBRACJA LITURGII S\u0141OWA\u00a0<\/strong><strong>NA 2. NIEDZIEL\u0118 WIELKANOCN\u0104 MI\u0141OSIERDZIA BO\u017bEGO\u00a0<\/strong><strong>(19. KWIETNIA)<\/strong><\/span><\/p>\n<p>tekst p\u00e5 norsk:&raquo; <strong>FEIRING<\/strong>\u00a0<strong>AV\u00a0<\/strong><strong>GUDS ORDS TJENESTE I FAMILIEN\u00a0<\/strong><strong>S\u00d8NDAG I P\u00c5SKETIDEN (19. APRIL)&raquo;<a href=\"https:\/\/stansgar.katolsk.no\/?p=7267\">https:\/\/stansgar.katolsk.no\/?p=7267<\/a><\/strong><\/p>\n<p>&nbsp;<\/p>\n<p><img loading=\"lazy\" decoding=\"async\" class=\"aligncenter wp-image-7268 size-medium\" src=\"https:\/\/stansgar.katolsk.no\/wp-content\/uploads\/2020\/04\/lkl-e1587201674321-300x121.jpg\" alt=\"\" width=\"300\" height=\"121\" srcset=\"https:\/\/stansgar.katolsk.no\/wp-content\/uploads\/2020\/04\/lkl-e1587201674321-300x121.jpg 300w, https:\/\/stansgar.katolsk.no\/wp-content\/uploads\/2020\/04\/lkl-e1587201674321-1024x412.jpg 1024w, https:\/\/stansgar.katolsk.no\/wp-content\/uploads\/2020\/04\/lkl-e1587201674321-768x309.jpg 768w, https:\/\/stansgar.katolsk.no\/wp-content\/uploads\/2020\/04\/lkl-e1587201674321-956x384.jpg 956w, https:\/\/stansgar.katolsk.no\/wp-content\/uploads\/2020\/04\/lkl-e1587201674321.jpg 1472w\" sizes=\"auto, (max-width: 300px) 100vw, 300px\" \/><\/p>\n<p><span style=\"color: #c91010;\">Wszyscy w rodzinie gromadz\u0105 si\u0119 przed krzy\u017cem postawionym na stole, zapalamy \u015bwiece, i zaczynamy znakiem Krzy\u017ca \u015aw. Jedna osoba jest koordynatorem modlitwy. Stoimy:<\/span><\/p>\n<p><span style=\"color: #ff0000;\"><strong><em>K \u2014 koordynator modlitwy<\/em><\/strong><\/span><\/p>\n<p><span style=\"color: #ff0000;\"><strong><em>W \u2014 wszyscy<\/em><\/strong><\/span><\/p>\n<ol>\n<li>W imi\u0119 Ojca i Syna, i Ducha \u015awi\u0119tego. W. Amen.<\/li>\n<\/ol>\n<p><span style=\"color: #ff0000;\"><strong>Akt pokuty<\/strong><\/span><\/p>\n<ol>\n<li>Uznajmy przed Bogiem, \u017ce jeste\u015bmy grzeszni, aby\u015bmy mogli z czystym sercem uczestniczy\u0107 w tej liturgii.<\/li>\n<li>Spowiadam si\u0119 Bogu wszechmog\u0105cemu i wam, bracia i siostry, \u017ce bardzo zgrzeszy\u0142em my\u015bl\u0105, mow\u0105, uczynkiem, i zaniedbaniem: moja wina, moja wina, moja bardzo wielka wina. Przeto b\u0142agam Naj\u015bwi\u0119tsz\u0105 Maryj\u0119, zawsze Dziewic\u0119, wszystkich Anio\u0142\u00f3w i \u015awi\u0119tych, i was, bracia i siostry, o modlitw\u0119 za mnie do Pana Boga naszego.<\/li>\n<li>Niech si\u0119 zmi\u0142uje nad nami B\u00f3g wszechmog\u0105cy i odpu\u015bciwszy nam grzechy doprowadzi nas do \u017cycia wiecznego. W. Amen.<\/li>\n<\/ol>\n<p><strong>\u00a0<\/strong><\/p>\n<p><strong><span style=\"color: #ff0000;\">Kyrie \u2014<\/span><\/strong> <strong>Panie zmi\u0142uj si\u0119 nad nami, <\/strong><\/p>\n<p><strong>Chryste zmi\u0142uj si\u0119 nad nami, <\/strong><\/p>\n<p><strong>Panie zmi\u0142uj si\u0119 nad nami.<\/strong><\/p>\n<p><strong>\u00a0<\/strong><\/p>\n<p><strong><span style=\"color: #ff0000;\">Gloria \u2014<\/span><\/strong> Chwa\u0142a na\u00a0wysoko\u015bci Bogu a na\u00a0ziemi pok\u00f3j ludziom dobrej woli.<br \/>\nChwalimy Ci\u0119, B\u0142ogos\u0142awimy Ci\u0119, Wielbimy Ci\u0119. Wys\u0142awiamy Ci\u0119.<br \/>\nDzi\u0119ki Ci sk\u0142adamy, bo wielka jest chwa\u0142a Twoja.<br \/>\nPanie Bo\u017ce, Kr\u00f3lu nieba, Bo\u017ce Ojcze wszechmog\u0105cy.<br \/>\nPanie, Synu Jednorodzony, Jezu Chryste.<br \/>\nPanie Bo\u017ce, Baranku Bo\u017cy, Synu Ojca.<br \/>\nKt\u00f3ry g\u0142adzisz grzechy \u015bwiata, zmi\u0142uj si\u0119 nad nami.<br \/>\nKt\u00f3ry g\u0142adzisz grzechy \u015bwiata, przyjm b\u0142aganie nasze.<br \/>\nKt\u00f3ry siedzisz po prawicy Ojca, zmi\u0142uj si\u0119 nad nami.<br \/>\nAlbowiem tylko Ty\u015b jest \u015bwi\u0119ty.<br \/>\nTylko Ty\u015b jest Panem.<br \/>\nTylko Ty\u015b Najwy\u017cszy, Jezu Chryste.<br \/>\nZ Duchem \u015awi\u0119tym w chwale Boga Ojca.<br \/>\nAmen<\/p>\n<p><strong>\u00a0<\/strong><\/p>\n<p><span style=\"color: #ff0000;\"><strong>Kolekta \u2014 modlitwa dnia<\/strong><\/span><\/p>\n<p>Bo\u017ce zawsze mi\u0142osierny, Ty przez doroczn\u0105 uroczysto\u015b\u0107 wielkanocn\u0105 umacniasz wiar\u0119 Twojego ludu, \u2020 pomn\u00f3\u017c \u0142ask\u0119, kt\u00f3rej udzieli\u0142e\u015b, aby\u015bmy wszyscy g\u0142\u0119biej poj\u0119li, jak wielki jest chrzest, przez kt\u00f3ry zostali\u015bmy oczyszczeni, * jak pot\u0119\u017cny jest Duch, przez kt\u00f3rego zostali\u015bmy odrodzeni, i jak cenna jest Krew, przez kt\u00f3r\u0105 zostali\u015bmy odkupieni. Przez naszego Pana Jezusa Chrystusa, Twojego Syna, \u2020 kt\u00f3ry z Tob\u0105 \u017cyje i kr\u00f3luje w jedno\u015bci Ducha \u015awi\u0119tego, * B\u00f3g, przez wszystkie wieki wiek\u00f3w.<\/p>\n<p style=\"text-align: center;\"><span style=\"color: #c91010;\">Siadamy i s\u0142uchamy s\u0142owa Bo\u017cego, czytane przez wybranych cz\u0142onk\u00f3w rodziny.<\/span><\/p>\n<p style=\"text-align: center;\"><strong><span style=\"color: #0000ff;\">LITURGIA S\u0141OWA<\/span><\/strong><\/p>\n<p><span style=\"color: #ff0000;\"><strong>Liturgia S\u0142owa wg lekcjonarza z 2015 roku<\/strong><\/span><\/p>\n<p><strong>PIERWSZE CZYTANIE <\/strong><span style=\"color: #33cccc;\">Dz 2, 42-47<\/span> <em>\u017bycie pierwszej wsp\u00f3lnoty chrze\u015bcija\u0144skiej<\/em><\/p>\n<p><strong>Czytanie z Dziej\u00f3w Apostolskich<\/strong><\/p>\n<p>Uczniowie trwali w nauce aposto\u0142\u00f3w i we wsp\u00f3lnocie, w \u0142amaniu chleba i w modlitwach.<\/p>\n<p>Boja\u017a\u0144 ogarnia\u0142a ka\u017cdego, gdy\u017c aposto\u0142owie czynili wiele znak\u00f3w i cud\u00f3w. Ci wszyscy, kt\u00f3rzy uwierzyli, przebywali razem i wszystko mieli wsp\u00f3lne. Sprzedawali maj\u0105tki i dobra i rozdzielali je ka\u017cdemu wed\u0142ug potrzeby.<\/p>\n<p>Codziennie trwali jednomy\u015blnie w \u015bwi\u0105tyni, a \u0142ami\u0105c chleb po domach, spo\u017cywali posi\u0142ek w rado\u015bci i prostocie serca. Wielbili Boga, a ca\u0142y lud odnosi\u0142 si\u0119 do nich \u017cyczliwie. Pan za\u015b przymna\u017ca\u0142 im codziennie tych, kt\u00f3rzy dost\u0119powali\u00a0zbawienia.<\/p>\n<p><strong>Oto s\u0142owo Bo\u017ce.<\/strong><\/p>\n<p><strong>PSALM RESPONSORYJNY <\/strong><span style=\"color: #33cccc;\">Ps 118 (117), 2-4. 13-15. 22-24 (R.: por. 1c)<\/span><\/p>\n<p><strong>Refren: Dzi\u0119kujcie Panu, bo jest mi\u0142osierny.<\/strong><br \/>\n<span style=\"color: #ff0000;\">albo<\/span>:\u00a0<strong>Alleluja.<\/strong><\/p>\n<p>Niech dom Izraela g\u0142osi: \u00abJego \u0142aska na wieki\u00bb. *<br \/>\nNiech dom Aarona g\u0142osi: \u00abJego \u0142aska na wieki\u00bb<br \/>\nNiech wyznawcy Pana g\u0142osz\u0105: *<br \/>\n\u00abJego \u0142aska na wieki\u00bb. <strong>Refren.<\/strong><\/p>\n<p>Abym upad\u0142, uderzono mnie i pchni\u0119to, \u2020<br \/>\nlecz Pan mnie podtrzyma\u0142. *<br \/>\nPan moj\u0105 moc\u0105 i pie\u015bni\u0105, On sta\u0142 si\u0119 moim Zbawc\u0105.<br \/>\nG\u0142osy rado\u015bci z ocalenia w namiotach sprawiedliwych: *<br \/>\n\u00abPrawica Pa\u0144ska moc okaza\u0142a\u00bb. <strong>Refren.<\/strong><\/p>\n<p>Kamie\u0144 odrzucony przez buduj\u0105cych \u2020<br \/>\nsta\u0142 si\u0119 kamieniem w\u0119gielnym. *<br \/>\nSta\u0142o si\u0119 to przez Pana i cudem jest w naszych oczach.<br \/>\nOto dzie\u0144, kt\u00f3ry Pan uczyni\u0142, *<br \/>\nradujmy si\u0119 nim i weselmy. <strong>Refren.<\/strong><\/p>\n<p><strong>DRUGIE CZYTANIE <\/strong><span style=\"color: #33cccc;\">1 P 1, 3-9<\/span> <em>Rado\u015b\u0107 p\u0142yn\u0105ca z wiary<\/em><\/p>\n<p><strong>Czytanie z Pierwszego Listu \u015awi\u0119tego Piotra Aposto\u0142a<\/strong><\/p>\n<p>Niech b\u0119dzie b\u0142ogos\u0142awiony B\u00f3g i Ojciec Pana naszego, Jezusa Chrystusa. On w swoim wielkim mi\u0142osierdziu przez powstanie z martwych Jezusa Chrystusa na nowo zrodzi\u0142 nas do \u017cywej nadziei: do dziedzictwa niezniszczalnego i niepokalanego, i niewi\u0119dn\u0105cego, kt\u00f3re jest zachowane dla was w niebie. Wy bowiem jeste\u015bcie przez wiar\u0119 strze\u017ceni moc\u0105 Bo\u017c\u0105 dla zbawienia, gotowego objawi\u0107 si\u0119 w czasie ostatecznym.<\/p>\n<p>Dlatego radujcie si\u0119, cho\u0107 teraz musicie dozna\u0107 troch\u0119 smutku z powodu r\u00f3\u017cnorodnych do\u015bwiadcze\u0144. Przez to warto\u015b\u0107 waszej wiary oka\u017ce si\u0119 o wiele cenniejsza od zniszczalnego z\u0142ota, kt\u00f3re przecie\u017c pr\u00f3buje si\u0119 w ogniu, na s\u0142aw\u0119, chwa\u0142\u0119 i cze\u015b\u0107 przy objawieniu Jezusa Chrystusa. Wy, cho\u0107 nie widzieli\u015bcie, mi\u0142ujecie Go; wy w Niego teraz, cho\u0107 nie widzicie, przecie\u017c wierzycie, a ucieszycie si\u0119 rado\u015bci\u0105 niewymown\u0105 i pe\u0142n\u0105 chwa\u0142y wtedy, gdy osi\u0105gniecie cel waszej wiary \u2013 zbawienie dusz.<\/p>\n<p><strong>Oto s\u0142owo Bo\u017ce.<\/strong><\/p>\n<p><em>Mo\u017cna odmawia\u0107 sekwencj\u0119: Niech w \u015bwi\u0119to radosne Paschalnej Ofiary.<\/em><\/p>\n<p><strong>\u015aPIEW PRZED EWANGELI\u0104 <\/strong><span style=\"color: #33cccc;\">Por. J 20, 29<\/span><\/p>\n<p><span style=\"color: #ff0000;\"><strong><em>Aklamacja:<\/em><\/strong><\/span><strong><em> Alleluja, alleluja, alleluja.<\/em><\/strong><\/p>\n<p>Uwierzy\u0142e\u015b, Tomaszu, bo Mnie ujrza\u0142e\u015b;<br \/>\nb\u0142ogos\u0142awieni, kt\u00f3rzy nie widzieli, a uwierzyli.<\/p>\n<p><span style=\"color: #ff0000;\"><strong><em>Aklamacja:<\/em><\/strong><\/span><strong><em> Alleluja, alleluja, alleluja.<\/em><\/strong><\/p>\n<p><strong>EWANGELIA <\/strong><span style=\"color: #33cccc;\">J 20, 19-31<\/span> <em>B\u0142ogos\u0142awieni, kt\u00f3rzy nie widzieli, a uwierzyli<\/em><\/p>\n<p>S\u0142owa Ewangelii wed\u0142ug \u015awi\u0119tego Jana<\/p>\n<p>Wieczorem w dniu zmartwychwstania, tam gdzie przebywali uczniowie, cho\u0107 drzwi by\u0142y zamkni\u0119te z obawy przed \u017bydami, przyszed\u0142 Jezus, stan\u0105\u0142 po\u015brodku i rzek\u0142 do nich: \u00abPok\u00f3j wam!\u00bb A to powiedziawszy, pokaza\u0142 im r\u0119ce i bok. Uradowali si\u0119 zatem uczniowie, ujrzawszy Pana.<\/p>\n<p>A Jezus znowu rzek\u0142 do nich: \u00abPok\u00f3j wam! Jak Ojciec Mnie pos\u0142a\u0142, tak i Ja was posy\u0142am\u00bb. Po tych s\u0142owach tchn\u0105\u0142 na nich i powiedzia\u0142 im: \u00abWe\u017amijcie Ducha \u015awi\u0119tego! Kt\u00f3rym odpu\u015bcicie grzechy, s\u0105 im odpuszczone, a kt\u00f3rym zatrzymacie, s\u0105 im zatrzymane\u00bb.<\/p>\n<p>Ale Tomasz, jeden z Dwunastu, zwany Didymos, nie by\u0142 razem z nimi, kiedy przyszed\u0142 Jezus. Inni wi\u0119c uczniowie m\u00f3wili do niego: \u00abWidzieli\u015bmy Pana!\u00bb<\/p>\n<p>Ale on rzek\u0142 do nich: \u00abJe\u017celi na r\u0119kach Jego nie zobacz\u0119 \u015bladu gwo\u017adzi i nie w\u0142o\u017c\u0119 palca mego w miejsce gwo\u017adzi, i r\u0119ki mojej nie w\u0142o\u017c\u0119 w bok Jego, nie uwierz\u0119\u00bb.<\/p>\n<p>A po o\u015bmiu dniach, kiedy uczniowie Jego byli znowu wewn\u0105trz domu i Tomasz z nimi, Jezus przyszed\u0142, cho\u0107 drzwi by\u0142y zamkni\u0119te, stan\u0105\u0142 po\u015brodku i rzek\u0142: \u00abPok\u00f3j wam!\u00bb Nast\u0119pnie rzek\u0142 do Tomasza: \u00abPodnie\u015b tutaj sw\u00f3j palec i zobacz moje r\u0119ce. Podnie\u015b r\u0119k\u0119 i w\u0142\u00f3\u017c w m\u00f3j bok, i nie b\u0105d\u017a niedowiarkiem, lecz wierz\u0105cym\u00bb.<\/p>\n<p>Tomasz w odpowiedzi rzek\u0142 do Niego: \u00abPan m\u00f3j i B\u00f3g m\u00f3j!\u00bb<\/p>\n<p>Powiedzia\u0142 mu Jezus: \u00abUwierzy\u0142e\u015b dlatego, \u017ce Mnie ujrza\u0142e\u015b? B\u0142ogos\u0142awieni, kt\u00f3rzy nie widzieli, a uwierzyli\u00bb.<\/p>\n<p>I wiele innych znak\u00f3w, kt\u00f3rych nie zapisano w tej ksi\u0119dze, uczyni\u0142 Jezus wobec uczni\u00f3w. Te za\u015b zapisano, aby\u015bcie wierzyli, \u017ce Jezus jest Mesjaszem, Synem Bo\u017cym, i aby\u015bcie wierz\u0105c, mieli \u017cycie w imi\u0119 Jego.<\/p>\n<p><strong>Oto s\u0142owo Pa\u0144skie.<\/strong><\/p>\n<p><span style=\"color: #ff0000;\"><strong>Homilia<\/strong><\/span><\/p>\n<h3>Rozpali\u0107 ogie\u0144 mi\u0142osierdzia <em>(ks. Leszek Smoli\u0144ski)<\/em><\/h3>\n<p>W II niedziel\u0119 po Wielkanocy powtarzamy za Psalmist\u0105: \u201eDzi\u0119kujcie Panu, bo jest mi\u0142osierny\u201d. Wzrok nasz w\u0119druje najpierw do Wieczernika, w kt\u00f3rym Jezus przychodzi do Aposto\u0142\u00f3w, aby umocni\u0107 ich wiar\u0119. To spotkanie ma jednak wyj\u0105tkowy charakter. Bierze w nim udzia\u0142 Tomasz Aposto\u0142, kt\u00f3rego zwykli\u015bmy okre\u015bla\u0107 mianem \u201eniewiernego Tomasza\u201d. Dostrzegamy, s\u0142uchaj\u0105c Janowej Ewangelii, \u017ce wiara tego ucznia by\u0142a jeszcze zbyt s\u0142aba, aby uwierzy\u0142 \u015bwiadectwu innych Aposto\u0142\u00f3w. Potrzebowa\u0142 namacalnych dowod\u00f3w. Chyba to nas nie powinno dziwi\u0107. Ile to razy my sami, kt\u00f3rzy tak wiele s\u0142yszymy o Zmartwychwsta\u0142ym, powtarzamy pe\u0142ni niedowierzania: \u201ejak nie zobacz\u0119, to nie uwierz\u0119\u201d.<\/p>\n<p>Rado\u015b\u0107 z dzisiejszej liturgii p\u0142ynie dla nas z faktu, ze razem ze \u015bw. Piotrem mo\u017cemy uwielbia\u0107 Boga: \u201eNiech b\u0119dzie b\u0142ogos\u0142awiony B\u00f3g i Ojciec Pana naszego, Jezusa Chrystusa. On w swoim wielkim mi\u0142osierdziu przez powstanie z martwych Jezusa Chrystusa na nowo zrodzi\u0142 nas do \u017cywej nadziei\u201d. To uwielbienie zwi\u0105zane jest z darem, jaki otrzymali\u015bmy od Boga. Stali\u015bmy si\u0119, dzi\u0119ki zmartwychwstaniu Jezusa Chrystusa, \u015bwiadkami nadziei.<\/p>\n<p>\u015awiadectwem nadziei dla wsp\u00f3\u0142czesnego \u015bwiata jest r\u00f3wnie\u017c \u015awi\u0119to Mi\u0142osierdzia Bo\u017cego. To by\u0142a wola samego Boga, kt\u00f3r\u0105 wyrazi\u0142 za po\u015brednictwem \u015bw. Siostry Faustyny, zakonnicy ze Zgromadzenia Matki Bo\u017cej Mi\u0142osierdzia w dniu 22 lutego 1931 roku w P\u0142ocku. \u015awi\u0119to Mi\u0142osierdzia da\u0142 Pan Jezus grzesznikom jako \u201eostatni\u0105 desk\u0119 ratunku\u201d. Z dobrze odprawion\u0105 spowiedzi\u0105 i Komuni\u0105 \u015bw. przyj\u0119t\u0105 w tym dniu zwi\u0105zana jest obietnica \u201ezupe\u0142nego odpuszczenia win i kar\u201d (Dz. 300). A wi\u0119c takiej \u0142aski, jak\u0105 otrzymujemy tylko w sakramencie chrztu \u015bwi\u0119tego. Zdroje mi\u0142osierdzia wyp\u0142ywaj\u0105 z przebitego boku Zbawiciela. Chrystus m\u00f3wi\u0142 do \u015bw. Faustyny: \u201erana serca mojego jest \u017ar\u00f3d\u0142em niezg\u0142\u0119bionego mi\u0142osierdzia\u201d (Dz. 1190). Owa rana \u2013 przebity bok i serce \u2013 staje si\u0119 dla ca\u0142ej ludzko\u015bci \u017ar\u00f3d\u0142em mi\u0142osierdzia Bo\u017cego. Na znanym nam dobrze obrazie Jezusa Mi\u0142osiernego \u201eJezu, ufam Tobie\u201d z przebitego boku Chrystusa wyp\u0142ywaj\u0105 promienie: blady i czerwony. Chrystus wyja\u015bnia Faustynie, co one oznaczaj\u0105, m\u00f3wi\u0105c: \u201eTe dwa promienie oznaczaj\u0105 krew i wod\u0119 \u2013 blady promie\u0144 oznacza wod\u0119, kt\u00f3ra usprawiedliwia dusze; czerwony promie\u0144 oznacza krew, kt\u00f3ra jest \u017cyciem dusz&#8230;\u201d (Dz. 299). W innym miejscu Chrystus zach\u0119ca: \u201eniech korzystaj\u0105 z krwi i wody, kt\u00f3ra dla nich wytrys\u0142a\u201d (Dz. 848).<\/p>\n<ol start=\"3\">\n<li>Od 2000 roku niedziela ko\u0144cz\u0105ca oktaw\u0119 Zmartwychwstania Pa\u0144skiego obchodzona jest jako Niedziela Bo\u017cego Mi\u0142osierdzia. Zi\u015bci\u0142y si\u0119 wi\u0119c starania \u201eSekretarki Bo\u017cego Mi\u0142osierdzia\u201d. A wszystko za spraw\u0105 \u015bw. Jana Paw\u0142a II, zwanego Papie\u017cem Mi\u0142osierdzia. Niech dzisiejsze \u015awi\u0119to Mi\u0142osierdzia umocni w nas nadziej\u0119 i doda si\u0142 do odwa\u017cnego \u015bwiadczenia o Zmartwychwsta\u0142ym. Niech zapali w naszych sercach prawdziwy \u201eogie\u0144 mi\u0142osierdzia\u201d.<\/li>\n<\/ol>\n<p>Zako\u0144czmy nasze rozwa\u017canie s\u0142owami \u2013 osobistym wyznaniem wiary w Jezusa Zmartwychwsta\u0142ego. Niech przed naszymi oczyma widnieje Jezus przychodz\u0105cy do Wieczernika, a z serc p\u0142ynie pe\u0142ne nadziei: \u201eJezu, ufam Tobie\u201d.<\/p>\n<p><span style=\"color: #ff0000;\"><strong>Wyznanie wiary (Credo)<\/strong><\/span><\/p>\n<p>Wierz\u0119 w jednego Boga, Ojca Wszechmog\u0105cego, Stworzyciela nieba i ziemi, wszystkich rzeczy widzialnych i niewidzialnych. I w jednego Pana Jezusa Chrystusa, Syna Bo\u017cego Jednorodzonego, kt\u00f3ry z Ojca jest zrodzony przed wszystkimi wiekami. B\u00f3g z Boga, \u015awiat\u0142o\u015b\u0107 ze \u015awiat\u0142o\u015bci, B\u00f3g prawdziwy z Boga prawdziwego. Zrodzony a nie stworzony, wsp\u00f3\u0142istotny Ojcu, a przez Niego wszystko si\u0119 sta\u0142o. On to dla nas ludzi i dla naszego zbawienia zst\u0105pi\u0142 z nieba. I za spraw\u0105 Ducha \u015awi\u0119tego przyj\u0105\u0142 cia\u0142o z Maryi Dziewicy i sta\u0142 si\u0119 cz\u0142owiekiem. Ukrzy\u017cowany r\u00f3wnie\u017c za nas, pod Poncjuszem Pi\u0142atem zosta\u0142 um\u0119czony i pogrzebany. I zmartwychwsta\u0142 dnia trzeciego, jak oznajmia Pismo. I wst\u0105pi\u0142 do nieba; siedzi po prawicy Ojca. I powt\u00f3rnie przyjdzie w chwale s\u0105dzi\u0107 \u017cywych i umar\u0142ych, a Kr\u00f3lestwu Jego nie b\u0119dzie ko\u0144ca. Wierz\u0119 w Ducha \u015awi\u0119tego, Pana i O\u017cywiciela, kt\u00f3ry od Ojca i Syna pochodzi. Kt\u00f3ry z Ojcem i Synem wsp\u00f3lnie odbiera uwielbienie i chwa\u0142\u0119 kt\u00f3ry m\u00f3wi\u0142 przez Prorok\u00f3w. Wierz\u0119 w jeden, \u015awi\u0119ty, powszechny i apostolski Ko\u015bci\u00f3\u0142. Wyznaj\u0119 jeden chrzest na odpuszczenie grzech\u00f3w. I oczekuj\u0119 wskrzeszenia umar\u0142ych. I \u017cycia wiecznego w przysz\u0142ym \u015bwiecie. Amen.<\/p>\n<p>&nbsp;<\/p>\n<p><span style=\"color: #ff0000;\">Modlitwa powszechna<\/span><br \/>\n<strong><br \/>\nTrwaj\u0105c we wsp\u00f3lnocie Ko\u015bcio\u0142a i w \u0142amaniu chleba, zanie\u015bmy do Zmartwychwsta\u0142ego Chrystusa tak\u017ce nasz\u0105 wsp\u00f3ln\u0105 i powszechn\u0105 modlitw\u0119.<\/strong><\/p>\n<ol>\n<li>Wiara jest darem; pro\u015bmy, aby Ko\u015bci\u00f3\u0142 g\u0142osz\u0105c Ewangeli\u0119 i sprawuj\u0105c Eucharysti\u0119, prowadzi\u0142 ludzi do mi\u0142owania niewidzialnego Boga.<\/li>\n<li>Wiara musi wzrasta\u0107; pro\u015bmy za nowo ochrzczonymi, aby przez wychowanie chrze\u015bcija\u0144skie wzrasta\u0142a i umacnia\u0142a si\u0119 ich wi\u0119\u017a ze Zmartwychwsta\u0142ym Panem.<\/li>\n<li>Wiar\u0119 nale\u017cy wyznawa\u0107; pro\u015bmy, by chrze\u015bcijanie przez udzia\u0142 w niedzielnej Eucharystii wyznawali publicznie, \u017ce wierz\u0105 w Chrystusa, kt\u00f3ry zmartwychwsta\u0142, \u017cyje w Ko\u015bciele i obdarza \u015bwiat pokojem.<\/li>\n<li>Wiara wymaga ofiary; pro\u015bmy, aby ci, kt\u00f3rzy doznaj\u0105 smutku przez cierpienie i do\u015bwiadczani przez prze\u015bladowania za wiar\u0119, mogli w\u015br\u00f3d przeciwno\u015bci pozna\u0107 warto\u015b\u0107 swej wiary i z nadziej\u0105 oczekiwali nagrody od Zmartwychwsta\u0142ego Chrystusa.<\/li>\n<li>Wiara przynosi usprawiedliwienie; pro\u015bmy, aby przez pos\u0142ug\u0119 kap\u0142an\u00f3w dokonywa\u0142o si\u0119 w Ko\u015bciele pojednanie grzesznik\u00f3w z Chrystusem Zmartwychwsta\u0142ym, dawc\u0105 pokoju serc.<\/li>\n<li>Wiara daje ludziom nowe oczy; pro\u015bmy, aby niewierz\u0105cy mogli pozna\u0107 ca\u0142e bogactwo rzeczywisto\u015bci nadprzyrodzonych, kt\u00f3rych nie mo\u017cna ogl\u0105da\u0107 oczyma.<\/li>\n<li>Wiara daje \u017cycie wieczne; pro\u015bmy, aby zmarli, kt\u00f3rzy tutaj na ziemi uwierzyli w Zmartwychwsta\u0142ego Chrystusa, cieszyli si\u0119 w niebie rado\u015bci\u0105 niewymown\u0105 i pe\u0142ni\u0105 chwa\u0142y.<\/li>\n<li>Wiara ma by\u0107 tak\u017ce nasz\u0105 najwy\u017csz\u0105 warto\u015bci\u0105; pro\u015bmy, aby\u015bmy sami, chocia\u017c nie widzimy Boga, wierzyli w Niego i aby\u015bmy przez udzia\u0142 w Eucharystii mogli spotka\u0107 ju\u017c tutaj Zmartwychwsta\u0142ego Chrystusa, Pana i Boga naszego.<\/li>\n<\/ol>\n<p><strong>Panie, Ty przez swe zmartwychwstanie przynosisz ludziom pok\u00f3j i przebaczenie; umocnij nasz\u0105 wiar\u0119, wys\u0142uchaj Twego ludu, kt\u00f3ry sprawuj\u0105c Eucharysti\u0119, zanosi do Ciebie b\u0142agania oraz pragnie rozpozna\u0107 w Tobie Pana i Boga swojego. Kt\u00f3ry \u017cyjesz i kr\u00f3lujesz na wieki wiek\u00f3w.<\/strong><\/p>\n<p><span style=\"color: #ff0000;\"><strong>Pater noster \u2014 Ojcze nasz<\/strong><\/span><\/p>\n<ol>\n<li>Pro\u015bmy Ojca niebieskiego, aby odpu\u015bci\u0142 nam grzechy i zachowa\u0142 nas od z\u0142ego:<\/li>\n<li>Ojcze nasz, kt\u00f3ry\u015b jest w niebie: \u015bwi\u0119\u0107 si\u0119 imi\u0119 Twoje, przyjd\u017a Kr\u00f3lestwo Twoje, b\u0105d\u017a wola Twoja jako w niebie, tak i na ziemi. Chleba naszego powszedniego daj nam dzisiaj. I odpu\u015b\u0107 nam nasze winy, jako i my odpuszczamy naszym winowajcom. I nie w\u00f3d\u017a nas na pokuszenie, ale nas zbaw ode z\u0142ego.<\/li>\n<\/ol>\n<p><strong>\u00a0<\/strong><\/p>\n<p><strong>Baranku Bo\u017cy, kt\u00f3ry g\u0142adzisz grzechy \u015bwiata, zmi\u0142uj si\u0119 nad nami <\/strong><\/p>\n<p><strong>Baranku Bo\u017cy, kt\u00f3ry g\u0142adzisz grzechy \u015bwiata, zmi\u0142uj si\u0119 nad nami <\/strong><\/p>\n<p><strong>Baranku Bo\u017cy, kt\u00f3ry g\u0142adzisz grzechy \u015bwiata, obdarz nas pokojem<\/strong><\/p>\n<p><strong>\u00a0<\/strong><\/p>\n<p><span style=\"color: #ff0000;\"><strong>Modlitwa po Komunii<\/strong><\/span><\/p>\n<p><em>Panie Jezu, Bo\u017ce m\u00f3j i Zbawicielu, kt\u00f3ry by\u0142e\u015b opuszczony w czasie M\u0119ki Swojej, a teraz obecny w \u015awi\u0119tej Eucharystii, osamotniony i zamkni\u0119ty w Tabernakulach \u015bwiata umierasz z pragnienia, by wst\u0105pi\u0107 do ludzkiego serca. Przyjd\u017a Panie Jezu do n\u0119dznego serca mojego, oczy\u015b\u0107 go, u\u015bwi\u0119\u0107 go i zamieszkaj na zawsze. Przebacz mi wszystkie moje grzechy i zaniedbania, przemie\u0144 mnie w Siebie i dzia\u0142aj przeze mnie, abym w ka\u017cdej chwili \u017cycia, pe\u0142ni\u0142 tylko Twoj\u0105 Wol\u0119. Pragn\u0119 Ci\u0119 kocha\u0107 i wynagradza\u0107 za wszystkich ludzi niewdzi\u0119cznych i oboj\u0119tnych. Ty\u015b mnie o Jezu, nigdy nie opu\u015bci\u0142, nie dozw\u00f3l, abym ja mia\u0142 Ciebie kiedykolwiek opu\u015bci\u0107. Uwielbiam i kocham Ci\u0119 Jezu, Kr\u00f3lu i Zbawicielu m\u00f3j. B\u0105d\u017a jedyn\u0105 Mi\u0142o\u015bci\u0105 i pragnieniem moim w \u017cyciu i przy \u015bmierci. Amen.<br \/>\nJezu, Maryjo, J\u00f3zefie \u015aw. Wam oddaj\u0119 cia\u0142o i dusz\u0119 moj\u0105 teraz i w ostatniej chwili skonania mojego. Amen. <\/em>(<a href=\"http:\/\/www.modlitewnik.com.pl\/modlitwy\/198-komunia-duchowa\">http:\/\/www.modlitewnik.com.pl\/modlitwy\/198-komunia-duchowa<\/a>)<\/p>\n<p>&nbsp;<\/p>\n<p><span style=\"color: #ff0000;\"><strong>Modlitwa na zako\u0144czenie<\/strong><\/span><\/p>\n<p>Wszechmog\u0105cy Bo\u017ce, spraw, aby dzia\u0142anie wielkanocnego Sakramentu, kt\u00f3ry\u015bmy przyj\u0119li, * nieustannie trwa\u0142o w naszych duszach. Przez Chrystusa, Pana naszego.<\/p>\n<p>&nbsp;<\/p>\n<p style=\"text-align: center;\"><strong><span style=\"color: #0000ff;\">OBRZ\u0118DY ZAKO\u0143CZENIA<\/span><\/strong><\/p>\n<ol>\n<li>Niech nas B\u00f3g b\u0142ogos\u0142awi, broni od wszelkiego z\u0142a i doprowadzi do \u017cycia wiecznego.<\/li>\n<\/ol>\n<p>.<\/p>\n<ol>\n<li>Amen.<\/li>\n<li>Id\u017acie w pokoju Chrystusa. Alleluja, Alleluja<\/li>\n<li>Bogu niech b\u0119d\u0105 dzi\u0119ki. Alleluja, Alleluja<\/li>\n<\/ol>\n<p>&nbsp;<\/p>\n<p><span style=\"color: #c91010;\">Mo\u017cna odm\u00f3wi\u0107 jeszcze Regina Caeli<\/span><\/p>\n<h5 style=\"text-align: center;\">Antyfon\u0119 odmawia si\u0119 od Wielkiej Soboty do \u015awi\u0119tej Tr\u00f3jcy wy\u0142\u0105cznie<\/h5>\n<h5 style=\"text-align: center;\"><em>Antyfon\u0119 odmawia si\u0119 zawsze na stoj\u0105co<\/em><\/h5>\n<table width=\"500\">\n<tbody>\n<tr>\n<td width=\"50%\">Regina Caeli, laetare, alleluia,<br \/>\nQuia quem meruisti portare, alleluia,<br \/>\nResurrexit, sicut dixit, alleluia,<br \/>\nOra pro nobis Deum, alleluia.<\/td>\n<\/tr>\n<\/tbody>\n<\/table>\n<p>V. Gaude et laetare Virgo Maria, alleluia,<\/p>\n<p>R. Quia surrexit Dominus vere, alleluia.<\/p>\n<p>&nbsp;<\/p>\n<p>Oremus.<\/p>\n<p>Deus, qui per resurrectionem<\/p>\n<p>Filii Tui Domini nostri Iesu Christi mundum laetificare dignatus es: praesta, quaesumus, ut, per eius Genitricem Virginem Mariam, perpetuae capiamus gaudia vitae. Per eumdem Christum Dominum nostrum.<\/p>\n<p>R. Amen.Kr\u00f3lowo nieba, wesel si\u0119, alleluja,<br \/>\nBo Ten, kt\u00f3rego\u015b nosi\u0142a, alleluja,<br \/>\nZmartwychwsta\u0142 jak powiedzia\u0142, alleluja,<br \/>\nM\u00f3dl si\u0119 za nami do Boga, alleluja.<\/p>\n<p>&nbsp;<\/p>\n<p>V. Raduj si\u0119 i wesel, Panno Maryjo, alleluja<\/p>\n<p>R. Bo zmartwychwsta\u0142 Pan prawdziwie, alleluja.<\/p>\n<p>&nbsp;<\/p>\n<p>M\u00f3dlmy si\u0119.<\/p>\n<p>Bo\u017ce, kt\u00f3ry\u015b przez zmartwychwstanie Syna swojego, Pana naszego Jezusa Chrystusa \u015bwiat uweseli\u0107 raczy\u0142, daj nam, prosimy, aby\u015bmy przez Jego Rodzicielk\u0119 Pann\u0119 Maryj\u0119 dost\u0105pili rado\u015bci \u017cycia wiecznego. Przez tego\u017c Chrystusa Pana naszego.<\/p>\n<p>R. Amen.<\/p>\n<p>&nbsp;<\/p>\n<p><strong>\u00a0<span style=\"color: #ff0000;\">\u00a0<\/span><\/strong><span style=\"color: #ff0000;\"><strong>Chwa\u0142a Ojcu \u2026<\/strong><\/span><\/p>\n<p><span style=\"color: #ff0000;\"><strong>\u00a0\u00a0\u00a0 Wieczny odpoczynek \u2026<\/strong><\/span><\/p>\n<p><span style=\"color: #ff0000;\"><strong>Pod Twoj\u0105 obron\u0119\u2026<\/strong><\/span><\/p>\n<p><img loading=\"lazy\" decoding=\"async\" class=\"size-medium wp-image-6986 aligncenter\" src=\"https:\/\/stansgar.katolsk.no\/wp-content\/uploads\/2020\/03\/5bb699f1-b6a6-4d0f-b717-dfe7b48d8ece-300x200.jpeg\" alt=\"\" width=\"300\" height=\"200\" srcset=\"https:\/\/stansgar.katolsk.no\/wp-content\/uploads\/2020\/03\/5bb699f1-b6a6-4d0f-b717-dfe7b48d8ece-300x200.jpeg 300w, https:\/\/stansgar.katolsk.no\/wp-content\/uploads\/2020\/03\/5bb699f1-b6a6-4d0f-b717-dfe7b48d8ece.jpeg 768w\" sizes=\"auto, (max-width: 300px) 100vw, 300px\" \/><\/p>\n<p style=\"text-align: center;\">Wszystkim Parafianom ks. proboszcz Tien i ks. Dawid \u017cyczy udanej Niedzieli Bo\u017cego Mi\u0142osierdzia i dobrego prze\u017cywania nadchodz\u0105cego tygodnia.<\/p>\n","protected":false},"excerpt":{"rendered":"<p>CELEBRACJA LITURGII S\u0141OWA\u00a0NA 2. NIEDZIEL\u0118 WIELKANOCN\u0104 MI\u0141OSIERDZIA BO\u017bEGO\u00a0(19. KWIETNIA) tekst p\u00e5 norsk:&raquo; FEIRING\u00a0AV\u00a0GUDS ORDS TJENESTE I FAMILIEN\u00a0S\u00d8NDAG I P\u00c5SKETIDEN (19. APRIL)&raquo;https:\/\/stansgar.katolsk.no\/?p=7267 &nbsp; Wszyscy w rodzinie gromadz\u0105 si\u0119 przed krzy\u017cem postawionym na stole, zapalamy \u015bwiece, i zaczynamy znakiem Krzy\u017ca \u015aw. Jedna&#8230;<br \/><a class=\"read-more-button\" href=\"https:\/\/stansgar.katolsk.no\/?p=7275\">Read more<\/a><\/p>\n","protected":false},"author":5,"featured_media":7268,"comment_status":"open","ping_status":"open","sticky":false,"template":"","format":"standard","meta":{"footnotes":""},"categories":[204],"tags":[],"class_list":["post-7275","post","type-post","status-publish","format-standard","has-post-thumbnail","hentry","category-ukategorisert-nb"],"_links":{"self":[{"href":"https:\/\/stansgar.katolsk.no\/index.php?rest_route=\/wp\/v2\/posts\/7275","targetHints":{"allow":["GET"]}}],"collection":[{"href":"https:\/\/stansgar.katolsk.no\/index.php?rest_route=\/wp\/v2\/posts"}],"about":[{"href":"https:\/\/stansgar.katolsk.no\/index.php?rest_route=\/wp\/v2\/types\/post"}],"author":[{"embeddable":true,"href":"https:\/\/stansgar.katolsk.no\/index.php?rest_route=\/wp\/v2\/users\/5"}],"replies":[{"embeddable":true,"href":"https:\/\/stansgar.katolsk.no\/index.php?rest_route=%2Fwp%2Fv2%2Fcomments&post=7275"}],"version-history":[{"count":2,"href":"https:\/\/stansgar.katolsk.no\/index.php?rest_route=\/wp\/v2\/posts\/7275\/revisions"}],"predecessor-version":[{"id":7279,"href":"https:\/\/stansgar.katolsk.no\/index.php?rest_route=\/wp\/v2\/posts\/7275\/revisions\/7279"}],"wp:featuredmedia":[{"embeddable":true,"href":"https:\/\/stansgar.katolsk.no\/index.php?rest_route=\/wp\/v2\/media\/7268"}],"wp:attachment":[{"href":"https:\/\/stansgar.katolsk.no\/index.php?rest_route=%2Fwp%2Fv2%2Fmedia&parent=7275"}],"wp:term":[{"taxonomy":"category","embeddable":true,"href":"https:\/\/stansgar.katolsk.no\/index.php?rest_route=%2Fwp%2Fv2%2Fcategories&post=7275"},{"taxonomy":"post_tag","embeddable":true,"href":"https:\/\/stansgar.katolsk.no\/index.php?rest_route=%2Fwp%2Fv2%2Ftags&post=7275"}],"curies":[{"name":"wp","href":"https:\/\/api.w.org\/{rel}","templated":true}]}}