{"id":727,"date":"2014-04-29T16:57:00","date_gmt":"2014-04-29T14:57:00","guid":{"rendered":"http:\/\/stansgar.katolsk.no\/index.php\/2014\/04\/29\/nytt-fra-menighetsradet-i-stansgar\/"},"modified":"2018-10-12T09:12:47","modified_gmt":"2018-10-12T07:12:47","slug":"nytt-fra-menighetsradet-i-stansgar","status":"publish","type":"post","link":"https:\/\/stansgar.katolsk.no\/?p=727","title":{"rendered":"Nytt fra menighetsr\u00e5det i St.Ansgar, april 2014."},"content":{"rendered":"<div class=\"MsoNormal\">\n<\/div>\n<div class=\"MsoNormal\">\n<\/div>\n<div class=\"MsoListParagraphCxSpFirst\" style=\"margin-left: 54.0pt; mso-add-space: auto; mso-list: l0 level1 lfo1; text-indent: -18.0pt;\">\n\u00b7&nbsp;&nbsp;&nbsp;&nbsp;&nbsp; Medlemstall pr 1.4: 4334. Det er en \u00f8kning p\u00e5 ca 500 fra<br \/>\njanuar.<\/div>\n<div class=\"MsoListParagraphCxSpMiddle\" style=\"margin-left: 54.0pt; mso-add-space: auto; mso-list: l0 level1 lfo1; text-indent: -18.0pt;\">\n\u00b7&nbsp;&nbsp;&nbsp;&nbsp;&nbsp; Resten av kirkebenkene er ankommet og montert i tide til<br \/>\np\u00e5skefeiringen.<\/div>\n<div class=\"MsoListParagraphCxSpMiddle\" style=\"margin-left: 54.0pt; mso-add-space: auto; mso-list: l0 level1 lfo1; text-indent: -18.0pt;\">\n\u00b7&nbsp;&nbsp;&nbsp;&nbsp;&nbsp; Det er startet opp en Unge voksne\/18+ -gruppe, etter<br \/>\ninitiativ fra noen av menighetens unge. De m\u00f8tes en gang i m\u00e5neden, har med p.<br \/>\nHallvard, har foredrag, og deltar p\u00e5 messe og tilbedelse. <\/div>\n<div class=\"MsoListParagraphCxSpMiddle\" style=\"margin-left: 54.0pt; mso-add-space: auto; mso-list: l0 level1 lfo1; text-indent: -18.0pt;\">\n\u00b7&nbsp;&nbsp;&nbsp;&nbsp;&nbsp; Biskopen har v\u00e6rt innom p\u00e5 en snarvisitt, p\u00e5 vei til DNKs<br \/>\nkirkem\u00f8te. Han mente kirken s\u00e5 bra ut, og at vi fremdeles trenger nytt alter.<br \/>\nHan er forn\u00f8yd med tabernakelplasseringen. Han var med p\u00e5 messen kl. 11, og<br \/>\nformiddagsm\u00f8tet etterp\u00e5.<\/div>\n<div class=\"MsoListParagraphCxSpMiddle\" style=\"margin-left: 54.0pt; mso-add-space: auto; mso-list: l0 level1 lfo1; text-indent: -18.0pt;\">\n\u00b7&nbsp;&nbsp;&nbsp;&nbsp;&nbsp; Det arbeides fremdeles med \u00e5 f\u00e5 ting p\u00e5 plass i den nye<br \/>\nkirken. Det m\u00e5 gj\u00f8res noe med akustikken, og vi har kontakt med eksperter p\u00e5<br \/>\nomr\u00e5det. Menighetsr\u00e5det arbeider ogs\u00e5 videre med nytt alter. Vi trenger ogs\u00e5 ny<br \/>\nlesepult, og tabernakelet m\u00e5 f\u00e5 bedre innramming.<\/div>\n<div class=\"MsoListParagraphCxSpMiddle\" style=\"margin-left: 54.0pt; mso-add-space: auto; mso-list: l0 level1 lfo1; text-indent: -18.0pt;\">\n\u00b7&nbsp;&nbsp;&nbsp;&nbsp;&nbsp; Vaktmesteren arbeider med \u00e5 gj\u00f8re ferdig en del andre ting,<br \/>\nsom \u00e5 f\u00e5 p\u00e5 plass stellebord p\u00e5 toalettet, oppfiksing av ungdomslokalet, og<br \/>\nferdiggj\u00f8ring av nedre sakristi. <\/div>\n<div class=\"MsoListParagraphCxSpMiddle\" style=\"margin-left: 54.0pt; mso-add-space: auto; mso-list: l0 level1 lfo1; text-indent: -18.0pt;\">\n\u00b7&nbsp;&nbsp;&nbsp;&nbsp;&nbsp; Det er vedtatt faste ekstrakollekter til byggefondet. Dette<br \/>\nskal v\u00e6re f\u00f8rste s\u00f8ndag i m\u00e5neden, fra mai og videre fremover.<\/div>\n<div class=\"MsoListParagraphCxSpMiddle\" style=\"margin-left: 54.0pt; mso-add-space: auto;\">\n<\/div>\n<div class=\"MsoListParagraphCxSpLast\" style=\"margin-left: 54.0pt; mso-add-space: auto;\">\n<\/div>\n<div class=\"MsoNormal\">\n&nbsp;&nbsp;&nbsp;&nbsp;&nbsp;&nbsp;&nbsp;&nbsp;&nbsp; <b style=\"mso-bidi-font-weight: normal;\">&nbsp;17.mai. <\/b>planlegges feiret p\u00e5 samme m\u00e5te<br \/>\nsom i fjor, med &nbsp;<\/div>\n<div class=\"MsoNormal\">\n&nbsp; &nbsp; &nbsp; &nbsp; &nbsp; &nbsp; &nbsp; &nbsp; &nbsp; &nbsp; &nbsp; &nbsp; grillfest. Mer opplysninger&nbsp;kommer etterhvert<\/div>\n<div class=\"MsoListParagraphCxSpFirst\">\n<\/div>\n<div class=\"MsoListParagraphCxSpLast\">\n&nbsp;&nbsp;&nbsp;&nbsp;&nbsp;&nbsp;&nbsp;&nbsp;&nbsp;&nbsp;&nbsp;&nbsp;&nbsp;&nbsp;&nbsp;&nbsp;&nbsp;&nbsp;&nbsp;&nbsp; <\/div>\n<div class=\"MsoNormal\">\n<b style=\"mso-bidi-font-weight: normal;\">&nbsp;&nbsp;&nbsp;&nbsp;&nbsp;&nbsp;&nbsp;&nbsp;&nbsp; Olsok-tur<br \/>\ntil Trondheim <\/b>m\u00e5tte dessverre avlyses pga for f\u00e5 &nbsp;<\/div>\n<div class=\"MsoNormal\">\n&nbsp; &nbsp; &nbsp; &nbsp; &nbsp; &nbsp; &nbsp; &nbsp; &nbsp; &nbsp; &nbsp; p\u00e5meldte. De som hadde&nbsp;meldt seg p\u00e5 har f\u00e5tt &nbsp;<\/div>\n<div class=\"MsoNormal\">\n&nbsp; &nbsp; &nbsp; &nbsp; &nbsp; &nbsp; &nbsp; &nbsp; &nbsp; &nbsp; &nbsp; beskjed direkte.<\/div>\n<div class=\"MsoNormal\">\n&nbsp;&nbsp;&nbsp;&nbsp;&nbsp;&nbsp;&nbsp;&nbsp;&nbsp;&nbsp;&nbsp; &nbsp;<\/div>\n<div class=\"MsoListParagraphCxSpFirst\">\n<\/div>\n<div class=\"MsoListParagraphCxSpLast\" style=\"margin-left: 54.0pt; mso-add-space: auto;\">\n<\/div>\n<div class=\"MsoNormal\">\n<\/div>\n<div class=\"MsoListParagraphCxSpFirst\" style=\"margin-left: 54.0pt; mso-add-space: auto;\">\n<\/div>\n<div class=\"MsoListParagraphCxSpMiddle\">\n<\/div>\n<div class=\"MsoListParagraphCxSpMiddle\">\n<\/div>\n<div class=\"MsoListParagraphCxSpMiddle\">\n<\/div>\n<div class=\"MsoListParagraphCxSpMiddle\">\n<\/div>\n<div class=\"MsoListParagraphCxSpMiddle\">\n<\/div>\n<div class=\"MsoListParagraphCxSpLast\">\n<\/div>\n<div class=\"MsoNormal\">\n<\/div>\n<div class=\"MsoNormal\">\n<\/div>\n<div class=\"MsoNormal\">\n<\/div>\n<p><\/p>\n<div class=\"MsoListParagraph\">\n<\/div>\n","protected":false},"excerpt":{"rendered":"<p>\u00b7&nbsp;&nbsp;&nbsp;&nbsp;&nbsp; Medlemstall pr 1.4: 4334. Det er en \u00f8kning p\u00e5 ca 500 fra januar. \u00b7&nbsp;&nbsp;&nbsp;&nbsp;&nbsp; Resten av kirkebenkene er ankommet og montert i tide til p\u00e5skefeiringen. \u00b7&nbsp;&nbsp;&nbsp;&nbsp;&nbsp; Det er startet opp en Unge voksne\/18+ -gruppe, etter initiativ fra noen av&#8230;<br \/><a class=\"read-more-button\" href=\"https:\/\/stansgar.katolsk.no\/?p=727\">Read more<\/a><\/p>\n","protected":false},"author":3,"featured_media":0,"comment_status":"open","ping_status":"open","sticky":false,"template":"","format":"standard","meta":{"footnotes":""},"categories":[1],"tags":[24],"class_list":["post-727","post","type-post","status-publish","format-standard","hentry","category-ukategorisert","tag-menighetsrad"],"_links":{"self":[{"href":"https:\/\/stansgar.katolsk.no\/index.php?rest_route=\/wp\/v2\/posts\/727","targetHints":{"allow":["GET"]}}],"collection":[{"href":"https:\/\/stansgar.katolsk.no\/index.php?rest_route=\/wp\/v2\/posts"}],"about":[{"href":"https:\/\/stansgar.katolsk.no\/index.php?rest_route=\/wp\/v2\/types\/post"}],"author":[{"embeddable":true,"href":"https:\/\/stansgar.katolsk.no\/index.php?rest_route=\/wp\/v2\/users\/3"}],"replies":[{"embeddable":true,"href":"https:\/\/stansgar.katolsk.no\/index.php?rest_route=%2Fwp%2Fv2%2Fcomments&post=727"}],"version-history":[{"count":1,"href":"https:\/\/stansgar.katolsk.no\/index.php?rest_route=\/wp\/v2\/posts\/727\/revisions"}],"predecessor-version":[{"id":2694,"href":"https:\/\/stansgar.katolsk.no\/index.php?rest_route=\/wp\/v2\/posts\/727\/revisions\/2694"}],"wp:attachment":[{"href":"https:\/\/stansgar.katolsk.no\/index.php?rest_route=%2Fwp%2Fv2%2Fmedia&parent=727"}],"wp:term":[{"taxonomy":"category","embeddable":true,"href":"https:\/\/stansgar.katolsk.no\/index.php?rest_route=%2Fwp%2Fv2%2Fcategories&post=727"},{"taxonomy":"post_tag","embeddable":true,"href":"https:\/\/stansgar.katolsk.no\/index.php?rest_route=%2Fwp%2Fv2%2Ftags&post=727"}],"curies":[{"name":"wp","href":"https:\/\/api.w.org\/{rel}","templated":true}]}}