{"id":7267,"date":"2020-04-17T11:28:18","date_gmt":"2020-04-17T09:28:18","guid":{"rendered":"https:\/\/stansgar.katolsk.no\/?p=7267"},"modified":"2020-04-18T11:21:51","modified_gmt":"2020-04-18T09:21:51","slug":"feiring-av-guds-ords-tjeneste-i-familien-2-sondag-i-pasketiden-19-april","status":"publish","type":"post","link":"https:\/\/stansgar.katolsk.no\/?p=7267","title":{"rendered":"FEIRING AV GUDS ORDS TJENESTE I FAMILIEN 2. S\u00d8NDAG I P\u00c5SKETIDEN (19. APRIL)"},"content":{"rendered":"<p style=\"text-align: center;\"><span style=\"color: #ff9900;\"><strong>FEIRING<\/strong> <strong>AV <\/strong><strong>GUDS ORDS TJENESTE I FAMILIEN\u00a0<\/strong><strong>S\u00d8NDAG I P\u00c5SKETIDEN (19. APRIL)<\/strong><\/span><\/p>\n<p><img loading=\"lazy\" decoding=\"async\" class=\"aligncenter wp-image-7268 \" src=\"https:\/\/stansgar.katolsk.no\/wp-content\/uploads\/2020\/04\/lkl-e1587201674321-300x121.jpg\" alt=\"\" width=\"350\" height=\"141\" srcset=\"https:\/\/stansgar.katolsk.no\/wp-content\/uploads\/2020\/04\/lkl-e1587201674321-300x121.jpg 300w, https:\/\/stansgar.katolsk.no\/wp-content\/uploads\/2020\/04\/lkl-e1587201674321-1024x412.jpg 1024w, https:\/\/stansgar.katolsk.no\/wp-content\/uploads\/2020\/04\/lkl-e1587201674321-768x309.jpg 768w, https:\/\/stansgar.katolsk.no\/wp-content\/uploads\/2020\/04\/lkl-e1587201674321-956x384.jpg 956w, https:\/\/stansgar.katolsk.no\/wp-content\/uploads\/2020\/04\/lkl-e1587201674321.jpg 1472w\" sizes=\"auto, (max-width: 350px) 100vw, 350px\" \/><\/p>\n<p>&nbsp;<\/p>\n<p><span style=\"color: #9e0303;\">Alle i familien samler seg foran et krusifiks, tenner lys, og begynner med korstegnet. En i familien leder Guds Ords tjeneste. Vi st\u00e5r:<\/span><\/p>\n<p>&nbsp;<\/p>\n<p><strong>I Faderens og S\u00f8nnens og Den Hellige \u00c5nds navn.<\/strong><\/p>\n<p><strong>Syndsbekjennelse<\/strong><\/p>\n<p>Jeg bekjenner for Gud, Den Allmektige, og for dere alle,<br \/>\nat jeg har syndet meget<br \/>\ni tanker og ord, gjerninger og fors\u00f8mmelser<br \/>\n<em>ved min skyld.<\/em><br \/>\nDerfor ber jeg den salige jomfru Maria,<br \/>\nalle engler og hellige<br \/>\nog dere alle:<br \/>\nbe for meg til Herren, v\u00e5r Gud.<\/p>\n<h3>Kyrie eleison<\/h3>\n<p>Kyrie, eleison.<\/p>\n<p>Kyrie, eleison.<\/p>\n<p>&nbsp;<\/p>\n<p>Christe, eleison.<\/p>\n<p>Christe, eleison.<\/p>\n<p>Kyrie, eleison.<\/p>\n<p>Kyrie, eleison.<\/p>\n<p>&nbsp;<\/p>\n<p><strong>Gloria<\/strong><\/p>\n<p>\u00c6re v\u00e6re Gud i det h\u00f8yeste &#8230;<\/p>\n<p>&nbsp;<\/p>\n<p>og fred p\u00e5 jorden for mennesker av god vilje.<\/p>\n<p>Vi priser deg,<\/p>\n<p>vi velsigner deg,<\/p>\n<p>vi tilber deg,<\/p>\n<p>vi forherliger deg,<\/p>\n<p>vi takker deg for din store herlighet,<\/p>\n<p>Herre, v\u00e5r Gud, Himlenes konge,<\/p>\n<p>Gud, allmektige Fader.<\/p>\n<p>Herre, du enb\u00e5rne S\u00f8nn, Jesus Kristus,<\/p>\n<p>Herre, v\u00e5r Gud, Guds lam, Faderens S\u00f8nn,<\/p>\n<p>du som tar bort verdens synder, miskunn deg over oss.<\/p>\n<p>Du som tar bort verdens synder, h\u00f8r v\u00e5r b\u00f8nn.<\/p>\n<p>Du som sitter ved Faderens h\u00f8yre h\u00e5nd, miskunn deg over oss.<\/p>\n<p>For du alene er hellig, du alene er Herren,<\/p>\n<p>du alene er Den H\u00f8yeste, Jesus Kristus,<\/p>\n<p>med Den Hellige \u00c5nd i Gud Faderens herlighet.<\/p>\n<p>Amen.<\/p>\n<p><strong>\u00a0<\/strong><\/p>\n<p><strong>Kirkeb\u00f8nn<\/strong><\/p>\n<p>Leder: Du evige miskunns Gud, \u00e5r etter \u00e5r lar du oss feire p\u00e5skefesten, og tenner p\u00e5ny troen hos det folk som er viet til deg. \u00d8k i oss din n\u00e5de, s\u00e5 vi stadig dypere kan erkjenne d\u00e5pen som gjorde oss rene, \u00c5nden som vi ble gjenf\u00f8dt ved, og blodet som virket til v\u00e5r frelse. Ved v\u00e5r Herre, Jesus Kristus.<\/p>\n<p>Alle: Amen<\/p>\n<p><span style=\"color: #9e0303;\">Vi setter oss. En leser 1. lesning, Responsoriesalme, 2. lesning og Evangelievers.<\/span><\/p>\n<h2><strong>\u00a0<\/strong><\/h2>\n<h4><strong>1. lesning\u00a0\u00a0\u00a0\u00a0\u00a0\u00a0\u00a0\u00a0\u00a0\u00a0\u00a0\u00a0\u00a0\u00a0\u00a0\u00a0\u00a0\u00a0\u00a0\u00a0\u00a0\u00a0\u00a0\u00a0\u00a0\u00a0\u00a0\u00a0\u00a0\u00a0\u00a0\u00a0\u00a0\u00a0\u00a0\u00a0\u00a0\u00a0\u00a0\u00a0\u00a0\u00a0\u00a0\u00a0\u00a0\u00a0\u00a0\u00a0\u00a0\u00a0\u00a0\u00a0\u00a0\u00a0\u00a0\u00a0\u00a0\u00a0\u00a0\u00a0\u00a0\u00a0\u00a0\u00a0\u00a0\u00a0\u00a0\u00a0\u00a0\u00a0\u00a0\u00a0\u00a0\u00a0\u00a0\u00a0\u00a0\u00a0\u00a0\u00a0\u00a0\u00a0\u00a0\u00a0\u00a0\u00a0\u00a0\u00a0\u00a0\u00a0\u00a0\u00a0\u00a0\u00a0\u00a0\u00a0\u00a0\u00a0\u00a0\u00a0\u00a0 <\/strong>Apg 2,42\u201347<\/h4>\n<p><em>\u00a0<\/em><\/p>\n<p><em>De troende hadde alt felles<\/em><\/p>\n<p><strong>F\u00f8rste lesning st\u00e5r skrevet i Apostlenes gjerninger<\/strong><\/p>\n<p>Br\u00f8drene fortsatte trofast \u00e5 f\u00f8lge apostlenes undervisning, og trofast tok de ogs\u00e5 del i fellesskapet, i br\u00f8dsbrytelsen og i b\u00f8nnene.<\/p>\n<p>Hver og en ble grepet av age, s\u00e5 mange under og j\u00e6rtegn som apostlene gjorde. De troende hadde alt felles; sitt gods og sine eiendommer solgte de og delte ut til alle, etter hver enkelts behov.<\/p>\n<p>Dag ut, dag inn samlet de seg i sluttet flokk i templet, og rundt om i hjemmene br\u00f8t de br\u00f8det og holdt m\u00e5ltid sammen, i enkel og inderlig glede. De lovsang Gud og hadde hele folkets velvilje. Og for hver dag \u00f8kte Herren deres krets med nye frelste.<\/p>\n<p>Slik lyder Herrens ord<\/p>\n<p>Alle: Gud v\u00e6re lovet<\/p>\n<h2><\/h2>\n<h4><strong>Responsoriesalme \u00a0\u00a0\u00a0\u00a0\u00a0\u00a0\u00a0\u00a0\u00a0\u00a0\u00a0\u00a0\u00a0\u00a0\u00a0\u00a0\u00a0\u00a0\u00a0\u00a0\u00a0\u00a0\u00a0\u00a0\u00a0\u00a0\u00a0\u00a0\u00a0\u00a0\u00a0\u00a0\u00a0\u00a0\u00a0\u00a0\u00a0\u00a0\u00a0\u00a0\u00a0\u00a0\u00a0\u00a0\u00a0\u00a0\u00a0\u00a0\u00a0\u00a0\u00a0\u00a0\u00a0\u00a0\u00a0\u00a0\u00a0\u00a0\u00a0\u00a0\u00a0\u00a0 <\/strong>Sal 118 (117),2\u20134. 13\u201315. 22\u201324<\/h4>\n<p><strong>Omkved:<\/strong> Lovpris Herren, for han er god,<br \/>\nevig er hans kj\u00e6rlighet.<\/p>\n<p>Israels hus forkynne det,<br \/>\nevig er hans kj\u00e6rlighet.<br \/>\nArons hus forkynne det,<br \/>\nevig er hans kj\u00e6rlighet.<br \/>\nAlle som frykter Herren, forkynne det,<br \/>\nevig er hans kj\u00e6rlighet.<\/p>\n<p>De har trengt seg inn p\u00e5 meg, de ville sl\u00e5 meg ned,<br \/>\nmen Herren kom meg til hjelp.<br \/>\nHerren er min styrke og lovsang,<br \/>\nhan ble meg til frelse.<br \/>\nJubelrop lyder i de rettferdiges telt.<br \/>\nHerrens h\u00f8yre har vist sin makt.<\/p>\n<p>Stenen bygningsmennene vraket,<br \/>\ner blitt til hovedhj\u00f8rnesten.<br \/>\nDette er Herrens verk,<br \/>\ndet er underfullt i v\u00e5re \u00f8yne.<br \/>\nDette er dagen som Herren har gjort,<br \/>\nen dag til fryd og glede.<\/p>\n<h2><strong>\u00a0<\/strong><\/h2>\n<h4><strong>2. lesning \u00a0\u00a0\u00a0\u00a0\u00a0\u00a0\u00a0\u00a0\u00a0\u00a0\u00a0\u00a0\u00a0\u00a0\u00a0\u00a0\u00a0\u00a0\u00a0\u00a0\u00a0\u00a0\u00a0\u00a0\u00a0\u00a0\u00a0\u00a0\u00a0\u00a0\u00a0\u00a0\u00a0\u00a0\u00a0\u00a0\u00a0\u00a0\u00a0\u00a0\u00a0\u00a0\u00a0\u00a0\u00a0\u00a0\u00a0\u00a0\u00a0\u00a0\u00a0\u00a0\u00a0\u00a0\u00a0\u00a0\u00a0\u00a0\u00a0\u00a0\u00a0\u00a0\u00a0\u00a0\u00a0\u00a0\u00a0\u00a0\u00a0\u00a0\u00a0\u00a0\u00a0\u00a0\u00a0\u00a0\u00a0\u00a0\u00a0\u00a0\u00a0\u00a0\u00a0\u00a0\u00a0\u00a0\u00a0\u00a0\u00a0\u00a0\u00a0\u00a0\u00a0\u00a0\u00a0\u00a0\u00a0\u00a0\u00a0\u00a0\u00a0\u00a0\u00a0\u00a0\u00a0\u00a0\u00a0\u00a0\u00a0\u00a0\u00a0\u00a0 <\/strong>1 Pet 1,3\u20139<\/h4>\n<p><em>\u00a0<\/em><\/p>\n<p><em>Han har gjenf\u00f8dt oss til et levende h\u00e5p ved Jesu Kristi oppstandelse fra de d\u00f8de<\/em><\/p>\n<p><strong>Annen lesning st\u00e5r skrevet i Peters f\u00f8rste brev<\/strong><\/p>\n<p>Lovet v\u00e6re Gud, v\u00e5r Herre Jesu Kristi Far, som i sin store miskunn har gjenf\u00f8dt oss til et levende h\u00e5p ved Jesu Kristi oppstandelse fra de d\u00f8de\u00a0\u2013 til en uforgjengelig arv, som aldri plettes til og aldri svinner bort. Og den forvares for dere i himlene\u00a0\u2013 for ved troen er dere beskyttet av Guds kraft inntil frelsen kommer; den er alt rede til \u00e5 tre frem i dagen i de siste tider.<\/p>\n<p>I alt dette finner dere grunn til jublende glede, selv om dere n\u00e5 for en liten stund m\u00e5 gjennomg\u00e5 smertelige pr\u00f8velser av alle slag. For selv forgjengelig gull blir pr\u00f8vet i ild; og langt mer verd er en tro som har st\u00e5tt sin pr\u00f8ve. Og slik skal dens ekthet vise seg, og bli dere til lov og pris og \u00e6re, den dag Jesus Kristus \u00e5penbarer seg. Ham elsker dere, uten \u00e5 ha sett ham; fremdeles ser dere ikke, men i tro p\u00e5 ham lever dere i en gledesjubel, som i sin herlighet er st\u00f8rre enn hva ord kan romme, fordi dere er i ferd med \u00e5 n\u00e5 frem til troens m\u00e5l: sjelens frelse.<\/p>\n<p>Slik lyder Herrens ord<\/p>\n<p>Alle: Gud v\u00e6re lovet<\/p>\n<h4><strong>Halleluja \u00a0\u00a0\u00a0\u00a0\u00a0\u00a0\u00a0\u00a0\u00a0\u00a0\u00a0\u00a0\u00a0\u00a0\u00a0\u00a0\u00a0\u00a0\u00a0\u00a0\u00a0\u00a0\u00a0\u00a0\u00a0\u00a0\u00a0\u00a0\u00a0\u00a0\u00a0\u00a0\u00a0\u00a0\u00a0\u00a0\u00a0\u00a0\u00a0\u00a0\u00a0\u00a0\u00a0\u00a0\u00a0\u00a0\u00a0\u00a0\u00a0\u00a0\u00a0\u00a0\u00a0\u00a0\u00a0\u00a0\u00a0\u00a0\u00a0\u00a0\u00a0\u00a0\u00a0\u00a0\u00a0\u00a0\u00a0\u00a0\u00a0\u00a0\u00a0\u00a0\u00a0\u00a0\u00a0\u00a0\u00a0\u00a0\u00a0\u00a0\u00a0\u00a0\u00a0\u00a0\u00a0\u00a0\u00a0\u00a0\u00a0\u00a0\u00a0\u00a0\u00a0\u00a0\u00a0\u00a0\u00a0\u00a0\u00a0\u00a0 <\/strong>Joh 20,29<\/h4>\n<p>Halleluja. Fordi du fikk se meg, tror du, sier Herren;<br \/>\nsalige er de som kommer til troen uten \u00e5 se. Halleluja.<\/p>\n<h4><strong>Evangelium \u00a0\u00a0\u00a0\u00a0\u00a0\u00a0\u00a0\u00a0\u00a0\u00a0\u00a0\u00a0\u00a0\u00a0\u00a0\u00a0\u00a0\u00a0\u00a0\u00a0\u00a0\u00a0\u00a0\u00a0\u00a0\u00a0\u00a0\u00a0\u00a0\u00a0\u00a0\u00a0\u00a0\u00a0\u00a0\u00a0\u00a0\u00a0\u00a0\u00a0\u00a0\u00a0\u00a0\u00a0\u00a0\u00a0\u00a0\u00a0\u00a0\u00a0\u00a0\u00a0\u00a0\u00a0\u00a0\u00a0\u00a0\u00a0\u00a0\u00a0\u00a0\u00a0\u00a0\u00a0\u00a0\u00a0\u00a0\u00a0\u00a0\u00a0\u00a0\u00a0\u00a0\u00a0\u00a0\u00a0\u00a0\u00a0\u00a0\u00a0\u00a0\u00a0\u00a0\u00a0\u00a0\u00a0\u00a0\u00a0\u00a0\u00a0\u00a0\u00a0\u00a0\u00a0\u00a0 <\/strong>Joh 20,19\u201331<\/h4>\n<p><em>\u00a0<\/em><\/p>\n<p><em>\u00c5tte dager etter kommer Jesus<\/em><\/p>\n<p><strong>Dette hellige Evangelium st\u00e5r skrevet hos evangelisten Johannes<\/strong><\/p>\n<p>Om aftenen samme dag, den f\u00f8rste dag i uken, hadde disiplene stengt d\u00f8rene der hvor de holdt til, av frykt for j\u00f8dene. Da tr\u00e5dte Jesus inn i kretsen og sa: \u00abFred v\u00e6re med dere!\u00bb Og i det samme viste han dem sine hender og sin side. Ved synet av Herren ble disiplene inderlig glade.<\/p>\n<p>Atter sa da Jesus til dem: \u00abFred v\u00e6re med dere. Som Faderen har sendt meg, sender jeg dere.\u00bb Som han sa dette, \u00e5ndet han p\u00e5 dem, og la til: \u00abMotta Den Hellige \u00c5nd. Om dere tilgir noen deres synder, er de tilgitt. Om dere holder syndene fast for noen, er de fastholdt.\u00bb<\/p>\n<p>Thomas (ogs\u00e5 kalt Didymos), en av de tolv, hadde ikke v\u00e6rt sammen med dem da Jesus kom. Da n\u00e5 de andre disiplene fortalte ham at de hadde sett Herren, svarte han dem: \u00abF\u00e5r jeg ikke se merkene etter naglene i hans hender og legge min finger i dem, og f\u00e5r jeg ikke legge h\u00e5nden i hans side\u00a0\u2013 da kan jeg umulig tro det.\u00bb<\/p>\n<p>\u00c5tte dager etter var disiplene atter sammen innend\u00f8rs, og Thomas var til stede. D\u00f8rene var stengt, men Jesus kommer og trer inn i kretsen, og sier: \u00abFred v\u00e6re med dere.\u00bb Og s\u00e5 sier han til Thomas: \u00abKom hit med din finger, her er mine hender, se selv; kom hit med din h\u00e5nd, og legg den i min side. Og v\u00e6r ikke lenger vantro, men troende.\u00bb<\/p>\n<p>Da utbr\u00f8t Thomas: \u00abMin Herre og min Gud!\u00bb<\/p>\n<p>Jesus sier: \u00abJa, n\u00e5 tror du, fordi du fikk se; salige er de som kommer til troen uten \u00e5 se.\u00bb<\/p>\n<p>Ogs\u00e5 mange andre j\u00e6rtegn gjorde Jesus for sine disiplers \u00f8yne, ting som ikke er nevnt i denne bok. Men det som her er fortalt, er skrevet ned for at dere skal tro at Jesus er Messias, Guds S\u00f8nn, og s\u00e5 ved troen eie livet i hans navn.<\/p>\n<p>Slik lyder Herrens ord<\/p>\n<p>Alle: Lovet v\u00e6re du Kristus<\/p>\n<p><strong>Meditasjonen<\/strong><\/p>\n<p><span style=\"color: #9e0303;\">Vi setter oss. Leder leser meditasjonen<\/span><\/p>\n<p>\u00abSalige er de som kommer til troen uten \u00e5 se\u00bb (Joh 20,29)<\/p>\n<p>Gud elsker menneskene. Med dem vil Gud bevare fellesskapet som han begynte da hans eneste S\u00f8nn ble menneske. Jesus Kristus var oppst\u00e5tt fra de d\u00f8de. Han var ikke lenger fysisk n\u00e6rv\u00e6rende i tid og rom med sine disipler. Men han kunne ikke forlate menneskene. Han ville at ingen kunne hindre dem i \u00e5 komme til Ham. Derfor gir han oss \u00e5ndelige gaver for at vi kan fortsette \u00e5 inng\u00e5 i fellesskapet med ham.<\/p>\n<ol>\n<li>Dagens Evangelium forteller om at Jesus viste seg for disiplene sine som hadde stengt d\u00f8rene der de var samlet. De var redde for j\u00f8dene. Apostlene holdt avstand til Jesus i hans lidelse. En av dem forr\u00e5dte ham, en fornektet ham, og de andre flyktet fra ham. De var ogs\u00e5 veldig redde for j\u00f8dene, fordi j\u00f8dene visste godt at de h\u00f8rte til Jesus (Joh 18,17.25.26). Derfor hadde de stengt d\u00f8rene. De hadde pr\u00f8vd \u00e5 beskytte seg for ikke \u00e5 bli forfulgt. De mistet fred og stillhet i sine hjerter.<\/li>\n<\/ol>\n<p>Men ingen kunne hindre den Oppstandne Kristus \u00e5 komme til dem. Han kunne komme til alle som var langt bort fra ham p\u00e5 grunn av synder. Han overgikk alle hindringer for \u00e5 komme til disiplene sine. Og ingen kunne skjule seg for ham eller flykte bort fra ham. Gud er alltid den f\u00f8rste som g\u00e5r ut av seg selv for \u00e5 komme til menneskene. Han lar ikke menneskene bli alene og stengt inne i sitt elendige liv. Gud forst\u00e5r at menneskene ofte flyktet bort fra ham fordi de hadde gjort noe galt. Men han er den barmhjertige Far for menneskene, fordi han vet godt at skr\u00f8pelighet og svakhet er i v\u00e5r natur. Derfor kom Den Oppstandne Kristus og ga disiplene sine fred, den Hellige \u00c5nd og makt til \u00e5 tilgi synder: \u00abVi ble forsonet med Gud ved hans S\u00f8nns d\u00f8d\u00bb (Rom 5,10). Den hellige \u00c5nd er frelsens frukter som ble fullbyrdet i Jesu d\u00f8d.<\/p>\n<p>Jesus viste seg til apostlene og Thomas som var til stede. Jesus kom for \u00e5 vekke troen, ikke bare til Thomas, men ogs\u00e5 til alle, apostlene og oss. Han viste dem sine hender og sin side som tegn p\u00e5 at han var i herlighet n\u00e5. Kroppen hans hadde s\u00e5r, men det var s\u00e5rene til den Oppstandne. Det er herliggjorte s\u00e5r. Den Oppstandne Kristi n\u00e6rv\u00e6r drev Thomas og apostlene til \u00e5 inng\u00e5 i et nytt forhold med ham. Jesus sa til Thomas: \u00abKom med fingeren din, se her er hendene mine. Kom med h\u00e5nden og stikk den i siden min\u00bb (Joh 20,27). Han viste Thomas en vei som han m\u00e5tte g\u00e5 fra da av for \u00e5 inng\u00e5 i et forhold med ham: \u00abSalige er de som kommer til troen uten \u00e5 se\u00bb (Joh 20,29).<\/p>\n<p>2- Opplevelsen om Jesus, den Oppstandne overg\u00e5r v\u00e5r menneskelige forstand. Jesus som var st\u00e5tt opp fra de d\u00f8de, var den Solen som tilintetgjorde alle andre lysende kilder. N\u00e5r Solens lys skinner med hele sin klarhet, forsvinner andre lys. Og vi blir blendet og ser ingenting n\u00e5r vi retter \u00f8ynene v\u00e5re mot solen. Dette skjer fordi v\u00e5re \u00f8yne ikke kan t\u00e5le solens sterke og klare lys. P\u00e5 samme m\u00e5te, blir v\u00e5r naturlige forstand og sinn m\u00f8rke og uforstandige foran den Oppstandnes mysterium. Thomas ville se Jesu s\u00e5r i hans hender og hans side, men det var sikkert at han ikke forsto noe, fordi hans jordiske \u00f8yne ikke kunne f\u00e5 tak den Oppstandnes herliggjorte kropp. De naturlige \u00f8ynene kunne se Jesus da han ble korsfestet, ble naglet til korset, og ble stukket i siden (men Thomas var ikke til stede da dette skjedde).<\/p>\n<p>Jesus var oppst\u00e5tt fra de d\u00f8de. Dette som ingen aldri har sett eller h\u00f8rt fra verden ble til. Og ingen har opplevd det. Hvis noen forteller oss om noe som vi ikke har visst eller sett f\u00f8r, forst\u00e5r vi ikke. Vi famler i m\u00f8rket. P\u00e5 samme m\u00e5te er det med Jesu oppstandelse. Av oss selv forst\u00e5r vi ikke. S\u00e5 vi klarer ikke \u00e5 se lyset uten hjelp. Det vil si at vi er helt i m\u00f8rket foran dette ufattelige mysteriet. Akkurat som Maria Magdalena sto foran mysteriet da \u00abHerrens kropp hadde forsvunnet\u00bb, og Thomas foran Jesu s\u00e5r. Han var helt i m\u00f8rket. Men Jesus ga ham en gave for at han kunne se: \u00abKom med fingeren din, se her er hendene mine. Kom med h\u00e5nden og stikk den i siden min\u00bb (Joh 20,27).<\/p>\n<p>Jesus var oppst\u00e5tt fra de d\u00f8de. Han krevde av oss troen, og han ga den til oss. Troen er en av de teologale dydene som forholder seg umiddelbart til Gud. Troen virker i oss og sier til oss det som overg\u00e5r alle v\u00e5re naturlige sanser og evner. Og vi tror p\u00e5 Jesu Oppstandelse, fordi vi h\u00f8rer det fra Gud, fra den Hellige Kirken, v\u00e5r Mor, fra apostlene. De andre apostlene sa til Thomas: \u00abVi har sett Herren\u00bb (Joh 20,25). Men Thomas tvilte fremdeles. Han krevde fysisk bevis. St. Paulus sa om troen: \u00abTroen kommer av det budskapet en h\u00f8rer\u00bb (Rom 10,17). Derfor kommer ikke troen fra kunnskap vi har f\u00e5tt gjennom de naturlige sansene v\u00e5re. Troen er en sjels samtykke til det sjelen har h\u00f8rt. Troen gir oss ikke kunnskaper om den Oppstandne Jesus, men troen forener oss med Ham. Troen er \u00abskyen som kom med m\u00f8rket, men den lyste likevel opp natten\u00bb (2. Mos 14,20). St. Johannes av Korset sa: \u00abDet som skal skje gjennom herlighets lys i et annet liv, skjer her gjennom den opplyste troen\u00bb (F 3,80).<\/p>\n<p>\u00c5 Herre, rens mitt hjerte og min munn med din kj\u00e6rlighets ild, slik at jeg elsker deg og s\u00f8ker deg med et barns renhet og uskyld. Gi meg ogs\u00e5 et barns enkle tro, troen uten skygger, den urokkelige troen, troen uten unnskyldninger; men den rette og rene troen som tilfredsstilles til ditt levende Ord, ditt vitnesbyrd som gj\u00f8r meg stille, og jeg vil ikke ha noe annet.<\/p>\n<p><span style=\"color: #9e0303;\">Vi er stille for \u00e5 meditere og be til Gud om det vi har h\u00f8rt.<\/span><\/p>\n<p><span style=\"color: #9e0303;\">Vi st\u00e5r og be sammen Trosbekjennelsen.<\/span><\/p>\n<p>&nbsp;<\/p>\n<p><strong>Trosbekjennelsen<\/strong><\/p>\n<p>Jeg tror p\u00e5 \u00e9n Gud \u2026<\/p>\n<p>den allmektige Fader, som har skapt himmel og jord,<br \/>\nalle synlige og usynlige ting.<br \/>\nJeg tror p\u00e5 \u00e9n Herre, Jesus Kristus,<br \/>\nGuds enb\u00e5rne S\u00f8nn,<br \/>\nf\u00f8dt av Faderen fra evighet.<br \/>\nGud av Gud, lys av lys,<br \/>\nsann Gud av den sanne Gud,<br \/>\nf\u00f8dt, ikke skapt, av samme vesen som Faderen.<br \/>\nVed ham er alt blitt skapt.<br \/>\nFor oss mennesker og for v\u00e5r frelses skyld<br \/>\nsteg han ned fra himmelen.<br \/>\n<em>Han er blitt kj\u00f8d ved Den Hellige \u00c5nd<br \/>\nav Jomfru Maria,<br \/>\nog er blitt menneske.<\/em><br \/>\nHan ble korsfestet for oss,<br \/>\npint under Pontius Pilatus og gravlagt.<br \/>\nHan oppstod den tredje dag, etter Skriften,<br \/>\nf\u00f3r opp til himmelen,<br \/>\nog sitter ved Faderens h\u00f8yre h\u00e5nd.<br \/>\nHan skal komme igjen med herlighet<br \/>\nog d\u00f8mme levende og d\u00f8de,<br \/>\nog p\u00e5 hans rike skal det ikke v\u00e6re ende.<br \/>\nJeg tror p\u00e5 Den Hellige \u00c5nd, Herre og livgiver,<br \/>\nsom utg\u00e5r fra Faderen og S\u00f8nnen,<br \/>\nsom med Faderen og S\u00f8nnen tilbes og forherliges,<br \/>\nog som har talt ved profetene.<br \/>\nJeg tror p\u00e5 \u00e9n, hellig, katolsk og apostolisk Kirke.<br \/>\nJeg bekjenner \u00e9n d\u00e5p til syndenes forlatelse.<br \/>\nJeg venter de d\u00f8des oppstandelse<br \/>\nog det evige liv.<br \/>\nAmen<\/p>\n<p>&nbsp;<\/p>\n<p><strong>Forb\u00f8nner<\/strong><\/p>\n<p>L: Kj\u00e6re kristne! Den oppstandne Jesus Kristus kommer p\u00e5 usynlig vis til oss gjennom sin synlige Kirke. La oss be om n\u00e5de til \u00e5 tro p\u00e5 hans oppstandelse og hans n\u00e6rv\u00e6r blant oss og i oss:<\/p>\n<p>L: For undervisningen og fellesskapet i Kirken,<br \/>\nfor br\u00f8dsbrytelsen og b\u00f8nnene,<br \/>\nat alle Kristi disipler trofast m\u00e5 delta. \u211e<\/p>\n<p>La oss be til Herren<\/p>\n<p>Herre, h\u00f8r v\u00e5r b\u00f8nn.<\/p>\n<p>&nbsp;<\/p>\n<p><span style=\"color: #eb1064;\">L: <\/span>For statsmaktene i verden<br \/>\nog deres forhold til kirkene. <span style=\"color: #eb1064;\">\u211e<\/span><\/p>\n<p>La oss be til Herren<\/p>\n<p>Herre, h\u00f8r v\u00e5r b\u00f8nn.<\/p>\n<p>&nbsp;<\/p>\n<p><span style=\"color: #eb1064;\">L:<\/span> For alle som har det vondt,<br \/>\nat de m\u00e5 finne et levende h\u00e5p i Jesus Kristus. <span style=\"color: #eb1064;\">\u211e<\/span><\/p>\n<p>La oss be til Herren<\/p>\n<p>Herre, h\u00f8r v\u00e5r b\u00f8nn.<\/p>\n<p>&nbsp;<\/p>\n<p><span style=\"color: #eb1064;\">L:<\/span> At vi i sakramentene<br \/>\nm\u00e5 se tegn p\u00e5 den usynlige Kristus. <span style=\"color: #eb1064;\">\u211e<\/span><\/p>\n<p>La oss be til Herren<\/p>\n<p>Herre, h\u00f8r v\u00e5r b\u00f8nn.<\/p>\n<p>&nbsp;<\/p>\n<p><span style=\"color: #eb1064;\">L:<\/span> At Gud vil se i barmhjertighet til alle<\/p>\n<p>som er smittet av coronavirus og bevare deres liv. <span style=\"color: #eb1064;\">\u211e<\/span><\/p>\n<p>&nbsp;<\/p>\n<p>La oss be til Herren<\/p>\n<p>Herre, h\u00f8r v\u00e5r b\u00f8nn.<\/p>\n<p>&nbsp;<\/p>\n<p>L: Himmelske Far,<br \/>\ndu som oppreiste Kristus fra de d\u00f8de,<br \/>\nog som lar ham virke i og gjennom Kirken,<br \/>\ngi at ogs\u00e5 vi m\u00e5 tro \u2013 selv om vi ikke som apostlene kan se.<br \/>\nVed ham, Kristus, v\u00e5r Herre. Amen.<\/p>\n<p><strong>\u00a0<\/strong><\/p>\n<p><strong>Fader v\u00e5r<\/strong><\/p>\n<p>Fader v\u00e5r,<br \/>\ndu som er i himmelen!<br \/>\nHelliget vorde ditt navn.<br \/>\nKomme ditt rike.<br \/>\nSkje din vilje, som i himmelen s\u00e5 og p\u00e5 jorden.<br \/>\nGi oss i dag v\u00e5rt daglige br\u00f8d.<br \/>\nOg forlat oss v\u00e5r skyld,<br \/>\nsom vi og forlater v\u00e5re skyldnere.<br \/>\nOg led oss ikke inn i fristelse,<br \/>\nmen fri oss fra det onde. Amen.<\/p>\n<p><strong>Guds lam<\/strong><\/p>\n<p>Guds lam, som tar bort verdens synder,<br \/>\nmiskunn deg over oss.<br \/>\nGuds lam, som tar bort verdens synder,<br \/>\nmiskunn deg over oss.<br \/>\nGuds lam, som tar bort verdens synder,<br \/>\ngi oss din fred.<\/p>\n<p><strong>\u00c5ndelig kommunion<a href=\"#_ftn1\" name=\"_ftnref1\">[1]<\/a><\/strong><\/p>\n<p><span style=\"color: #9e0303;\"><em>Vi kan bruke v\u00e5re egne ord eller f\u00f8lgende b\u00f8nn<\/em><em>:<\/em><\/span><\/p>\n<p>Min Jesus, jeg tror fullt og fast at du er til stede i det aller helligste sakramentet. Jeg elsker deg over alt, og min sjel lengter etter deg. Siden jeg n\u00e5 ikke kan motta deg i sakramentet, kom \u00e5ndelig til mitt hjerte. Jeg forener meg helt med deg, tillat aldri at jeg skilles fra deg. Amen<\/p>\n<p><span style=\"color: #9e0303;\"><em>Stillhet for \u00e5 forene oss med Jesus<\/em><\/span><\/p>\n<p><strong>Avslutningsb\u00f8nn<\/strong><\/p>\n<p>Leder: Allmektige Gud, vi ber deg, la p\u00e5skens sakrament, som vi har mottatt, b\u00e6re rike frukter i v\u00e5re sinn. Ved Kristus, v\u00e5r Herre.<\/p>\n<h2><strong>\u00a0<\/strong><\/h2>\n<h2><strong>Utsendelse<\/strong><\/h2>\n<p>&nbsp;<\/p>\n<p>Leder: Herre velsigne oss, bevare oss fra alt ondt og f\u00f8re oss til det evige liv.<\/p>\n<p>Alle: Amen<\/p>\n<p>\u2026\u2026\u2026\u2026\u2026\u2026\u2026\u2026\u2026\u2026\u2026\u2026\u2026\u2026\u2026\u2026\u2026\u2026\u2026\u2026\u2026\u2026\u2026\u2026\u2026\u2026\u2026\u2026\u2026\u2026\u2026\u2026\u2026\u2026\u2026\u2026..<\/p>\n<p><span style=\"color: #9e0303;\">Familien kan be Regina caeli etter Guds Ord tjeneste, og be om beskyttelse mot koronaviruset<\/span><\/p>\n<p style=\"text-align: center;\"><span style=\"color: #9e0303;\"><strong>REGINA CAELI<\/strong><\/span><\/p>\n<p><em>Bes istedenfor Angelus fra p\u00e5skedag t.o.m pinsedag.<\/em><\/p>\n<p><span style=\"color: #9e0303;\">V:<\/span> Fryd deg, du Himmeldronning. Halleluja.<br \/>\n<span style=\"color: #9e0303;\">S:<\/span> For han som du ble verdig til \u00e5 b\u00e6re. Halleluja.<\/p>\n<p><span style=\"color: #9e0303;\">V:<\/span> Han er oppstanden som han sa. Halleluja.<br \/>\n<span style=\"color: #9e0303;\">S:<\/span> Be for oss til Gud. Halleluja.<\/p>\n<p><span style=\"color: #9e0303;\">V:<\/span> Gled deg og juble, Jomfru Maria. Halleluja.<br \/>\n<span style=\"color: #9e0303;\">S:<\/span> For Herren er sannelig oppstanden. Halleluja.<\/p>\n<p><span style=\"color: #9e0303;\"><strong>La oss be<\/strong>:<\/span> Gud, du som har verdiget deg ved din S\u00f8nns, v\u00e5r Herres Jesu Kristi oppstandelse \u00e5 fryde verden, gi oss den n\u00e5de, at vi ved hans jomfruelige mor Marias forb\u00f8nn m\u00e5 oppn\u00e5 det evige livs gleder. Ved ham, Kristus, v\u00e5r Herre. Amen.<\/p>\n<p>&nbsp;<\/p>\n<p><span style=\"color: #9e0303;\"><strong>SUB TUUM PR\u00c6SIDIUM<\/strong><\/span><\/p>\n<p>Under ditt vern tar vi v\u00e5r tilflukt, hellige Guds Mor.<\/p>\n<p>Ta n\u00e5dig imot de b\u00f8nner vi ber i v\u00e5re trengsler,<\/p>\n<p>og frels oss fra alle farer.<\/p>\n<p>Du evige Jomfru velsignet og herlig.<\/p>\n<p style=\"text-align: right;\"><em>(Den eldste kjente Mariab\u00f8nn, 300-tallet)<\/em><\/p>\n<p>&nbsp;<\/p>\n<p style=\"text-align: center;\"><strong>B\u00f8nn om beskyttelse mot koronaviruset og hjelp for de rammede<\/strong><\/p>\n<p style=\"text-align: center;\">Herre Jesus Kristus, send Den Hellige \u00c5nd over v\u00e5r verden, som er rammet av koronaviruset. Helbred med din godhet dem som er rammet av sykdom. Vern om dem som st\u00e5r i fare for smitte. Styrk dem som pleier de syke. Hjelp oss alle til \u00e5 vende om og ha tillit til deg. Amen.<\/p>\n<p>&nbsp;<\/p>\n<p style=\"text-align: center;\"><strong>Alle er hjertelig velkommen til kirkekaffe hjemme!<\/strong><\/p>\n<p style=\"text-align: center;\"><strong>\u00d8nsker alle en riktig god s\u00f8ndag!<\/strong><\/p>\n<p><a href=\"#_ftnref1\" name=\"_ftn1\">[1]<\/a> \u00c5ndelig kommunion er \u00e5 holde v\u00e5r kj\u00e6rlighet og lengsel etter Jesus i eukaristien levende.<\/p>\n<p>&nbsp;<\/p>\n","protected":false},"excerpt":{"rendered":"<p>FEIRING AV GUDS ORDS TJENESTE I FAMILIEN\u00a0S\u00d8NDAG I P\u00c5SKETIDEN (19. APRIL) &nbsp; Alle i familien samler seg foran et krusifiks, tenner lys, og begynner med korstegnet. En i familien leder Guds Ords tjeneste. Vi st\u00e5r: &nbsp; I Faderens og S\u00f8nnens&#8230;<br \/><a class=\"read-more-button\" href=\"https:\/\/stansgar.katolsk.no\/?p=7267\">Read more<\/a><\/p>\n","protected":false},"author":5,"featured_media":7268,"comment_status":"open","ping_status":"open","sticky":false,"template":"","format":"standard","meta":{"footnotes":""},"categories":[204],"tags":[],"class_list":["post-7267","post","type-post","status-publish","format-standard","has-post-thumbnail","hentry","category-ukategorisert-nb"],"_links":{"self":[{"href":"https:\/\/stansgar.katolsk.no\/index.php?rest_route=\/wp\/v2\/posts\/7267","targetHints":{"allow":["GET"]}}],"collection":[{"href":"https:\/\/stansgar.katolsk.no\/index.php?rest_route=\/wp\/v2\/posts"}],"about":[{"href":"https:\/\/stansgar.katolsk.no\/index.php?rest_route=\/wp\/v2\/types\/post"}],"author":[{"embeddable":true,"href":"https:\/\/stansgar.katolsk.no\/index.php?rest_route=\/wp\/v2\/users\/5"}],"replies":[{"embeddable":true,"href":"https:\/\/stansgar.katolsk.no\/index.php?rest_route=%2Fwp%2Fv2%2Fcomments&post=7267"}],"version-history":[{"count":5,"href":"https:\/\/stansgar.katolsk.no\/index.php?rest_route=\/wp\/v2\/posts\/7267\/revisions"}],"predecessor-version":[{"id":7278,"href":"https:\/\/stansgar.katolsk.no\/index.php?rest_route=\/wp\/v2\/posts\/7267\/revisions\/7278"}],"wp:featuredmedia":[{"embeddable":true,"href":"https:\/\/stansgar.katolsk.no\/index.php?rest_route=\/wp\/v2\/media\/7268"}],"wp:attachment":[{"href":"https:\/\/stansgar.katolsk.no\/index.php?rest_route=%2Fwp%2Fv2%2Fmedia&parent=7267"}],"wp:term":[{"taxonomy":"category","embeddable":true,"href":"https:\/\/stansgar.katolsk.no\/index.php?rest_route=%2Fwp%2Fv2%2Fcategories&post=7267"},{"taxonomy":"post_tag","embeddable":true,"href":"https:\/\/stansgar.katolsk.no\/index.php?rest_route=%2Fwp%2Fv2%2Ftags&post=7267"}],"curies":[{"name":"wp","href":"https:\/\/api.w.org\/{rel}","templated":true}]}}