{"id":7261,"date":"2020-04-17T09:33:32","date_gmt":"2020-04-17T07:33:32","guid":{"rendered":"https:\/\/stansgar.katolsk.no\/?p=7261"},"modified":"2020-04-17T09:33:32","modified_gmt":"2020-04-17T07:33:32","slug":"ogloszenia-dla-polakow-z-parafii-sw-ansgara-w-kristiansad","status":"publish","type":"post","link":"https:\/\/stansgar.katolsk.no\/?p=7261","title":{"rendered":"Og\u0142oszenia dla Polak\u00f3w z parafii \u015bw. Ansgara w Kristiansad"},"content":{"rendered":"<h2 style=\"text-align: center;\">Og\u0142oszenia dla Polak\u00f3w z parafii \u015bw. Ansgara w Kristiansad<\/h2>\n<p style=\"text-align: center;\">Kunngj\u00f8ringer for april &#8211; polsk gruppe<\/p>\n<p style=\"text-align: center;\">W czasie pandemii coronawirusa wszystkie publiczne msze i nabo\u017ce\u0144stwa s\u0105 zawieszone w ca\u0142ej Norwegii. Jednak\u017ce w trosce o dobro duchowe wiernych ko\u015bci\u00f3\u0142 jest otwarty i dost\u0119pny w porach odprawiania mszy \u015bwi\u0119tych. Mo\u017cna przyj\u015b\u0107 na prywatn\u0105 modlitw\u0119, skorzysta\u0107 ze spowiedzi i przyj\u0105\u0107 Komuni\u0119 \u015bw.<\/p>\n<h5 style=\"text-align: center;\">Plan transmisji internetowych z naszej parafii<\/h5>\n<p style=\"text-align: center;\"><span style=\"color: #ff0000;\">Uwaga w czasie transmisji \u201ena \u017cywo\u201d (online) ko\u015bci\u00f3\u0142 jest zamkni\u0119ty. Msze \u015bw. s\u0105 bez udzia\u0142u wiernych (z mo\u017cliwie najmniejsz\u0105 ilo\u015bci\u0105 obs\u0142ugi) Transmisj\u0119 mo\u017cna \u015bledzi\u0107 na stronie \u201efacebookowej\u201d naszej parafii.<\/span><\/p>\n<p><strong><span style=\"color: #ffcc00;\">Niedziela 19. kwietnia: 2. Niedziela Wielkanocna Mi\u0142osierdzia Bo\u017cego<\/span><\/strong><\/p>\n<ul>\n<li><strong>08.00 Msza \u015bw<\/strong>. (po polsku) <span style=\"color: #ff0000;\">online<\/span><\/li>\n<\/ul>\n<p>od 9.00 do 10.00 dla ch\u0119tnych modlitwa w ciszy, mo\u017cliwo\u015b\u0107 skorzystania ze spowiedzi i przyj\u0119cia Komunii \u015bw. *<\/p>\n<ul>\n<li><strong>12.00 Msza \u015bw<\/strong>. (po norwesku) <span style=\"color: #ff0000;\">online<\/span><\/li>\n<\/ul>\n<p>&nbsp;<\/p>\n<p><strong><span style=\"color: #0000ff;\">Od wtorku do soboty<\/span><\/strong> (w pi\u0105tki ks. Dawid pos\u0142uguje w Arendal)<\/p>\n<p>od 17.30 do 19.00 ko\u015bci\u00f3\u0142 jest otwarty i dost\u0119pny dla wszystkich. dla ch\u0119tnych modlitwa w ciszy, mo\u017cliwo\u015b\u0107 skorzystania ze spowiedzi i przyj\u0119cia Komunii \u015bw. *<\/p>\n<p>&nbsp;<\/p>\n<p><strong><span style=\"color: #ffcc00;\">Niedziela 26. kwietnia: 3. Niedziela Wielkanocna<\/span><\/strong><\/p>\n<ul>\n<li><strong>08.00 Msza \u015bw<\/strong>. (po polsku) <span style=\"color: #ff0000;\">online<\/span><\/li>\n<\/ul>\n<p>od 9.00 do 10.00 dla ch\u0119tnych modlitwa w ciszy, mo\u017cliwo\u015b\u0107 skorzystania ze spowiedzi i przyj\u0119cia Komunii \u015bw. *<\/p>\n<ul>\n<li><strong>12.00 Msza \u015bw<\/strong>. (po norwesku) <span style=\"color: #ff0000;\">online<\/span><\/li>\n<\/ul>\n<p>&nbsp;<\/p>\n<p><strong><span style=\"color: #3366ff;\">Od wtorku do soboty<\/span> <\/strong>(w pi\u0105tki ks. Dawid pos\u0142uguje w Arendal)<\/p>\n<p>od 17.30 do 19.00 ko\u015bci\u00f3\u0142 jest otwarty i dost\u0119pny dla wszystkich. dla ch\u0119tnych modlitwa w ciszy, mo\u017cliwo\u015b\u0107 skorzystania ze spowiedzi i przyj\u0119cia Komunii \u015bw. *<\/p>\n<p>&nbsp;<\/p>\n<p>*) Uwaga. Ze wzgl\u0119du na obowi\u0105zek podporz\u0105dkowania si\u0119 do przepis\u00f3w sanitarnych w zwi\u0105zku z pandemi\u0105 koronawirusa musimy zachowa\u0107 dystans 1,5 \u2013 2 metry oraz unika\u0107 zgromadze\u0144 powy\u017cej 5 os\u00f3b w ko\u015bciele. W razie pyta\u0144 i w\u0105tpliwo\u015bci prosimy o kontakt z ks. Dawidem (47978577)<\/p>\n","protected":false},"excerpt":{"rendered":"<p>Og\u0142oszenia dla Polak\u00f3w z parafii \u015bw. Ansgara w Kristiansad Kunngj\u00f8ringer for april &#8211; polsk gruppe W czasie pandemii coronawirusa wszystkie publiczne msze i nabo\u017ce\u0144stwa s\u0105 zawieszone w ca\u0142ej Norwegii. Jednak\u017ce w trosce o dobro duchowe wiernych ko\u015bci\u00f3\u0142 jest otwarty i&#8230;<br \/><a class=\"read-more-button\" href=\"https:\/\/stansgar.katolsk.no\/?p=7261\">Read more<\/a><\/p>\n","protected":false},"author":5,"featured_media":0,"comment_status":"open","ping_status":"open","sticky":false,"template":"","format":"standard","meta":{"footnotes":""},"categories":[204],"tags":[],"class_list":["post-7261","post","type-post","status-publish","format-standard","hentry","category-ukategorisert-nb"],"_links":{"self":[{"href":"https:\/\/stansgar.katolsk.no\/index.php?rest_route=\/wp\/v2\/posts\/7261","targetHints":{"allow":["GET"]}}],"collection":[{"href":"https:\/\/stansgar.katolsk.no\/index.php?rest_route=\/wp\/v2\/posts"}],"about":[{"href":"https:\/\/stansgar.katolsk.no\/index.php?rest_route=\/wp\/v2\/types\/post"}],"author":[{"embeddable":true,"href":"https:\/\/stansgar.katolsk.no\/index.php?rest_route=\/wp\/v2\/users\/5"}],"replies":[{"embeddable":true,"href":"https:\/\/stansgar.katolsk.no\/index.php?rest_route=%2Fwp%2Fv2%2Fcomments&post=7261"}],"version-history":[{"count":4,"href":"https:\/\/stansgar.katolsk.no\/index.php?rest_route=\/wp\/v2\/posts\/7261\/revisions"}],"predecessor-version":[{"id":7265,"href":"https:\/\/stansgar.katolsk.no\/index.php?rest_route=\/wp\/v2\/posts\/7261\/revisions\/7265"}],"wp:attachment":[{"href":"https:\/\/stansgar.katolsk.no\/index.php?rest_route=%2Fwp%2Fv2%2Fmedia&parent=7261"}],"wp:term":[{"taxonomy":"category","embeddable":true,"href":"https:\/\/stansgar.katolsk.no\/index.php?rest_route=%2Fwp%2Fv2%2Fcategories&post=7261"},{"taxonomy":"post_tag","embeddable":true,"href":"https:\/\/stansgar.katolsk.no\/index.php?rest_route=%2Fwp%2Fv2%2Ftags&post=7261"}],"curies":[{"name":"wp","href":"https:\/\/api.w.org\/{rel}","templated":true}]}}