{"id":7240,"date":"2020-04-12T06:54:02","date_gmt":"2020-04-12T04:54:02","guid":{"rendered":"https:\/\/stansgar.katolsk.no\/?p=7240"},"modified":"2020-04-12T06:54:02","modified_gmt":"2020-04-12T04:54:02","slug":"feiring-av-guds-ords-tjeneste-i-familien-paskedag-12-april","status":"publish","type":"post","link":"https:\/\/stansgar.katolsk.no\/?p=7240","title":{"rendered":"FEIRING AV GUDS ORDS TJENESTE I FAMILIEN P\u00c5SKEDAG (12. APRIL)"},"content":{"rendered":"<p><span style=\"color: #ffcc00;\"><strong>FEIRING<\/strong> <strong>AV <\/strong><strong>GUDS ORDS TJENESTE I FAMILIEN <\/strong><strong>P\u00c5SKEDAG (12. APRIL)<\/strong><\/span><\/p>\n<p><img loading=\"lazy\" decoding=\"async\" class=\"size-medium wp-image-7233 aligncenter\" src=\"https:\/\/stansgar.katolsk.no\/wp-content\/uploads\/2020\/04\/paske-300x167.jpg\" alt=\"\" width=\"300\" height=\"167\" srcset=\"https:\/\/stansgar.katolsk.no\/wp-content\/uploads\/2020\/04\/paske-300x167.jpg 300w, https:\/\/stansgar.katolsk.no\/wp-content\/uploads\/2020\/04\/paske.jpg 591w\" sizes=\"auto, (max-width: 300px) 100vw, 300px\" \/><\/p>\n<p><span style=\"color: #993300;\">Alle i familien samler seg foran et krusifiks, tenner lys, og begynner med korstegnet. En i familien leder Guds Ords tjeneste. Vi st\u00e5r:<\/span><\/p>\n<p>&nbsp;<\/p>\n<p><strong>I Faderens og S\u00f8nnens og Den Hellige \u00c5nds navn.<\/strong><\/p>\n<p><strong>Syndsbekjennelse<\/strong><\/p>\n<p>Jeg bekjenner for Gud, Den Allmektige, og for dere alle,<br \/>\nat jeg har syndet meget<br \/>\ni tanker og ord, gjerninger og fors\u00f8mmelser<br \/>\n<em>ved min skyld.<\/em><br \/>\nDerfor ber jeg den salige jomfru Maria,<br \/>\nalle engler og hellige<br \/>\nog dere alle:<br \/>\nbe for meg til Herren, v\u00e5r Gud.<\/p>\n<h3>Kyrie eleison<\/h3>\n<p>Kyrie, eleison.<\/p>\n<p>Kyrie, eleison.<\/p>\n<p>&nbsp;<\/p>\n<p>Christe, eleison.<\/p>\n<p>Christe, eleison.<\/p>\n<p>Kyrie, eleison.<\/p>\n<p>Kyrie, eleison.<\/p>\n<p>&nbsp;<\/p>\n<p><strong>Gloria<\/strong><\/p>\n<p>\u00c6re v\u00e6re Gud i det h\u00f8yeste &#8230;<\/p>\n<p>&nbsp;<\/p>\n<p>og fred p\u00e5 jorden for mennesker av god vilje.<\/p>\n<p>Vi priser deg,<\/p>\n<p>vi velsigner deg,<\/p>\n<p>vi tilber deg,<\/p>\n<p>vi forherliger deg,<\/p>\n<p>vi takker deg for din store herlighet,<\/p>\n<p>Herre, v\u00e5r Gud, Himlenes konge,<\/p>\n<p>Gud, allmektige Fader.<\/p>\n<p>Herre, du enb\u00e5rne S\u00f8nn, Jesus Kristus,<\/p>\n<p>Herre, v\u00e5r Gud, Guds lam, Faderens S\u00f8nn,<\/p>\n<p>du som tar bort verdens synder, miskunn deg over oss.<\/p>\n<p>Du som tar bort verdens synder, h\u00f8r v\u00e5r b\u00f8nn.<\/p>\n<p>Du som sitter ved Faderens h\u00f8yre h\u00e5nd, miskunn deg over oss.<\/p>\n<p>For du alene er hellig, du alene er Herren,<\/p>\n<p>du alene er Den H\u00f8yeste, Jesus Kristus,<\/p>\n<p>med Den Hellige \u00c5nd i Gud Faderens herlighet.<\/p>\n<p>Amen.<\/p>\n<p><strong>\u00a0<\/strong><\/p>\n<p><strong>Kirkeb\u00f8nn<\/strong><\/p>\n<p>Leder: Allmektige, evige Gud, ved din enb\u00e5rne S\u00f8nns seier over d\u00f8den har du i dag \u00e5pnet for oss evighetens port. Vi ber deg: La oss som feirer Herrens oppstandelse, selv oppst\u00e5 til livets lys ved \u00e5 fornyes i din \u00c5nd. Ved v\u00e5r Herre, Jesus Kristus.<\/p>\n<p>Alle: Amen<\/p>\n<p><span style=\"color: #993300;\">Vi setter oss. En leser 1. lesning, Responsoriesalme, 2. lesning og Evangelievers.<\/span><\/p>\n<p>&nbsp;<\/p>\n<h2><strong>1. lesning \u00a0\u00a0\u00a0\u00a0\u00a0\u00a0\u00a0\u00a0\u00a0\u00a0\u00a0\u00a0\u00a0\u00a0\u00a0\u00a0\u00a0\u00a0\u00a0\u00a0\u00a0\u00a0\u00a0\u00a0\u00a0\u00a0\u00a0\u00a0\u00a0\u00a0\u00a0\u00a0\u00a0\u00a0\u00a0\u00a0\u00a0\u00a0\u00a0\u00a0\u00a0\u00a0\u00a0\u00a0\u00a0\u00a0\u00a0\u00a0\u00a0\u00a0\u00a0\u00a0\u00a0\u00a0\u00a0\u00a0\u00a0\u00a0\u00a0\u00a0\u00a0\u00a0\u00a0\u00a0\u00a0\u00a0\u00a0\u00a0\u00a0\u00a0\u00a0\u00a0\u00a0\u00a0\u00a0\u00a0\u00a0\u00a0\u00a0\u00a0\u00a0\u00a0\u00a0\u00a0\u00a0\u00a0\u00a0\u00a0 <\/strong>Apg 10,34a.37\u201343<\/h2>\n<p><em>\u00a0<\/em><\/p>\n<p><em>Vi har sittet til bords med ham etter at han var oppstanden fra de d\u00f8de<\/em><\/p>\n<p><strong>F\u00f8rste lesning st\u00e5r skrevet i Apostlenes gjerninger<\/strong><\/p>\n<p>I de dager tok Peter til orde og sa: \u00abDere vet hva for ting som er skjedd hele J\u00f8deland over\u00a0\u2013 Jesus fra Nasaret, han begynte i Galilea, etter den d\u00e5pen som Johannes forkynte, og Gud salvet ham med Hellig \u00c5nd og kraft; s\u00e5 gikk han omkring og gjorde vel og helbredet alle som var falt i djevelens makt, for Gud var med ham.<\/p>\n<p>Og vi er vitner om alt hva han gjorde rundt i j\u00f8denes land og i Jerusalem\u00a0\u2013 han som de til og med drepte ved \u00e5 henge ham p\u00e5 marterpelen. Men ham oppvakte Gud p\u00e5 den tredje dag og lot ham st\u00e5 synlig frem, ikke for hele folket, men for de vitner som Gud i forveien hadde utpekt, nemlig for oss, som har sittet til bords med ham etter at han var oppstanden fra de d\u00f8de.<\/p>\n<p>Han b\u00f8d oss \u00e5 forkynne for folket og vitne at han er den dommer som Gud har satt over levende og d\u00f8de. Og det er om ham alle profetene vitner at enhver som tror p\u00e5 ham, skal f\u00e5 sine synder tilgitt.\u00bb<\/p>\n<p>Slik lyder Herrens ord<\/p>\n<p>Alle: Gud v\u00e6re lovet<\/p>\n<h2><strong>\u00a0<\/strong><\/h2>\n<h2><strong>Responsoriesalme \u00a0\u00a0\u00a0\u00a0\u00a0\u00a0\u00a0\u00a0\u00a0\u00a0\u00a0\u00a0\u00a0\u00a0\u00a0\u00a0\u00a0\u00a0\u00a0\u00a0\u00a0\u00a0\u00a0\u00a0\u00a0\u00a0\u00a0\u00a0\u00a0\u00a0\u00a0\u00a0\u00a0\u00a0\u00a0\u00a0\u00a0\u00a0\u00a0\u00a0\u00a0\u00a0\u00a0\u00a0\u00a0\u00a0\u00a0\u00a0\u00a0\u00a0\u00a0\u00a0\u00a0\u00a0\u00a0\u00a0\u00a0\u00a0\u00a0\u00a0\u00a0\u00a0 <\/strong>Sal 118 (117),1\u20132. 16ab\u201317. 22\u201323<\/h2>\n<p><strong>Omkved:<\/strong> Dette er dagen som Herren har skapt, halleluja.<\/p>\n<p>Lovpris Herren, for han er god,<br \/>\nevig er hans kj\u00e6rlighet.<br \/>\nIsraels hus forkynne det,<br \/>\nevig er hans kj\u00e6rlighet.<\/p>\n<p>Jubelrop lyder i de rettferdiges telt,<br \/>\nHerrens h\u00f8yre har vist sin makt.<br \/>\nJeg skal ikke d\u00f8, men leve<br \/>\nog forkynne Herrens gjerninger.<\/p>\n<p>Stenen bygningsmennene vraket,<br \/>\ner blitt til hovedhj\u00f8rnesten.<br \/>\nDette er Herrens verk.<br \/>\nDet er underfullt i v\u00e5re \u00f8yne.<\/p>\n<h2><strong>2. lesning\u00a0\u00a0\u00a0\u00a0\u00a0\u00a0\u00a0\u00a0\u00a0\u00a0\u00a0\u00a0\u00a0\u00a0\u00a0\u00a0\u00a0\u00a0\u00a0\u00a0\u00a0\u00a0\u00a0\u00a0\u00a0\u00a0\u00a0\u00a0\u00a0\u00a0\u00a0\u00a0\u00a0\u00a0\u00a0\u00a0\u00a0\u00a0\u00a0\u00a0\u00a0\u00a0\u00a0\u00a0\u00a0\u00a0\u00a0\u00a0\u00a0\u00a0\u00a0\u00a0\u00a0\u00a0\u00a0\u00a0\u00a0\u00a0\u00a0\u00a0\u00a0\u00a0\u00a0\u00a0\u00a0\u00a0\u00a0\u00a0\u00a0\u00a0\u00a0\u00a0\u00a0\u00a0\u00a0\u00a0\u00a0\u00a0\u00a0\u00a0\u00a0\u00a0\u00a0\u00a0\u00a0\u00a0\u00a0\u00a0\u00a0\u00a0\u00a0\u00a0\u00a0\u00a0\u00a0\u00a0\u00a0\u00a0\u00a0\u00a0\u00a0\u00a0\u00a0\u00a0\u00a0\u00a0\u00a0\u00a0\u00a0\u00a0\u00a0\u00a0\u00a0 <\/strong>Kol 3,1\u20134<\/h2>\n<p><em>\u00a0<\/em><\/p>\n<p><em>Streb etter de ting som er der oppe, hvor Kristus er<\/em><\/p>\n<p><strong>Annen lesning st\u00e5r skrevet i Paulus\u2019 brev til kolosserne<\/strong><\/p>\n<p>Br\u00f8dre!<\/p>\n<p>Er dere da oppstandne med Kristus, s\u00e5 streb etter de ting som er der oppe, hvor Kristus sitter ved Guds h\u00f8yre! Stem tanke og sinn etter dem, og ikke etter de jordiske ting. For dere har v\u00e6rt gjennom d\u00f8den, og deres liv er skjult med Kristus i Gud. Men n\u00e5r Kristus st\u00e5r frem i lyset\u00a0\u2013 han som er v\u00e5rt liv\u00a0\u2013 da skal ogs\u00e5 dere st\u00e5 frem med ham i herligheten.<\/p>\n<p>Slik lyder Herrens ord<\/p>\n<p>Alle: Gud v\u00e6re lovet<\/p>\n<h2><strong>Sekvens<\/strong><\/h2>\n<p><strong>\u00a0<\/strong><\/p>\n<p><a href=\"https:\/\/liturgi.info\/Kristenhet_la_lovsang_tone_(LH479)\"><em>Kristenhet, la lovsang tone<\/em><\/a><em>, <\/em><a href=\"https:\/\/liturgi.info\/Victim%C3%A6_Paschali_(LH478)\"><em>Victimae paschali laudes<\/em><\/a><em>.<\/em><\/p>\n<p>Kristenhet, la lovsang tone<br \/>\np\u00e5skens lam til \u00e6re.<\/p>\n<p>Lammet som for hjorden d\u00f8de,<br \/>\nKrist som skyldl\u00f8s bar v\u00e5r br\u00f8de,<br \/>\nvil oss med v\u00e5r Far forsone.<\/p>\n<p>D\u00f8d med liv en tvekamp stred<br \/>\nsom i under endte,<br \/>\nda v\u00e5r konge d\u00f8den led,<br \/>\nd\u00f8d til liv seg vendte.<\/p>\n<p>\u00abMaria, tal for sant<br \/>\nom tegnene du fant!\u00bb<\/p>\n<p>\u00abJeg s\u00e5 den grav som nyss var hans,<br \/>\njeg s\u00e5 den oppstandne i str\u00e5lekrans,<\/p>\n<p>s\u00e5 engler st\u00e5 vitner,<br \/>\ns\u00e5 svetteduk og sv\u00f8p.<\/p>\n<p>Oppstanden er Kristus,<br \/>\nmitt h\u00e5p og min heder.<br \/>\nTil Galilea vandrer han forut for eder.\u00bb<\/p>\n<p>Oppstanden er Herren, det vet vi for visst.<br \/>\nSkjenk oss din miskunn,<br \/>\ndu seirende Krist.<br \/>\nAmen. Halleluja.<\/p>\n<h2><strong>Halleluja \u00a0\u00a0\u00a0\u00a0\u00a0\u00a0\u00a0\u00a0\u00a0\u00a0\u00a0\u00a0\u00a0\u00a0\u00a0\u00a0\u00a0\u00a0\u00a0\u00a0\u00a0\u00a0\u00a0\u00a0\u00a0\u00a0\u00a0\u00a0\u00a0\u00a0\u00a0\u00a0\u00a0\u00a0\u00a0\u00a0\u00a0\u00a0\u00a0\u00a0\u00a0\u00a0\u00a0\u00a0\u00a0\u00a0\u00a0\u00a0\u00a0\u00a0\u00a0\u00a0\u00a0\u00a0\u00a0\u00a0\u00a0\u00a0\u00a0\u00a0\u00a0\u00a0\u00a0\u00a0\u00a0\u00a0\u00a0\u00a0\u00a0\u00a0\u00a0\u00a0\u00a0\u00a0\u00a0\u00a0\u00a0\u00a0\u00a0\u00a0\u00a0\u00a0\u00a0\u00a0\u00a0\u00a0\u00a0\u00a0\u00a0\u00a0\u00a0\u00a0\u00a0\u00a0\u00a0\u00a0\u00a0\u00a0\u00a0\u00a0 <\/strong>1 Kor 5,7b\u20138a<\/h2>\n<p>Halleluja. Kristus, v\u00e5rt p\u00e5skelam, er ofret,<br \/>\nla oss holde h\u00f8ytid for Herren, halleluja.<\/p>\n<h2><strong>Evangelium\u00a0\u00a0\u00a0\u00a0\u00a0\u00a0\u00a0\u00a0\u00a0\u00a0\u00a0\u00a0\u00a0\u00a0\u00a0\u00a0\u00a0\u00a0\u00a0\u00a0\u00a0\u00a0\u00a0\u00a0\u00a0\u00a0\u00a0\u00a0\u00a0\u00a0\u00a0\u00a0\u00a0\u00a0\u00a0\u00a0\u00a0\u00a0\u00a0\u00a0\u00a0\u00a0\u00a0\u00a0\u00a0\u00a0\u00a0\u00a0\u00a0\u00a0\u00a0\u00a0\u00a0\u00a0\u00a0\u00a0\u00a0\u00a0\u00a0\u00a0\u00a0\u00a0\u00a0\u00a0\u00a0\u00a0\u00a0\u00a0\u00a0\u00a0\u00a0\u00a0\u00a0\u00a0\u00a0\u00a0\u00a0\u00a0\u00a0\u00a0\u00a0\u00a0\u00a0\u00a0\u00a0\u00a0\u00a0\u00a0\u00a0\u00a0\u00a0\u00a0\u00a0\u00a0\u00a0\u00a0 <\/strong>Joh 20,1\u20139<\/h2>\n<p><em>\u00a0<\/em><\/p>\n<p><em>Han skulle oppst\u00e5 fra de d\u00f8de<\/em><\/p>\n<p><strong>Dette hellige Evangelium st\u00e5r skrevet hos evangelisten Johannes<\/strong><\/p>\n<p>Tidlig s\u00f8ndag morgen, mens det enn\u00e5 var m\u00f8rkt, begav Maria fra Magdala seg ut til graven. Da fikk hun se at stenen foran den var fjernet. Og straks l\u00f8p hun avsted til Simon Peter og den andre disippelen, han som Jesus holdt s\u00e5 meget av, og sa: \u00abDe har tatt Herren bort fra graven, og vi vet ikke hvor de har lagt ham.\u00bb<\/p>\n<p>Peter og den andre disippelen gikk da ut og tok veien til graven. De l\u00f8p avsted sammen, men den andre disippelen l\u00f8p snart fortere enn Peter og kom f\u00f8rst frem. Han b\u00f8yer seg da inn og f\u00e5r se likkl\u00e6rne ligge p\u00e5 jorden; men g\u00e5r ikke selv inn.<\/p>\n<p>Imidlertid n\u00e5r Simon Peter ham igjen, og han g\u00e5r inn i graven; der ser han likkl\u00e6rne ligge p\u00e5 jorden, unntagen svetteduken som han hadde hatt over hodet; den l\u00e5 sammenfoldet p\u00e5 et sted for seg selv. Da gikk ogs\u00e5 den andre disippelen inn, han som var kommet f\u00f8rst til graven; han s\u00e5, og trodde. Hittil hadde de nemlig ikke forst\u00e5tt dette som Skriften sa, at han skulle oppst\u00e5 fra de d\u00f8de.<\/p>\n<p>Slik lyder Herrens ord<\/p>\n<p>Alle: Lovet v\u00e6re du Kristus<\/p>\n<p><strong>\u00a0<\/strong><\/p>\n<p><strong>Meditasjonen<\/strong><\/p>\n<p><span style=\"color: #993300;\">Vi setter oss. Leder leser meditasjonen<\/span><\/p>\n<p>Jesu lidelseshistorie hadde ikke blitt fortalt, hvis Jesu oppstandelseshistorie ikke skulle blitt fortalt videre. Det virker som om det er en vegg som st\u00e5r foran oss og hindrer oss \u00e5 forst\u00e5 Jesu oppstandelse. Bare med troen som blir renset er vi i stand til \u00e5 komme over veggen for \u00e5 f\u00e5 delta i dette mysteriet. I v\u00e5rt indre har vi en lengsel etter \u00e5 se den Oppstandne. Og vi kan se Ham, n\u00e5r han vil vise seg for oss.<\/p>\n<ol>\n<li>Evangeliet forteller at Maria Magdalena kom til Jesu grav \u00abtidlig om morgen den f\u00f8rste dagen i uken, mens det enn\u00e5 var m\u00f8rkt\u00bb (Joh 20,1). Med denne innledningen viste evangelisten til den nye skapelsens begynnelse. \u00abDen f\u00f8rste dagen\u00bb er dagen til evigheten, som m\u00f8rket ikke mer kan senke seg ned over. Jesus er Solen som aldri g\u00e5r ned (Ap 21,23). Daggryets lys av den f\u00f8rste dagen skal skinne klarere inntil solens str\u00e5lende lys skinner over alle skapningene. Jesus, den Oppstandne skal vise seg helt klart p\u00e5 slutten av historien.<\/li>\n<\/ol>\n<p>P\u00e5 veien til graven s\u00e5 Maria at \u00absteinen foran graven er tatt bort\u00bb. Ordet air\u014d, \u201c\u00e5 bli tatt bort\u00bb, har en dyp betydning (11,39,41; 1,29; 10,18). Dette viser til seieren over d\u00f8den som tok bort alle hindringene. Ved \u00e5 se den, l\u00f8p Maria av sted, kom til Peter og Johannes for \u00e5 fortelle dem: \u00abDe har tatt Herren bort fra graven, og vi vet ikke hvor de har lagt ham\u00bb. Hun skulle gjenta disse ordene til englene og gartneren (20,2.13.15), og hver gang hun gjentok dem, ble hun f\u00f8rt n\u00e6rmere til den Oppstandne.<\/p>\n<p>Etter \u00e5 ha h\u00f8rt Marias ord, gikk Peter og den andre disippelen til graven. De gikk inn i graven, og de s\u00e5 linkl\u00e6rne og svetteduken som l\u00e5 igjen. Disse synlige tingene som hadde v\u00e6rt brukt i Jesu begravelse var blitt \u00absakramentale tegn\u00bb for Johannes. De ledet ham mot et usynlig mysterium, og Den Hellige Skrift opplyste Johannes om dette: \u00abJesus m\u00e5tte st\u00e5 opp fra de d\u00f8de\u00bb (20,9\u00bb. Derfor s\u00e5 Johannes, og han trodde (v. 8). Hadde det ikke v\u00e6rt for Jesu oppstandelse, skulle ikke vann, olje, br\u00f8d, vin, og blod fra Jesu side blitt sakramentenes tegn og redskap for oss.<\/p>\n<p>Maria n\u00e6rmete seg graven. Hun m\u00e5tte oppleve personlig det som hadde skjedd. Hun \u00absto like utenfor graven og gr\u00e5t\u00bb. Hun s\u00e5 inn i graven, og hun fikk se \u00abto hvitkledde engler sitte der Jesu kropp hadde ligget, en ved hodet og en ved f\u00f8ttene\u201d. Englenes hvite kl\u00e6r viste at de kom fra himmelen. De var lik \u00e6resvakter. Englene stilte Maria sp\u00f8rsm\u00e5let: \u00abHvorfor gr\u00e5ter du, kvinne?\u00bb. Hun gjentok det hun hadde sagt til de to apostlene: \u00abDe har tatt Herren bort fra graven, og vi vet ikke hvor de har lagt ham\u00bb. Englene ga henne ingen budskap som i de andre Evangeliene. Men deres n\u00e6rv\u00e6r ved den tomme graven var for henne et svar og et stort tegn om oppstandelsen. Her hvor Jesus ble begravet, hersket d\u00f8den ikke lenger (jf. \u00c5p 19,14).<\/p>\n<p>Maria sto like utenfor graven. Hun gr\u00e5t siden hun ikke fant Den hun elsket (Sal 6,7). Minnet om ham var fremdeles levende i henne. Hun ville v\u00e6re med Ham hun elsket. Og med gr\u00e5t og t\u00e5rer skulle hun minnes disse ordene: \u00abDere skal gr\u00e5te og klage, &#8230; dere skal s\u00f8rge, men sorgen skal bli forvandlet til glede\u00bb (Joh 16,20). Den Oppstandne skulle komme til henne etter gr\u00e5ten og t\u00e5rene.<\/p>\n<p>Og den Oppstandne viste seg for henne. Han gjentok englenes sp\u00f8rsm\u00e5l, og han la til: \u00abHvem leter du etter? (v. 15). Jesus hadde stilt det samme sp\u00f8rsm\u00e5let til to av Johannes\u2019 disipler (Joh 1,38). Med dette sp\u00f8rsm\u00e5let til Maria, s\u00e5 det ut som Maria s\u00f8kte en levende person. Jesus spurte henne, og han visste at hun s\u00f8kte ham. Ved \u00e5 sp\u00f8rre henne om dette, ville han dra henne ut av fortiden av sin d\u00f8d og begravelse. Hun m\u00e5tte v\u00e5kne opp fra denne tunge s\u00f8vnen. Han ville si at hun skulle \u00abkomme og se\u00bb. Den som hun s\u00f8kte, var oppstanden og foran henne. Han ville si til henne: \u00abGled dere i hjertet, dere som s\u00f8ker Herren\u00bb (Sal 105,3; Ordsp 4,18).<\/p>\n<p>Men Maria kunne ikke befri seg fra minnet om Jesus som var d\u00f8d. Hun skj\u00f8nte ikke at det var Jesus som sto der (v. 14; Luk 24,17). Og hun pr\u00f8vde en siste gang ved \u00e5 si til gartneren: \u00abHerre, hvis du har tatt ham bort, s\u00e5 si meg hvor du har lagt ham, s\u00e5 skal jeg ta ham med meg\u00bb (v. 15). En sier at den som elsker tenker at alle m\u00e5 f\u00e5 vite om det han alltid tenker p\u00e5. Og Maria viste sitt fantastiske mot ved \u00e5 si at hun ville b\u00e6re Jesu d\u00f8de kropp selv om hun ikke hadde styrke til det. Om dette sa St. Paulus: \u00abKj\u00e6rligheten utholder alt, tror alt, h\u00e5per alt, t\u00e5ler alt\u00bb (1 Kor 13,7). Hun ville for alltid holde fast med ham.<\/p>\n<p>Det var i dette \u00f8yeblikket Den Oppstandne Jesus kalte hennes navn. Han fikk henne til \u00e5 forst\u00e5 at han allerede hadde g\u00e5tt fra den jordiske livstilstanden til den herlige livstilstanden. St. Paulus hadde den samme opplevelsen om Jesus som var d\u00f8d og oppstanden: \u201cVi har f\u00f8r kjent Kristus p\u00e5 menneskelig vis, s\u00e5 kjenner vi ham ikke lenger slik\u00bb (2 Kor 5,16). Jesus sendte Maria for \u00e5 forkynne oppstandelses budskapet til apostlene: \u00abG\u00e5 til mine br\u00f8dre og si til dem at jeg stiger opp til ham som er min Far og Far for dere, min Gud og deres Gud&raquo; (v. 17). Maria Magdalena ble Jesu oppstandelses apostel, og apostelen til apostlene.<\/p>\n<ol start=\"2\">\n<li>Maria gikk ut da det enn\u00e5 var m\u00f8rkt. Den Oppstandne Jesu lys skinte litt etter hvert i hennes hjerte, og dro henne ut fra sjelens m\u00f8rke. Marias sjel hadde sunket ned i en sj\u00f8 av elendighet og angst, selv om Jesus allerede var oppstanden, fortsatte hun \u00e5 leve som om Jesus var d\u00f8d. Hun s\u00f8kte den d\u00f8de, og hun s\u00e5 ikke den levende som sto foran henne.<\/li>\n<\/ol>\n<p>Herren strekker ut armene sine til oss, for han vet at vi er fattige, kraftl\u00f8se foran oppstandelses mysteriet. Han sender ut sine budbringere til oss. Det er den Hellige Skrift, engler, mennesker, tegn\u2026 og til slutt den Oppstandne Jesus. De hjelper oss til \u00e5 bli renset fra bilder og oppfatninger som ikke h\u00f8rer til Gud. De er lik ild som brenner og renser bort all rust. De \u00e5pner for oss en livsd\u00f8r og inviterer oss til \u00e5 g\u00e5 inn i den guddommelige verden.<\/p>\n<p>Fra bekymring for \u00e5 miste den som Maria elsket, ber\u00f8rte den Oppstandne hennes sjel med stor barmhjertighet. \u00abHvem leter du etter?\u201d. Gud tenner en guddommelig ild i hennes liv. Herren viste henne veien til Ham. Hvis vi vil se den Oppstandne Jesus, m\u00e5 vi f\u00f8lge Marias vei: m\u00f8rket og renselsens vei. N\u00e5r vi blir lik et hvetekorn som faller til jorden og d\u00f8r, skal vi begynne \u00e5 forst\u00e5 hva oppstandelsen er, og vi f\u00e5r del i Jesu oppstandelse. Amen.<\/p>\n<p>&nbsp;<\/p>\n<p><span style=\"color: #993300;\">Vi er stille for \u00e5 meditere og be til Gud om det vi har h\u00f8rt.<\/span><\/p>\n<p><span style=\"color: #993300;\">Vi st\u00e5r og be sammen Trosbekjennelsen.<\/span><\/p>\n<p>&nbsp;<\/p>\n<p><strong>Trosbekjennelsen<\/strong><\/p>\n<p>Jeg tror p\u00e5 \u00e9n Gud \u2026<\/p>\n<p>den allmektige Fader, som har skapt himmel og jord,<br \/>\nalle synlige og usynlige ting.<br \/>\nJeg tror p\u00e5 \u00e9n Herre, Jesus Kristus,<br \/>\nGuds enb\u00e5rne S\u00f8nn,<br \/>\nf\u00f8dt av Faderen fra evighet.<br \/>\nGud av Gud, lys av lys,<br \/>\nsann Gud av den sanne Gud,<br \/>\nf\u00f8dt, ikke skapt, av samme vesen som Faderen.<br \/>\nVed ham er alt blitt skapt.<br \/>\nFor oss mennesker og for v\u00e5r frelses skyld<br \/>\nsteg han ned fra himmelen.<br \/>\n<em>Han er blitt kj\u00f8d ved Den Hellige \u00c5nd<br \/>\nav Jomfru Maria,<br \/>\nog er blitt menneske.<\/em><br \/>\nHan ble korsfestet for oss,<br \/>\npint under Pontius Pilatus og gravlagt.<br \/>\nHan oppstod den tredje dag, etter Skriften,<br \/>\nf\u00f3r opp til himmelen,<br \/>\nog sitter ved Faderens h\u00f8yre h\u00e5nd.<br \/>\nHan skal komme igjen med herlighet<br \/>\nog d\u00f8mme levende og d\u00f8de,<br \/>\nog p\u00e5 hans rike skal det ikke v\u00e6re ende.<br \/>\nJeg tror p\u00e5 Den Hellige \u00c5nd, Herre og livgiver,<br \/>\nsom utg\u00e5r fra Faderen og S\u00f8nnen,<br \/>\nsom med Faderen og S\u00f8nnen tilbes og forherliges,<br \/>\nog som har talt ved profetene.<br \/>\nJeg tror p\u00e5 \u00e9n, hellig, katolsk og apostolisk Kirke.<br \/>\nJeg bekjenner \u00e9n d\u00e5p til syndenes forlatelse.<br \/>\nJeg venter de d\u00f8des oppstandelse<br \/>\nog det evige liv.<br \/>\nAmen<\/p>\n<p>&nbsp;<\/p>\n<p><strong>Forb\u00f8nner<\/strong><\/p>\n<p>L: Elskede br\u00f8dre og s\u00f8stre! Fylt av jubel over oppstandelsen er vi samlet for \u00e5 feire p\u00e5sken. La oss denne p\u00e5skemorgen vende oss til Jesus Kristus som ble reist opp fra de d\u00f8de og be om:<\/p>\n<p><span style=\"color: #ff0000;\">L<\/span>: At alle som n\u00e5 feirer p\u00e5ske, m\u00e5 se og tro<br \/>\n\u2013 likesom den disippel som Jesus holdt s\u00e5 meget av.<span style=\"color: #ff0000;\"> \u211e<\/span><\/p>\n<p>La oss be til Herren<\/p>\n<p>Herre, h\u00f8r v\u00e5r b\u00f8nn.<\/p>\n<p><span style=\"color: #ff0000;\">L:<\/span> For dem som er satt til \u00e5 skape fred i verden,<br \/>\nat Guds seier over m\u00f8rkets makter denne natt<br \/>\nm\u00e5 vise vei og gi kraft og h\u00e5p.<span style=\"color: #ff0000;\"> \u211e<\/span><\/p>\n<p>La oss be til Herren<\/p>\n<p>Herre, h\u00f8r v\u00e5r b\u00f8nn.<\/p>\n<p>&nbsp;<\/p>\n<p><span style=\"color: #ff0000;\">L:<\/span> For alle som er nedtynget og bekymret av de jordiske ting,<br \/>\nat de m\u00e5 stemme tanke og sinn etter det<br \/>\nsom er der oppe, hvor Kristus sitter ved Guds h\u00f8yre h\u00e5nd. <span style=\"color: #ff0000;\">\u211e<\/span><\/p>\n<p>&nbsp;<\/p>\n<p>La oss be til Herren<\/p>\n<p>Herre, h\u00f8r v\u00e5r b\u00f8nn.<\/p>\n<p><span style=\"color: #ff0000;\">L:<\/span> For p\u00e5skefeiringen i denne by (bygd),<br \/>\nat den m\u00e5 gjenlyde av lovprisning og jubel. <span style=\"color: #ff0000;\">\u211e<\/span><\/p>\n<p>La oss be til Herren<\/p>\n<p>Herre, h\u00f8r v\u00e5r b\u00f8nn.<\/p>\n<p><span style=\"color: #ff0000;\">L:<\/span> Himmelske Far, gode Gud,<br \/>\nv\u00e5rt p\u00e5skelam Kristus er ofret<br \/>\nog har beseglet soningen for v\u00e5re synder<br \/>\nved \u00e5 st\u00e5 opp fra de d\u00f8de.<br \/>\nGi oss \u00e5 holde h\u00f8ytid med usyret br\u00f8d,<br \/>\ni renhet og sannhet.<br \/>\nVed ham, Kristus, v\u00e5r Herre. Amen.<\/p>\n<p><strong>\u00a0<\/strong><\/p>\n<p><strong>Fader v\u00e5r<\/strong><\/p>\n<p>Fader v\u00e5r,<br \/>\ndu som er i himmelen!<br \/>\nHelliget vorde ditt navn.<br \/>\nKomme ditt rike.<br \/>\nSkje din vilje, som i himmelen s\u00e5 og p\u00e5 jorden.<br \/>\nGi oss i dag v\u00e5rt daglige br\u00f8d.<br \/>\nOg forlat oss v\u00e5r skyld,<br \/>\nsom vi og forlater v\u00e5re skyldnere.<br \/>\nOg led oss ikke inn i fristelse,<br \/>\nmen fri oss fra det onde. Amen.<\/p>\n<p><strong>Guds lam<\/strong><\/p>\n<p>Guds lam, som tar bort verdens synder,<br \/>\nmiskunn deg over oss.<br \/>\nGuds lam, som tar bort verdens synder,<br \/>\nmiskunn deg over oss.<br \/>\nGuds lam, som tar bort verdens synder,<br \/>\ngi oss din fred.<\/p>\n<p><strong>\u00c5ndelig kommunion<a href=\"#_ftn1\" name=\"_ftnref1\">[1]<\/a><\/strong><\/p>\n<p><span style=\"color: #ff0000;\"><em>Vi kan bruke v\u00e5re egne ord eller f\u00f8lgende b\u00f8nn<\/em><em>:<\/em><\/span><\/p>\n<p>Min Jesus, jeg tror fullt og fast at du er til stede i det aller helligste sakramentet. Jeg elsker deg over alt, og min sjel lengter etter deg. Siden jeg n\u00e5 ikke kan motta deg i sakramentet, kom \u00e5ndelig til mitt hjerte. Jeg forener meg helt med deg, tillat aldri at jeg skilles fra deg. Amen<\/p>\n<p><span style=\"color: #ff0000;\"><em>Stillhet for \u00e5 forene oss med Jesus<\/em><\/span><\/p>\n<p><strong>Avslutningsb\u00f8nn<\/strong><\/p>\n<p>Leder: Gud, v\u00e5r Far, vern alltid din Kirke med kj\u00e6rlig omsorg, s\u00e5 den blir fornyet ved p\u00e5skens mysterium og n\u00e5r frem til oppstandelsens klarhet. Ved Kristus, v\u00e5r Herre.<\/p>\n<h2><strong>\u00a0<\/strong><\/h2>\n<h2><strong>Utsendelse<\/strong><\/h2>\n<p>&nbsp;<\/p>\n<p>Leder: Herre velsigne oss, bevare oss fra alt ondt og f\u00f8re oss til det evige liv<\/p>\n<p>Alle: Amen<\/p>\n<p>\u2026\u2026\u2026\u2026\u2026\u2026\u2026\u2026\u2026\u2026\u2026\u2026\u2026\u2026\u2026\u2026\u2026\u2026\u2026\u2026\u2026\u2026\u2026\u2026\u2026\u2026\u2026\u2026\u2026\u2026\u2026\u2026\u2026\u2026\u2026\u2026..<\/p>\n<p><span style=\"color: #ff0000;\">Familien kan be Regina caeli etter Guds Ord tjeneste, og be om beskyttelse mot koronaviruset<\/span><\/p>\n<p><span style=\"color: #ff0000;\"><strong>REGINA CAELI<\/strong><\/span><\/p>\n<p><em>Bes istedenfor Angelus fra p\u00e5skedag t.o.m pinsedag.<\/em><\/p>\n<p><span style=\"color: #ff0000;\">V<\/span>: Fryd deg, du Himmeldronning. Halleluja.<br \/>\n<span style=\"color: #ff0000;\">S:<\/span> For han som du ble verdig til \u00e5 b\u00e6re. Halleluja.<\/p>\n<p><span style=\"color: #ff0000;\">V<\/span>: Han er oppstanden som han sa. Halleluja.<br \/>\n<span style=\"color: #ff0000;\">S:<\/span> Be for oss til Gud. Halleluja.<\/p>\n<p><span style=\"color: #ff0000;\">V:<\/span> Gled deg og juble, Jomfru Maria. Halleluja.<br \/>\n<span style=\"color: #ff0000;\">S:<\/span> For Herren er sannelig oppstanden. Halleluja.<\/p>\n<p><span style=\"color: #ff0000;\"><strong>La oss be<\/strong><\/span>: Gud, du som har verdiget deg ved din S\u00f8nns, v\u00e5r Herres Jesu Kristi oppstandelse \u00e5 fryde verden, gi oss den n\u00e5de, at vi ved hans jomfruelige mor Marias forb\u00f8nn m\u00e5 oppn\u00e5 det evige livs gleder. Ved ham, Kristus, v\u00e5r Herre. Amen.<\/p>\n<p>&nbsp;<\/p>\n<p><span style=\"color: #ff0000;\"><strong>SUB TUUM PR\u00c6SIDIUM<\/strong><\/span><\/p>\n<p>Under ditt vern tar vi v\u00e5r tilflukt, hellige Guds Mor.<\/p>\n<p>Ta n\u00e5dig imot de b\u00f8nner vi ber i v\u00e5re trengsler,<\/p>\n<p>og frels oss fra alle farer.<\/p>\n<p>Du evige Jomfru velsignet og herlig.<\/p>\n<p><em>(Den eldste kjente Mariab\u00f8nn, 300-tallet)<\/em><\/p>\n<p>&nbsp;<\/p>\n<p><strong>B\u00f8nn om beskyttelse mot koronaviruset og hjelp for de rammede<\/strong><\/p>\n<p>Herre Jesus Kristus, send Den Hellige \u00c5nd over v\u00e5r verden, som er rammet av koronaviruset. Helbred med din godhet dem som er rammet av sykdom. Vern om dem som st\u00e5r i fare for smitte. Styrk dem som pleier de syke. Hjelp oss alle til \u00e5 vende om og ha tillit til deg. Amen.<\/p>\n<p>&nbsp;<\/p>\n<p style=\"text-align: center;\"><strong>Alle er hjertelig velkommen til kirkekaffe hjemme!<\/strong><\/p>\n<p style=\"text-align: center;\"><strong>\u00d8nsker alle en riktig god s\u00f8ndag!<\/strong><\/p>\n<p><a href=\"#_ftnref1\" name=\"_ftn1\">[1]<\/a> \u00c5ndelig kommunion er \u00e5 holde v\u00e5r kj\u00e6rlighet og lengsel etter Jesus i eukaristien levende.<\/p>\n<p>&nbsp;<\/p>\n","protected":false},"excerpt":{"rendered":"<p>FEIRING AV GUDS ORDS TJENESTE I FAMILIEN P\u00c5SKEDAG (12. APRIL) Alle i familien samler seg foran et krusifiks, tenner lys, og begynner med korstegnet. En i familien leder Guds Ords tjeneste. Vi st\u00e5r: &nbsp; I Faderens og S\u00f8nnens og Den&#8230;<br \/><a class=\"read-more-button\" href=\"https:\/\/stansgar.katolsk.no\/?p=7240\">Read more<\/a><\/p>\n","protected":false},"author":5,"featured_media":7233,"comment_status":"open","ping_status":"open","sticky":false,"template":"","format":"standard","meta":{"footnotes":""},"categories":[204],"tags":[],"class_list":["post-7240","post","type-post","status-publish","format-standard","has-post-thumbnail","hentry","category-ukategorisert-nb"],"_links":{"self":[{"href":"https:\/\/stansgar.katolsk.no\/index.php?rest_route=\/wp\/v2\/posts\/7240","targetHints":{"allow":["GET"]}}],"collection":[{"href":"https:\/\/stansgar.katolsk.no\/index.php?rest_route=\/wp\/v2\/posts"}],"about":[{"href":"https:\/\/stansgar.katolsk.no\/index.php?rest_route=\/wp\/v2\/types\/post"}],"author":[{"embeddable":true,"href":"https:\/\/stansgar.katolsk.no\/index.php?rest_route=\/wp\/v2\/users\/5"}],"replies":[{"embeddable":true,"href":"https:\/\/stansgar.katolsk.no\/index.php?rest_route=%2Fwp%2Fv2%2Fcomments&post=7240"}],"version-history":[{"count":1,"href":"https:\/\/stansgar.katolsk.no\/index.php?rest_route=\/wp\/v2\/posts\/7240\/revisions"}],"predecessor-version":[{"id":7241,"href":"https:\/\/stansgar.katolsk.no\/index.php?rest_route=\/wp\/v2\/posts\/7240\/revisions\/7241"}],"wp:featuredmedia":[{"embeddable":true,"href":"https:\/\/stansgar.katolsk.no\/index.php?rest_route=\/wp\/v2\/media\/7233"}],"wp:attachment":[{"href":"https:\/\/stansgar.katolsk.no\/index.php?rest_route=%2Fwp%2Fv2%2Fmedia&parent=7240"}],"wp:term":[{"taxonomy":"category","embeddable":true,"href":"https:\/\/stansgar.katolsk.no\/index.php?rest_route=%2Fwp%2Fv2%2Fcategories&post=7240"},{"taxonomy":"post_tag","embeddable":true,"href":"https:\/\/stansgar.katolsk.no\/index.php?rest_route=%2Fwp%2Fv2%2Ftags&post=7240"}],"curies":[{"name":"wp","href":"https:\/\/api.w.org\/{rel}","templated":true}]}}