{"id":7236,"date":"2020-04-12T06:45:39","date_gmt":"2020-04-12T04:45:39","guid":{"rendered":"https:\/\/stansgar.katolsk.no\/?p=7236"},"modified":"2020-04-12T06:45:39","modified_gmt":"2020-04-12T04:45:39","slug":"celebracja-liturgii-slowa-w-swieta-wielkiej-nocy-12-kwietnia-gods-ords-tjenest-pa-polsk","status":"publish","type":"post","link":"https:\/\/stansgar.katolsk.no\/?p=7236","title":{"rendered":"CELEBRACJA LITURGII S\u0141OWA W \u015aWI\u0118TA WIELKIEJ NOCY (12. KWIETNIA)- Gods Ords tjenest p\u00e5 polsk"},"content":{"rendered":"<p><span style=\"color: #ff9900;\"><strong>CELEBRACJA LITURGII S\u0141OWA\u00a0<\/strong><strong>W \u015aWI\u0118TA WIELKIEJ NOCY (12. KWIETNIA)<\/strong><\/span><\/p>\n<p><img loading=\"lazy\" decoding=\"async\" class=\"size-medium wp-image-7233 aligncenter\" src=\"https:\/\/stansgar.katolsk.no\/wp-content\/uploads\/2020\/04\/paske-300x167.jpg\" alt=\"\" width=\"300\" height=\"167\" srcset=\"https:\/\/stansgar.katolsk.no\/wp-content\/uploads\/2020\/04\/paske-300x167.jpg 300w, https:\/\/stansgar.katolsk.no\/wp-content\/uploads\/2020\/04\/paske.jpg 591w\" sizes=\"auto, (max-width: 300px) 100vw, 300px\" \/><\/p>\n<p><span style=\"color: #993300;\">Wszyscy w rodzinie gromadz\u0105 si\u0119 przed krzy\u017cem postawionym na stole, zapalamy \u015bwiece, i zaczynamy znakiem Krzy\u017ca \u015aw. Jedna osoba jest koordynatorem modlitwy. Stoimy:<\/span><\/p>\n<p><span style=\"color: #ff0000;\"><strong><em>K \u2014 koordynator modlitwy<\/em><\/strong><\/span><\/p>\n<p><span style=\"color: #ff0000;\"><strong><em>W \u2014 wszyscy<\/em><\/strong><\/span><\/p>\n<ol>\n<li>W imi\u0119 Ojca i Syna, i Ducha \u015awi\u0119tego. W. Amen.<\/li>\n<\/ol>\n<p><span style=\"color: #ff0000;\"><strong>Akt pokuty<\/strong><\/span><\/p>\n<ol>\n<li>Uznajmy przed Bogiem, \u017ce jeste\u015bmy grzeszni, aby\u015bmy mogli z czystym sercem uczestniczy\u0107 w tej liturgii.<\/li>\n<li>Spowiadam si\u0119 Bogu wszechmog\u0105cemu i wam, bracia i siostry, \u017ce bardzo zgrzeszy\u0142em my\u015bl\u0105, mow\u0105, uczynkiem, i zaniedbaniem: moja wina, moja wina, moja bardzo wielka wina. Przeto b\u0142agam Naj\u015bwi\u0119tsz\u0105 Maryj\u0119, zawsze Dziewic\u0119, wszystkich Anio\u0142\u00f3w i \u015awi\u0119tych, i was, bracia i siostry, o modlitw\u0119 za mnie do Pana Boga naszego.<\/li>\n<li>Niech si\u0119 zmi\u0142uje nad nami B\u00f3g wszechmog\u0105cy i odpu\u015bciwszy nam grzechy doprowadzi nas do \u017cycia wiecznego. W. Amen.<\/li>\n<\/ol>\n<p><strong>\u00a0<\/strong><\/p>\n<p><strong><span style=\"color: #ff0000;\">Kyrie<\/span> \u2014<\/strong> <strong>Panie zmi\u0142uj si\u0119 nad nami, <\/strong><\/p>\n<p><strong>Chryste zmi\u0142uj si\u0119 nad nami, <\/strong><\/p>\n<p><strong>Panie zmi\u0142uj si\u0119 nad nami.<\/strong><\/p>\n<p><strong>\u00a0<\/strong><\/p>\n<p><strong><span style=\"color: #ff0000;\">Gloria<\/span> \u2014<\/strong> Chwa\u0142a na\u00a0wysoko\u015bci Bogu a na\u00a0ziemi pok\u00f3j ludziom dobrej woli.<br \/>\nChwalimy Ci\u0119, B\u0142ogos\u0142awimy Ci\u0119, Wielbimy Ci\u0119. Wys\u0142awiamy Ci\u0119.<br \/>\nDzi\u0119ki Ci sk\u0142adamy, bo wielka jest chwa\u0142a Twoja.<br \/>\nPanie Bo\u017ce, Kr\u00f3lu nieba, Bo\u017ce Ojcze wszechmog\u0105cy.<br \/>\nPanie, Synu Jednorodzony, Jezu Chryste.<br \/>\nPanie Bo\u017ce, Baranku Bo\u017cy, Synu Ojca.<br \/>\nKt\u00f3ry g\u0142adzisz grzechy \u015bwiata, zmi\u0142uj si\u0119 nad nami.<br \/>\nKt\u00f3ry g\u0142adzisz grzechy \u015bwiata, przyjm b\u0142aganie nasze.<br \/>\nKt\u00f3ry siedzisz po prawicy Ojca, zmi\u0142uj si\u0119 nad nami.<br \/>\nAlbowiem tylko Ty\u015b jest \u015bwi\u0119ty.<br \/>\nTylko Ty\u015b jest Panem.<br \/>\nTylko Ty\u015b Najwy\u017cszy, Jezu Chryste.<br \/>\nZ Duchem \u015awi\u0119tym w chwale Boga Ojca.<br \/>\nAmen<\/p>\n<p><strong>\u00a0<\/strong><\/p>\n<p><span style=\"color: #ff0000;\"><strong>Kolekta \u2014 modlitwa dnia<\/strong><\/span><\/p>\n<p>Bo\u017ce, Ty w dniu dzisiejszym przez Twojego Syna pokona\u0142e\u015b \u015bmier\u0107 i otworzy\u0142e\u015b nam bramy \u017cycia wiecznego, spraw, aby\u015bmy obchodz\u0105c uroczysto\u015b\u0107 Zmartwychwstania Pa\u0144skiego, zostali odnowieni przez Ducha \u015awi\u0119tego i mogli zmartwychwsta\u0107 do nowego \u017cycia w \u015bwiat\u0142o\u015bci. Przez naszego Pana Jezusa Chrystusa, Twojego Syna, kt\u00f3ry z Tob\u0105 \u017cyje i kr\u00f3luje w jedno\u015bci Ducha \u015awi\u0119tego, B\u00f3g przez wszystkie wieki wiek\u00f3w.<\/p>\n<p>Amen<\/p>\n<p><span style=\"color: #993300;\">Siadamy i s\u0142uchamy s\u0142owa Bo\u017cego, czytane przez wybranych cz\u0142onk\u00f3w rodziny.<\/span><\/p>\n<p style=\"text-align: center;\"><span style=\"color: #0000ff;\">LITURGIA S\u0141OWA<\/span><\/p>\n<p><strong>Liturgia S\u0142owa wg lekcjonarza z 2015 roku<\/strong><\/p>\n<p><span style=\"color: #ff0000;\"><strong>PIERWSZE CZYTANIE <\/strong><\/span><span style=\"color: #33cccc;\">Dz 10, 34a. 37-43<\/span><br \/>\n<em>\u015awiadectwo Piotra o zmartwychwstaniu<\/em><\/p>\n<p>Czytanie z Dziej\u00f3w Apostolskich<\/p>\n<p>Gdy Piotr przyby\u0142 do domu setnika Korneliusza w Cezarei, przem\u00f3wi\u0142 w d\u0142u\u017cszym wywodzie: \u00abWiecie, co si\u0119 dzia\u0142o w ca\u0142ej Judei, pocz\u0105wszy od Galilei, po chrzcie, kt\u00f3ry g\u0142osi\u0142 Jan. Znacie spraw\u0119 Jezusa z Nazaretu, kt\u00f3rego B\u00f3g nama\u015bci\u0142 Duchem \u015awi\u0119tym i moc\u0105. Dlatego \u017ce B\u00f3g by\u0142 z Nim, przeszed\u0142 On, dobrze czyni\u0105c i uzdrawiaj\u0105c wszystkich, kt\u00f3rzy byli pod w\u0142adz\u0105 diab\u0142a.<\/p>\n<p>A my jeste\u015bmy \u015bwiadkami wszystkiego, co zdzia\u0142a\u0142 w ziemi \u017cydowskiej i w Jeruzalem. Jego to zabili, zawiesiwszy na drzewie. B\u00f3g wskrzesi\u0142 Go trzeciego dnia i pozwoli\u0142 Mu ukaza\u0107 si\u0119 nie ca\u0142emu ludowi, ale nam, wybranym uprzednio przez Boga na \u015bwiadk\u00f3w, kt\u00f3rzy z Nim jedli\u015bmy i pili\u015bmy po Jego zmartwychwstaniu.<\/p>\n<p>On nam rozkaza\u0142 og\u0142osi\u0107 ludowi i da\u0107 \u015bwiadectwo, \u017ce B\u00f3g ustanowi\u0142 Go s\u0119dzi\u0105 \u017cywych i umar\u0142ych. Wszyscy prorocy \u015bwiadcz\u0105 o tym, \u017ce ka\u017cdy, kto w Niego wierzy, przez Jego imi\u0119 otrzymuje odpuszczenie grzech\u00f3w\u00bb.<\/p>\n<p>Oto s\u0142owo Bo\u017ce.<\/p>\n<p><span style=\"color: #ff0000;\"><strong>PSALM RESPONSORYJNY <\/strong><\/span><span style=\"color: #33cccc;\">Ps 118 (117), 1b-2. 16-17. 22-23 (R.: por. 24)<\/span><\/p>\n<p><strong>Refren: <\/strong><strong>W tym dniu wspania\u0142ym wszyscy si\u0119 weselmy.<\/strong><br \/>\nalbo:\u00a0<strong>Alleluja.<\/strong><\/p>\n<p>Dzi\u0119kujcie Panu, bo jest dobry, *<br \/>\nbo Jego \u0142aska trwa na wieki.<br \/>\nNiech dom Izraela g\u0142osi: *<br \/>\n\u00abJego \u0142aska na wieki\u00bb. <strong>Refren.<\/strong><\/p>\n<p>Prawica Pana wzniesiona wysoko, *<br \/>\nprawica Pa\u0144ska moc okaza\u0142a.<br \/>\nNie umr\u0119, ale \u017cy\u0107 b\u0119d\u0119 *<br \/>\ni g\u0142osi\u0107 dzie\u0142a Pana. <strong>Refren.<\/strong><\/p>\n<p>Kamie\u0144 odrzucony przez buduj\u0105cych *<br \/>\nsta\u0142 si\u0119 kamieniem w\u0119gielnym.<br \/>\nSta\u0142o si\u0119 to przez Pana *<br \/>\ni cudem jest w naszych oczach. <strong>Refren.<\/strong><\/p>\n<p><span style=\"color: #ff0000;\"><strong>DRUGIE CZYTANIE <\/strong><\/span><span style=\"color: #33cccc;\">Kol 3, 1-4<\/span> <em>D\u0105\u017ccie tam, gdzie jest Chrystus<\/em><\/p>\n<p>Czytanie z Listu \u015awi\u0119tego Paw\u0142a Aposto\u0142a do Kolosan<\/p>\n<p>Bracia:<br \/>\nJe\u015bli razem z Chrystusem powstali\u015bcie z martwych, szukajcie tego, co w g\u00f3rze, gdzie przebywa Chrystus, zasiadaj\u0105cy po prawicy Boga. D\u0105\u017ccie do tego, co w g\u00f3rze, nie do tego, co na ziemi.<\/p>\n<p>Umarli\u015bcie bowiem i wasze \u017cycie jest ukryte z Chrystusem w Bogu. Gdy si\u0119 uka\u017ce Chrystus, nasze \u017bycie, wtedy i wy razem z Nim uka\u017cecie si\u0119 w chwale.<\/p>\n<p>Oto s\u0142owo Bo\u017ce.<\/p>\n<p><span style=\"color: #ff0000;\"><strong>SEKWENCJA<\/strong><\/span><\/p>\n<p>Niech w \u015bwi\u0119to radosne Paschalnej Ofiary<br \/>\nSk\u0142adaj\u0105 jej wierni uwielbie\u0144 swych dary.<\/p>\n<p>Odkupi\u0142 swe owce Baranek bez skazy,<br \/>\nPojedna\u0142 nas z Ojcem i zmy\u0142 grzech\u00f3w zmazy.<\/p>\n<p>\u015amier\u0107 zwar\u0142a si\u0119 z \u017cyciem i w boju, o dziwy,<br \/>\nCho\u0107 poleg\u0142 W\u00f3dz \u017cycia, kr\u00f3luje dzi\u015b \u017cywy.<\/p>\n<p>Mario, ty powiedz, co\u015b w drodze widzia\u0142a?<br \/>\nJam Zmartwychwsta\u0142ego blask chwa\u0142y ujrza\u0142a.<\/p>\n<p>\u017bywego ju\u017c Pana widzia\u0142am, gr\u00f3b pusty,<br \/>\nI \u015bwiadk\u00f3w anielskich, i odzie\u017c, i chusty.<\/p>\n<p>Zmartwychwsta\u0142 ju\u017c Chrystus, Pan m\u00f3j i nadzieja,<br \/>\nA miejscem spotkania b\u0119dzie Galilea.<\/p>\n<p>Wiemy, \u017ce\u015b zmartwychwsta\u0142, \u017ce ten cud prawdziwy,<br \/>\nO Kr\u00f3lu Zwyci\u0119zco, b\u0105d\u017a nam mi\u0142o\u015bciwy.<\/p>\n<p><strong><span style=\"color: #ff0000;\">\u015aPIEW PRZED EWANGELI\u0104<\/span> <\/strong><span style=\"color: #33cccc;\">Por. 1 Kor 5, 7b-8a<\/span><\/p>\n<p><strong>Aklamacja: <\/strong><strong>Alleluja, alleluja, alleluja.<\/strong><\/p>\n<p>Chrystus zosta\u0142 ofiarowany jako nasza Pascha.<br \/>\nOdprawiajmy nasze \u015bwi\u0119to w Panu.<\/p>\n<p><strong>Aklamacja: Alleluja, alleluja, alleluja.<\/strong><\/p>\n<p><span style=\"color: #ff0000;\"><strong>EWANGELIA<span style=\"color: #33cccc;\">\u00a0<\/span><\/strong><\/span><span style=\"color: #33cccc;\">J 20, 1-9<\/span> <em>Aposto\u0142owie przy grobie Zmartwychwsta\u0142ego<\/em><\/p>\n<p><strong>S\u0142owa Ewangelii wed\u0142ug \u015awi\u0119tego Jana<\/strong><\/p>\n<p>Pierwszego dnia po szabacie, wczesnym rankiem, gdy jeszcze by\u0142o ciemno, Maria Magdalena uda\u0142a si\u0119 do grobu i zobaczy\u0142a kamie\u0144 odsuni\u0119ty od grobu. Pobieg\u0142a wi\u0119c i przyby\u0142a do Szymona Piotra oraz do drugiego ucznia, kt\u00f3rego Jezus kocha\u0142, i rzek\u0142a do nich: \u00abZabrano Pana z grobu i nie wiemy, gdzie Go po\u0142o\u017cono\u00bb.<\/p>\n<p>Wyszed\u0142 wi\u0119c Piotr i \u00f3w drugi ucze\u0144 i szli do grobu. Biegli obydwaj razem, lecz \u00f3w drugi ucze\u0144 wyprzedzi\u0142 Piotra i przyby\u0142 pierwszy do grobu. A kiedy si\u0119 nachyli\u0142, zobaczy\u0142 le\u017c\u0105ce p\u0142\u00f3tna, jednak\u017ce nie wszed\u0142 do \u015brodka.<\/p>\n<p>Nadszed\u0142 potem tak\u017ce Szymon Piotr, id\u0105cy za nim. Wszed\u0142 on do wn\u0119trza grobu i ujrza\u0142 le\u017c\u0105ce p\u0142\u00f3tna oraz chust\u0119, kt\u00f3ra by\u0142a na Jego g\u0142owie, le\u017c\u0105c\u0105 nie razem z p\u0142\u00f3tnami, ale oddzielnie zwini\u0119t\u0105 w jednym miejscu. Wtedy wszed\u0142 do wn\u0119trza tak\u017ce i \u00f3w drugi ucze\u0144, kt\u00f3ry przyby\u0142 pierwszy do grobu. Ujrza\u0142 i uwierzy\u0142. Dot\u0105d bowiem nie rozumieli jeszcze Pisma, kt\u00f3re m\u00f3wi, \u017ce On ma powsta\u0107 z martwych.<\/p>\n<p><strong>Oto s\u0142owo Pa\u0144skie.<\/strong><\/p>\n<p><span style=\"color: #ff0000;\"><strong>Homilia<\/strong><\/span><\/p>\n<p><strong>Rewolucja mi\u0142o\u015bci <\/strong>(ks. Leszek Smoli\u0144ski)<\/p>\n<p>\u201eW tym dniu wspania\u0142ym wszyscy si\u0119 weselmy\u201d \u2013 powtarzamy za psalmist\u0105. Wielkanoc, najstarsze a zarazem najwa\u017cniejsze dla chrze\u015bcijan \u015bwi\u0119to, obchodzimy co roku. Mo\u017ce nam ju\u017c troch\u0119 spowszednia\u0142a. Ta sama liturgia Triduum Paschalnego, m\u0119ka, gr\u00f3b, zmartwychwstanie. Jak zrozumie\u0107 t\u0119 najwi\u0119ksz\u0105 tajemnic\u0119 naszej wiary?<\/p>\n<p>Sp\u00f3jrzmy na film pt. \u201eZmartwychwsta\u0142y\u201d (2016) w re\u017cyserii Kevina Reynoldsa, kt\u00f3ry przedstawia \u015bledztwo w sprawie Jezusa. Histori\u0119 \u015bmierci i zmartwychwstania Jezusa widzimy oczami rzymskiego Trybuna Claviusa, kt\u00f3remu Poncjusz Pi\u0142at zleca odnalezienie uczni\u00f3w skazanego w\u0142a\u015bnie na \u015bmier\u0107 Jeszuego. Zdaniem Pi\u0142ata podpuszczanego przez Senhedryn, cia\u0142o Jezusa wykradli jego uczniowie, kt\u00f3rzy chcieli nadal szerzy\u0107 \u201eheretyck\u0105 religi\u0119\u201d. Clavius pod\u0105\u017caj\u0105c za rzekomymi z\u0142odziejami, wyrusza te\u017c w g\u0142\u0105b siebie. Rzymianin jedyne czego pragnie to \u201ewolno\u015b\u0107 od zabijania i \u015bmierci\u201d. Jest prostym zabijak\u0105, wykonuj\u0105cym rozkazy, kt\u00f3ry chce jednak pozosta\u0107 zgodny ze swoim sumieniem. Ono zmienia si\u0119 stopniowo w kontakcie z uczniami Jezusa.<\/p>\n<p>Clavius zdaje sobie powoli spraw\u0119, \u017ce wszystkiego nie da si\u0119 wyt\u0142umaczy\u0107 wy\u0142\u0105cznie rozumem. Widzia\u0142 przecie\u017c dziwne odbicie na ca\u0142unie, stopione piecz\u0119cie, p\u0119kni\u0119te, a nie przeci\u0119te liny, odsuni\u0119ty g\u0142az, kt\u00f3ry musia\u0142oby przesuwa\u0107 kilku silnych m\u0119\u017cczyzn. Do\u015bwiadczy\u0142 te\u017c niezwyk\u0142ej dobroci p\u0142yn\u0105cej od uczni\u00f3w cie\u015bli. Ostatecznie rozmawiaj\u0105c z objawiaj\u0105cym si\u0119 uczniom Jezusem, Clavius jest pe\u0142en w\u0105tpliwo\u015bci. \u201eTy widzia\u0142e\u015b i masz w\u0105tpliwo\u015bci. Wyobra\u017a sobie co b\u0119d\u0105 czuli, ci, kt\u00f3rzy nie widzieli, a chc\u0105 uwierzy\u0107\u201d \u2013 m\u00f3wi mu Zbawiciel.<\/p>\n<p>Zmartwychwstanie Jezusa Chrystusa to rewolucja mi\u0142o\u015bci. Nie jest kwesti\u0105 przypadku, \u017ce Chrystus Pan zmartwychwsta\u0142 w\u0142a\u015bnie w niedziel\u0119. \u015awiat\u0142o\u015b\u0107 Jego zmartwychwstania roz\u015bwietli\u0142a poranek pierwszego dnia tygodnia. Swoim powstaniem z martwych Jezus zapocz\u0105tkowa\u0142 now\u0105 epok\u0119 w ludzkiej historii. O\u015bwietli\u0142 ca\u0142\u0105 ziemi\u0119 \u015bwiat\u0142em przysz\u0142ego wieku. Samo zmartwychwstanie niesie jednak ze sob\u0105 wiele znak\u00f3w zapytania, kt\u00f3re musimy wci\u0105\u017c odczytywa\u0107, jak tyle pokole\u0144 uczni\u00f3w Zmartwychwsta\u0142ego. . Do dzi\u015b t\u0119gie umys\u0142y tego \u015bwiata g\u0142owi\u0105 si\u0119, co i jak. A tajemnica nadal pozostaje tajemnica. I chyba tak musi by\u0107.<\/p>\n<p>Czy\u017cby jednak nic nie da\u0142o si\u0119 z ni\u0105 zrobi\u0107? Ot\u00f3\u017c nie, jest Bo\u017ce objawienie zapisane w Pi\u015bmie \u015awi\u0119tym. To ono prowadzi nas po drogach wielkanocnych. Do tego jednak, \u017ceby odczyta\u0107 zwyci\u0119stwo poranka wielkanocnego niezb\u0119dna jest wiara.<\/p>\n<p>Zwyci\u0119stwo dokonuje si\u0119 w nas przez mi\u0142o\u015b\u0107. Po m\u0119ce i \u015bmierci, po b\u00f3lu i niepewno\u015bci jutra nastaje zmartwychwstanie. Mi\u0142o\u015b\u0107, kt\u00f3ra zmartwychwstaje, nie jest jedynie upragnionym celem naszego \u017cycia wiecznego. Ta mi\u0142o\u015b\u0107 zaczyna si\u0119 ju\u017c teraz, w tym \u017cyciu. Z pustego grobu Jezusa rozchodzi si\u0119 na ca\u0142y \u015bwiat Ewangelia \u017cycia. Zmartwychwsta\u0142y pokazuje, \u017ce \u017cycie i mi\u0142o\u015b\u0107 s\u0105 ze sob\u0105 nierozerwalnie zwi\u0105zane. W \u015bwiecie pojawia si\u0119 natomiast wiele kamieni, kt\u00f3re blokuj\u0105 dost\u0119p do \u0142aski zmartwychwstania. Jezus odsuwa te kamienie, aby\u015bmy mogli wkroczy\u0107 w \u017cycie pe\u0142ne rado\u015bci, nadziei i wolno\u015bci.<\/p>\n<p>Jezus prawdziwie zmartwychwsta\u0142! Czy ja wierz\u0119, \u017ce te\u017c z Nim zmartwychwstan\u0119? \u201eW tym dniu wspania\u0142ym wszyscy si\u0119 weselmy\u201d. Alleluja!<\/p>\n<p><span style=\"color: #ff0000;\"><strong>Wyznanie wiary (Credo)<\/strong><\/span><\/p>\n<p>Wierz\u0119 w jednego Boga, Ojca Wszechmog\u0105cego, Stworzyciela nieba i ziemi, wszystkich rzeczy widzialnych i niewidzialnych. I w jednego Pana Jezusa Chrystusa, Syna Bo\u017cego Jednorodzonego, kt\u00f3ry z Ojca jest zrodzony przed wszystkimi wiekami. B\u00f3g z Boga, \u015awiat\u0142o\u015b\u0107 ze \u015awiat\u0142o\u015bci, B\u00f3g prawdziwy z Boga prawdziwego. Zrodzony a nie stworzony, wsp\u00f3\u0142istotny Ojcu, a przez Niego wszystko si\u0119 sta\u0142o. On to dla nas ludzi i dla naszego zbawienia zst\u0105pi\u0142 z nieba. I za spraw\u0105 Ducha \u015awi\u0119tego przyj\u0105\u0142 cia\u0142o z Maryi Dziewicy i sta\u0142 si\u0119 cz\u0142owiekiem. Ukrzy\u017cowany r\u00f3wnie\u017c za nas, pod Poncjuszem Pi\u0142atem zosta\u0142 um\u0119czony i pogrzebany. I zmartwychwsta\u0142 dnia trzeciego, jak oznajmia Pismo. I wst\u0105pi\u0142 do nieba; siedzi po prawicy Ojca. I powt\u00f3rnie przyjdzie w chwale s\u0105dzi\u0107 \u017cywych i umar\u0142ych, a Kr\u00f3lestwu Jego nie b\u0119dzie ko\u0144ca. Wierz\u0119 w Ducha \u015awi\u0119tego, Pana i O\u017cywiciela, kt\u00f3ry od Ojca i Syna pochodzi. Kt\u00f3ry z Ojcem i Synem wsp\u00f3lnie odbiera uwielbienie i chwa\u0142\u0119 kt\u00f3ry m\u00f3wi\u0142 przez Prorok\u00f3w. Wierz\u0119 w jeden, \u015awi\u0119ty, powszechny i apostolski Ko\u015bci\u00f3\u0142. Wyznaj\u0119 jeden chrzest na odpuszczenie grzech\u00f3w. I oczekuj\u0119 wskrzeszenia umar\u0142ych. I \u017cycia wiecznego w przysz\u0142ym \u015bwiecie. Amen.<\/p>\n<p>&nbsp;<\/p>\n<p><span style=\"color: #ff0000;\">Modlitwa powszechna<\/span><br \/>\n<strong><br \/>\nW radosne \u015bwi\u0119to paschalne ogarnijmy nasz\u0105 modlitw\u0105 intencje Ko\u015bcio\u0142a i \u015bwiata. B\u00f3g, nasz najlepszy Ojciec, w swojej \u0142askawo\u015bci udzieli nam tego, czego prawdziwie potrzebujemy.<\/strong><\/p>\n<ol>\n<li>Ojcze niewys\u0142owiony w swojej hojno\u015bci, b\u0142ogos\u0142aw ca\u0142y \u015bwi\u0119ty Ko\u015bci\u00f3\u0142 Bo\u017cy. Niech pod przewodnictwem Ojca \u015awi\u0119tego Franciszka daje autentyczne \u015bwiadectwo o Zmartwychwsta\u0142ym wobec wszystkich narod\u00f3w.\u00a0<em>Ciebie prosimy \u2026<\/em><\/li>\n<li>Bo\u017ce pe\u0142en mi\u0142osierdzia i \u0142aski, umacniaj naszego Biskupa N. Niech przez swoje nauczanie i pastersk\u0105 trosk\u0119 prowadzi Ko\u015bci\u00f3\u0142 N. drog\u0105 Ewangelicznej wierno\u015bci.<\/li>\n<li>Panie, kt\u00f3ry nigdy nie odmawiasz nam swojej opieki, wspieraj nowo ochrzczonych. Niech zachowuj\u0105 skarb wiary, kt\u00f3ry przez obmycie chrzcielny zosta\u0142 im dany.<\/li>\n<li>Kr\u00f3lu przedwieczny, wprowad\u017a do chwa\u0142y niebieskiego Jeruzalem naszych bliskich zmar\u0142ych. Niech obmyci Krwi\u0105 Zbawiciela, maj\u0105 udzia\u0142 w chwale Jego zmartwychwstania.<\/li>\n<li>Dawco wszelkiej \u0142aski, strze\u017c nas samych na drogach wiary. Niech paschalna rado\u015b\u0107 umacnia nasz\u0105 chrze\u015bcija\u0144sk\u0105 nadziej\u0119 i prowadzi nas ku zbawieniu.<\/li>\n<\/ol>\n<p><strong>W \u015bwi\u0119tym dniu zwyci\u0119stwa nad grzechem i \u015bmierci\u0105 wielbimy Ci\u0119 Bo\u017ce i wys\u0142awiamy, nieustannie wzywaj\u0105c Twojej pomocy. Polecamy si\u0119 Twojej opiece i wierzymy, \u017ce nas wys\u0142uchasz. Przez Chrystusa, Pana naszego.<\/strong><\/p>\n<p>&nbsp;<\/p>\n<p><span style=\"color: #ff0000;\"><strong>Pater noster \u2014 Ojcze nasz<\/strong><\/span><\/p>\n<ol>\n<li>Pro\u015bmy Ojca niebieskiego, aby odpu\u015bci\u0142 nam grzechy i zachowa\u0142 nas od z\u0142ego:<\/li>\n<li>Ojcze nasz, kt\u00f3ry\u015b jest w niebie: \u015bwi\u0119\u0107 si\u0119 imi\u0119 Twoje, przyjd\u017a Kr\u00f3lestwo Twoje, b\u0105d\u017a wola Twoja jako w niebie, tak i na ziemi. Chleba naszego powszedniego daj nam dzisiaj. I odpu\u015b\u0107 nam nasze winy, jako i my odpuszczamy naszym winowajcom. I nie w\u00f3d\u017a nas na pokuszenie, ale nas zbaw ode z\u0142ego.<\/li>\n<\/ol>\n<p><strong>\u00a0<\/strong><\/p>\n<p><strong>Baranku Bo\u017cy, kt\u00f3ry g\u0142adzisz grzechy \u015bwiata, zmi\u0142uj si\u0119 nad nami <\/strong><\/p>\n<p><strong>Baranku Bo\u017cy, kt\u00f3ry g\u0142adzisz grzechy \u015bwiata, zmi\u0142uj si\u0119 nad nami\u00a0<\/strong><\/p>\n<p><strong>Baranku Bo\u017cy, kt\u00f3ry g\u0142adzisz grzechy \u015bwiata, obdarz nas pokojem<\/strong><\/p>\n<p><strong>\u00a0<\/strong><\/p>\n<p><span style=\"color: #ff0000;\"><strong>Modlitwa po Komunii<\/strong><\/span><\/p>\n<p><em>Panie Jezu, Bo\u017ce m\u00f3j i Zbawicielu, kt\u00f3ry by\u0142e\u015b opuszczony w czasie M\u0119ki Swojej, a teraz obecny w \u015awi\u0119tej Eucharystii, osamotniony i zamkni\u0119ty w Tabernakulach \u015bwiata umierasz z pragnienia, by wst\u0105pi\u0107 do ludzkiego serca. Przyjd\u017a Panie Jezu do n\u0119dznego serca mojego, oczy\u015b\u0107 go, u\u015bwi\u0119\u0107 go i zamieszkaj na zawsze. Przebacz mi wszystkie moje grzechy i zaniedbania, przemie\u0144 mnie w Siebie i dzia\u0142aj przeze mnie, abym w ka\u017cdej chwili \u017cycia, pe\u0142ni\u0142 tylko Twoj\u0105 Wol\u0119. Pragn\u0119 Ci\u0119 kocha\u0107 i wynagradza\u0107 za wszystkich ludzi niewdzi\u0119cznych i oboj\u0119tnych. Ty\u015b mnie o Jezu, nigdy nie opu\u015bci\u0142, nie dozw\u00f3l, abym ja mia\u0142 Ciebie kiedykolwiek opu\u015bci\u0107. Uwielbiam i kocham Ci\u0119 Jezu, Kr\u00f3lu i Zbawicielu m\u00f3j. B\u0105d\u017a jedyn\u0105 Mi\u0142o\u015bci\u0105 i pragnieniem moim w \u017cyciu i przy \u015bmierci. Amen.<br \/>\nJezu, Maryjo, J\u00f3zefie \u015aw. Wam oddaj\u0119 cia\u0142o i dusz\u0119 moj\u0105 teraz i w ostatniej chwili skonania mojego. Amen. <\/em>(<a href=\"http:\/\/www.modlitewnik.com.pl\/modlitwy\/198-komunia-duchowa\">http:\/\/www.modlitewnik.com.pl\/modlitwy\/198-komunia-duchowa<\/a>)<\/p>\n<p>&nbsp;<\/p>\n<p style=\"text-align: center;\"><span style=\"color: #0000ff;\">OBRZ\u0118DY ZAKO\u0143CZENIA<\/span><\/p>\n<ol>\n<li>Niech nas B\u00f3g b\u0142ogos\u0142awi, broni od wszelkiego z\u0142a i doprowadzi do \u017cycia wiecznego.<\/li>\n<\/ol>\n<p>.<\/p>\n<ol>\n<li>Amen.<\/li>\n<li>Id\u017acie w pokoju Chrystusa. Alleluja, Alleluja<\/li>\n<li>Bogu niech b\u0119d\u0105 dzi\u0119ki. Alleluja, Alleluja<\/li>\n<\/ol>\n<p>&nbsp;<\/p>\n<p>Mo\u017cna odm\u00f3wi\u0107 jeszcze Regina Coeli<\/p>\n<p>Antyfon\u0119 odmawia si\u0119 od Wielkiej Soboty do \u015awi\u0119tej Tr\u00f3jcy wy\u0142\u0105cznie<\/p>\n<p><em>Antyfon\u0119 odmawia si\u0119 zawsze na stoj\u0105co<\/em><\/p>\n<table width=\"500\">\n<tbody>\n<tr>\n<td width=\"50%\">Regina Caeli, laetare, alleluia,<br \/>\nQuia quem meruisti portare, alleluia,<br \/>\nResurrexit, sicut dixit, alleluia,<br \/>\nOra pro nobis Deum, alleluia.V. Gaude et laetare Virgo Maria, alleluia,<\/p>\n<p>R. Quia surrexit Dominus vere, alleluia.<\/p>\n<p>&nbsp;<\/p>\n<p>Oremus.<\/p>\n<p>Deus, qui per resurrectionem<\/p>\n<p>Filii Tui Domini nostri Iesu Christi mundum laetificare dignatus es: praesta, quaesumus, ut, per eius Genitricem Virginem Mariam, perpetuae capiamus gaudia vitae. Per eumdem Christum Dominum nostrum.<\/p>\n<p>R. Amen.<\/td>\n<td width=\"50%\">Kr\u00f3lowo nieba, wesel si\u0119, alleluja,<br \/>\nBo Ten, kt\u00f3rego\u015b nosi\u0142a, alleluja,<br \/>\nZmartwychwsta\u0142 jak powiedzia\u0142, alleluja,<br \/>\nM\u00f3dl si\u0119 za nami do Boga, alleluja.&nbsp;<\/p>\n<p>V. Raduj si\u0119 i wesel, Panno Maryjo, alleluja<\/p>\n<p>R. Bo zmartwychwsta\u0142 Pan prawdziwie, alleluja.<\/p>\n<p>&nbsp;<\/p>\n<p>M\u00f3dlmy si\u0119.<\/p>\n<p>Bo\u017ce, kt\u00f3ry\u015b przez zmartwychwstanie Syna swojego, Pana naszego Jezusa Chrystusa \u015bwiat uweseli\u0107 raczy\u0142, daj nam, prosimy, aby\u015bmy przez Jego Rodzicielk\u0119 Pann\u0119 Maryj\u0119 dost\u0105pili rado\u015bci \u017cycia wiecznego. Przez tego\u017c Chrystusa Pana naszego.<\/p>\n<p>R. Amen.<\/td>\n<\/tr>\n<\/tbody>\n<\/table>\n<p>&nbsp;<\/p>\n<p><strong>\u00a0\u00a0<\/strong><span style=\"color: #ff0000;\"><strong>Chwa\u0142a Ojcu \u2026<\/strong><\/span><\/p>\n<p><span style=\"color: #ff0000;\"><strong>\u00a0\u00a0\u00a0 Wieczny odpoczynek \u2026<\/strong><\/span><\/p>\n<p><img loading=\"lazy\" decoding=\"async\" class=\"size-medium wp-image-6986 aligncenter\" src=\"https:\/\/stansgar.katolsk.no\/wp-content\/uploads\/2020\/03\/5bb699f1-b6a6-4d0f-b717-dfe7b48d8ece-300x200.jpeg\" alt=\"\" width=\"300\" height=\"200\" srcset=\"https:\/\/stansgar.katolsk.no\/wp-content\/uploads\/2020\/03\/5bb699f1-b6a6-4d0f-b717-dfe7b48d8ece-300x200.jpeg 300w, https:\/\/stansgar.katolsk.no\/wp-content\/uploads\/2020\/03\/5bb699f1-b6a6-4d0f-b717-dfe7b48d8ece.jpeg 768w\" sizes=\"auto, (max-width: 300px) 100vw, 300px\" \/><\/p>\n<p style=\"text-align: center;\"><strong>Wszystkim Parafianom ks. proboszcz Tien i ks. Dawid \u017cyczy udanej Niedzieli Zmartwychwstania Pa\u0144skiego <\/strong><\/p>\n<p style=\"text-align: center;\"><strong>i dobrego prze\u017cywania Oktawy Wielkanocnej.<\/strong><\/p>\n","protected":false},"excerpt":{"rendered":"<p>CELEBRACJA LITURGII S\u0141OWA\u00a0W \u015aWI\u0118TA WIELKIEJ NOCY (12. KWIETNIA) Wszyscy w rodzinie gromadz\u0105 si\u0119 przed krzy\u017cem postawionym na stole, zapalamy \u015bwiece, i zaczynamy znakiem Krzy\u017ca \u015aw. Jedna osoba jest koordynatorem modlitwy. Stoimy: K \u2014 koordynator modlitwy W \u2014 wszyscy W imi\u0119&#8230;<br \/><a class=\"read-more-button\" href=\"https:\/\/stansgar.katolsk.no\/?p=7236\">Read more<\/a><\/p>\n","protected":false},"author":5,"featured_media":7233,"comment_status":"open","ping_status":"open","sticky":false,"template":"","format":"standard","meta":{"footnotes":""},"categories":[204],"tags":[],"class_list":["post-7236","post","type-post","status-publish","format-standard","has-post-thumbnail","hentry","category-ukategorisert-nb"],"_links":{"self":[{"href":"https:\/\/stansgar.katolsk.no\/index.php?rest_route=\/wp\/v2\/posts\/7236","targetHints":{"allow":["GET"]}}],"collection":[{"href":"https:\/\/stansgar.katolsk.no\/index.php?rest_route=\/wp\/v2\/posts"}],"about":[{"href":"https:\/\/stansgar.katolsk.no\/index.php?rest_route=\/wp\/v2\/types\/post"}],"author":[{"embeddable":true,"href":"https:\/\/stansgar.katolsk.no\/index.php?rest_route=\/wp\/v2\/users\/5"}],"replies":[{"embeddable":true,"href":"https:\/\/stansgar.katolsk.no\/index.php?rest_route=%2Fwp%2Fv2%2Fcomments&post=7236"}],"version-history":[{"count":3,"href":"https:\/\/stansgar.katolsk.no\/index.php?rest_route=\/wp\/v2\/posts\/7236\/revisions"}],"predecessor-version":[{"id":7239,"href":"https:\/\/stansgar.katolsk.no\/index.php?rest_route=\/wp\/v2\/posts\/7236\/revisions\/7239"}],"wp:featuredmedia":[{"embeddable":true,"href":"https:\/\/stansgar.katolsk.no\/index.php?rest_route=\/wp\/v2\/media\/7233"}],"wp:attachment":[{"href":"https:\/\/stansgar.katolsk.no\/index.php?rest_route=%2Fwp%2Fv2%2Fmedia&parent=7236"}],"wp:term":[{"taxonomy":"category","embeddable":true,"href":"https:\/\/stansgar.katolsk.no\/index.php?rest_route=%2Fwp%2Fv2%2Fcategories&post=7236"},{"taxonomy":"post_tag","embeddable":true,"href":"https:\/\/stansgar.katolsk.no\/index.php?rest_route=%2Fwp%2Fv2%2Ftags&post=7236"}],"curies":[{"name":"wp","href":"https:\/\/api.w.org\/{rel}","templated":true}]}}