{"id":722,"date":"2014-05-13T07:24:00","date_gmt":"2014-05-13T05:24:00","guid":{"rendered":"http:\/\/stansgar.katolsk.no\/index.php\/2014\/05\/13\/nytt-fra-menighetsrade-2\/"},"modified":"2018-10-12T09:12:47","modified_gmt":"2018-10-12T07:12:47","slug":"nytt-fra-menighetsrade-2","status":"publish","type":"post","link":"https:\/\/stansgar.katolsk.no\/?p=722","title":{"rendered":"Nytt fra menighetsr\u00e5det"},"content":{"rendered":"<div class=\"MsoNormal\">\n<b style=\"mso-bidi-font-weight: normal;\">Nytt fra &nbsp;menighetsr\u00e5det mai 2014<\/b><\/div>\n<div class=\"MsoNormal\">\n<\/div>\n<div class=\"MsoNormal\">\n<\/div>\n<div class=\"MsoListParagraphCxSpFirst\" style=\"margin-left: 54.0pt; mso-add-space: auto; mso-list: l0 level1 lfo1; text-indent: -18.0pt;\">\n\u00b7&nbsp;&nbsp;&nbsp;&nbsp;&nbsp; p. Michael blir kapellan i Porsgrunn fra 1. september.<\/div>\n<div class=\"MsoListParagraphCxSpMiddle\" style=\"margin-left: 54.0pt; mso-add-space: auto; mso-list: l0 level1 lfo1; text-indent: -18.0pt;\">\n\u00b7&nbsp;&nbsp;&nbsp;&nbsp;&nbsp; 4500 medlemmer pr.1.5<\/div>\n<div class=\"MsoListParagraphCxSpLast\" style=\"margin-left: 54.0pt; mso-add-space: auto; mso-list: l0 level1 lfo1; text-indent: -18.0pt;\">\n\u00b7&nbsp;&nbsp;&nbsp;&nbsp;&nbsp; Innvielse av kirken: Aktuelle tidspunkt er oktober,<br \/>\nnovember 2014, januar eller august 2015. Det er stemning for august 2015<\/div>\n<div class=\"MsoNormal\">\n<\/div>\n<div class=\"MsoNormal\">\n<\/div>\n<div class=\"MsoNormal\">\nMenighetsr\u00e5det har f\u00e5tt brev<br \/>\nfra en av menighetens medlemmer, som mener det er for mye latin i<br \/>\ns\u00f8ndagsmessene. Vi har diskutert saken, og som blant menighetens medlemmer for<br \/>\n\u00f8vrig er det delte meninger om dette ogs\u00e5 i menighetsr\u00e5det. P. Frode skal se<br \/>\nn\u00e6rmere p\u00e5 dette, i samarbeid med organisten, og passe p\u00e5 at det blir en god<br \/>\nbalanse mellom norsk og latin. Det er ikke aktuelt \u00e5 fjerne all latin, da dette<br \/>\nogs\u00e5 er en viktig del av Kirkens tradisjon. Vedkommende etterlyste ogs\u00e5<br \/>\noffentliggj\u00f8ring av menighetsr\u00e5dets referater, ved oppheng, trykking i<br \/>\nmenighetsblad og\/eller utsending p\u00e5 mail til menighetens medlemmer.<br \/>\nMenighetsr\u00e5det har tidligere vedtatt at referatene ikke skal offentliggj\u00f8res,<br \/>\nmen at det skrives og henges opp\/legges ut p\u00e5 blogg et sammendrag etter hvert<br \/>\nm\u00f8te. Dette bl.a. fordi det dr\u00f8ftes en del personalsaker p\u00e5 m\u00f8tene.<br \/>\nBrevskriveren vil f\u00e5 skriftlig svar fra menighetsr\u00e5dets leder.<\/div>\n<div class=\"MsoNormal\">\n<\/div>\n<div class=\"MsoListParagraph\">\n<\/div>\n<div class=\"MsoNormal\">\n<b style=\"mso-bidi-font-weight: normal;\">&nbsp;Alter,<br \/>\nakustikk, stoler til koret, kneleputer,vedlikehold<\/b><\/div>\n<div class=\"MsoListParagraphCxSpFirst\" style=\"margin-left: 54.0pt; mso-add-space: auto; mso-list: l0 level1 lfo1; text-indent: -18.0pt;\">\n\u00b7&nbsp;&nbsp;&nbsp;&nbsp;&nbsp; Alter: menighetsr\u00e5det g\u00e5r inn for \u00e5 kj\u00f8pe antemensaler<br \/>\nfra Luzar i England. Ett sett med antemensale, lesepultklede, klede til<br \/>\nmessebokstativet, en messehagel kr: 20 000. Ett sett i hver av de liturgiske<br \/>\nfarger kommer alts\u00e5 totalt p\u00e5 &nbsp;80 000 til<br \/>\nsammen. &nbsp;<\/div>\n<div class=\"MsoListParagraphCxSpMiddle\" style=\"margin-left: 54.0pt; mso-add-space: auto; mso-list: l0 level1 lfo1; text-indent: -18.0pt;\">\n\u00b7&nbsp;&nbsp;&nbsp;&nbsp;&nbsp; Akustikk: vi har hatt bes\u00f8k av akustiker. og venter p\u00e5<br \/>\nhans rapport. Allerede er det klart at vi m\u00e5 gj\u00f8re noe med platene i himlingen,<br \/>\nog med rekkverket p\u00e5 galleriene. <\/div>\n<div class=\"MsoListParagraphCxSpMiddle\" style=\"margin-left: 54.0pt; mso-add-space: auto; mso-list: l0 level1 lfo1; text-indent: -18.0pt;\">\n\u00b7&nbsp;&nbsp;&nbsp;&nbsp;&nbsp; Stoler til koret: de er bestilt, men enn\u00e5 ikke<br \/>\nankommet.<\/div>\n<div class=\"MsoListParagraphCxSpMiddle\" style=\"margin-left: 54.0pt; mso-add-space: auto; mso-list: l0 level1 lfo1; text-indent: -18.0pt;\">\n\u00b7&nbsp;&nbsp;&nbsp;&nbsp;&nbsp; Kneleputer til benkene: det er bestilt 300, de koster<br \/>\n50-60 pr stk. En eldre damer har donert 10 000 til dette, s\u00e5 vi f\u00e5r bare ca 800<br \/>\ni utgifter. Putene sys p\u00e5 dugnad av en dame i menigheten.<\/div>\n<div class=\"MsoListParagraphCxSpMiddle\" style=\"margin-left: 54.0pt; mso-add-space: auto; mso-list: l0 level1 lfo1; text-indent: -18.0pt;\">\n\u00b7&nbsp;&nbsp;&nbsp;&nbsp;&nbsp; Vedlikehold\/bygg. Fremdeles ikke alt p\u00e5 plass, d\u00f8rene<br \/>\nfungerer enn\u00e5 ikke. Det er ogs\u00e5 fremdeles problemer med lyden, selv om de har<br \/>\nv\u00e6rt her fra firmaet og fikset.&nbsp; <\/div>\n<div class=\"MsoListParagraphCxSpMiddle\" style=\"margin-left: 54.0pt; mso-add-space: auto; mso-list: l0 level1 lfo1; text-indent: -18.0pt;\">\n\u00b7&nbsp;&nbsp;&nbsp;&nbsp;&nbsp; &nbsp;Det s\u00f8kes om<br \/>\nekstratilskudd fra OKB til byggeutgiftene<\/div>\n<div class=\"MsoListParagraphCxSpLast\" style=\"margin-left: 54.0pt; mso-add-space: auto;\">\n<\/div>\n<div class=\"MsoNormal\">\n<\/div>\n<div class=\"MsoNormal\">\n&nbsp;&nbsp;&nbsp;&nbsp;&nbsp;&nbsp;&nbsp;&nbsp;&nbsp;&nbsp;&nbsp;&nbsp; SAUL vil gjerne gj\u00f8re<br \/>\ndugnadsarbeid p\u00e5 Stella Maris, og vil bli innkalt &nbsp;<\/div>\n<div class=\"MsoNormal\">\n&nbsp;&nbsp;&nbsp;&nbsp;&nbsp;&nbsp;&nbsp;&nbsp;&nbsp;&nbsp;&nbsp; n\u00e5r det er behov. <\/div>\n<div class=\"MsoNormal\">\n&nbsp;&nbsp;&nbsp;&nbsp;&nbsp;&nbsp;&nbsp;&nbsp;&nbsp; 19.-21.9 kommer p. Khiem for \u00e5 holde<br \/>\nretrett for ungdommene. &nbsp;&nbsp;&nbsp;&nbsp;&nbsp;&nbsp;&nbsp;<\/div>\n<div class=\"MsoNormal\">\n&nbsp;&nbsp;&nbsp;&nbsp;&nbsp;&nbsp;&nbsp;&nbsp;&nbsp;&nbsp;&nbsp; Det blir Barneleir S\u00f8r p\u00e5 Stella Maris,<br \/>\ndet m\u00e5 reklameres i &nbsp;<\/div>\n<div class=\"MsoNormal\">\n&nbsp;&nbsp;&nbsp;&nbsp;&nbsp;&nbsp;&nbsp;&nbsp;&nbsp;&nbsp; menigheten. Brosjyre skal deles ut i<br \/>\nkatekesen. &nbsp;<\/div>\n<div class=\"MsoNormal\">\n&nbsp;&nbsp;&nbsp;&nbsp;&nbsp;&nbsp; &nbsp;<\/div>\n<div class=\"MsoNormal\">\n<b style=\"mso-bidi-font-weight: normal;\">17.mai.<\/b><br \/>\nSamme opplegg som i fjor. P\u00e5meldingslister er hengt &nbsp;&nbsp;<\/div>\n<div class=\"MsoNormal\">\n&nbsp;&nbsp;&nbsp;&nbsp;&nbsp;&nbsp;&nbsp;&nbsp;&nbsp; opp. Luan tar p\u00e5 seg ansvaret for<br \/>\narrangementet, men trenger hjelp. &nbsp;<\/div>\n<div class=\"MsoNormal\">\n&nbsp;&nbsp;&nbsp;&nbsp;&nbsp;&nbsp;&nbsp;&nbsp; &nbsp;<\/div>\n<div class=\"MsoNormal\">\n<b style=\"mso-bidi-font-weight: normal;\">&nbsp;Internasjonal<br \/>\ndag.<\/b> &nbsp;Saken er under kontroll. Dette blir s\u00f8ndag 24<br \/>\naugust,&nbsp; <\/div>\n<div class=\"MsoNormal\">\n&nbsp;&nbsp;&nbsp;&nbsp;&nbsp;&nbsp;&nbsp;&nbsp;&nbsp; med samme opplegg som tidligere.<\/div>\n<div class=\"MsoNormal\">\n<\/div>\n<div class=\"MsoNormal\">\n<b style=\"mso-bidi-font-weight: normal;\">Menighetsr\u00e5dsvalg <\/b>avholdes 31.5-1.6 og 7.- 8.6. &nbsp;Valgkomiteens forslag&nbsp; <\/div>\n<div class=\"MsoNormal\">\n&nbsp;&nbsp;&nbsp;&nbsp;&nbsp;&nbsp;&nbsp; henges opp og publseres i menighetsblad<br \/>\nog p\u00e5 blogg.<\/div>\n<div class=\"MsoNormal\">\n<\/div>\n<div class=\"MsoNormal\">\n<b style=\"mso-bidi-font-weight: normal;\">&nbsp;&nbsp;St.Ansgarnytt<\/b> forventes \u00e5 komme ut med nytt nummer i l\u00f8pet av siste<br \/>\nuke&nbsp; <\/div>\n<div class=\"MsoNormal\">\n&nbsp;&nbsp;&nbsp;&nbsp;&nbsp;&nbsp;&nbsp; i mai. <\/div>\n<div class=\"MsoNormal\">\n<\/div>\n<div class=\"MsoListParagraphCxSpFirst\" style=\"margin-left: 54.0pt; mso-add-space: auto;\">\n<\/div>\n<p><\/p>\n<div class=\"MsoListParagraphCxSpLast\">\n<\/div>\n","protected":false},"excerpt":{"rendered":"<p>Nytt fra &nbsp;menighetsr\u00e5det mai 2014 \u00b7&nbsp;&nbsp;&nbsp;&nbsp;&nbsp; p. Michael blir kapellan i Porsgrunn fra 1. september. \u00b7&nbsp;&nbsp;&nbsp;&nbsp;&nbsp; 4500 medlemmer pr.1.5 \u00b7&nbsp;&nbsp;&nbsp;&nbsp;&nbsp; Innvielse av kirken: Aktuelle tidspunkt er oktober, november 2014, januar eller august 2015. Det er stemning for august 2015 Menighetsr\u00e5det&#8230;<br \/><a class=\"read-more-button\" href=\"https:\/\/stansgar.katolsk.no\/?p=722\">Read more<\/a><\/p>\n","protected":false},"author":3,"featured_media":0,"comment_status":"open","ping_status":"open","sticky":false,"template":"","format":"standard","meta":{"footnotes":""},"categories":[1],"tags":[24],"class_list":["post-722","post","type-post","status-publish","format-standard","hentry","category-ukategorisert","tag-menighetsrad"],"_links":{"self":[{"href":"https:\/\/stansgar.katolsk.no\/index.php?rest_route=\/wp\/v2\/posts\/722","targetHints":{"allow":["GET"]}}],"collection":[{"href":"https:\/\/stansgar.katolsk.no\/index.php?rest_route=\/wp\/v2\/posts"}],"about":[{"href":"https:\/\/stansgar.katolsk.no\/index.php?rest_route=\/wp\/v2\/types\/post"}],"author":[{"embeddable":true,"href":"https:\/\/stansgar.katolsk.no\/index.php?rest_route=\/wp\/v2\/users\/3"}],"replies":[{"embeddable":true,"href":"https:\/\/stansgar.katolsk.no\/index.php?rest_route=%2Fwp%2Fv2%2Fcomments&post=722"}],"version-history":[{"count":1,"href":"https:\/\/stansgar.katolsk.no\/index.php?rest_route=\/wp\/v2\/posts\/722\/revisions"}],"predecessor-version":[{"id":2689,"href":"https:\/\/stansgar.katolsk.no\/index.php?rest_route=\/wp\/v2\/posts\/722\/revisions\/2689"}],"wp:attachment":[{"href":"https:\/\/stansgar.katolsk.no\/index.php?rest_route=%2Fwp%2Fv2%2Fmedia&parent=722"}],"wp:term":[{"taxonomy":"category","embeddable":true,"href":"https:\/\/stansgar.katolsk.no\/index.php?rest_route=%2Fwp%2Fv2%2Fcategories&post=722"},{"taxonomy":"post_tag","embeddable":true,"href":"https:\/\/stansgar.katolsk.no\/index.php?rest_route=%2Fwp%2Fv2%2Ftags&post=722"}],"curies":[{"name":"wp","href":"https:\/\/api.w.org\/{rel}","templated":true}]}}