{"id":7208,"date":"2020-04-11T17:45:04","date_gmt":"2020-04-11T15:45:04","guid":{"rendered":"https:\/\/stansgar.katolsk.no\/?p=7208"},"modified":"2020-04-11T17:45:04","modified_gmt":"2020-04-11T15:45:04","slug":"paskevigilien","status":"publish","type":"post","link":"https:\/\/stansgar.katolsk.no\/?p=7208","title":{"rendered":"P\u00c5SKEVIGILIEN"},"content":{"rendered":"<h1 style=\"text-align: center;\"><span style=\"color: #330d02;\"><strong>P\u00c5SKEVIGILIEN<\/strong><\/span><\/h1>\n<p><img loading=\"lazy\" decoding=\"async\" class=\"size-medium wp-image-7209 aligncenter\" src=\"https:\/\/stansgar.katolsk.no\/wp-content\/uploads\/2020\/04\/woelka-sob-300x169.jpg\" alt=\"\" width=\"300\" height=\"169\" srcset=\"https:\/\/stansgar.katolsk.no\/wp-content\/uploads\/2020\/04\/woelka-sob-300x169.jpg 300w, https:\/\/stansgar.katolsk.no\/wp-content\/uploads\/2020\/04\/woelka-sob.jpg 664w\" sizes=\"auto, (max-width: 300px) 100vw, 300px\" \/><\/p>\n<h1>F\u00f8rste del \u2013 H\u00f8ytidelig innledning: Lys-seremonien<\/h1>\n<h2><strong>Vigsling av ilden og forberedelse av p\u00e5skelyset<\/strong><\/h2>\n<p>Kj\u00e6re br\u00f8dre og s\u00f8stre,<br \/>\ni denne hellige natt da v\u00e5r Herre Jesus Kristus gikk over fra d\u00f8den til livet, innbyr Kirken sine barn som er spredt over hele jorden, til \u00e5 m\u00f8tes for \u00e5 v\u00e5ke og be. Vi minnes Herrens p\u00e5ske, vi lytter til hans ord og feirer hans mysterier, og vi h\u00e5per \u00e5 f\u00e5 del i hans seier over d\u00f8den og \u00e5 leve med ham i Gud.<\/p>\n<p>La oss be:<br \/>\nEvige Gud, du som ved din S\u00f8nn<br \/>\nhar gitt dine troende din klarhets ild,<br \/>\nhelliggj\u00f8r <span style=\"color: #ff0000;\"><strong>\u2629<\/strong><\/span> denne nye ild,<br \/>\nog la oss i denne p\u00e5skehelg<br \/>\nbli s\u00e5 oppflammet av lengsel etter himmelen<br \/>\nat vi med rene sinn n\u00e5r frem til den evige klarhet.<br \/>\nVed Kristus, v\u00e5r Herre.<\/p>\n<p><span style=\"color: #ff0000;\">\u211e<\/span>: Amen.<\/p>\n<ol>\n<li>Kristus i g\u00e5r og i dag. <span style=\"color: #ff0000;\">(Han risser inn en vertikal strek.)<\/span><\/li>\n<li>Begynnelsen og enden.<span style=\"color: #ff0000;\"> (Han risser inn en horisontal strek.)<\/span><\/li>\n<li>Alfa <span style=\"color: #ff0000;\">(Han risser inn bokstaven Alfa over den vertikale strek.)<\/span><\/li>\n<li>og Omega.<span style=\"color: #ff0000;\"> (Han risser inn bokstaven Omega under den vertikale strek.)<\/span><\/li>\n<li>Ham tilh\u00f8rer tid<span style=\"color: #ff0000;\"> (Han risser inn det aktuelle \u00e5rstallets f\u00f8rste siffer i \u00f8verste felt til venstre.)<\/span><\/li>\n<li>og evighet. (<span style=\"color: #ff0000;\">Han risser inn det aktuelle \u00e5rstallets annet siffer i \u00f8verste felt til h\u00f8yre.)<\/span><\/li>\n<li>Hans er \u00e6ren og herred\u00f8mmet<span style=\"color: #ff0000;\"> (Han risser inn det aktuelle \u00e5rstallets tredje siffer i nederste felt til venstre.)<\/span><\/li>\n<li>i all evighet. Amen. <span style=\"color: #ff0000;\">(Han risser inn det aktuelle \u00e5rstallets fjerde siffer i nederste felt til h\u00f8yre.)<\/span><\/li>\n<\/ol>\n<h2 style=\"padding-left: 320px;\">A<\/h2>\n<p>&nbsp;<\/p>\n<p><img loading=\"lazy\" decoding=\"async\" class=\"wp-image-7215 aligncenter\" src=\"https:\/\/stansgar.katolsk.no\/wp-content\/uploads\/2020\/04\/kzyz.png\" alt=\"\" width=\"183\" height=\"183\" srcset=\"https:\/\/stansgar.katolsk.no\/wp-content\/uploads\/2020\/04\/kzyz.png 250w, https:\/\/stansgar.katolsk.no\/wp-content\/uploads\/2020\/04\/kzyz-150x150.png 150w\" sizes=\"auto, (max-width: 183px) 100vw, 183px\" \/><\/p>\n<h3 style=\"padding-left: 320px;\">\u03a9<\/h3>\n<table>\n<tbody>\n<tr>\n<td>\n<p style=\"text-align: center;\"><span style=\"color: #ff0090;\">1. <span style=\"color: #003300;\">Ved sine hellige s\u00e5r<\/span><\/span><\/p>\n<p style=\"text-align: center;\">\u00a0 \u00a0 \u00a0 \u00a0 \u00a0 \u00a0 \u00a0 \u00a0 \u00a0 \u00a0 \u00a0 \u00a0 \u00a0 \u00a0 \u00a0 \u00a0 \u00a0 \u00a0 \u00a0 \u00a0 \u00a0 \u00a0 \u00a0 \u00a0 \u00a0 \u00a0 \u00a0 \u00a0 \u00a0 \u00a0 \u00a0 \u00a0<span style=\"color: #ff0000;\">1<\/span><br \/>\n<span style=\"color: #ff0090;\">2. <span style=\"color: #003300;\">som vi \u00e6rer,<br \/>\n<\/span><\/span>\u00a0 \u00a0 \u00a0 \u00a0 \u00a0 \u00a0 \u00a0 \u00a0 \u00a0 \u00a0 \u00a0 \u00a0 \u00a0 \u00a0 \u00a0 \u00a0 \u00a0 \u00a0 \u00a0 \u00a0 \u00a0 \u00a0 \u00a0 \u00a0 \u00a0 \u00a0 \u00a0 \u00a0 \u00a0 \u00a0 <span style=\"color: #ff0000;\">4\u00a0 \u00a0 \u00a0 \u00a0 \u00a02\u00a0 \u00a0 \u00a0 \u00a05<\/span><br \/>\n<span style=\"color: #ff0090;\">3. <span style=\"color: #003300;\">verne<\/span><\/span><\/p>\n<p style=\"text-align: center;\">\u00a0 \u00a0 \u00a0 \u00a0 \u00a0 \u00a0 \u00a0 \u00a0 \u00a0 \u00a0 \u00a0 \u00a0 \u00a0 \u00a0 \u00a0 \u00a0 \u00a0 \u00a0 \u00a0 \u00a0 \u00a0 \u00a0 \u00a0 \u00a0 \u00a0 \u00a0 \u00a0 \u00a0 \u00a0 \u00a0 \u00a0 \u00a0 <span style=\"color: #ff0000;\">3<\/span><br \/>\n<span style=\"color: #ff0090;\">4. <span style=\"color: #003300;\">og bevare oss<\/span><\/span><br \/>\n<span style=\"color: #ff0090;\">5. <span style=\"color: #000000;\">Kristus, Herren. Amen.<\/span><\/span><\/p>\n<\/td>\n<\/tr>\n<\/tbody>\n<\/table>\n<p>Kristi, den oppstandnes lys spre hjertets og sjelens m\u00f8rke.<\/p>\n<h2><strong>Prosesjonen<\/strong><\/h2>\n<p>Lumen Christi. \u00a0 <span style=\"color: #ff0000;\">eller \u00a0<\/span> Lyset fra Kristus.<\/p>\n<p><span style=\"color: #ff0090;\">Alle svarer:<\/span><\/p>\n<p>Deo gratias. \u00a0 <span style=\"color: #ff0000;\">eller<\/span> \u00a0 Gud v\u00e6re lovet<\/p>\n<h2>P\u00e5skelovsangen (kortere form)<\/h2>\n<p>Fryd deg\u00a0\u2013 du himlenes engleskare!<br \/>\nJuble av glede, Guds mysterier!<br \/>\nLa frelsens basun kunngj\u00f8re den store konges seier!<br \/>\nM\u00e5 ogs\u00e5 jorden\u00a0\u2013 lysende i den evige konges klarhet,<br \/>\nglede seg i sin nye str\u00e5lekrans,<br \/>\nog vite at m\u00f8rket som omsluttet verden, er hevet.<br \/>\nGlede seg skal ogs\u00e5 Kirken, v\u00e5r mor,<br \/>\nkledt i glansen fra s\u00e5 stort et lys,<br \/>\nmens denne hall gjenlyder av mengdens mektige sang.<\/p>\n<p><span style=\"color: #ff0090;\">(\u2123<\/span>: Herren v\u00e6re med dere.<br \/>\n<span style=\"color: #ff0090;\">\u211e:<\/span> Og med din \u00e5nd.)<br \/>\n<span style=\"color: #ff0090;\">\u2123:<\/span> L\u00f8ft deres hjerter.<br \/>\n<span style=\"color: #ff0090;\">\u211e<\/span>: Vi l\u00f8fter v\u00e5re hjerter til Herren.<br \/>\n<span style=\"color: #ff0090;\">\u2123:<\/span> La oss takke Herren, v\u00e5r Gud.<br \/>\n<span style=\"color: #ff0090;\">\u211e<\/span>: Det er verdig og rett.<\/p>\n<p>I sannhet, verdig og rett er det<br \/>\nav hele v\u00e5rt hjerte og sinn<br \/>\n\u00e5 lovsynge den usynlige og allmektige Fader<br \/>\nog hans enb\u00e5rne S\u00f8nn,<br \/>\nJesus Kristus, v\u00e5r Herre.<br \/>\nFor oss innfridde han Adams gjeld til den evige Far,<br \/>\nog med sitt dyre blod utslettet han fortidens synd.<br \/>\nJa, dette er p\u00e5skefesten<br \/>\nda det sanne Lam blir ofret.<br \/>\nMed dets blod blir de troendes d\u00f8rstolper vigslet.<br \/>\nDette er den natt<br \/>\nda du i fordums tid f\u00f8rte v\u00e5re fedre,<br \/>\nIsraels barn, ut av Egyptens land<br \/>\nog bragte dem t\u00f8rrskodde over Det r\u00f8de hav.<br \/>\nJa, dette er den natt<br \/>\nda ildst\u00f8ttens lys fordrev syndens m\u00f8rke.<br \/>\nDette er natten og timen<br \/>\nsom l\u00f8ser alle her nede som tror p\u00e5 Kristus,<br \/>\nfra verdens laster og syndens m\u00f8rke,<br \/>\ngir dem din n\u00e5de tilbake<br \/>\nog skjenker dem del i din hellighet.<br \/>\nDette er den natt<br \/>\nda Kristus br\u00f8t d\u00f8dens lenker<br \/>\nog seirende stod opp fra de d\u00f8de.<br \/>\nS\u00e5 underfullt b\u00f8yer din godhet seg mot oss!<br \/>\nUten m\u00e5l eller grense er din kj\u00e6rlighets miskunn:<br \/>\nFor \u00e5 l\u00f8skj\u00f8pe trellen prisgav du S\u00f8nnen!<br \/>\nSannelig: n\u00f8dvendig var Adams synd,<br \/>\nden som Kristi d\u00f8d har utslettet.<br \/>\n\u00c5, salige synd som vant oss s\u00e5 stor en gjenl\u00f8ser!<br \/>\nFor denne natt driver med hellig makt<br \/>\nondskap p\u00e5 flukt,<br \/>\nrenser for synd, gjenreiser den falnes uskyld<br \/>\nog gir de s\u00f8rgende gleden tilbake.<br \/>\nI sannhet salige natt<br \/>\nda himmelen forenes med jorden,<br \/>\ndet guddommelige med det menneskelige.<br \/>\nHellige Far! Ved n\u00e5den du skjenker oss<br \/>\ni denne hellige natt,<br \/>\nrekker jeg deg v\u00e5r lovprisnings kveldsoffer<br \/>\ni denne brennende kjerte,<br \/>\nsom de strevsomme bier har virket,<br \/>\nog som din hellige Kirke h\u00f8ytidelig fremb\u00e6rer<br \/>\nved dine tjeneres hender.<br \/>\nDerfor ber vi deg, Herre:<br \/>\nLa dette vokslys,<br \/>\nviet til din \u00e6re,<br \/>\nbrenne videre uten opph\u00f8r<br \/>\nog fordrive denne natts m\u00f8rke.<br \/>\nGi, at det blir tatt imot som s\u00f8t vellukt<br \/>\nog blander seg med himmelens lys.<br \/>\nM\u00e5 morgenstjernen finne det brennende,<br \/>\nden morgenstjerne som ikke kjenner nedgang:<br \/>\nKristus, din S\u00f8nn,<br \/>\nsom er st\u00e5tt opp fra de d\u00f8de<br \/>\nog i sin klarhet lyser for menneskeslekten,<br \/>\nhan som lever og r\u00e5der fra evighet til evighet.<br \/>\n<span style=\"color: #ff0090;\">\u211e:<\/span> Amen.<\/p>\n<h1>Annen del \u2013 Ordets liturgi<\/h1>\n<p>Kj\u00e6re kristne, n\u00e5 da vi h\u00f8ytidelig har begynt feiringen av den hellige p\u00e5skenatt, la oss lytte til Guds ord med stillhet i hjertet. La oss minnes hvorledes Gud i svundne tider frelste sitt folk og til sist sendte oss sin S\u00f8nn, v\u00e5r Forl\u00f8ser.<\/p>\n<p>La oss be at Gud bringer dette p\u00e5skens frelsesverk frem til v\u00e5r fullkomne forl\u00f8sning.<\/p>\n<h2><strong>1. lesning<\/strong><\/h2>\n<p>1 Mos 1,1\u20132,2 (<em>kortere form:<\/em> 1,1.26\u201331a)<\/p>\n<p><em>Gud s\u00e5 p\u00e5 alt det han hadde gjort, og se, det var s\u00e5re godt<\/em><\/p>\n<p>I begynnelsen skapte Gud himmelen og jorden. [Jorden var \u00f8de og tom, og m\u00f8rke l\u00e5 over havdypet. Men Guds \u00c5nd svevet over vannene.<\/p>\n<p>Da sa Gud: \u00abDet bli lys!\u00bb Og det ble lys. Og Gud s\u00e5 at lyset var godt, og han skilte lyset fra m\u00f8rket. Og Gud kalte lyset dag, og m\u00f8rket kalte han natt. Og det ble kveld, og det ble morgen, f\u00f8rste dag.<\/p>\n<p>Og Gud sa: \u00abDet skal bli en hvelving midt i vannene, og den skal skille vann fra vann!\u00bb Og det ble slik. Gud gjorde himmelhvelvingen og skilte vannet som er under hvelvingen, fra vannet som er over den. Og Gud kalte hvelvingen himmel. Og det ble kveld, og det ble morgen, annen dag.<\/p>\n<p>Og Gud sa: \u00abVannet under himmelen skal samle seg p\u00e5 ett sted, s\u00e5 det t\u00f8rre land kommer til syne!\u00bb Og det ble slik. Gud kalte det faste land jord, og vannet kalte han hav. Og Gud s\u00e5 at det var godt.<\/p>\n<p>Da sa Gud: \u00abJorden skal la gr\u00f8nne vekster gro frem, planter som setter fr\u00f8, og tr\u00e6r som b\u00e6rer alle slags frukt med fr\u00f8 i, p\u00e5 jorden!\u00bb Og det ble slik. Og jorden bar frem gr\u00f8nne vekster, planter som setter fr\u00f8, og tr\u00e6r som b\u00e6rer frukt med fr\u00f8 i, hvert etter sitt slag. Og Gud s\u00e5 at det var godt. Og det ble kveld, og det ble morgen, tredje dag.<\/p>\n<p>Og Gud sa: \u00abDet skal bli lys p\u00e5 himmelhvelvingen. De skal skille dagen fra natten og v\u00e6re merker som fastsetter h\u00f8ytider, dager og \u00e5r. De skal skinne p\u00e5 hvelvingen og lyse over jorden.\u00bb Og det ble slik. Gud skapte de to store lysene, det st\u00f8rste til \u00e5 r\u00e5de om dagen og det minste til \u00e5 r\u00e5de om natten, og stjernene. Og Gud satte dem p\u00e5 himmelhvelvingen til \u00e5 lyse over jorden, til \u00e5 r\u00e5de om dagen og om natten og til \u00e5 skille lyset fra m\u00f8rket. Og Gud s\u00e5 at det var godt. Og det ble kveld, og det ble morgen, fjerde dag.<\/p>\n<p>Og Gud sa: \u00abDet skal myldre av liv i vannet, og fugler skal fly over jorden, under himmelhvelvingen.\u00bb Og Gud skapte de store sj\u00f8dyrene og alt liv som det vrimler av i vannet, hvert etter sitt slag, og alle dyr som har vinger til \u00e5 fly med, hvert etter sitt slag. Og Gud s\u00e5 at det var godt. Og Gud velsignet dem og sa: \u00abDere skal v\u00e6re fruktbare og bli mange og fylle vannet i havet, og fuglene skal bli tallrike p\u00e5 jorden!\u00bb Og det ble kveld, og det ble morgen, femte dag.<\/p>\n<p>Og Gud sa: \u00abJorden skal la alle slags levende skapninger g\u00e5 frem, fe, kryp og ville dyr, hvert etter sitt slag.\u00bb Og det ble slik. Gud skapte alle slags ville dyr og alle slags fe og krypet p\u00e5 marken, hvert etter sitt slag. Og Gud s\u00e5 at det var godt.]\n<p>Da sa Gud: \u00abLa oss skape mennesket i v\u00e5rt bilde, som et avbilde av oss! Det skal r\u00e5de over fiskene i havet og fuglene under himmelen, over feet og alle ville dyr og alt krypet som r\u00f8rer seg p\u00e5 jorden.\u00bb Og Gud skapte mennesket i sitt bilde, i Guds bilde skapte han det, til mann og kvinne skapte han dem.<\/p>\n<p>Gud velsignet dem og sa til dem: \u00abV\u00e6r fruktbare og bli mange, fyll jorden og legg den under dere! Dere skal r\u00e5de over fiskene i havet og over fuglene under himmelen og over hvert dyr som r\u00f8rer seg p\u00e5 jorden!\u00bb Og Gud sa: \u00abSe, jeg gir dere alle planter som setter fr\u00f8, s\u00e5 mange som det fins p\u00e5 hele jorden, og alle tr\u00e6r som b\u00e6rer frukt med fr\u00f8 i. De skal v\u00e6re til f\u00f8de for dere. Og til alle dyr p\u00e5 jorden og alle fugler under himmelen og alt som kryper p\u00e5 jorden, alt som har livs\u00e5nde i seg, gir jeg alle gr\u00f8nne planter til f\u00f8de.\u00bb Og det ble slik. Og Gud s\u00e5 p\u00e5 alt det han hadde gjort, og se, det var s\u00e5re godt. [Og det ble kveld, og det ble morgen, sjette dag.<\/p>\n<p>Slik ble himmelen og jorden fullf\u00f8rt med hele sin h\u00e6r. Den syvende dag hadde Gud fullf\u00f8rt hele sitt verk. Og Gud hvilte den syvende dag etter at han hadde gjort alt dette.]\n<h2>Responsoriesalme<\/h2>\n<p>Sal 104 (103),1\u20132a. 5\u20136. 10 og 12. 13\u201314. 24 og 35c<\/p>\n<p><strong>Omkved:<\/strong> Alt som har \u00e5nde, lovsyng Herren.<\/p>\n<p>Lov Herren, min sjel,<br \/>\nHerre, min Gud, hvor du er stor!<br \/>\nI h\u00f8yhet og herlighet har du kledd deg,<br \/>\nlyset er kappen du hyller deg i.<\/p>\n<p>Du grunnla jorden p\u00e5 dens s\u00f8yler,<br \/>\naldri i evighet skal den rokkes.<br \/>\nHavdypet dekker den som en kappe,<br \/>\nvannet stod over fjellene.<\/p>\n<p>I dalene lar du kilder springe frem,<br \/>\nmellom fjellene renner de.<br \/>\nVed dem har himmelens fugler sitt rede,<br \/>\nder synger de mellom grenene.<\/p>\n<p>Du vanner fjellene fra din h\u00f8ye himmel,<br \/>\nmed frukten av dine gjerninger metter du jorden.<br \/>\nGress lar du gro for feet<br \/>\nog vekster som mennesket kan dyrke.<\/p>\n<p>Herre, hvor mange dine gjerninger er,<br \/>\nog alle har du gjort med visdom.<br \/>\nJorden er full av det du har skapt.<br \/>\nLov Herren, min sjel.<\/p>\n<h2>B\u00f8nn etter 1. lesning<\/h2>\n<p>La oss be:<\/p>\n<p>Allmektige, evige Gud, du har ordnet hele ditt skaperverk p\u00e5 underfullt vis. La ditt folk som du har gjenl\u00f8st, se din gjernings kraft, ikke bare i skapelsen i tidenes opphav, men enda mere i din S\u00f8nns, v\u00e5rt P\u00e5skelams offergjerning i tidenes ende, han som lever og r\u00e5der fra evighet til evighet.<\/p>\n<p><span style=\"color: #ff0090;\">\u211e:<\/span> Amen.<\/p>\n<ol start=\"3\">\n<li><strong> lesning<\/strong><\/li>\n<\/ol>\n<p>2 Mos 14,15\u201315,1<\/p>\n<p><em>Israelittene gikk tvers igjennom sj\u00f8en p\u00e5 t\u00f8rre bunnen<\/em><\/p>\n<p>I de dager sa Herren til Moses: \u00abHvorfor roper du til meg? Si til israelittene at de skal bryte opp! Du skal bare l\u00f8fte din stav og rekke h\u00e5nden ut over sj\u00f8en og skille den, s\u00e5 israelittene kan g\u00e5 midt igjennom sj\u00f8en p\u00e5 t\u00f8rre bunnen. Jeg vil forherde egypterne s\u00e5 de setter etter dere. Og jeg skal vise min guddomsmakt p\u00e5 farao og hele hans h\u00e6r, p\u00e5 vognene og hestfolket hans. Egypterne skal f\u00e5 kjenne at jeg er Herren, n\u00e5r jeg viser min makt p\u00e5 farao og vognene og hestfolket hans.\u00bb<\/p>\n<p>Guds engel, som gikk foran Israels h\u00e6r, byttet n\u00e5 plass og gikk etter folket. Skyst\u00f8tten som var foran dem, flyttet seg og tok plass bak dem, s\u00e5 den kom mellom egypternes h\u00e6r og Israels h\u00e6r. P\u00e5 den ene siden var skyen m\u00f8rk, og p\u00e5 den andre siden lyste den opp natten, og h\u00e6rene kom ikke inn p\u00e5 hverandre hele natten.<\/p>\n<p>Da rakte Moses h\u00e5nden ut over sj\u00f8en, og Herren sendte en sterk \u00f8stenvind som bl\u00e5ste hele natten, s\u00e5 vannet drev bort, og det t\u00f8rre land kom frem. Vannet skilte seg, og israelittene gikk tvers igjennom sj\u00f8en p\u00e5 t\u00f8rre bunnen, mens vannet stod som en mur p\u00e5 begge sider. Egypterne satte etter dem med alle faraos hester, vogner og hestfolk og fulgte dem midt ut i sj\u00f8en.<\/p>\n<p>Men tidlig om morgenen s\u00e5 Herren ned p\u00e5 egypterh\u00e6ren fra ild- og skyst\u00f8tten og skapte forvirring blant dem. Han slo hjulene av vognene deres, s\u00e5 det gikk tungt for dem \u00e5 komme seg frem. Da sa egypterne: \u00abLa oss flykte for Israel! Herren strider for dem mot egypterne.\u00bb<\/p>\n<p>Da sa Herren til Moses: \u00abRekk h\u00e5nden ut over sj\u00f8en, s\u00e5 skal vannet komme tilbake over egypterne, over vognene og hestfolket deres.\u00bb S\u00e5 rakte Moses h\u00e5nden ut over sj\u00f8en, og da morgenen br\u00f8t frem, vendte vannet tilbake til sitt gamle leie. Egypterne flyktet rett imot det, og Herren drev dem midt ut i sj\u00f8en. Vannet vendte tilbake og skyllet over alle vognene og alt hestfolket i faraos h\u00e6r, som hadde fulgt etter israelittene ut i sj\u00f8en. Ikke \u00e9n mann kom fra det med livet. Men israelittene gikk gjennom sj\u00f8en p\u00e5 t\u00f8rre bunnen, mens vannet stod som en mur p\u00e5 begge sider.<\/p>\n<p>Slik reddet Herren Israel fra egypterne den dag. Israelittene s\u00e5 at egypterne l\u00e5 d\u00f8de p\u00e5 stranden. Da de s\u00e5 de storverk Herren hadde gjort mot egypterne, fryktet de Herren, og de trodde p\u00e5 ham og p\u00e5 hans tjener Moses.<\/p>\n<p>Da sang Moses og israelittene denne lovsangen for Herren:<\/p>\n<h2>Responsoriesalme<\/h2>\n<p>2 Mos 15,1\u20132. 3\u20134. 5\u20136. 17\u201318<\/p>\n<p><strong>Omkved:<\/strong> Jeg vil lovsynge Herren, for han er h\u00f8yt opph\u00f8yet.<\/p>\n<p>Jeg vil lovsynge Herren, for han er h\u00f8yt opph\u00f8yet.<br \/>\nHest og mann styrtet han i havet.<br \/>\nHerren er min styrke og lovsang,<br \/>\nhan ble meg til frelse.<br \/>\nHan er min Gud, og jeg vil prise ham,<br \/>\nmin fars Gud, og jeg vil opph\u00f8ye ham.<\/p>\n<p>Herren er en stridsmann,<br \/>\nHerren er hans navn.<br \/>\nFaraos vogner og hans h\u00e6r kastet han i havet,<br \/>\nDet R\u00f8de Hav lukket seg over dem.<br \/>\nHerre, din h\u00f8yre er herliggjort i kraft;<br \/>\ndin h\u00f8yre h\u00e5nd knuser fienden.<\/p>\n<p>Du f\u00f8rer dem og planter dem<br \/>\np\u00e5 ditt hellige fjell, din arvelodd,<br \/>\ndet sted du har gjort til din bolig,<br \/>\ndet tempel din h\u00e5nd har bygget.<br \/>\nHerren skal herske,<br \/>\nhan skal herske i evighet.<\/p>\n<h2>B\u00f8nn etter 3. lesning<\/h2>\n<p>La oss be:<\/p>\n<p>Miskunnsrike Gud, dine underverk f\u00f8lger ditt folk til alle tider. Du frelste det gamle Israel fra Faraos forf\u00f8lgelse, og ved d\u00e5pens vann gir du frelse til alle folkeslag. Gi at hele verden m\u00e5 bli Abrahams barn og f\u00e5 del i Israels verdighet. Ved Kristus, v\u00e5r Herre.<\/p>\n<p><span style=\"color: #ff0090;\">\u211e:<\/span> Amen.<\/p>\n<h2><strong>7. lesning<\/strong><\/h2>\n<p>Esek 36,16\u201317a.18\u201328<\/p>\n<p><em>Jeg stenker rent vann p\u00e5 dere, og jeg vil gi dere et nytt hjerte<\/em><\/p>\n<p>Herrens ord kom til meg, og det l\u00f8d s\u00e5:<\/p>\n<p>Menneske, da israelittene bodde i sitt land, gjorde de det urent med sitt liv og sine gjerninger. S\u00e5 lot jeg min harme g\u00e5 ut over dem, fordi de ut\u00f8ste blod i landet og gjorde det urent med sine avguder. Jeg spredte dem blant folkeslagene, s\u00e5 de ble spredt omkring i landene. Jeg d\u00f8mte dem etter deres liv og gjerninger. Men overalt hvor de kom blant folkene, van\u00e6ret de mitt hellige navn. For det ble sagt om dem: \u00abDette er Herrens folk, og likevel m\u00e5tte de dra ut fra hans land.\u00bb Det gjorde meg ondt for mitt hellige navns skyld; israelittene hadde van\u00e6ret det blant folkeslagene de kom til.<\/p>\n<p>Derfor skal du si til Israel: S\u00e5 sier Herren Gud: Det er ikke for deres skyld jeg gj\u00f8r det, israelitter, men for mitt hellige navns skyld, som dere har vanhelliget blant de folk dere kom til. Hellig vil jeg gj\u00f8re mitt store navn som er van\u00e6ret blant folkene, ja, som dere van\u00e6ret blant dem. Folkeslagene skal sanne at jeg er Herren, sier Herren Gud, n\u00e5r de blir vitne til at jeg \u00e5penbarer min hellighet blant dere.<\/p>\n<p>Jeg henter dere fra folkeslagene, samler dere fra alle landene og f\u00f8rer dere hjem til deres eget land. Og jeg stenker rent vann p\u00e5 dere, s\u00e5 dere blir rene. For all urenhet som skyldes de mange avgudene, vil jeg rense dere.<\/p>\n<p>Jeg vil gi dere et nytt hjerte og la dere f\u00e5 en ny \u00e5nd inne i dere. Jeg vil ta stenhjertet ut av kroppen deres og gi dere et kj\u00f8tthjerte isteden. Jeg lar dere f\u00e5 min \u00c5nd inne i dere, og gj\u00f8r det slik at dere f\u00f8lger mine forskrifter og tar vare p\u00e5 mine lover, s\u00e5 dere lever etter dem. Da skal dere f\u00e5 bo i det landet jeg gav deres fedre. Dere skal v\u00e6re mitt folk, og jeg vil v\u00e6re deres Gud.<\/p>\n<h2>Responsoriesalme<\/h2>\n<p>Sal 42 (41),3. 5bcd; 43 (42),3.4<\/p>\n<p><strong>Omkved:<\/strong> Som hjorten lengter etter rinnende bekker,<br \/>\nslik lengter min sjel etter deg, min Gud.<\/p>\n<p>Min sjel t\u00f8rster etter den levende Gud.<br \/>\nN\u00e5r kan jeg tre frem for hans \u00e5syn?<\/p>\n<p>Med fryd i hjertet kommer jeg ihu<br \/>\nat jeg vandrer mot Herrens herlige bolig,<br \/>\ni festtog, under jubelrop og takkesang,<br \/>\nen pilegrimsskare i fest.<\/p>\n<p>Send ditt lys og din sannhet at de m\u00e5 lede meg,<br \/>\nf\u00f8re meg til ditt hellige fjell,<br \/>\ntil din bolig.<\/p>\n<p>Jeg skal g\u00e5 til Herrens alter,<br \/>\ntil Gud min glede.<br \/>\nJeg skal juble, Herre min Gud,<br \/>\nlovsynge deg til harpen.<\/p>\n<h2><strong>B\u00f8nn etter 7. lesning<\/strong><\/h2>\n<p>La oss be:<\/p>\n<p>Gud, du uforanderlige kraft og evige lys, se i n\u00e5de til din Kirke, som er ditt sakrament, og fullf\u00f8r ditt frelsesverk etter din evige plan. La hele verden se og erfare at det falne reises opp, og det gamle blir fornyet og gjenvinner sin f\u00f8rste renhet gjennom Kristus, som er alle tings opphav, han som lever og r\u00e5der fra evighet til evighet.<\/p>\n<p><span style=\"color: #ff0090;\">\u211e:<\/span> Amen.<\/p>\n<p>Gloria: \u00c6re v\u00e6re Gud i det h\u00f8yeste<\/p>\n<h2><strong>Kirkeb\u00f8nn<\/strong><\/h2>\n<p>Gud, du som opplyser denne h\u00f8yhellige natt ved Herrens herlige oppstandelse: Tenn barnek\u00e5rets \u00e5nd i din Kirke, s\u00e5 vi kan tjene deg med rent hjerte, fornyet p\u00e5 legeme og sjel. Ved v\u00e5r Herre\u00a0\u2026<\/p>\n<p><span style=\"color: #ff0090;\">\u211e:<\/span> Amen.<\/p>\n<h2><strong>Lesning<\/strong><\/h2>\n<p>Rom 6,3\u201311<\/p>\n<p><em>Kristus, oppstanden fra de d\u00f8de, kan ikke mer d\u00f8<\/em><\/p>\n<p>Br\u00f8dre, vi som er blitt viet til Kristus gjennom d\u00e5pen, vi har f\u00e5tt del i hans d\u00f8d gjennom den. Ved d\u00e5pen er vi alts\u00e5 d\u00f8de og blitt begravet, sammen med ham, for at ogs\u00e5 vi skal leve og ferdes i en ny tilv\u00e6relse, p\u00e5 samme m\u00e5te som Kristus ved Faderens herlighet ble oppreist fra de d\u00f8de.<\/p>\n<p>For er det s\u00e5 at vi er blitt ett med ham ved \u00e5 lide en d\u00f8d som hans, s\u00e5 skal vi ogs\u00e5 v\u00e6re det ved \u00e5 f\u00e5 del i en oppstandelse som hans. Vi vet jo at v\u00e5rt gamle jeg, som var i syndens vold, er blitt korsfestet sammen med ham for \u00e5 bli tilintetgjort, slik at vi ikke lenger skulle v\u00e6re synden underkastet. For den som er d\u00f8d, st\u00e5r ikke lenger til ansvar for noen synd.<\/p>\n<p>Men om vi er d\u00f8de sammen med Kristus, s\u00e5 er det v\u00e5r tro at vi ogs\u00e5 skal leve sammen med ham. Vi vet at Kristus, oppstanden fra de d\u00f8de, ikke mer kan d\u00f8, at d\u00f8den ikke har noe herred\u00f8mme over ham mer. Den d\u00f8d han led, var en d\u00f8d bort fra synden, og det \u00e9n gang for alle; og det liv han lever, lever han for Gud. Slik skal ogs\u00e5 dere anse dere for d\u00f8de for synden og levende for Gud, i Kristus Jesus.<\/p>\n<ol start=\"34\">\n<li><span style=\"color: #ff0090;\">N\u00e5r epistelen er lest, reiser alle seg, og presten intonerer h\u00f8ytidelig Halleluja tre ganger, litt h\u00f8yere for hver gang, og alle gjentar de<\/span>t.<\/li>\n<\/ol>\n<h2><strong>Responsoriesalme<\/strong><\/h2>\n<p>Sal 118 (117),1\u20132. 16ab\u201317. 22\u201323<\/p>\n<p><strong>Omkved:<\/strong> Halleluja, halleluja, halleluja.<\/p>\n<p>Lovpris Herren for han er god,<br \/>\nevig er hans kj\u00e6rlighet.<br \/>\nIsraels hus forkynne det,<br \/>\nevig er hans kj\u00e6rlighet.<\/p>\n<p>Jubelrop lyder i de rettferdiges telt,<br \/>\nHerrens h\u00f8yre har vist sin makt.<br \/>\nJeg skal ikke d\u00f8, men leve<br \/>\nog forkynne Herrens gjerninger.<\/p>\n<p>Stenen bygningsmennene vraket<br \/>\ner blitt til hovedhj\u00f8rnesten.<br \/>\nDette er Herrens verk.<br \/>\nDet er underfullt i v\u00e5re \u00f8yne.<\/p>\n<h2><strong>Evangelium<\/strong><\/h2>\n<p>Matt 28,1\u201310<\/p>\n<p><em>Han er oppstanden fra de d\u00f8de og g\u00e5r i forveien for dere til Galilea<\/em><\/p>\n<p>S\u00e5 snart sabbaten var over, og det grydde av dag s\u00f8ndag morgen, kom Maria fra Magdala og den andre Maria for \u00e5 se til graven. Da kom det et kraftig jordskjelv; det var Herrens engel som steg ned fra himmelen. Han gikk bort og veltet stenen vekk fra graven, og satte seg p\u00e5 den. Hans skikkelse skinte som lynet, og hans kl\u00e6r var hvite som sne; ved synet av ham ble vaktene sl\u00e5tt med redsel, s\u00e5 de falt om som d\u00f8de.<\/p>\n<p>Men engelen tok til orde og sa til kvinnene: \u00abFrykt ikke! Jeg vet vel at dere ser etter Jesus, han som ble korsfestet. Men han er ikke her, han er oppstanden, slik som han sa\u00a0\u2013 kom bare hit og se stedet hvor han l\u00e5! Og skynd dere s\u00e5 avsted og si til hans disipler: \u2018Han er oppstanden fra de d\u00f8de og g\u00e5r i forveien for dere til Galilea; der skal dere f\u00e5 se ham.\u2019\u00a0\u2013 Dette var hva jeg hadde \u00e5 si dere.\u00bb<\/p>\n<p>De skyndte seg da bort fra graven, forskrekket og p\u00e5 samme tid str\u00e5lende glade l\u00f8p de for \u00e5 bringe budskapet videre til hans disipler.<\/p>\n<p>Men s\u00e5 kom Jesus selv dem i m\u00f8te og hilste dem. Da falt de ned for ham, omfavnet hans f\u00f8tter og hyllet ham. Og Jesus sier til dem: \u00abFrykt ikke. G\u00e5 og si til mine br\u00f8dre at de skal dra til Galilea; der skal de f\u00e5 se meg.\u00bb<\/p>\n<h1>Tredje del \u2013 D\u00e5psliturgien<\/h1>\n<p><strong>Velsignelsen av d\u00e5psvannet <\/strong><\/p>\n<p>Allmektige, evige Gud, gjennom din usynlige makt virker du store gjerninger i dine sakramenter. P\u00e5 mangfoldig vis lot du vannet du skapte, innvarsle d\u00e5pens n\u00e5de.<\/p>\n<p>Da verden ble til, svevet din \u00c5nd over vannene, og allerede da var det din vilje at vannet skulle tjene til v\u00e5r helliggj\u00f8relse.<\/p>\n<p>I syndfloden gav du oss et tegn p\u00e5 v\u00e5r gjenf\u00f8delse, og lot synden g\u00e5 under og det gode gjenoppst\u00e5 ved det samme element.<\/p>\n<p>Du lot Abrahams barn g\u00e5 t\u00f8rrskodd gjennom R\u00f8dehavet for at de, l\u00f8st fra Faraos \u00e5k, skulle v\u00e6re et bilde p\u00e5 de d\u00f8ptes folk.<\/p>\n<p>Du lot din S\u00f8nn d\u00f8pes av Johannes i Jordans vann og bli salvet av Den Hellige \u00c5nd. Da han hang p\u00e5 korset, lot han vann rinne ut sammen med blodet fra sin side, og etter sin oppstandelse b\u00f8d han disiplene: \u00abG\u00e5 ut og l\u00e6r alle folkeslag, idet dere d\u00f8per dem i Faderens og S\u00f8nnens og Den Hellige \u00c5nds navn.\u00bb<\/p>\n<p>Se, Herre, til din Kirke og \u00e5pne for den d\u00e5pens kilde. M\u00e5tte dette vann gjennom Den Hellige \u00c5nds kraft formidle Kristi n\u00e5de, s\u00e5 mennesket, skapt i ditt bilde, kan befries ved d\u00e5pens sakrament fra det gamle menneskets urenheter, og oppst\u00e5 ved vann og Den Hellige \u00c5nd til sitt nye barnek\u00e5r.<\/p>\n<p><span style=\"color: #ff0090;\">Og idet han dypper p\u00e5skelyset i vannet, \u00e9n eller tre ganger ettersom det passer, fortsetter han:<\/span><\/p>\n<p>Herre, la Den Hellige \u00c5nds kraft gjennom Kristus, din S\u00f8nn, stige ned i dette vann,<\/p>\n<p><span style=\"color: #ff0090;\">Idet han holder lyset i vannet, fortsetter han:<\/span><\/p>\n<p>s\u00e5 alle som blir begravet med Kristus i d\u00e5pen til d\u00f8den,<br \/>\ngjenoppst\u00e5r til livet med ham, som lever og r\u00e5der<br \/>\nfra evighet til evighet.<\/p>\n<p><span style=\"color: #ff0090;\">\u211e:<\/span> Amen.<\/p>\n<p>Kilder, lov Herren, pris og opph\u00f8y ham i evighet.<\/p>\n<h2><strong>Fornyelse av d\u00e5psl\u00f8ftene<\/strong><\/h2>\n<p>Kj\u00e6re kristne, ved p\u00e5skens mysterium er vi i d\u00e5pen blitt begravet med Kristus, for at vi skal vandre med ham i et nytt liv. La oss derfor n\u00e5 da vi har avsluttet fasten, fornye v\u00e5r hellige d\u00e5pspakt. Ved den har vi engang gitt avkall p\u00e5 Satan og hans verk, og vi har lovet \u00e5 tjene Gud i den hellige katolske Kirke.<\/p>\n<p>Derfor sp\u00f8r jeg dere:<\/p>\n<table>\n<tbody>\n<tr>\n<td><span style=\"color: #ff0090;\">Presten:<\/span><\/td>\n<td>Forsaker dere Djevelen?<\/td>\n<\/tr>\n<tr>\n<td><span style=\"color: #ff0090;\">Alle:<\/span><\/td>\n<td>Ja.<\/td>\n<\/tr>\n<tr>\n<td><span style=\"color: #ff0090;\">Presten:<\/span><\/td>\n<td>Og alle hans gjerninger?<\/td>\n<\/tr>\n<tr>\n<td><span style=\"color: #ff0090;\">Alle:<\/span><\/td>\n<td>Ja.<\/td>\n<\/tr>\n<tr>\n<td><span style=\"color: #ff0090;\">Presten:<\/span><\/td>\n<td>Og all hans prakt?<\/td>\n<\/tr>\n<tr>\n<td><span style=\"color: #ff0090;\">Alle:<\/span><\/td>\n<td>Ja.<\/td>\n<\/tr>\n<\/tbody>\n<\/table>\n<p><span style=\"color: #ff0090;\">S\u00e5 fortsetter presten:<\/span><\/p>\n<p><span style=\"color: #ff0090;\">Presten:<\/span> Tror dere p\u00e5 Gud Fader, den Allmektige, himmelens og jordens skaper?<\/p>\n<p><span style=\"color: #ff0090;\">Alle:<\/span> Ja, jeg tror.<\/p>\n<p><span style=\"color: #ff0090;\">Presten:<\/span> Tror dere p\u00e5 Jesus Kristus, Guds enb\u00e5rne S\u00f8nn, v\u00e5r Herre, som ble f\u00f8dt av Jomfru Maria, led og ble gravlagt, oppstod fra de d\u00f8de og sitter ved Faderens h\u00f8yre h\u00e5nd?<\/p>\n<p><span style=\"color: #ff0090;\">Alle:<\/span> Ja, jeg tror.<\/p>\n<p><span style=\"color: #ff0090;\">Presten:<\/span> Tror dere p\u00e5 Den Hellige \u00c5nd, den hellige katolske Kirke, de helliges samfunn, syndenes forlatelse, kj\u00f8dets oppstandelse og det evige liv?<\/p>\n<p><span style=\"color: #ff0090;\">Alle:<\/span> Ja, jeg tror.<\/p>\n<p><span style=\"color: #ff0090;\">Og presten avslutter:<\/span><\/p>\n<p>Gud Herren, den allmektige, v\u00e5r Herres Jesu Kristi Far, som lot oss f\u00f8des p\u00e5ny av vann og Den Hellige \u00c5nd, og gav oss syndenes forlatelse, verne oss med sin n\u00e5de i Jesus Kristus, v\u00e5r Herre, til det evige liv.<\/p>\n<p><span style=\"color: #ff0090;\">Alle:<\/span> Amen.<\/p>\n<p>56 [47]. <span style=\"color: #ff0090;\">Presten stenker vievann over menigheten mens alle synger antifonen:<\/span><\/p>\n<p>Jeg s\u00e5 vann velle frem fra templet,<br \/>\nfra dets h\u00f8yre side, halleluja,<br \/>\nog alle som dette vann n\u00e5dde frem til,<br \/>\ner blitt frelst og skal si: halleluja, halleluja.<\/p>\n<h2><strong>Forb\u00f8nner<\/strong><\/h2>\n<p>Kj\u00e6re kristne! \u00abFrykt ikke\u00bb fikk kvinnene h\u00f8re, f\u00f8rst fra Herrens engel som hadde veltet stenen bort fra graven, og siden fra Den oppstandne selv. La oss be til Jesus Kristus for alle d\u00f8pte, at gleden over hans oppstandelse m\u00e5 fortrenge frykten:<\/p>\n<p><span style=\"color: #ff0090;\">L<\/span>: For alle som i natt er renset og f\u00f8dt p\u00e5 ny i d\u00e5pens bad,<br \/>\nat de i glede over sin egen oppstandelse<br \/>\nm\u00e5 g\u00e5 den ytterste dag med frimodighet i m\u00f8te. \u211e<\/p>\n<p><span style=\"color: #ff0090;\">L:<\/span> For alle dem \u2013 lik vaktene ved graven \u2013 som<br \/>\nmed makt vil hindre troen p\u00e5 oppstandelsen,<br \/>\nm\u00e5tte de allikevel finne tr\u00f8st og h\u00e5p<br \/>\ni den oppstandne Kristus. \u211e<\/p>\n<p><span style=\"color: #ff0090;\">L:<\/span> For alle dem som har det vondt i denne natt,<br \/>\nat budskapet om den tomme grav m\u00e5 gi tr\u00f8st og h\u00e5p. \u211e<\/p>\n<p><span style=\"color: #ff0090;\">L:<\/span> For alle oss som v\u00e5ker i denne p\u00e5skenatt,<br \/>\nat ogs\u00e5 vi m\u00e5 la oss glede av budskapet fra Herrens grav. \u211e<\/p>\n<p>Allmektige, evige Gud,<br \/>\ndu som er sterkere enn all jordisk makt,<br \/>\nja sterkere enn selv syndens og d\u00f8dens makt,<br \/>\nla gleden fra Jesu grav gjennomtrenge oss helt,<br \/>\nlikesom p\u00e5skelyset gjennomtrenger nattem\u00f8rket.<br \/>\nVed ham, Kristus, v\u00e5r Herre. Amen.<\/p>\n<h1>Fjerde del \u2013 Eukaristiens liturgi<\/h1>\n<h2><strong>Slutningsb\u00f8nn<\/strong><\/h2>\n<p>Herre, la din kj\u00e6rlighets \u00c5nd str\u00f8mme inn i v\u00e5re hjerter, og la oss som du har mettet med p\u00e5skens sakramenter, ved din fadergodhet bli ett i Kristus, som lever og r\u00e5der fra evighet til evighet.<\/p>\n<h2><strong>H\u00f8ytidelig velsignelse<\/strong><\/h2>\n<p>Den allmektige Gud velsigne dere p\u00e5 denne p\u00e5skefest, og verge dere i sin n\u00e5de mot alle syndens angrep.<\/p>\n<p><span style=\"color: #ff0090;\">\u211e:<\/span> Amen.<\/p>\n<p>Han som i sin enb\u00e5rne S\u00f8nns oppstandelse gjenreiser dere til evig liv, skjenke dere ud\u00f8delighetens l\u00f8nn.<\/p>\n<p><span style=\"color: #ff0090;\">\u211e:<\/span> Amen.<\/p>\n<p>M\u00e5tte dere som har feiret Herrens lidelse og n\u00e5 gleder dere ved denne p\u00e5skeh\u00f8ytid, ved hans hjelp n\u00e5 frem til den evige gledesfest.<\/p>\n<p><span style=\"color: #ff0090;\">\u211e:<\/span> Amen.<\/p>\n<p>Den allmektige Gud, Faderen, og S\u00f8nnen <strong>\u2629<\/strong> og Den Hellige \u00c5nd, velsigne dere alle.<\/p>\n<p><span style=\"color: #ff0090;\">\u211e<\/span>: Amen.<\/p>\n<p>Messen er til ende, g\u00e5 med fred. Halleluja, halleluja.<\/p>\n<p><span style=\"color: #ff0090;\">Alle svarer:<\/span><\/p>\n<p>Gud v\u00e6re lovet. Halleluja, halleluja.<\/p>\n","protected":false},"excerpt":{"rendered":"<p>P\u00c5SKEVIGILIEN F\u00f8rste del \u2013 H\u00f8ytidelig innledning: Lys-seremonien Vigsling av ilden og forberedelse av p\u00e5skelyset Kj\u00e6re br\u00f8dre og s\u00f8stre, i denne hellige natt da v\u00e5r Herre Jesus Kristus gikk over fra d\u00f8den til livet, innbyr Kirken sine barn som er spredt&#8230;<br \/><a class=\"read-more-button\" href=\"https:\/\/stansgar.katolsk.no\/?p=7208\">Read more<\/a><\/p>\n","protected":false},"author":5,"featured_media":7209,"comment_status":"open","ping_status":"open","sticky":false,"template":"","format":"standard","meta":{"footnotes":""},"categories":[204],"tags":[],"class_list":["post-7208","post","type-post","status-publish","format-standard","has-post-thumbnail","hentry","category-ukategorisert-nb"],"_links":{"self":[{"href":"https:\/\/stansgar.katolsk.no\/index.php?rest_route=\/wp\/v2\/posts\/7208","targetHints":{"allow":["GET"]}}],"collection":[{"href":"https:\/\/stansgar.katolsk.no\/index.php?rest_route=\/wp\/v2\/posts"}],"about":[{"href":"https:\/\/stansgar.katolsk.no\/index.php?rest_route=\/wp\/v2\/types\/post"}],"author":[{"embeddable":true,"href":"https:\/\/stansgar.katolsk.no\/index.php?rest_route=\/wp\/v2\/users\/5"}],"replies":[{"embeddable":true,"href":"https:\/\/stansgar.katolsk.no\/index.php?rest_route=%2Fwp%2Fv2%2Fcomments&post=7208"}],"version-history":[{"count":5,"href":"https:\/\/stansgar.katolsk.no\/index.php?rest_route=\/wp\/v2\/posts\/7208\/revisions"}],"predecessor-version":[{"id":7219,"href":"https:\/\/stansgar.katolsk.no\/index.php?rest_route=\/wp\/v2\/posts\/7208\/revisions\/7219"}],"wp:featuredmedia":[{"embeddable":true,"href":"https:\/\/stansgar.katolsk.no\/index.php?rest_route=\/wp\/v2\/media\/7209"}],"wp:attachment":[{"href":"https:\/\/stansgar.katolsk.no\/index.php?rest_route=%2Fwp%2Fv2%2Fmedia&parent=7208"}],"wp:term":[{"taxonomy":"category","embeddable":true,"href":"https:\/\/stansgar.katolsk.no\/index.php?rest_route=%2Fwp%2Fv2%2Fcategories&post=7208"},{"taxonomy":"post_tag","embeddable":true,"href":"https:\/\/stansgar.katolsk.no\/index.php?rest_route=%2Fwp%2Fv2%2Ftags&post=7208"}],"curies":[{"name":"wp","href":"https:\/\/api.w.org\/{rel}","templated":true}]}}