{"id":7180,"date":"2020-04-08T18:21:26","date_gmt":"2020-04-08T16:21:26","guid":{"rendered":"https:\/\/stansgar.katolsk.no\/?p=7180"},"modified":"2020-04-08T18:21:26","modified_gmt":"2020-04-08T16:21:26","slug":"propozycja-liturgii-slowa-wielki-czwartek-msza-wieczerzy-panskiej-09-04-2020","status":"publish","type":"post","link":"https:\/\/stansgar.katolsk.no\/?p=7180","title":{"rendered":"PROPOZYCJA LITURGII S\u0141OWA WIELKI CZWARTEK  MSZA WIECZERZY PA\u0143SKIEJ 09.04.2020"},"content":{"rendered":"<h2 style=\"text-align: center;\"><strong>Propozycja LITURGII S\u0142owa\u00a0<\/strong><strong>Wielki Czwartek\u00a0<\/strong><strong>Msza Wieczerzy Pa\u0144skiej\u00a0<\/strong><strong>09.04.2020<\/strong><\/h2>\n<p><img loading=\"lazy\" decoding=\"async\" class=\"size-medium wp-image-7167 aligncenter\" src=\"https:\/\/stansgar.katolsk.no\/wp-content\/uploads\/2020\/04\/wielk-czw-300x166.jpg\" alt=\"\" width=\"300\" height=\"166\" srcset=\"https:\/\/stansgar.katolsk.no\/wp-content\/uploads\/2020\/04\/wielk-czw-300x166.jpg 300w, https:\/\/stansgar.katolsk.no\/wp-content\/uploads\/2020\/04\/wielk-czw.jpg 750w\" sizes=\"auto, (max-width: 300px) 100vw, 300px\" \/><\/p>\n<p>tekst p\u00e5 norsk &raquo; <strong>FEIRING<\/strong>\u00a0<strong>AV GUDS ORDS TJENESTE I FAMILIEN\u00a0<\/strong><strong>HERRENS M\u00c5LTID (9. APRIL)&raquo;\u00a0<a href=\"https:\/\/stansgar.katolsk.no\/?p=7166\">https:\/\/stansgar.katolsk.no\/?p=7166<\/a><\/strong><\/p>\n<p><span style=\"color: #ff0000;\"><strong><em>Ca\u0142a rodzina gromadzi si\u0119 przy krzy\u017cu i zapalonych \u015bwiecach. Rozpoczynamy znakiem krzy\u017ca. Jeden z cz\u0142onk\u00f3w rodziny prowadzi modlitwy (koordynator modlitwy)<\/em><\/strong><\/span><\/p>\n<p><span style=\"color: #ff0000;\"><strong><em>K \u2014 koordynator modlitwy<\/em><\/strong><\/span><\/p>\n<p><span style=\"color: #ff0000;\"><strong><em>W \u2014 wszyscy<\/em><\/strong><\/span><\/p>\n<ol>\n<li>W imi\u0119 Ojca i Syna, i Ducha \u015awi\u0119tego. W. Amen.<\/li>\n<\/ol>\n<p><span style=\"color: #ff0000;\"><strong>Akt pokuty<\/strong><\/span><\/p>\n<ol>\n<li>Uznajmy przed Bogiem, \u017ce jeste\u015bmy grzeszni, aby\u015bmy mogli z czystym sercem uczestniczy\u0107 w tej liturgii.<\/li>\n<li>Spowiadam si\u0119 Bogu wszechmog\u0105cemu i wam, bracia i siostry, \u017ce bardzo zgrzeszy\u0142em my\u015bl\u0105, mow\u0105, uczynkiem, i zaniedbaniem: moja wina, moja wina, moja bardzo wielka wina. Przeto b\u0142agam Naj\u015bwi\u0119tsz\u0105 Maryj\u0119, zawsze Dziewic\u0119, wszystkich Anio\u0142\u00f3w i \u015awi\u0119tych, i was, bracia i siostry, o modlitw\u0119 za mnie do Pana Boga naszego.<\/li>\n<li>Niech si\u0119 zmi\u0142uje nad nami B\u00f3g wszechmog\u0105cy i odpu\u015bciwszy nam grzechy doprowadzi nas do \u017cycia wiecznego. W. Amen.<\/li>\n<\/ol>\n<p><strong>\u00a0<\/strong><\/p>\n<p><strong><span style=\"color: #ff0000;\">Kyrie<\/span> \u2014<\/strong> <strong>Panie zmi\u0142uj si\u0119 nad nami, <\/strong><\/p>\n<p><strong>Chryste zmi\u0142uj si\u0119 nad nami, <\/strong><\/p>\n<p><strong>Panie zmi\u0142uj si\u0119 nad nami.<\/strong><\/p>\n<p><strong>\u00a0<\/strong><\/p>\n<p><strong>Gloria <\/strong><strong>\u201eChwa\u0142a na wysoko\u015bci Bogu\u2026\u201d<\/strong><\/p>\n<p><strong>\u00a0<\/strong><\/p>\n<p><span style=\"color: #ff0000;\"><strong>Kolekta \u2014 modlitwa dnia<\/strong><\/span><\/p>\n<p>Wszechmog\u0105cy, wieczny Bo\u017ce, obchodzimy pami\u0105tk\u0119 naj\u015bwi\u0119tszej Wieczerzy, \u2020 podczas kt\u00f3rej Tw\u00f3j Jednorodzony Syn, maj\u0105c si\u0119 wyda\u0107 na \u015bmier\u0107, pozostawi\u0142 Ko\u015bcio\u0142owi now\u0105 wiekuist\u0105 Ofiar\u0119 i Uczt\u0119 swojej mi\u0142o\u015bci; * spraw, aby\u015bmy z tak wielkiego misterium czerpali pe\u0142ni\u0119 mi\u0142o\u015bci i \u017cycia. Przez naszego Pana Jezusa Chrystusa, Twojego Syna, \u2020 kt\u00f3ry z Tob\u0105 \u017cyje i kr\u00f3luje w jedno\u015bci Ducha \u015awi\u0119tego, * B\u00f3g, przez wszystkie wieki wiek\u00f3w. Amen. <strong>W. Amen<\/strong><\/p>\n<p style=\"text-align: center;\"><span style=\"color: #3366ff;\">LITURGIA S\u0141OWA<\/span><\/p>\n<p><span style=\"color: #ff0000;\"><em>Liturgia S\u0142owa wg lekcjonarza z 2015 roku<\/em><\/span><\/p>\n<p><strong>PIERWSZE CZYTANIE <\/strong><span style=\"color: #33cccc;\">Wj 12, 1-8. 11-14<\/span> <em>Przepisy o wieczerzy paschalnej<\/em><\/p>\n<p><strong>Czytanie z Ksi\u0119gi Wyj\u015bcia<\/strong><\/p>\n<p>Pan powiedzia\u0142 do Moj\u017cesza i Aarona w ziemi egipskiej: \u00abMiesi\u0105c ten b\u0119dzie dla was pocz\u0105tkiem miesi\u0119cy, b\u0119dzie pierwszym miesi\u0105cem roku! Powiedzcie ca\u0142emu zgromadzeniu Izraela tak:<\/p>\n<p>\u201eDziesi\u0105tego dnia tego miesi\u0105ca niech si\u0119 ka\u017cdy postara o baranka dla rodziny, o baranka dla domu. Je\u015bliby za\u015b rodzina by\u0142a za ma\u0142a do spo\u017cycia baranka, to niech si\u0119 postara o niego razem ze swym s\u0105siadem, kt\u00f3ry mieszka najbli\u017cej jego domu, aby by\u0142a odpowiednia liczba os\u00f3b. Liczy\u0107 je za\u015b b\u0119dziecie dla spo\u017cycia baranka wed\u0142ug tego, co ka\u017cdy mo\u017ce spo\u017cy\u0107. Baranek b\u0119dzie bez skazy, samiec, jednoroczny; wzi\u0105\u0107 mo\u017cecie jagni\u0119 albo ko\u017al\u0119. B\u0119dziecie go strzec a\u017c do czternastego dnia tego miesi\u0105ca, a wtedy zabije go ca\u0142e zgromadzenie Izraela o zmierzchu. I wezm\u0105 krew baranka, i pokropi\u0105 ni\u0105 odrzwia i progi domu, w kt\u00f3rym b\u0119d\u0105 go spo\u017cywa\u0107. I tej samej nocy spo\u017cyj\u0105 mi\u0119so pieczone w ogniu, i chleby prza\u015bne b\u0119d\u0105 spo\u017cywali z gorzkimi zio\u0142ami.<\/p>\n<p>Tak za\u015b spo\u017cywa\u0107 go b\u0119dziecie: biodra wasze b\u0119d\u0105 przepasane, sanda\u0142y na waszych nogach i laska w waszym r\u0119ku. Spo\u017cywa\u0107 b\u0119dziecie po\u015bpiesznie, gdy\u017c jest to Pascha na cze\u015b\u0107 Pana.<\/p>\n<p>Tej nocy przejd\u0119 przez Egipt, zabij\u0119 wszystko pierworodne w ziemi egipskiej, od cz\u0142owieka a\u017c po byd\u0142o, i odb\u0119d\u0119 s\u0105d nad wszystkimi bogami Egiptu \u2013 Ja, Pan. Krew pos\u0142u\u017cy wam do oznaczenia dom\u00f3w, w kt\u00f3rych b\u0119dziecie przebywa\u0107. Gdy ujrz\u0119 krew, przejd\u0119 obok i nie b\u0119dzie po\u015br\u00f3d was plagi niszczycielskiej, gdy b\u0119d\u0119 kara\u0142 ziemi\u0119 egipsk\u0105.<\/p>\n<p>Dzie\u0144 ten b\u0119dzie dla was dniem pami\u0119tnym i obchodzi\u0107 go b\u0119dziecie jako \u015bwi\u0119to dla uczczenia Pana. Po wszystkie pokolenia \u2013 na zawsze w tym dniu b\u0119dziecie obchodzi\u0107 \u015bwi\u0119to\u201d.<\/p>\n<p><strong>Oto s\u0142owo Bo\u017ce.<\/strong><\/p>\n<p><span style=\"color: #ff0000;\"><strong>PSALM RESPONSORYJNY<span style=\"color: #33cccc;\"> (<\/span><\/strong><\/span><span style=\"color: #33cccc;\">Ps 116B (115), 12-13. 15 i 16bc. 17-18 (R.: por. 1 Kor 10, 16)<\/span><\/p>\n<p><strong>Refren: Kielich Przymierza to Krew Zbawiciela.<\/strong><\/p>\n<p>Czym si\u0119 Panu odp\u0142ac\u0119 *<br \/>\nza wszystko, co mi wy\u015bwiadczy\u0142?<br \/>\nPodnios\u0119 kielich zbawienia *<br \/>\ni wezw\u0119 imienia Pana. <strong>Refren.<\/strong><\/p>\n<p>Cenna jest w oczach Pana *<br \/>\n\u015bmier\u0107 Jego wyznawc\u00f3w.<br \/>\nJestem Twym s\u0142ug\u0105, synem Twojej s\u0142u\u017cebnicy, *<br \/>\nTy rozerwa\u0142e\u015b moje kajdany. <strong>Refren.<\/strong><\/p>\n<p>Tobie z\u0142o\u017c\u0119 ofiar\u0119 pochwaln\u0105 *<br \/>\ni wezw\u0119 imienia Pana.<br \/>\nWype\u0142ni\u0119 me \u015bluby dla Pana *<br \/>\nprzed ca\u0142ym Jego ludem. <strong>Refren.<\/strong><\/p>\n<p><strong>\u00a0<\/strong><\/p>\n<p><strong>\u00a0<\/strong><strong>\u00a0<\/strong><\/p>\n<p><span style=\"color: #ff0000;\"><strong>DRUGIE CZYTANIE <\/strong><\/span><span style=\"color: #33cccc;\">1 Kor 11, 23-26<\/span> Ilekro\u0107 spo\u017cywacie ten chleb i pijecie kielich, \u015bmier\u0107 Pana g\u0142osicie<\/p>\n<p><strong>Czytanie z Pierwszego Listu \u015awi\u0119tego Paw\u0142a Aposto\u0142a do Koryntian<\/strong><\/p>\n<p>Bracia:<br \/>\nJa otrzyma\u0142em od Pana to, co wam przekaza\u0142em, \u017ce Pan Jezus tej nocy, kt\u00f3rej zosta\u0142 wydany, wzi\u0105\u0142 chleb i dzi\u0119ki uczyniwszy, po\u0142ama\u0142 i rzek\u0142: \u00abTo jest Cia\u0142o moje za was wydane. Czy\u0144cie to na moj\u0105 pami\u0105tk\u0119!\u00bb Podobnie, sko\u0144czywszy wieczerz\u0119, wzi\u0105\u0142 kielich, m\u00f3wi\u0105c: \u00abKielich ten jest Nowym Przymierzem we Krwi mojej. Czy\u0144cie to, ile razy pi\u0107 b\u0119dziecie, na moj\u0105 pami\u0105tk\u0119!\u00bb<br \/>\nIlekro\u0107 bowiem spo\u017cywacie ten chleb i pijecie kielich, \u015bmier\u0107 Pana g\u0142osicie, a\u017c przyjdzie.<\/p>\n<p><strong>Oto s\u0142owo Bo\u017ce.<\/strong><\/p>\n<p><strong><span style=\"color: #ff0000;\">\u015aPIEW PRZED EWANGELI\u0104 <\/span><\/strong><span style=\"color: #33cccc;\">J 13, 34<\/span><\/p>\n<p><strong><em>Aklamacja: Chwa\u0142a Tobie, Kr\u00f3lu wiek\u00f3w.<\/em><\/strong><\/p>\n<p>Daj\u0119 wam przykazanie nowe,\u00a0aby\u015bcie si\u0119 wzajemnie mi\u0142owali,<br \/>\ntak jak Ja was umi\u0142owa\u0142em.<\/p>\n<p><strong><em>Aklamacja: Chwa\u0142a Tobie, Kr\u00f3lu wiek\u00f3w.<\/em><\/strong><\/p>\n<p><span style=\"color: #ff0000;\"><strong>EWANGELIA<\/strong><\/span> <span style=\"color: #33cccc;\">J 13, 1-15<\/span> <em>Do ko\u0144ca ich umi\u0142owa\u0142<\/em><\/p>\n<p><strong>S\u0142owa Ewangelii wed\u0142ug \u015awi\u0119tego Jana<\/strong><\/p>\n<p>By\u0142o to przed \u015awi\u0119tem Paschy. Jezus, wiedz\u0105c, \u017ce nadesz\u0142a godzina Jego, by przeszed\u0142 z tego \u015bwiata do Ojca, umi\u0142owawszy swoich na \u015bwiecie, do ko\u0144ca ich umi\u0142owa\u0142.<\/p>\n<p>W czasie wieczerzy, gdy diabe\u0142 ju\u017c nak\u0142oni\u0142 serce Judasza Iskarioty, syna Szymona, aby Go wyda\u0142, Jezus, wiedz\u0105c, \u017ce Ojciec odda\u0142 Mu wszystko w r\u0119ce oraz \u017ce od Boga wyszed\u0142 i do Boga idzie, wsta\u0142 od wieczerzy i z\u0142o\u017cy\u0142 szaty. A wzi\u0105wszy prze\u015bcierad\u0142o, nim si\u0119 przepasa\u0142. Potem nala\u0142 wody do misy. I zacz\u0105\u0142 obmywa\u0107 uczniom nogi i ociera\u0107 prze\u015bcierad\u0142em, kt\u00f3rym by\u0142 przepasany.<\/p>\n<p>Podszed\u0142 wi\u0119c do Szymona Piotra, a on rzek\u0142 do Niego: \u00abPanie, Ty chcesz mi umy\u0107 nogi?\u00bb Jezus mu odpowiedzia\u0142: \u00abTego, co Ja czyni\u0119, ty teraz nie rozumiesz, ale poznasz to p\u00f3\u017aniej\u00bb. Rzek\u0142 do Niego Piotr: \u00abNie, nigdy mi nie b\u0119dziesz n\u00f3g umywa\u0142\u00bb.<\/p>\n<p>Odpowiedzia\u0142 mu Jezus: \u00abJe\u015bli ci\u0119 nie umyj\u0119, nie b\u0119dziesz mia\u0142 udzia\u0142u ze Mn\u0105\u00bb. Rzek\u0142 do Niego Szymon Piotr: \u00abPanie, nie tylko nogi moje, ale i r\u0119ce, i g\u0142ow\u0119!\u00bb<\/p>\n<p>Powiedzia\u0142 do niego Jezus: \u00abWyk\u0105pany potrzebuje tylko nogi sobie umy\u0107, bo ca\u0142y jest czysty. I wy jeste\u015bcie czy\u015bci, ale nie wszyscy\u00bb. Wiedzia\u0142 bowiem, kto Go wyda, dlatego powiedzia\u0142: \u00abNie wszyscy jeste\u015bcie czy\u015bci\u00bb.<\/p>\n<p>A kiedy im umy\u0142 nogi, przywdzia\u0142 szaty i zn\u00f3w zaj\u0105\u0142 miejsce przy stole, rzek\u0142 do nich: \u00abCzy rozumiecie, co wam uczyni\u0142em? Wy Mnie nazywacie \u201eNauczycielem\u201d i \u201ePanem\u201d, i dobrze m\u00f3wicie, bo nim jestem. Je\u017celi wi\u0119c Ja, Pan i Nauczyciel, umy\u0142em wam nogi, to i wy powinni\u015bcie sobie nawzajem umywa\u0107 nogi. Da\u0142em wam bowiem przyk\u0142ad, aby\u015bcie i wy tak czynili, jak Ja wam uczyni\u0142em\u00bb.<\/p>\n<p><strong>Oto s\u0142owo Pa\u0144skie.<\/strong><\/p>\n<p><span style=\"color: #ff0000;\"><strong>Medytacja\u00a0 <\/strong><\/span><\/p>\n<h4><span style=\"color: #3366ff;\">HOMILIA<\/span><\/h4>\n<h6>(KS. ZDZIS\u0141AW WIETRZAK SJ)<\/h6>\n<p><strong>To czy\u0144cie na Moj\u0105 pami\u0105tk\u0119.<\/strong><\/p>\n<p>Osobliwy jest dzisiejszy wiecz\u00f3r. Wyj\u0105tkowy. Uroczysty. Ostatni wiecz\u00f3r Jezusa sp\u0119dzony z uczniami. Spr\u00f3bujmy wi\u0119c wej\u015b\u0107 w\u00a0uczucia Pana Jezusa, gdy m\u00f3wi: \u201eGor\u0105co pragn\u0105\u0142em spo\u017cy\u0107 t\u0119 Pasch\u0119 z wami&raquo; (\u0141k 22, 14).<\/p>\n<p><strong>\u201eTej nocy Ja przejd\u0119 przez Egipt&raquo;.<\/strong><\/p>\n<p>Jest to najpierw wieczerza paschalna, czyli coroczna uczta \u017cydowska, oczekiwana i obchodzona jak u nas wigilia: uroczysta, podnios\u0142a i radosna. Opraw\u0105 tej uczty jest mi\u0119dzy innymi:<\/p>\n<p>&#8211;\u00a0st\u00f3\u0142 zastawiony upieczonym barankiem, prza\u015bnymi plackami, winem, galaretk\u0105 w kszta\u0142cie ceg\u0142y egipskiej, gorzkimi zio\u0142ami niewoli;<\/p>\n<p>&#8211;\u00a0biesiadnicy ubrani jak do wymarszu z podkasan\u0105 szat\u0105, sanda\u0142ami na nogach i kijem w r\u0119ku;<\/p>\n<p>&#8211;\u00a0opowie\u015b\u0107 o cudownym ocaleniu w s\u0142ynn\u0105 noc egipsk\u0105, pie\u015bni wdzi\u0119czno\u015bci za ocalenie i nadzieja wyzwolenia z niewoli;<\/p>\n<p>&#8211;\u00a0nastr\u00f3j sakralny, podnios\u0142y, radosny.<\/p>\n<p>Uczta ta scala\u0142a ca\u0142y nar\u00f3d z Bogiem Jahwe i z sob\u0105 r\u00f3wnie\u017c.<\/p>\n<p><strong>\u00a0\u201eCia\u0142o wydane&#8230; Krew przelana&raquo;.<\/strong><\/p>\n<p>Na tej uczcie Jezus nieoczekiwanie zaskoczy\u0142 aposto\u0142\u00f3w.<\/p>\n<p>Zaskoczy\u0142 najpierw scen\u0105 umywania n\u00f3g po sprzeczce mi\u0119dzy nimi, kto z nich jest wi\u0119kszy. Scena ta chwyta za serce. Po latach opisuje j\u0105 wyrazi\u015bcie \u015bw. Jan: Pan Jezus wsta\u0142 od sto\u0142u, przepasa\u0142 si\u0119, zacz\u0105\u0142 my\u0107 nogi zaskoczonym aposto\u0142om, bo czynno\u015b\u0107 ta nale\u017ca\u0142a do niewolnika. M\u00f3wi\u0142: Je\u017celi wi\u0119c Ja, Pan i nauczyciel, umy\u0142em wam nogi, to i wy powinni\u015bcie sobie nawzajem umywa\u0107 nogi. Chcia\u0142 przez to powiedzie\u0107, \u017ce maj\u0105 sobie s\u0142u\u017cy\u0107, us\u0142ugiwa\u0107, drugich za wy\u017cszych od siebie uwa\u017ca\u0107.<\/p>\n<p>Zaskoczy\u0142 Jezus aposto\u0142\u00f3w tak\u017ce smutkiem z powodu zdrady. Powiedzia\u0142: Jeden z was Mnie zdradzi. Jak to musia\u0142o wszystkich zelektryzowa\u0107. Tylko Piotr i Jan dowiedzieli si\u0119, \u017ce zdrajc\u0105 jest Judasz.<\/p>\n<p>Zaskoczy\u0142 Jezus wszystkich nowym obrz\u0119dem ustanowienia Eucharystii. Jezus w pewnej chwili zamy\u015bli\u0142 si\u0119. Zapewne my\u015bla\u0142 o swej krwawej ofierze nazajutrz, z\u0142o\u017conej Ojcu na zado\u015b\u0107uczynienie za nasze grzechy. Postanowi\u0142 dzi\u015b, w ten ostatni wiecz\u00f3r, utrwali\u0107 j\u0105 w spos\u00f3b bezkrwawy.<\/p>\n<p>Oddajmy g\u0142os siostrze Faustynie:<\/p>\n<p>Jezus pozwoli\u0142 mi wej\u015b\u0107 do Wieczernika&#8230; Jednak najg\u0142\u0119biej przej\u0119\u0142am si\u0119 chwil\u0105, w kt\u00f3rej Jezus przed konsekracj\u0105 wzni\u00f3s\u0142 oczy w niebo i wszed\u0142 w tajemnicz\u0105 rozmow\u0119 z Ojcem swoim&#8230; Oczy Jego by\u0142y jak dwa p\u0142omienie, twarz &#8211; rozpromieniona&#8230; ca\u0142a posta\u0107 majestatyczna; Jego dusza st\u0119skniona; w\u00a0chwili konsekracji odpocz\u0119\u0142a mi\u0142o\u015b\u0107 nasycona &#8211; ofiara w ca\u0142ej pe\u0142ni dokonana. Teraz tylko zewn\u0119trzna ceremonia \u015bmierci si\u0119 wype\u0142ni &#8211; zewn\u0119trzne zniszczenie, istota jest w Wieczerniku (Dz 684).<\/p>\n<p>Reszt\u0119 &#8211; opowiada kap\u0142an na ka\u017cdej Eucharystii, dokonuj\u0105c konsekracji chleba i wina i ka\u017c\u0105c spo\u017cywa\u0107 Cia\u0142o wydane i Krew przelan\u0105. To niepoj\u0119ta tajemnica wiary. Z mi\u0142o\u015bci do Ojca i do nas dokonana. Po to, aby nie usta\u0107 w drodze. T\u0119 my\u015bl rozwija liturgia Bo\u017cego Cia\u0142a, gdy\u017c bliska m\u0119ka przys\u0142ania ten temat.<\/p>\n<p>Nie zapomnijmy: za par\u0119 godzin Jezus p\u00f3jdzie na \u015bmier\u0107. Zapomina o sobie, a my\u015bli o nas i za nas si\u0119 wydaje.<\/p>\n<p><strong>Zako\u0144czenie<\/strong><\/p>\n<p>M\u00f3wili\u015bmy dzi\u015b o uczcie paschalnej i o ustanowieniu Wieczerzy Pa\u0144skiej, czyli o Eucharystii. Ale raz jeszcze przypomnijmy scen\u0119 najbardziej przemawiaj\u0105c\u0105 do cz\u0142owieka: umywanie n\u00f3g.<\/p>\n<p>Po to wi\u0119c uczestniczymy w Eucharystii, by nie usta\u0107 w\u00a0drodze, by doj\u015b\u0107 do domu Ojca. Uczestniczymy, by sobie s\u0142u\u017cy\u0107: w\u00a0domu, fabryce, w biurze; by na\u015bladowa\u0107 gest pokory, mi\u0142o\u015bci i przebaczenia.<\/p>\n<p>Chrystus S\u0142ug\u0105 &#8211; jak niewolnik.<\/p>\n<p>Chrze\u015bcijanin tak\u017ce s\u0142ug\u0105 jak niewolnik Chrystusa. Amen.<\/p>\n<p><span style=\"color: #993300;\">Chwila ciszy<\/span><\/p>\n<p><span style=\"color: #993300;\"><strong>\u00a0<\/strong><\/span><\/p>\n<p><span style=\"color: #ff0000;\"><strong>\u00a0Credo<\/strong><\/span><strong> (wyznanie wiary)<\/strong><\/p>\n<p>Wierz\u0119 w jednego Boga, Ojca Wszechmog\u0105cego, Stworzyciela nieba i ziemi, wszystkich rzeczy widzialnych i niewidzialnych. I w jednego Pana Jezusa Chrystusa, Syna Bo\u017cego Jednorodzonego, kt\u00f3ry z Ojca jest zrodzony przed wszystkimi wiekami. B\u00f3g z Boga, \u015awiat\u0142o\u015b\u0107 ze \u015awiat\u0142o\u015bci, B\u00f3g prawdziwy z Boga prawdziwego. Zrodzony a nie stworzony, wsp\u00f3\u0142istotny Ojcu, a przez Niego wszystko si\u0119 sta\u0142o. On to dla nas ludzi i dla naszego zbawienia zst\u0105pi\u0142 z nieba. I za spraw\u0105 Ducha \u015awi\u0119tego przyj\u0105\u0142 cia\u0142o z Maryi Dziewicy i sta\u0142 si\u0119 cz\u0142owiekiem. Ukrzy\u017cowany r\u00f3wnie\u017c za nas, pod Poncjuszem Pi\u0142atem zosta\u0142 um\u0119czony i pogrzebany. I zmartwychwsta\u0142 dnia trzeciego, jak oznajmia Pismo. I wst\u0105pi\u0142 do nieba; siedzi po prawicy Ojca. I powt\u00f3rnie przyjdzie w chwale s\u0105dzi\u0107 \u017cywych i umar\u0142ych, a Kr\u00f3lestwu Jego nie b\u0119dzie ko\u0144ca. Wierz\u0119 w Ducha \u015awi\u0119tego, Pana i O\u017cywiciela, kt\u00f3ry od Ojca i Syna pochodzi. Kt\u00f3ry z Ojcem i Synem wsp\u00f3lnie odbiera uwielbienie i chwa\u0142\u0119; kt\u00f3ry m\u00f3wi\u0142 przez Prorok\u00f3w. Wierz\u0119 w jeden, \u015bwi\u0119ty, powszechny i apostolski Ko\u015bci\u00f3\u0142. Wyznaj\u0119 jeden chrzest na odpuszczenie grzech\u00f3w. I oczekuj\u0119 wskrzeszenia umar\u0142ych. I \u017cycia wiecznego w przysz\u0142ym \u015bwiecie. Amen.<\/p>\n<p>&nbsp;<\/p>\n<p><span style=\"color: #ff0000;\">Obrz\u0119d mycia n\u00f3g<\/span><\/p>\n<p><span style=\"color: #ff0000;\">Modlitwa powszechna<\/span><\/p>\n<p>&nbsp;<\/p>\n<p><strong><em>Modlitwa powszechna<\/em><\/strong><\/p>\n<p><strong>Przez Jezusa Chrystusa, Najwy\u017cszego i Wiecznego Kap\u0142ana Nowego Przymierza, niech wzniesie si\u0119 nasza ufna modlitwa do Boga, naszego Ojca. <\/strong><strong>Pro\u015bmy Go pokornie.<\/strong><\/p>\n<ol>\n<li>Za \u015bwi\u0119ty Ko\u015bci\u00f3\u0142 powszechny, aby wytrwale dawa\u0142 wobec \u015bwiata czytelne \u015bwiadectwo mi\u0142o\u015bci Chrystusa.<br \/>\n<em>Ciebie prosimy \u2026<\/em><\/li>\n<li>Za Ojca \u015awi\u0119tego Franciszka, aby pe\u0142en mocy Ducha \u015awi\u0119tego przewodzi\u0142 Ko\u015bcio\u0142owi w mi\u0142o\u015bci.<\/li>\n<li>Za naszego Biskupa Berndta, wszystkich biskup\u00f3w, prezbiter\u00f3w i diakon\u00f3w, aby b\u0119d\u0105c wiernymi szafarzami Bo\u017cych tajemnic prowadzili powierzony sobie lud drogami zbawienia.<\/li>\n<li>Za wszystkich odczuwaj\u0105cych w swym sercu g\u0142os powo\u0142ania kap\u0142a\u0144skiego, aby szczerze i z gorliwo\u015bci\u0105 odpowiedzieli na Bo\u017ce wezwanie.<\/li>\n<li>Za zmar\u0142ych, aby odkupieni przez Chrystusa, mogli dost\u0105pi\u0107 udzia\u0142u w wiecznej Uczcie zbawionych.<\/li>\n<li>Za nasze \u015bwi\u0119te zgromadzenie, aby\u015bmy przez czyny mi\u0142o\u015bci na co dzie\u0144 \u015bwiadczyli wobec bli\u017anich, jeste\u015bmy uczniami Chrystusa.<\/li>\n<\/ol>\n<p><strong>Bo\u017ce, Ojcze wszelkiego mi\u0142osierdzia, kt\u00f3ry w swoim Synu Jezusie Chrystusie najpe\u0142niej ukaza\u0142e\u015b nam swoj\u0105 mi\u0142o\u015b\u0107 i nie przestajesz troszczy\u0107 si\u0119 o wszystkie swoje dzieci, przyjmij z upodobaniem nasze modlitwy i wspom\u00f3\u017c nas swoj\u0105 \u0142ask\u0105. Przez Chrystusa, Pana, naszego.<\/strong><\/p>\n<p><strong>\u00a0<\/strong><\/p>\n<p><span style=\"color: #ff0000;\"><strong>Pater noster \u2014 Ojcze nasz<\/strong><\/span><\/p>\n<ol>\n<li>Pro\u015bmy Ojca niebieskiego, aby odpu\u015bci\u0142 nam grzechy i zachowa\u0142 nas od z\u0142ego:<\/li>\n<li>Ojcze nasz, kt\u00f3ry\u015b jest w niebie: \u015bwi\u0119\u0107 si\u0119 imi\u0119 Twoje, przyjd\u017a Kr\u00f3lestwo Twoje, b\u0105d\u017a wola Twoja jako w niebie, tak i na ziemi. Chleba naszego powszedniego daj nam dzisiaj. I odpu\u015b\u0107 nam nasze winy, jako i my odpuszczamy naszym winowajcom. I nie w\u00f3d\u017a nas na pokuszenie, ale nas zbaw ode z\u0142ego.<\/li>\n<\/ol>\n<p><strong>\u00a0<\/strong><\/p>\n<p><strong>Baranku Bo\u017cy, kt\u00f3ry g\u0142adzisz grzechy \u015bwiata, zmi\u0142uj si\u0119 nad nami <\/strong><\/p>\n<p><strong>Baranku Bo\u017cy, kt\u00f3ry g\u0142adzisz grzechy \u015bwiata, zmi\u0142uj si\u0119 nad nami <\/strong><\/p>\n<p><strong>Baranku Bo\u017cy, kt\u00f3ry g\u0142adzisz grzechy \u015bwiata, obdarz nas pokojem<\/strong><\/p>\n<p><strong>\u00a0<\/strong><\/p>\n<p><span style=\"color: #ff0000;\"><strong>Modlitwa po Komunii<\/strong><\/span><\/p>\n<p><em>Panie Jezu, Bo\u017ce m\u00f3j i Zbawicielu, kt\u00f3ry by\u0142e\u015b opuszczony w czasie M\u0119ki Swojej, a teraz obecny w \u015awi\u0119tej Eucharystii, osamotniony i zamkni\u0119ty w Tabernakulach \u015bwiata umierasz z pragnienia, by wst\u0105pi\u0107 do ludzkiego serca. Przyjd\u017a Panie Jezu do n\u0119dznego serca mojego, oczy\u015b\u0107 go, u\u015bwi\u0119\u0107 go i zamieszkaj na zawsze. Przebacz mi wszystkie moje grzechy i zaniedbania, przemie\u0144 mnie w Siebie i dzia\u0142aj przeze mnie, abym w ka\u017cdej chwili \u017cycia, pe\u0142ni\u0142 tylko Twoj\u0105 Wol\u0119. Pragn\u0119 Ci\u0119 kocha\u0107 i wynagradza\u0107 za wszystkich ludzi niewdzi\u0119cznych i oboj\u0119tnych. Ty\u015b mnie o Jezu, nigdy nie opu\u015bci\u0142, nie dozw\u00f3l, abym ja mia\u0142 Ciebie kiedykolwiek opu\u015bci\u0107. Uwielbiam i kocham Ci\u0119 Jezu, Kr\u00f3lu i Zbawicielu m\u00f3j. B\u0105d\u017a jedyn\u0105 Mi\u0142o\u015bci\u0105 i pragnieniem moim w \u017cyciu i przy \u015bmierci. Amen.<br \/>\nJezu, Maryjo, J\u00f3zefie \u015aw. Wam oddaj\u0119 cia\u0142o i dusz\u0119 moj\u0105 teraz i w ostatniej chwili skonania mojego. Amen. <\/em>(http:\/\/www.modlitewnik.com.pl\/modlitwy\/198-komunia-duchowa)<\/p>\n<p style=\"text-align: center;\"><span style=\"color: #3366ff;\">OBRZ\u0118DY ZAKO\u0143CZENIA<\/span><\/p>\n<ol>\n<li>Niech nas B\u00f3g b\u0142ogos\u0142awi, broni od wszelkiego z\u0142a i doprowadzi do \u017cycia wiecznego.<\/li>\n<li>Amen.<\/li>\n<li>Id\u017acie w pokoju Chrystusa.<\/li>\n<li>Bogu niech b\u0119d\u0105 dzi\u0119ki.<\/li>\n<\/ol>\n<p><img loading=\"lazy\" decoding=\"async\" class=\"size-medium wp-image-7119 aligncenter\" src=\"https:\/\/stansgar.katolsk.no\/wp-content\/uploads\/2020\/04\/paven-300x188.jpg\" alt=\"\" width=\"300\" height=\"188\" srcset=\"https:\/\/stansgar.katolsk.no\/wp-content\/uploads\/2020\/04\/paven-300x188.jpg 300w, https:\/\/stansgar.katolsk.no\/wp-content\/uploads\/2020\/04\/paven-768x482.jpg 768w, https:\/\/stansgar.katolsk.no\/wp-content\/uploads\/2020\/04\/paven.jpg 900w\" sizes=\"auto, (max-width: 300px) 100vw, 300px\" \/><\/p>\n<p>&nbsp;<\/p>\n<p>Mo\u017cna odm\u00f3wi\u0107 jeszcze Anio\u0142 Pa\u0144ski<\/p>\n<p style=\"text-align: center;\"><span style=\"color: #b02e2e; font-size: 12pt;\">Modlitwa Anio\u0142 Pa\u0144ski<\/span><\/p>\n<ol>\n<li><strong> <em>Anio\u0142 Pa\u0144ski zwiastowa\u0142 Pannie Maryi<\/em> <\/strong><\/li>\n<li><strong> <em>i pocz\u0119\u0142a z Ducha \u015awi\u0119tego.<\/em><\/strong><\/li>\n<\/ol>\n<p><span style=\"color: #000080;\"><strong>Zdrowa\u015b Maryjo<\/strong><strong>\u2026<\/strong><\/span><\/p>\n<p><strong>K .<em>Oto ja, s\u0142u\u017cebnica Pa\u0144ska, <\/em><\/strong><\/p>\n<ol>\n<li><strong> <em>niech mi si\u0119 stanie wed\u0142ug s\u0142owa Twego.<\/em><\/strong><\/li>\n<\/ol>\n<p><span style=\"color: #000080;\"><strong>Zdrowa\u015b Maryjo<\/strong><strong>&#8230;<\/strong><\/span><\/p>\n<ol>\n<li><strong> <em>A S\u0142owo sta\u0142o si\u0119 cia\u0142em<\/em> <\/strong><\/li>\n<li><strong> <em>i mieszka\u0142o mi\u0119dzy nami.<\/em><\/strong><\/li>\n<\/ol>\n<p><span style=\"color: #000080;\"><strong>Zdrowa\u015b Maryjo<\/strong><strong>&#8230;<\/strong><\/span><\/p>\n<ol>\n<li><em>M\u00f3dl si\u0119 za nami, \u015bwi\u0119ta Bo\u017ca Rodzicielko<strong>,<\/strong><\/em><\/li>\n<li><em>aby\u015bmy si\u0119 stali godnymi obietnic Chrystusowych.<\/em><\/li>\n<li><strong> \u0141ask\u0119 Twoj\u0105 prosimy Ci\u0119,\u00a0<\/strong><strong>Panie, racz <\/strong><strong>wla\u0107 w serca nasze, aby\u015bmy kt\u00f3rzy za zwiastowaniem anielskim Wcielenie Chrystusa, Syna Twego poznali, przez M\u0119k\u0119 Jego i Krzy\u017c do chwa\u0142y zmartwychwstania byli doprowadzeni. Przez Chrystusa Pana naszego.\u00a0Amen<\/strong><\/li>\n<\/ol>\n<p><strong>\u00a0\u00a0<\/strong><span style=\"color: #ff0000;\"><strong>Chwa\u0142a Ojcu \u2026<\/strong><\/span><\/p>\n<p><span style=\"color: #ff0000;\"><strong>\u00a0\u00a0\u00a0 Wieczny odpoczynek \u2026<\/strong><\/span><\/p>\n<p><em>Witaj, Kr\u00f3lowo, Matko mi\u0142osierdzia, \u017cycia, s\u0142odyczy i nadziejo nasza, witaj! Do Ciebie wo\u0142amy wygna\u0144cy, synowie Ewy; do Ciebie wzdychamy j\u0119cz\u0105c i p\u0142acz\u0105c na tym \u0142ez padole. Przeto, Or\u0119downiczko nasza, one mi\u0142osierne oczy Twoje na nas zwr\u00f3\u0107, a Jezusa, b\u0142ogos\u0142awiony owoc \u017cywota Twojego, po tym wygnaniu nam oka\u017c. <\/em><em>O \u0142askawa, o lito\u015bciwa, o s\u0142odka Panno Maryjo!<\/em><\/p>\n<p><img loading=\"lazy\" decoding=\"async\" class=\"size-medium wp-image-6986 aligncenter\" src=\"https:\/\/stansgar.katolsk.no\/wp-content\/uploads\/2020\/03\/5bb699f1-b6a6-4d0f-b717-dfe7b48d8ece-300x200.jpeg\" alt=\"\" width=\"300\" height=\"200\" srcset=\"https:\/\/stansgar.katolsk.no\/wp-content\/uploads\/2020\/03\/5bb699f1-b6a6-4d0f-b717-dfe7b48d8ece-300x200.jpeg 300w, https:\/\/stansgar.katolsk.no\/wp-content\/uploads\/2020\/03\/5bb699f1-b6a6-4d0f-b717-dfe7b48d8ece.jpeg 768w\" sizes=\"auto, (max-width: 300px) 100vw, 300px\" \/><\/p>\n<p>&nbsp;<\/p>\n<p style=\"text-align: center;\">Wszystkim Parafianom ks. proboszcz Tien i ks. Dawid \u017cycz\u0105 dobrego wieczoru!<\/p>\n<p style=\"text-align: left;\"><span style=\"font-size: 8pt;\">Wszystkie teksty czyta\u0144, komentarzy i rozwa\u017ca\u0144 pochodz\u0105 z portalu www.wiara.pl\u00a0<\/span><\/p>\n<p>&nbsp;<\/p>\n","protected":false},"excerpt":{"rendered":"<p>Propozycja LITURGII S\u0142owa\u00a0Wielki Czwartek\u00a0Msza Wieczerzy Pa\u0144skiej\u00a009.04.2020 tekst p\u00e5 norsk &raquo; FEIRING\u00a0AV GUDS ORDS TJENESTE I FAMILIEN\u00a0HERRENS M\u00c5LTID (9. APRIL)&raquo;\u00a0https:\/\/stansgar.katolsk.no\/?p=7166 Ca\u0142a rodzina gromadzi si\u0119 przy krzy\u017cu i zapalonych \u015bwiecach. Rozpoczynamy znakiem krzy\u017ca. Jeden z cz\u0142onk\u00f3w rodziny prowadzi modlitwy (koordynator modlitwy) K&#8230;<br \/><a class=\"read-more-button\" href=\"https:\/\/stansgar.katolsk.no\/?p=7180\">Read more<\/a><\/p>\n","protected":false},"author":5,"featured_media":7167,"comment_status":"open","ping_status":"open","sticky":false,"template":"","format":"standard","meta":{"footnotes":""},"categories":[204],"tags":[],"class_list":["post-7180","post","type-post","status-publish","format-standard","has-post-thumbnail","hentry","category-ukategorisert-nb"],"_links":{"self":[{"href":"https:\/\/stansgar.katolsk.no\/index.php?rest_route=\/wp\/v2\/posts\/7180","targetHints":{"allow":["GET"]}}],"collection":[{"href":"https:\/\/stansgar.katolsk.no\/index.php?rest_route=\/wp\/v2\/posts"}],"about":[{"href":"https:\/\/stansgar.katolsk.no\/index.php?rest_route=\/wp\/v2\/types\/post"}],"author":[{"embeddable":true,"href":"https:\/\/stansgar.katolsk.no\/index.php?rest_route=\/wp\/v2\/users\/5"}],"replies":[{"embeddable":true,"href":"https:\/\/stansgar.katolsk.no\/index.php?rest_route=%2Fwp%2Fv2%2Fcomments&post=7180"}],"version-history":[{"count":2,"href":"https:\/\/stansgar.katolsk.no\/index.php?rest_route=\/wp\/v2\/posts\/7180\/revisions"}],"predecessor-version":[{"id":7182,"href":"https:\/\/stansgar.katolsk.no\/index.php?rest_route=\/wp\/v2\/posts\/7180\/revisions\/7182"}],"wp:featuredmedia":[{"embeddable":true,"href":"https:\/\/stansgar.katolsk.no\/index.php?rest_route=\/wp\/v2\/media\/7167"}],"wp:attachment":[{"href":"https:\/\/stansgar.katolsk.no\/index.php?rest_route=%2Fwp%2Fv2%2Fmedia&parent=7180"}],"wp:term":[{"taxonomy":"category","embeddable":true,"href":"https:\/\/stansgar.katolsk.no\/index.php?rest_route=%2Fwp%2Fv2%2Fcategories&post=7180"},{"taxonomy":"post_tag","embeddable":true,"href":"https:\/\/stansgar.katolsk.no\/index.php?rest_route=%2Fwp%2Fv2%2Ftags&post=7180"}],"curies":[{"name":"wp","href":"https:\/\/api.w.org\/{rel}","templated":true}]}}