{"id":7156,"date":"2020-04-08T14:25:48","date_gmt":"2020-04-08T12:25:48","guid":{"rendered":"https:\/\/stansgar.katolsk.no\/?p=7156"},"modified":"2020-04-08T14:25:48","modified_gmt":"2020-04-08T12:25:48","slug":"swiete-triduum-paschalne","status":"publish","type":"post","link":"https:\/\/stansgar.katolsk.no\/?p=7156","title":{"rendered":"\u015aWI\u0118TE TRIDUUM Paschalne"},"content":{"rendered":"<h1 style=\"text-align: center;\"><strong>\u015aWI\u0118TE TRIDUUM Paschalne<\/strong><\/h1>\n<p>&nbsp;<\/p>\n<p><img loading=\"lazy\" decoding=\"async\" class=\"size-medium wp-image-7150 aligncenter\" src=\"https:\/\/stansgar.katolsk.no\/wp-content\/uploads\/2020\/04\/tridium-e1586348229619-300x98.jpg\" alt=\"\" width=\"300\" height=\"98\" srcset=\"https:\/\/stansgar.katolsk.no\/wp-content\/uploads\/2020\/04\/tridium-e1586348229619-300x98.jpg 300w, https:\/\/stansgar.katolsk.no\/wp-content\/uploads\/2020\/04\/tridium-e1586348229619-1024x333.jpg 1024w, https:\/\/stansgar.katolsk.no\/wp-content\/uploads\/2020\/04\/tridium-e1586348229619-768x250.jpg 768w, https:\/\/stansgar.katolsk.no\/wp-content\/uploads\/2020\/04\/tridium-e1586348229619-956x311.jpg 956w, https:\/\/stansgar.katolsk.no\/wp-content\/uploads\/2020\/04\/tridium-e1586348229619.jpg 1036w\" sizes=\"auto, (max-width: 300px) 100vw, 300px\" \/><\/p>\n<p>tekst p\u00e5 norsk &laquo;P\u00c5SKENS HELLIGE TRIDUUM&raquo;\u00a0<a href=\"https:\/\/stansgar.katolsk.no\/?p=7149\">https:\/\/stansgar.katolsk.no\/?p=7149<\/a><\/p>\n<p><strong>Ko\u015bci\u00f3\u0142 \u015awi\u0119ty corocznie obchodzi najwa\u017cniejsze wydarzenia Jezusa, kt\u00f3re dokona\u0142y si\u0119 u kresu Jego ziemskiego \u017cycia: od Ostatniej Wieczerzy ze swoimi uczniami a\u017c do \u201epierwszego dnia tygodnia\u201d, kiedy ukaza\u0142 si\u0119 Maryi Madalene i innym kobietom. Wszystko, co Jezus uczyni\u0142, a zw\u0142aszcza \u015bmier\u0107 i zmartwychwstanie, przynios\u0142o nam zbawienie. Jego s\u0142owo jest tak\u017ce s\u0142owem, kt\u00f3re prowadzi nas do zbawienia.<\/strong><\/p>\n<p><strong>Od czas\u00f3w staro\u017cytnych Ko\u015bci\u00f3\u0142 dba\u0142 o godne obchodzenie \u015awi\u0119tego Triduum Paschalnego. W ci\u0105gu trzech dni upami\u0119tniamy ustanowienie Eucharystii w Wielki Czwartek, celebrujemy M\u0119k\u0119 Pa\u0144sk\u0105 i adorujemy krzy\u017c w Wielki Pi\u0105tek oraz uroczy\u015bcie obchodzimy Wigili\u0119 Paschaln\u0105. <\/strong><\/p>\n<p><strong>\u015awi\u0119te Triduum Paschalne jest g\u0142\u0119boko zwi\u0105zane z \u017cyciem ka\u017cdego chrze\u015bcijanina. Ca\u0142y Lud Bo\u017cy na \u015bwiecie obchodzi Pasch\u0119 Jezusa Chrystusa. I powstaj\u0105 z Zmartwychwsta\u0142ym ze \u015bmierci grzechu do Pana i wchodz\u0105 z Nim we wsp\u00f3lnot\u0119.<\/strong><\/p>\n<p><strong>Noc Wigilii Paschalnej jest najwa\u017cniejsz\u0105 noc\u0105 ca\u0142ego roku liturgicznego. Tej nocy modlimy si\u0119 szczeg\u00f3lnie za katechumen\u00f3w, kt\u00f3rzy zostan\u0105 ochrzczeni w \u015bmierci Chrystusa i wskrzeszeni wraz z Nim jako \u201enowe stworzenie\u201d. A my, kt\u00f3rzy zostali\u015bmy ochrzczeni i jeste\u015bmy cz\u0142onkami Chrystusa, odnawiamy przymierze chrztu. Oznacza to, \u017ce nadal kontynuujemy w\u0119dr\u00f3wk\u0119 z Jezusem w nowym \u017cyciu. Robimy to przed cz\u0119\u015bci\u0105 Liturgii Eucharystcznej.<\/strong><\/p>\n<p style=\"text-align: center;\"><strong>\u00a0<\/strong><\/p>\n<p style=\"text-align: center;\"><strong>Mo\u017cemy uczestniczy\u0107 w \u015awi\u0119tym Triduum Paschalnym, \u015bledz\u0105c na \u017cywo pos\u0142ug\u0119 S\u0142owa Bo\u017cego z broszur\u0105 w r\u0119ku.<\/strong><\/p>\n<p style=\"text-align: center;\"><strong>Pewnych przygotowa\u0144 mo\u017cemy dokona\u0107 w naszej rodzinie, kiedy obchodzimy \u015awi\u0119te Triduum Paschalne<\/strong><\/p>\n<p><strong>\u00a0<\/strong><\/p>\n<p><strong>9 kwietnia, Wielki Czwartek: Wieczorna Msza Wieczerzy Pa\u0144skiej<\/strong><\/p>\n<p>Msza \u015bw. o godzinie 18,00 (transmisja internetowa z ko\u015bcio\u0142a \u015bw. Ansgara)<\/p>\n<p>+ Krzy\u017c, o\u0142tarz, kwiaty, \u015bwiece<\/p>\n<p>+ Broszura z tekstami S\u0142owa Bo\u017cego<\/p>\n<p>+ misk\u0119 z wod\u0105, r\u0119cznik\/ obrusem.<\/p>\n<p>Na Mszy \u015bw. nie ma obrz\u0119du obmywania st\u00f3p. Zamiast tego mycie st\u00f3p powinno odbywa\u0107 si\u0119 w rodzinach. cz\u0142onkowie ka\u017cdej rodziny myj\u0105 sobie stopy nawzajem. \u00a0W ko\u015bciele\u00a0 \u015bpiew \u201eUbi Caritas\u201d.<\/p>\n<p>Po Mszy duchowej mo\u017cesz zorganizowa\u0107 ma\u0142\u0105 imprez\u0119 w rodzinie z ciastem. Nazywa si\u0119 to agape, uczt\u0105 mi\u0142o\u015bci.<\/p>\n<p><strong>\u00a0<\/strong><\/p>\n<p><strong>10 kwietnia, Wielki Pi\u0105tek: Ceremonie M\u0119ki Pa\u0144skiej<\/strong><\/p>\n<p>\u015awi\u0119towanie o godz 15,00<\/p>\n<p>i Droga Krzy\u017cowa o 17.00.<\/p>\n<p>+ Krzy\u017c, o\u0142tarz, \u015bwiece po dw\u00f3ch stronach krzy\u017ca<\/p>\n<p>+ Broszura S\u0142owa Bo\u017cego<\/p>\n<p>Oddanie czci krzy\u017cowi: rodzina ca\u0142uje krzy\u017c rodzinny<\/p>\n<p><strong>\u00a0<\/strong><\/p>\n<p><strong>\u00a011 kwietnia, Wigilia Paschalna<\/strong><\/p>\n<p>Msza wigilijna o 21.00<\/p>\n<p>+ Ma\u0142e \u015bwieczki dla wszystkich os\u00f3b w rodzinie<\/p>\n<p>+ Krzy\u017c, o\u0142tarz, \u015bwieczki<\/p>\n<p>+ Broszura S\u0142owa Bo\u017cego.<\/p>\n<p>W czasie po\u015bwi\u0119cenia \u015bwiecy paschalnej: \u015bwiat\u0142o w domach jest wy\u0142\u0105czone.<\/p>\n<p>Ka\u017cda osoba trzyma w r\u0119ku \u015bwieczk\u0119<\/p>\n<p>Zapal \u015bwiece, gdy kap\u0142ani zapal\u0105 \u015bwiec\u0119 wielkanocn\u0105<\/p>\n<p>\u015awiat\u0142o w domach rodzinnych zapalamy gdy w ko\u015bciele s\u0105 w\u0142\u0105czane \u015bwiat\u0142a<\/p>\n<p>Przynie\u015b kwiaty do o\u0142tarza \u015bpiewaj\u0105c \u201eChwa\u0142a na wysoko\u015bci\u2026\u201d<\/p>\n<p>Zapal \u015bwiece\u00a0 tak\u017ce podczas odnawiania przymierza chrzcielnego<\/p>\n<p><strong>\u00a0<\/strong><\/p>\n<p><strong>12 kwietnia, Wielkanoc: \u015awi\u0119to Zmartwychwstania Pa\u0144skiego<\/strong><\/p>\n<p>Uroczysta Msza \u015bw. o godz. 12.00<\/p>\n<p>+ Krzy\u017c, o\u0142tarz, \u015bwiece<\/p>\n<p>+ Broszura ze S\u0142owem Bo\u017cym.<\/p>\n<p><strong>\u00a0<\/strong><\/p>\n<p style=\"text-align: center;\"><strong><em>Jezus Chrystus Zamrtwychwsta\u0142. Alleluia. <\/em><\/strong><\/p>\n<p style=\"text-align: center;\"><strong><em>Weso\u0142ych \u015awi\u0105t<\/em><\/strong><\/p>\n","protected":false},"excerpt":{"rendered":"<p>\u015aWI\u0118TE TRIDUUM Paschalne &nbsp; tekst p\u00e5 norsk &laquo;P\u00c5SKENS HELLIGE TRIDUUM&raquo;\u00a0https:\/\/stansgar.katolsk.no\/?p=7149 Ko\u015bci\u00f3\u0142 \u015awi\u0119ty corocznie obchodzi najwa\u017cniejsze wydarzenia Jezusa, kt\u00f3re dokona\u0142y si\u0119 u kresu Jego ziemskiego \u017cycia: od Ostatniej Wieczerzy ze swoimi uczniami a\u017c do \u201epierwszego dnia tygodnia\u201d, kiedy ukaza\u0142 si\u0119 Maryi&#8230;<br \/><a class=\"read-more-button\" href=\"https:\/\/stansgar.katolsk.no\/?p=7156\">Read more<\/a><\/p>\n","protected":false},"author":5,"featured_media":7150,"comment_status":"open","ping_status":"open","sticky":false,"template":"","format":"standard","meta":{"footnotes":""},"categories":[204],"tags":[],"class_list":["post-7156","post","type-post","status-publish","format-standard","has-post-thumbnail","hentry","category-ukategorisert-nb"],"_links":{"self":[{"href":"https:\/\/stansgar.katolsk.no\/index.php?rest_route=\/wp\/v2\/posts\/7156","targetHints":{"allow":["GET"]}}],"collection":[{"href":"https:\/\/stansgar.katolsk.no\/index.php?rest_route=\/wp\/v2\/posts"}],"about":[{"href":"https:\/\/stansgar.katolsk.no\/index.php?rest_route=\/wp\/v2\/types\/post"}],"author":[{"embeddable":true,"href":"https:\/\/stansgar.katolsk.no\/index.php?rest_route=\/wp\/v2\/users\/5"}],"replies":[{"embeddable":true,"href":"https:\/\/stansgar.katolsk.no\/index.php?rest_route=%2Fwp%2Fv2%2Fcomments&post=7156"}],"version-history":[{"count":3,"href":"https:\/\/stansgar.katolsk.no\/index.php?rest_route=\/wp\/v2\/posts\/7156\/revisions"}],"predecessor-version":[{"id":7159,"href":"https:\/\/stansgar.katolsk.no\/index.php?rest_route=\/wp\/v2\/posts\/7156\/revisions\/7159"}],"wp:featuredmedia":[{"embeddable":true,"href":"https:\/\/stansgar.katolsk.no\/index.php?rest_route=\/wp\/v2\/media\/7150"}],"wp:attachment":[{"href":"https:\/\/stansgar.katolsk.no\/index.php?rest_route=%2Fwp%2Fv2%2Fmedia&parent=7156"}],"wp:term":[{"taxonomy":"category","embeddable":true,"href":"https:\/\/stansgar.katolsk.no\/index.php?rest_route=%2Fwp%2Fv2%2Fcategories&post=7156"},{"taxonomy":"post_tag","embeddable":true,"href":"https:\/\/stansgar.katolsk.no\/index.php?rest_route=%2Fwp%2Fv2%2Ftags&post=7156"}],"curies":[{"name":"wp","href":"https:\/\/api.w.org\/{rel}","templated":true}]}}