{"id":7100,"date":"2020-04-01T14:17:01","date_gmt":"2020-04-01T12:17:01","guid":{"rendered":"https:\/\/stansgar.katolsk.no\/?p=7100"},"modified":"2020-04-01T14:16:41","modified_gmt":"2020-04-01T12:16:41","slug":"transmisje-internetowe-w-wielkim-tygodniu-i-w-swieta-wielkanocne-2020","status":"publish","type":"post","link":"https:\/\/stansgar.katolsk.no\/?p=7100","title":{"rendered":"Transmisje internetowe w Wielkim Tygodniu i w \u015awi\u0119ta Wielkanocne 2020"},"content":{"rendered":"<p style=\"text-align: center;\"><strong>Transmisje internetowe w Wielkim Tygodniu i w \u015awi\u0119ta Wielkanocne 2020<\/strong><\/p>\n<p style=\"text-align: center;\"><strong>w ko\u015bciele \u015bw. Ansgara w Kristansand<\/strong><\/p>\n<p><strong>\u00a0<span style=\"color: #666699;\"><em>Det er info om d<\/em><\/span><\/strong><span style=\"color: #666699;\"><em><strong>irektesendte messer i St. Ansgar menighet\u00a0<\/strong><strong> i Den stille uke og p\u00e5sken 2020. Tekst p\u00e5 norsk\u00a0<a href=\"https:\/\/stansgar.katolsk.no\/?p=7104\">https:\/\/stansgar.katolsk.no\/?p=7104<\/a><\/strong><\/em><\/span><\/p>\n<p style=\"text-align: center;\"><span style=\"color: #ff0000;\"><strong><em>Uwaga w czasie transmisji \u201ena \u017cywo\u201d (online) ko\u015bci\u00f3\u0142 jest zamkni\u0119ty. Msze \u015bw. s\u0105 bez udzia\u0142u wiernych (z mo\u017cliwie najmniejsz\u0105 ilo\u015bci\u0105 obs\u0142ugi)<br \/>\nTransmisj\u0119 mo\u017cna \u015bledzi\u0107 na stronie \u201efacebookowej\u201d naszej parafii.<\/em><\/strong><\/span><\/p>\n<p><strong><u>Sobota 4. kwietnia<\/u><\/strong><u>: <\/u><\/p>\n<p><strong>13.00 Msza \u015bw. z liturgii Niedzieli Palmowej<\/strong> dla uczestnik\u00f3w katechezy online (po norwesku)<\/p>\n<p>&nbsp;<\/p>\n<p><strong>17.00 Msza \u015bw. z liturgii Niedzieli Palmowej<\/strong> (po polsku) <span style=\"color: #ff0000;\"><em>online<\/em><\/span><\/p>\n<p><em>Od 18.00 do 19.00 dla ch\u0119tnych modlitwa w ciszy, mo\u017cliwo\u015b\u0107 skorzystania ze spowiedzi i przyj\u0119cia<br \/>\nKomunii \u015bw.*<\/em><\/p>\n<p>&nbsp;<\/p>\n<p><span style=\"color: #ff0000;\"><strong><u>Niedziela 5. kwietnia: Niedziela Palmowa M\u0119ki Pa\u0144skiej<\/u><\/strong><\/span><\/p>\n<p><strong>08.00 <\/strong><strong>Msza \u015bw. z liturgii Niedzieli Palmowej<\/strong> (po polsku)<span style=\"color: #ff0000;\"><em> online<\/em><\/span><\/p>\n<p>&nbsp;<\/p>\n<p>od 9.00 do 11.45 <em>dla ch\u0119tnych modlitwa w ciszy, mo\u017cliwo\u015b\u0107 skorzystania ze spowiedzi i przyj\u0119cia Komunii \u015bw. *<\/em><\/p>\n<p>&nbsp;<\/p>\n<p><strong>12.00 <\/strong><strong>Msza \u015bw. z liturgii Niedzieli Palmowej<\/strong> (po norwesku)<span style=\"color: #ff0000;\"><em> online<\/em><\/span><\/p>\n<p>&nbsp;<\/p>\n<p><span style=\"color: #ffcc00;\"><strong><u>Czwartek 9. kwietnia: Wielki Czwartek<\/u><\/strong><\/span><\/p>\n<p>&nbsp;<\/p>\n<p><strong>18.00\u00a0Msza \u015aw. Wieczerzy Pa\u0144skiej<\/strong> (po norwesku)<span style=\"color: #ff0000;\"><em> online<\/em><\/span><\/p>\n<p>&nbsp;<\/p>\n<p><span style=\"color: #ff0000;\"><strong><u>Pi\u0105tek 10. kwietnia: Wielki Pi\u0105tek<\/u><\/strong> <\/span><em>(Post \u015bcis\u0142y \u2013 ograniczenie ilo\u015bciowe i jako\u015bciowe przyjmowanych posi\u0142k\u00f3w oraz abstynencja)<\/em><\/p>\n<p><strong>15.00\u00a0Ceremonie Wielkiego Pi\u0105tku<\/strong> (po norwesku)<span style=\"color: #ff0000;\"><em> online<\/em><\/span><\/p>\n<p>&nbsp;<\/p>\n<p><strong><u>Sobota 11. kwietnia: Wielka Sobota <\/u><\/strong><\/p>\n<p style=\"text-align: center;\"><strong><span style=\"font-size: 12pt; color: #ff0000;\">Uwaga!!! <\/span><br \/>\n<span style=\"font-size: 12pt; color: #ff0000;\">W tym roku nie ma tradycyjnego <\/span><br \/>\n<span style=\"font-size: 12pt; color: #ff0000;\">po\u015bwi\u0119cenia pokarm\u00f3w wielkanocnych<\/span><br \/>\n<\/strong><span style=\"color: #ff6600;\"><strong>(na stronie internetowej ko\u015bcio\u0142a i stronie facebook s\u0105 modlitwy,<br \/>\nkt\u00f3re mo\u017cna wykorzysta\u0107 przed \u015bniadaniem wielkanocnym).<\/strong><\/span><\/p>\n<p>&nbsp;<\/p>\n<p><strong>21.00 Wigilia Paschalna<\/strong> (po norwesku)<span style=\"color: #ff0000;\"><em> online<\/em><\/span><\/p>\n<p>&nbsp;<\/p>\n<p><span style=\"color: #ffcc00;\"><strong><u>Niedziela 12. kwietnia: Uroczysto\u015b\u0107 Zmartwychwstania Pa\u0144skiego<\/u><\/strong><\/span><\/p>\n<p><strong>8.00 Msza \u015bw. po polsku<\/strong><span style=\"color: #ff0000;\"><em> online<\/em><\/span><\/p>\n<p>&nbsp;<\/p>\n<p>od 9.00 do 11.45 <em>dla ch\u0119tnych modlitwa w ciszy, mo\u017cliwo\u015b\u0107 przyj\u0119cia Komunii \u015bw. * <\/em><\/p>\n<p>&nbsp;<\/p>\n<p>12.00\u00a0Msza \u015bw. Wielkanocna po norwesku<span style=\"color: #ff0000;\"><em> online<\/em><\/span><\/p>\n<p>&nbsp;<\/p>\n<p>*) Uwaga. Ze wzgl\u0119du na obowi\u0105zek podporz\u0105dkowania si\u0119 do przepis\u00f3w sanitarnych w zwi\u0105zku z pandemi\u0105 koronawirusa musimy zachowa\u0107 dystans 1,5 \u2013 2 metry oraz unika\u0107 zgromadze\u0144 powy\u017cej 5 os\u00f3b w ko\u015bciele. W razie pyta\u0144 i w\u0105tpliwo\u015bci prosimy o kontakt z ks. Dawidem (47978577)<\/p>\n<p>&nbsp;<\/p>\n<p>&nbsp;<\/p>\n<p>W zwi\u0105zku z nieodbywaniem si\u0119 w ko\u015bciele po\u015bwi\u0119cenia pokarm\u00f3w w Wielk\u0105 Sobot\u0119, publikujemy tekst po\u015bwi\u0119cenia pokarm\u00f3w:<\/p>\n<p style=\"text-align: center;\"><strong>\u00a0<\/strong><strong>B\u0141OGOS\u0141AWIE\u0143STWO POKARM\u00d3W WIELKANOCNYCH<br \/>\nW NIEDZIEL\u0118 ZMARTWYCHWSTANIA PA\u0143SKIEGO<\/strong><\/p>\n<p><em>Ojciec rodziny lub przewodnicz\u0105cy zapala \u015bwiec\u0119 umieszczon\u0105 na\u00a0stole i\u00a0m\u00f3wi:<\/em><br \/>\n<strong>Chrystus zmartwychwsta\u0142. Alleluja.<\/strong><\/p>\n<p><em>Wszyscy odpowiadaj\u0105:<\/em><br \/>\n<strong>Prawdziwie zmartwychwsta\u0142. Alleluja.<\/strong><\/p>\n<p>&nbsp;<\/p>\n<p><em>Nast\u0119pnie kto\u015b z\u00a0uczestnik\u00f3w odczytuje tekst Pisma \u015awi\u0119tego.<\/em><\/p>\n<p><strong>Z Listu \u015bwi\u0119tego Paw\u0142a Aposto\u0142a do\u00a0Tesaloniczan.<br \/>\nZawsze si\u0119 radujcie, nieustannie si\u0119 m\u00f3dlcie. W\u00a0Ka\u017cdym po\u0142o\u017ceniu dzi\u0119kujcie, taka jest bowiem wola Bo\u017ca w\u00a0Jezusie Chrystusie wzgl\u0119dem was.<\/strong><\/p>\n<p><em>\u00a0<\/em><\/p>\n<p><em>Po\u00a0odczytaniu tekstu przewodnicz\u0105cy m\u00f3wi:<\/em><\/p>\n<p><strong>M\u00f3dlmy si\u0119.<br \/>\nZ rado\u015bci\u0105 wys\u0142awiamy Ciebie, Panie Jezu Chryste, kt\u00f3ry po swoim zmartwychwstaniu ukaza\u0142e\u015b si\u0119 uczniom przy \u0142amaniu chleba. B\u0105d\u017a z nami, kiedy z wdzi\u0119czno\u015bci\u0105 spo\u017cywa\u0107 b\u0119dziemy te dary, i jak dzisiaj w braciach przyjmujemy Ciebie w go\u015bcin\u0119, przyjmij nas jako biesiadnik\u00f3w w Twoim kr\u00f3lestwie. Kt\u00f3ry \u017cyjesz i kr\u00f3lujesz na wieki wiek\u00f3w.<\/strong><\/p>\n<p><em>Wszyscy:<\/em>\u00a0<strong>Amen.<\/strong><\/p>\n<p><em>\u00a0<\/em><\/p>\n<p><em>Po posi\u0142ku ojciec rodziny lub przewodnicz\u0105cy m\u00f3wi:<\/em><\/p>\n<p><strong>Uczniowie poznali Pana. Alleluja.<\/strong><\/p>\n<p><em>Wszyscy:<\/em>\u00a0<strong>Przy \u0142amaniu chleba. Alleluja.<\/strong><\/p>\n<p><em>\u00a0<\/em><\/p>\n<p><em>Ojciec lub przewodnicz\u0105cy:<\/em><strong>\u00a0M\u00f3dlmy si\u0119:<br \/>\nBo\u017ce, \u017ar\u00f3d\u0142o \u017cycia, nape\u0142nij nasze serca paschaln\u0105 rado\u015bci\u0105 i\u00a0podobnie jak da\u0142e\u015b nam pokarm pochodz\u0105cy z\u00a0ziemi, spraw, aby zawsze trwa\u0142o w\u00a0nas nowe \u017cycie, kt\u00f3re wys\u0142u\u017cy\u0142 nam Chrystus przez\u00a0swoj\u0105 \u015bmier\u0107 i\u00a0zmartwychwstanie i\u00a0w\u00a0swoim mi\u0142osierdziu nam go udzieli\u0142. Kt\u00f3ry\u00a0\u017cyje i\u00a0kr\u00f3luje na\u00a0wieki wiek\u00f3w.<\/strong><\/p>\n<p><em>Wszyscy:<\/em>\u00a0<strong>Amen.<\/strong><\/p>\n<p>&nbsp;<\/p>\n<p><span style=\"font-size: 8pt;\">tekst z http:\/\/www.kazanow.przemyska.pl\/tekst-blogoslawienstwa-pokarmow-w-domach\/<\/span><\/p>\n","protected":false},"excerpt":{"rendered":"<p>Transmisje internetowe w Wielkim Tygodniu i w \u015awi\u0119ta Wielkanocne 2020 w ko\u015bciele \u015bw. Ansgara w Kristansand \u00a0Det er info om direktesendte messer i St. Ansgar menighet\u00a0 i Den stille uke og p\u00e5sken 2020. Tekst p\u00e5 norsk\u00a0https:\/\/stansgar.katolsk.no\/?p=7104 Uwaga w czasie transmisji&#8230;<br \/><a class=\"read-more-button\" href=\"https:\/\/stansgar.katolsk.no\/?p=7100\">Read more<\/a><\/p>\n","protected":false},"author":5,"featured_media":0,"comment_status":"open","ping_status":"open","sticky":false,"template":"","format":"standard","meta":{"footnotes":""},"categories":[204],"tags":[],"class_list":["post-7100","post","type-post","status-publish","format-standard","hentry","category-ukategorisert-nb"],"_links":{"self":[{"href":"https:\/\/stansgar.katolsk.no\/index.php?rest_route=\/wp\/v2\/posts\/7100","targetHints":{"allow":["GET"]}}],"collection":[{"href":"https:\/\/stansgar.katolsk.no\/index.php?rest_route=\/wp\/v2\/posts"}],"about":[{"href":"https:\/\/stansgar.katolsk.no\/index.php?rest_route=\/wp\/v2\/types\/post"}],"author":[{"embeddable":true,"href":"https:\/\/stansgar.katolsk.no\/index.php?rest_route=\/wp\/v2\/users\/5"}],"replies":[{"embeddable":true,"href":"https:\/\/stansgar.katolsk.no\/index.php?rest_route=%2Fwp%2Fv2%2Fcomments&post=7100"}],"version-history":[{"count":4,"href":"https:\/\/stansgar.katolsk.no\/index.php?rest_route=\/wp\/v2\/posts\/7100\/revisions"}],"predecessor-version":[{"id":7109,"href":"https:\/\/stansgar.katolsk.no\/index.php?rest_route=\/wp\/v2\/posts\/7100\/revisions\/7109"}],"wp:attachment":[{"href":"https:\/\/stansgar.katolsk.no\/index.php?rest_route=%2Fwp%2Fv2%2Fmedia&parent=7100"}],"wp:term":[{"taxonomy":"category","embeddable":true,"href":"https:\/\/stansgar.katolsk.no\/index.php?rest_route=%2Fwp%2Fv2%2Fcategories&post=7100"},{"taxonomy":"post_tag","embeddable":true,"href":"https:\/\/stansgar.katolsk.no\/index.php?rest_route=%2Fwp%2Fv2%2Ftags&post=7100"}],"curies":[{"name":"wp","href":"https:\/\/api.w.org\/{rel}","templated":true}]}}