{"id":7093,"date":"2020-03-27T13:07:33","date_gmt":"2020-03-27T12:07:33","guid":{"rendered":"https:\/\/stansgar.katolsk.no\/?p=7093"},"modified":"2020-03-27T13:07:33","modified_gmt":"2020-03-27T12:07:33","slug":"propozycja-modlitwy-v-niedziela-wielkiego-postu-29-03-2020","status":"publish","type":"post","link":"https:\/\/stansgar.katolsk.no\/?p=7093","title":{"rendered":"PROPOZYCJA MODLITWY  V NIEDZIELA WIELKIEGO POSTU 29.03.2020"},"content":{"rendered":"<p><span style=\"color: #333399;\"><strong>Propozycja modlitwy w rodzinie\u00a0<\/strong><strong>V niedziela Wielkiego Postu\u00a0<\/strong><strong>29.03.2020<\/strong><\/span><\/p>\n<p>tekst p\u00e5 norsk &raquo; <strong>FEIRING<\/strong>\u00a0<strong>AV\u00a0<\/strong><strong>GUDS ORDS TJENESTE I FAMILIEN\u00a0<\/strong><strong>5. S\u00d8NDAG I FASTEN (29. MARS)&raquo;\u00a0<a href=\"https:\/\/stansgar.katolsk.no\/?p=7090\">https:\/\/stansgar.katolsk.no\/?p=7090<\/a><\/strong><\/p>\n<p><img loading=\"lazy\" decoding=\"async\" class=\"size-medium wp-image-7001 aligncenter\" src=\"https:\/\/stansgar.katolsk.no\/wp-content\/uploads\/2020\/03\/Alter-300x131.png\" alt=\"\" width=\"300\" height=\"131\" srcset=\"https:\/\/stansgar.katolsk.no\/wp-content\/uploads\/2020\/03\/Alter-300x131.png 300w, https:\/\/stansgar.katolsk.no\/wp-content\/uploads\/2020\/03\/Alter.png 645w\" sizes=\"auto, (max-width: 300px) 100vw, 300px\" \/><\/p>\n<p><span style=\"color: #ff0000;\"><strong><em>Ca\u0142a rodzina gromadzi si\u0119 przy krzy\u017cu i zapalonych \u015bwiecach. Rozpoczynamy znakiem krzy\u017ca. Jeden z cz\u0142onk\u00f3w rodziny prowadzi modlitwy (koordynator modlitwy)<\/em><\/strong><\/span><\/p>\n<p><span style=\"color: #ff0000;\"><strong><em>K \u2014 koordynator modlitwy<\/em><\/strong><\/span><\/p>\n<p><span style=\"color: #ff0000;\"><strong><em>W \u2014 wszyscy<\/em><\/strong><\/span><\/p>\n<ol>\n<li>W imi\u0119 Ojca i Syna, i Ducha \u015awi\u0119tego. W. Amen.<\/li>\n<\/ol>\n<p><span style=\"color: #ff0000;\"><strong>Akt pokuty<\/strong><\/span><\/p>\n<ol>\n<li>Uznajmy przed Bogiem, \u017ce jeste\u015bmy grzeszni, aby\u015bmy mogli z czystym sercem uczestniczy\u0107 w tej liturgii.<\/li>\n<li>Spowiadam si\u0119 Bogu wszechmog\u0105cemu i wam, bracia i siostry, \u017ce bardzo zgrzeszy\u0142em my\u015bl\u0105, mow\u0105, uczynkiem, i zaniedbaniem: moja wina, moja wina, moja bardzo wielka wina. Przeto b\u0142agam Naj\u015bwi\u0119tsz\u0105 Maryj\u0119, zawsze Dziewic\u0119, wszystkich Anio\u0142\u00f3w i \u015awi\u0119tych, i was, bracia i siostry, o modlitw\u0119 za mnie do Pana Boga naszego.<\/li>\n<\/ol>\n<p>&nbsp;<\/p>\n<ol>\n<li>Niech si\u0119 zmi\u0142uje nad nami B\u00f3g wszechmog\u0105cy i odpu\u015bciwszy nam grzechy doprowadzi nas do \u017cycia wiecznego. W. Amen.<\/li>\n<\/ol>\n<p><strong>\u00a0<\/strong><\/p>\n<p><strong><span style=\"color: #ff0000;\">Kyrie<\/span> \u2014<\/strong> <strong>Panie zmi\u0142uj si\u0119 nad nami, <\/strong><\/p>\n<p><strong>Chryste zmi\u0142uj si\u0119 nad nami, <\/strong><\/p>\n<p><strong>Panie zmi\u0142uj si\u0119 nad nami.<\/strong><\/p>\n<p><strong>\u00a0<\/strong><\/p>\n<p><span style=\"color: #ff0000;\"><strong>Kolekta \u2014 modlitwa dnia<\/strong><\/span><\/p>\n<p>Prosimy Ci\u0119, Panie, nasz Bo\u017ce,\u00a0\u2020\u00a0udziel nam \u0142aski, aby\u015bmy gorliwie na\u015bladowali mi\u0142o\u015b\u0107 Twojego Syna,\u00a0*\u00a0kt\u00f3ry odda\u0142 w\u0142asne \u017cycie za zbawienie \u015bwiata. Przez naszego Pana Jezusa Chrystusa, Twojego Syna,\u00a0\u2020\u00a0kt\u00f3ry z Tob\u0105 \u017cyje i kr\u00f3luje w jedno\u015bci Ducha \u015awi\u0119tego,\u00a0*\u00a0B\u00f3g, przez wszystkie wieki wiek\u00f3w.<\/p>\n<ol>\n<li><strong> Amen<\/strong><\/li>\n<\/ol>\n<p style=\"text-align: center;\"><strong><span style=\"color: #00ccff;\">LITURGIA S\u0141OWA<\/span><\/strong><\/p>\n<p><strong><em><span style=\"color: #ff0000;\">Wprowadzenie do liturgii dnia<\/span><br \/>\n<\/em><\/strong><br \/>\nChrystus wskrzeszaj\u0105c \u0141azarza ukazuje si\u0119 jako Pan \u017cycia i \u015bmierci. On przyszed\u0142, by ludziom da\u0107 nadziej\u0119 \u017cycia wiecznego. Spe\u0142nia si\u0119 zapowied\u017a proroka Ezechiela, \u017ce B\u00f3g otworzy groby i obdarzy swym duchem nasze \u015bmiertelne cia\u0142a. Przez chrzest \u015bwi\u0119ty otrzymali\u015bmy Ducha \u015awi\u0119tego i chocia\u017c umieramy, jest w nas pierwiastek \u017cycia wiecznego \u2014 poucza \u015bw. Pawe\u0142. Przez pokut\u0119 zyskujemy na nowo nadziej\u0119 \u017cycia wiecznego.<\/p>\n<p><span style=\"color: #ff6600;\"><em>Liturgia S\u0142owa wg lekcjonarza z 2015 roku<\/em><\/span><\/p>\n<p><strong><span style=\"color: #ff0000;\">PIERWSZE CZYTANIE<\/span> <\/strong><strong>(<\/strong>Ez 37, 12-14) <em>Udziel\u0119 wam mego ducha, by\u015bcie o\u017cyli<\/em><\/p>\n<p>Czytanie z Ksi\u0119gi proroka Ezechiela<\/p>\n<p>Tak m\u00f3wi Pan B\u00f3g: \u00abOto otwieram wasze groby i wydobywam was z grob\u00f3w, ludu m\u00f3j, i wiod\u0119 was do kraju Izraela, i poznacie, \u017ce Ja jestem Pan, gdy wasze groby otworz\u0119 i z grob\u00f3w was wydob\u0119d\u0119, ludu m\u00f3j. Udziel\u0119 wam mego ducha, by\u015bcie o\u017cyli, i powiod\u0119 was do kraju waszego, i poznacie, \u017ce Ja, Pan, to powiedzia\u0142em i wykonam\u00bb \u2013 m\u00f3wi Pan B\u00f3g.<\/p>\n<p>Oto s\u0142owo Bo\u017ce.<\/p>\n<p><strong>\u00a0<\/strong><strong>\u00a0<\/strong><\/p>\n<p><span style=\"color: #ff0000;\"><strong>PSALM RESPONSORYJNY<\/strong><\/span> <strong>(<\/strong>Ps 130 (129), 1b-2. 3-4. 5-7a. 7b-8 (R.: por. 7bc)<\/p>\n<p><strong>Refren: B\u00f3g Zbawicielem, pe\u0142nym mi\u0142osierdzia.<\/strong><\/p>\n<p>Z g\u0142\u0119boko\u015bci wo\u0142am do Ciebie, Panie, *<br \/>\nPanie, wys\u0142uchaj g\u0142osu mego.<br \/>\nNachyl swe ucho *<br \/>\nna g\u0142os mojego b\u0142agania.<br \/>\n<strong>Refren.<\/strong><\/p>\n<p>Je\u015bli zachowasz pami\u0119\u0107 o grzechach, Panie, *<br \/>\nPanie, kt\u00f3\u017c si\u0119 ostoi?<br \/>\nAle Ty udzielasz przebaczenia, *<br \/>\naby Ci s\u0142u\u017cono z boja\u017ani\u0105.<br \/>\n<strong>Refren.<\/strong><\/p>\n<p>Pok\u0142adam nadziej\u0119 w Panu, \u2020<br \/>\ndusza moja pok\u0142ada nadziej\u0119 w Jego s\u0142owie, *<br \/>\ndusza moja oczekuje Pana.<br \/>\nBardziej ni\u017c stra\u017cnicy poranka *<br \/>\nniech Izrael wygl\u0105da Pana.<br \/>\n<strong>Refren.<\/strong><\/p>\n<p>U Pana jest bowiem \u0142aska, *<br \/>\nu Niego obfite odkupienie.<br \/>\nOn odkupi Izraela *<br \/>\nze wszystkich jego grzech\u00f3w.<br \/>\n<strong>Refren.<\/strong><\/p>\n<p><span style=\"color: #ff0000;\"><strong>DRUGIE CZYTANIE <\/strong><\/span><strong>(<\/strong>Rz 8, 8-11) <em>Mieszka w was Duch Tego, kt\u00f3ry wskrzesi\u0142 Jezusa<\/em><\/p>\n<p>Czytanie z Listu \u015awi\u0119tego Paw\u0142a Aposto\u0142a do Rzymian<\/p>\n<p>Bracia:<br \/>\nCi, kt\u00f3rzy wed\u0142ug cia\u0142a \u017cyj\u0105, Bogu podoba\u0107 si\u0119 nie mog\u0105. Wy jednak nie \u017cyjecie wed\u0142ug cia\u0142a, lecz wed\u0142ug Ducha, je\u015bli tylko Duch Bo\u017cy w was mieszka.<\/p>\n<p>Je\u017celi za\u015b kto\u015b nie ma Ducha Chrystusowego, ten do Niego nie nale\u017cy. Skoro za\u015b Chrystus w was mieszka, cia\u0142o wprawdzie podlega \u015bmierci ze wzgl\u0119du na skutki grzechu, duch jednak ma \u017cycie na skutek usprawiedliwienia. A je\u017celi mieszka w was Duch Tego, kt\u00f3ry Jezusa wskrzesi\u0142 z martwych, to Ten, co wskrzesi\u0142 Chrystusa Jezusa z martwych, przywr\u00f3ci do \u017cycia wasze \u015bmiertelne cia\u0142a moc\u0105 mieszkaj\u0105cego w was swego Ducha.<\/p>\n<p>Oto s\u0142owo Bo\u017ce.<\/p>\n<p><span style=\"color: #ff0000;\"><strong>\u015aPIEW PRZED EWANGELI\u0104 <\/strong><\/span><strong>(<\/strong>11, 25a. 26)<\/p>\n<p><strong>Aklamacja: Chwa\u0142a Tobie, S\u0142owo Bo\u017ce.<\/strong><\/p>\n<p>Ja jestem zmartwychwstaniem i \u017cyciem,<br \/>\nkto we Mnie wierzy, nie umrze na wieki.<\/p>\n<p><strong>Aklamacja: Chwa\u0142a Tobie, S\u0142owo Bo\u017ce.<\/strong><\/p>\n<p><strong><span style=\"color: #ff0000;\">EWANGELIA D\u0141U\u017bSZA<\/span> (<\/strong>J 11, 1-45) <em>Ja jestem zmartwychwstaniem i \u017cyciem<\/em><\/p>\n<p>S\u0142owa Ewangelii wed\u0142ug \u015awi\u0119tego Jana<\/p>\n<p>By\u0142 pewien chory, \u0141azarz z Betanii, ze wsi Marii i jej siostry, Marty. Maria za\u015b by\u0142a t\u0105, kt\u00f3ra nama\u015bci\u0142a Pana olejkiem i w\u0142osami swoimi otar\u0142a Jego nogi. Jej to brat, \u0141azarz, chorowa\u0142. Siostry zatem pos\u0142a\u0142y do Niego wiadomo\u015b\u0107: \u00abPanie, oto choruje ten, kt\u00f3rego Ty kochasz\u00bb. Jezus, us\u0142yszawszy to, rzek\u0142: \u00abChoroba ta nie zmierza ku \u015bmierci, ale ku chwale Bo\u017cej, aby dzi\u0119ki niej Syn Bo\u017cy zosta\u0142 otoczony chwa\u0142\u0105\u00bb.<\/p>\n<p>A Jezus mi\u0142owa\u0142 Mart\u0119 i jej siostr\u0119, i \u0141azarza.<\/p>\n<p>Gdy pos\u0142ysza\u0142 o jego chorobie, pozosta\u0142 przez dwa dni tam, gdzie przebywa\u0142. Dopiero potem powiedzia\u0142 do swoich uczni\u00f3w: \u00abChod\u017amy zn\u00f3w do Judei\u00bb.<\/p>\n<p>Rzekli do Niego uczniowie: \u00abRabbi, dopiero co \u017bydzi usi\u0142owali Ci\u0119 ukamienowa\u0107 i zn\u00f3w tam idziesz?\u00bb<\/p>\n<p>Jezus im odpowiedzia\u0142: \u00abCzy\u017c dzie\u0144 nie liczy dwunastu godzin? Je\u015bli kto\u015b chodzi za dnia, nie potyka si\u0119, poniewa\u017c widzi \u015bwiat\u0142o tego \u015bwiata. Je\u017celi jednak kto\u015b chodzi w nocy, potknie si\u0119, poniewa\u017c brak mu \u015bwiat\u0142a\u00bb.<\/p>\n<p>To powiedzia\u0142, a nast\u0119pnie rzek\u0142 do nich: \u00ab\u0141azarz, przyjaciel nasz, zasn\u0105\u0142, lecz id\u0119 go obudzi\u0107\u00bb.<\/p>\n<p>Uczniowie rzekli do Niego: \u00abPanie, je\u017celi zasn\u0105\u0142, to wyzdrowieje\u00bb. Jezus jednak m\u00f3wi\u0142 o jego \u015bmierci, a im si\u0119 wydawa\u0142o, \u017ce m\u00f3wi o zwyczajnym \u015bnie.<\/p>\n<p>Wtedy Jezus powiedzia\u0142 im otwarcie: \u00ab\u0141azarz umar\u0142, ale raduj\u0119 si\u0119, \u017ce Mnie tam nie by\u0142o, ze wzgl\u0119du na was, aby\u015bcie uwierzyli. Lecz chod\u017amy do niego\u00bb.<\/p>\n<p>A Tomasz, zwany Didymos, rzek\u0142 do wsp\u00f3\u0142uczni\u00f3w: \u00abChod\u017amy tak\u017ce i my, aby razem z Nim umrze\u0107\u00bb.<\/p>\n<p>Kiedy Jezus tam przyby\u0142, zasta\u0142 \u0141azarza ju\u017c od czterech dni spoczywaj\u0105cego w grobie. A Betania by\u0142a oddalona od Jerozolimy oko\u0142o pi\u0119tnastu stadi\u00f3w. I wielu \u017byd\u00f3w przyby\u0142o przedtem do Marty i Marii, aby je pocieszy\u0107 po utracie brata.<\/p>\n<p>Kiedy wi\u0119c Marta dowiedzia\u0142a si\u0119, \u017ce Jezus nadchodzi, wysz\u0142a Mu na spotkanie. Maria za\u015b siedzia\u0142a w domu. Marta wi\u0119c rzek\u0142a do Jezusa: \u00abPanie, gdyby\u015b tu by\u0142, m\u00f3j brat by nie umar\u0142. Lecz i teraz wiem, \u017ce B\u00f3g da Ci wszystko, o cokolwiek by\u015b prosi\u0142 Boga\u00bb.<\/p>\n<p>Rzek\u0142 do niej Jezus: \u00abBrat tw\u00f3j zmartwychwstanie\u00bb.<\/p>\n<p>Marta Mu odrzek\u0142a: \u00abWiem, \u017ce powstanie z martwych w czasie zmartwychwstania w dniu ostatecznym\u00bb.<\/p>\n<p>Powiedzia\u0142 do niej Jezus: \u00abJa jestem zmartwychwstaniem i \u017cyciem. Kto we Mnie wierzy, to cho\u0107by umar\u0142, \u017cy\u0107 b\u0119dzie. Ka\u017cdy, kto \u017cyje i wierzy we Mnie, nie umrze na wieki. Wierzysz w to?\u00bb<\/p>\n<p>Odpowiedzia\u0142a Mu: \u00abTak, Panie! Ja mocno wierz\u0119, \u017ce Ty jeste\u015b Mesjasz, Syn Bo\u017cy, kt\u00f3ry mia\u0142 przyj\u015b\u0107 na \u015bwiat\u00bb.<\/p>\n<p>Gdy to powiedzia\u0142a, odesz\u0142a i przywo\u0142a\u0142a ukradkiem swoj\u0105 siostr\u0119, m\u00f3wi\u0105c: \u00abNauczyciel tu jest i wo\u0142a ci\u0119\u00bb.Skoro za\u015b tamta to us\u0142ysza\u0142a, wsta\u0142a szybko i uda\u0142a si\u0119 do Niego. Jezus za\u015b nie przyby\u0142 jeszcze do wsi, lecz by\u0142 wci\u0105\u017c w tym miejscu, gdzie Marta wysz\u0142a Mu na spotkanie. \u017bydzi, kt\u00f3rzy byli z ni\u0105 w domu i pocieszali j\u0105, widz\u0105c, \u017ce Maria szybko wsta\u0142a i wysz\u0142a, udali si\u0119 za ni\u0105, przekonani, \u017ce idzie do grobu, aby tam p\u0142aka\u0107.<\/p>\n<p>A gdy Maria przysz\u0142a na miejsce, gdzie by\u0142 Jezus, ujrzawszy Go, pad\u0142a Mu do n\u00f3g i rzek\u0142a do Niego: \u00abPanie, gdyby\u015b tu by\u0142, m\u00f3j brat by nie umar\u0142\u00bb.<\/p>\n<p>Gdy wi\u0119c Jezus zobaczy\u0142 j\u0105 p\u0142acz\u0105c\u0105 i p\u0142acz\u0105cych \u017byd\u00f3w, kt\u00f3rzy razem z ni\u0105 przyszli, wzruszy\u0142 si\u0119 w duchu, rozrzewni\u0142 i zapyta\u0142: \u00abGdzie go po\u0142o\u017cyli\u015bcie?\u00bb<\/p>\n<p>Odpowiedzieli Mu: \u00abPanie, chod\u017a i zobacz!\u00bb Jezus zap\u0142aka\u0142. \u017bydzi wi\u0119c m\u00f3wili: \u00abOto jak go mi\u0142owa\u0142!\u00bb Niekt\u00f3rzy za\u015b z nich powiedzieli: \u00abCzy Ten, kt\u00f3ry otworzy\u0142 oczy niewidomemu, nie m\u00f3g\u0142 sprawi\u0107, by on nie umar\u0142?\u00bb<\/p>\n<p>A Jezus, ponownie okazuj\u0105c g\u0142\u0119bokie wzruszenie, przyszed\u0142 do grobu. By\u0142a to pieczara, a na niej spoczywa\u0142 kamie\u0144.<\/p>\n<p>Jezus powiedzia\u0142: \u00abUsu\u0144cie kamie\u0144!\u00bb<\/p>\n<p>Siostra zmar\u0142ego, Marta, rzek\u0142a do Niego: \u00abPanie, ju\u017c cuchnie. Le\u017cy bowiem od czterech dni w grobie\u00bb.<\/p>\n<p>Jezus rzek\u0142 do niej: \u00abCzy\u017c nie powiedzia\u0142em ci, \u017ce je\u015bli uwierzysz, ujrzysz chwa\u0142\u0119 Bo\u017c\u0105?\u00bb<\/p>\n<p>Usuni\u0119to wi\u0119c kamie\u0144. Jezus wzni\u00f3s\u0142 oczy do g\u00f3ry i rzek\u0142: \u00abOjcze, dzi\u0119kuj\u0119 Ci, \u017ce Mnie wys\u0142ucha\u0142e\u015b. Ja wiedzia\u0142em, \u017ce Mnie zawsze wys\u0142uchujesz. Ale ze wzgl\u0119du na otaczaj\u0105cy Mnie t\u0142um to powiedzia\u0142em, aby uwierzyli, \u017ce Ty Mnie pos\u0142a\u0142e\u015b\u00bb. To powiedziawszy, zawo\u0142a\u0142 dono\u015bnym g\u0142osem: \u00ab\u0141azarzu, wyjd\u017a na zewn\u0105trz!\u00bb I wyszed\u0142 zmar\u0142y, maj\u0105c nogi i r\u0119ce przewi\u0105zane opaskami, a twarz jego by\u0142a owini\u0119ta chust\u0105. Rzek\u0142 do nich Jezus: \u00abRozwi\u0105\u017ccie go i pozw\u00f3lcie mu chodzi\u0107\u00bb.<\/p>\n<p>Wielu zatem spo\u015br\u00f3d \u017byd\u00f3w przyby\u0142ych do Marii, ujrzawszy to, czego Jezus dokona\u0142, uwierzy\u0142o w Niego.<\/p>\n<p>Oto s\u0142owo Pa\u0144skie.<\/p>\n<p><span style=\"color: #ff0000;\"><strong>Medytacja\u00a0 <\/strong><\/span><\/p>\n<h3><span style=\"font-size: 12pt;\">Si\u0142a mi\u0142o\u015bci (ks. Leszek Smoli\u0144ski)<\/span><\/h3>\n<p>S\u0105 ludzie, kt\u00f3rzy rozsiewaj\u0105 wok\u00f3\u0142 siebie wo\u0144 dobra. Tak\u0105 osob\u0105 by\u0142 Jezus Chrystus, przyjaciel Marty, Marii i \u0141azarza. Przyjaciel ka\u017cdego z nas. To On ma w\u0142adz\u0119 nad \u015bmierci\u0105. Tylko On mo\u017ce powiedzie\u0107: \u201e\u0141azarzu, wyjd\u017a na zewn\u0105trz!\u201d. Bardzo wymowne s\u0105 tu ludzkie odruchy Jezusa: g\u0142\u0119bokie wzruszenie i p\u0142acz. Pewnie nawet najwi\u0119kszy \u201etwardziel\u201d nie ukry\u0142by w takim momencie wzruszenia. Taka jest w\u0142a\u015bnie si\u0142a mi\u0142o\u015bci.<\/p>\n<p>To mi\u0142o\u015b\u0107 przemienia oblicze cz\u0142owieka, oblicze \u015bwiata. Przebacza, ociera niepotrzebne \u0142zy, tuli rozdygotane d\u0142onie, koi niespokojne serce. Potrafi dostrzec obraz i podobie\u0144stwo Bo\u017ce\u2026 Kapelan jednego z polskich szpitali dzieli\u0142 si\u0119 swoim spotkaniem z cz\u0142owiekiem chorym na AIDS. Pewnego razu uda\u0142 si\u0119 na oddzia\u0142, aby odwiedzi\u0107 le\u017c\u0105cych tam chorych. Gdy przyby\u0142 do jednej z sal, na kt\u00f3rej le\u017ca\u0142 \u00f3w chory, zaproponowa\u0142 mu spowied\u017a. A on oburzony t\u0105 propozycj\u0105 zacz\u0105\u0142 wo\u0142a\u0107, \u017ce Boga nie ma, bo on musi tak strasznie cierpie\u0107. Bezradny kapelan usiad\u0142 przy jego \u0142\u00f3\u017cku i odruchowo chwyci\u0142 go za r\u0119k\u0119. Po pewnym czasie \u00f3w chory ju\u017c z ca\u0142kiem innym spojrzeniem powiedzia\u0142: \u201eMusi co\u015b w tym by\u0107, bo jeste\u015b pierwszym cz\u0142owiekiem, kt\u00f3ry od kilku miesi\u0119cy chwyci\u0142 mnie za r\u0119k\u0119 bez r\u0119kawiczki\u201d. I poprosi\u0142 o spowied\u017a. Ten niby drobny gest dokona\u0142 tak wielkiej przemiany, otworzy\u0142 pe\u0142ne buntu serce chorego.<\/p>\n<p>Mi\u0142o\u015b\u0107 przemienia oblicze \u015bwiata. Jak\u017ce inaczej wygl\u0105da\u0142by nasze rodziny i parafie gdyby zamiast smutnych, znu\u017conych i zm\u0119czonych twarzy, byli tam ludzie o pogodnych, u\u015bmiechni\u0119tych obliczach. Tylko mi\u0142o\u015b\u0107 mo\u017ce przemieni\u0107 nasze serca. Mi\u0142o\u015bci nie da si\u0119 kupi\u0107, ani tym bardziej znale\u017a\u0107 na ulicy, mo\u017cna ni\u0105 tylko kogo\u015b obdarowa\u0107 i wzajemnie otrzyma\u0107 j\u0105 w darze. Mi\u0142o\u015b\u0107 czysta, sprawiedliwa i m\u0105dra jest najwspanialszym darem, jaki mo\u017ce si\u0119 sta\u0107 naszym udzia\u0142em w spotkaniu z drugim cz\u0142owiekiem. Jest darem i nie wyp\u0142ywa z potrzeb cz\u0142owieka. Ona dopiero rodzi potrzeby. Nie dlatego przecie\u017c kocham cz\u0142owieka, \u017ce go potrzebuj\u0119, lecz dlatego go potrzebuj\u0119, \u017ce go kocham.<\/p>\n<p>Prawd\u0119 t\u0119 doskonale rozumia\u0142 \u015bw. Brat Albert, zwany \u015bw. Franciszkiem czas\u00f3w niesprawiedliwo\u015bci spo\u0142ecznej XIX wieku. Ten in\u017cynier, le\u015bnik, powstaniec, zdolny malarz &#8211; odnalaz\u0142 wreszcie swoje powo\u0142anie w s\u0142u\u017cbie najubo\u017cszym. \u015apieszy\u0142 na ratunek \u017cebrakom spotykanym na ulicy, dostrzegaj\u0105c w nich oblicze Chrystusa cierpi\u0105cego. \u201eDusz\u0119 swoj\u0105 dawa\u0142 Brat Albert za tych, za kt\u00f3rych w Krakowie ju\u017c nikt jej da\u0107 nie chcia\u0142. Dos\u0142ysza\u0142 w sobie g\u0142osy znak\u00f3w sakramentalnych i zwi\u0105zanej z nimi nowej kap\u0142a\u0144skiej mi\u0142o\u015bci; dos\u0142ysza\u0142 g\u0142osy, kt\u00f3re wo\u0142a\u0142y do niego (&#8230;) ca\u0142\u0105 przera\u017caj\u0105c\u0105 pot\u0119g\u0105 naszej n\u0119dzy z ko\u0144ca XIX wieku:<\/p>\n<p>\u00abDusz\u0119 swoj\u0105 dasz?\u00bb. Da\u0142\u201d.<\/p>\n<p>Czy potrafisz zawsze z u\u015bmiechem s\u0142u\u017cy\u0107 drugim? Potrzeba najpierw zobaczy\u0107, czy obok mnie nie ma potrzebuj\u0105cego. Zobaczmy w naszym bloku, na naszej ulicy. Wyszukajmy ludzi starszych, samotnych, o kt\u00f3rych zapomnieli ich najbli\u017csi. Zatroszczmy si\u0119 o nich. mo\u017ce trzeba da\u0107 zna\u0107 ksi\u0119dzu. A mo\u017ce sami pobrud\u017amy swoje r\u0119ce, by po\u015bwi\u0119ci\u0107 tym ludziom czas bez czekania, a\u017c nas o to poprosz\u0105\u2026 Niech to b\u0119dzie nasza wielkopostna ofiara dla Jezusa.<\/p>\n<p>Inne homilie (https:\/\/liturgia.wiara.pl\/doc\/420088.5-Niedziela-Wielkiego-Postu-A)<\/p>\n<p><span style=\"color: #ff0000;\"><strong>Credo<\/strong><\/span><strong> (wyznanie wiary)<\/strong><\/p>\n<p>Wierz\u0119 w jednego Boga, Ojca Wszechmog\u0105cego, Stworzyciela nieba i ziemi, wszystkich rzeczy widzialnych i niewidzialnych. I w jednego Pana Jezusa Chrystusa, Syna Bo\u017cego Jednorodzonego, kt\u00f3ry z Ojca jest zrodzony przed wszystkimi wiekami. B\u00f3g z Boga, \u015awiat\u0142o\u015b\u0107 ze \u015awiat\u0142o\u015bci, B\u00f3g prawdziwy z Boga prawdziwego. Zrodzony a nie stworzony, wsp\u00f3\u0142istotny Ojcu, a przez Niego wszystko si\u0119 sta\u0142o. On to dla nas ludzi i dla naszego zbawienia zst\u0105pi\u0142 z nieba. I za spraw\u0105 Ducha \u015awi\u0119tego przyj\u0105\u0142 cia\u0142o z Maryi Dziewicy i sta\u0142 si\u0119 cz\u0142owiekiem. Ukrzy\u017cowany r\u00f3wnie\u017c za nas, pod Poncjuszem Pi\u0142atem zosta\u0142 um\u0119czony i pogrzebany. I zmartwychwsta\u0142 dnia trzeciego, jak oznajmia Pismo. I wst\u0105pi\u0142 do nieba; siedzi po prawicy Ojca. I powt\u00f3rnie przyjdzie w chwale s\u0105dzi\u0107 \u017cywych i umar\u0142ych, a Kr\u00f3lestwu Jego nie b\u0119dzie ko\u0144ca. Wierz\u0119 w Ducha \u015awi\u0119tego, Pana i O\u017cywiciela, kt\u00f3ry od Ojca i Syna pochodzi. Kt\u00f3ry z Ojcem i Synem wsp\u00f3lnie odbiera uwielbienie i chwa\u0142\u0119; kt\u00f3ry m\u00f3wi\u0142 przez Prorok\u00f3w. Wierz\u0119 w jeden, \u015bwi\u0119ty, powszechny i apostolski Ko\u015bci\u00f3\u0142. Wyznaj\u0119 jeden chrzest na odpuszczenie grzech\u00f3w. I oczekuj\u0119 wskrzeszenia umar\u0142ych. I \u017cycia wiecznego w przysz\u0142ym \u015bwiecie. Amen.<\/p>\n<p>&nbsp;<\/p>\n<p><span style=\"color: #ff0000;\">Modlitwa powszechna<\/span><\/p>\n<ol>\n<li><strong> Obdarzeni o\u017cywiaj\u0105cym Duchem i przepe\u0142nieni wiar\u0105 w \u017cycie wieczne m\u00f3dlmy si\u0119 wsp\u00f3lnie:<\/strong><\/li>\n<li>M\u00f3dlmy si\u0119 za ca\u0142\u0105 wsp\u00f3lnot\u0119 Ko\u015bcio\u0142a, aby rozwija\u0142 si\u0119 na ca\u0142ym \u015bwiecie w Bo\u017cym Duchu prawdy, mi\u0142o\u015bci, jedno\u015bci i pokoju.<\/li>\n<\/ol>\n<p><em>Ciebie prosimy\u2026 Wys\u0142uchaj nas Panie <\/em><\/p>\n<ol start=\"2\">\n<li>M\u00f3dlmy si\u0119 za rz\u0105dz\u0105cych Polsk\u0105 i Norwegi\u0105. Aby odkryli swoje powo\u0142anie panowania, kt\u00f3re polega na uni\u017ceniu i s\u0142u\u017cbie braciom.<\/li>\n<\/ol>\n<p><em>Ciebie prosimy\u2026 Wys\u0142uchaj nas Panie <\/em><\/p>\n<p>&nbsp;<\/p>\n<ol start=\"3\">\n<li>M\u00f3dlmy si\u0119 za wszystkich, kt\u00f3rzy latami nie przyst\u0119puj\u0105 do Sakramentu Pokuty. Aby jak \u0141azarz wyszli z ciemnego grobu i doznali prawdziwego szcz\u0119\u015bcia w Chrystusie.<\/li>\n<\/ol>\n<p><em>Ciebie prosimy\u2026 Wys\u0142uchaj nas Panie <\/em><\/p>\n<p>&nbsp;<\/p>\n<ol start=\"4\">\n<li>M\u00f3dlmy si\u0119 za tych, kt\u00f3rzy nas wyprzedzili w pielgrzymowaniu do Domu Ojca. Aby Mi\u0142osierny Zbawiciel przebaczy\u0142 im grzechy.<\/li>\n<\/ol>\n<p><em>Ciebie prosimy\u2026 Wys\u0142uchaj nas Panie <\/em><\/p>\n<p>&nbsp;<\/p>\n<ol start=\"5\">\n<li>M\u00f3dlmy si\u0119 za nas samych, aby\u015bmy obdarowani przez Boga Jego Duchem, z czci\u0105 i szacunkiem odnosili si\u0119 do naszego cia\u0142a, kt\u00f3re kiedy\u015b zmartwychwstanie.<\/li>\n<\/ol>\n<p><em>Ciebie prosimy\u2026 Wys\u0142uchaj nas Panie <\/em><\/p>\n<p>&nbsp;<\/p>\n<ol>\n<li><strong>Bo\u017ce, w Tobie pok\u0142adamy nadziej\u0119. Wys\u0142uchaj \u0142askawie naszych pr\u00f3\u015bb kt\u00f3re z ufno\u015bci\u0105 zanie\u015bli\u015bmy Tobie. <\/strong><strong>Przez Chrystusa Pana Naszego.<\/strong><\/li>\n<\/ol>\n<p>&nbsp;<\/p>\n<ol>\n<li>M\u00f3dlmy si\u0119 do Ojca niebieskiego jak nas nauczy\u0142 Jezus Chrystus:<\/li>\n<\/ol>\n<p><span style=\"color: #ff0000;\"><strong>Pater noster \u2014 Ojcze nasz<\/strong><\/span><\/p>\n<ol>\n<li>Ojcze nasz, kt\u00f3ry\u015b jest w niebie: \u015bwi\u0119\u0107 si\u0119 imi\u0119 Twoje, przyjd\u017a Kr\u00f3lestwo Twoje, b\u0105d\u017a wola Twoja jako w niebie, tak i na ziemi. Chleba naszego powszedniego daj nam dzisiaj. I odpu\u015b\u0107 nam nasze winy, jako i my odpuszczamy naszym winowajcom. I nie w\u00f3d\u017a nas na pokuszenie, ale nas zbaw ode z\u0142ego.<\/li>\n<\/ol>\n<p><strong>\u00a0<\/strong><\/p>\n<p><strong>Baranku Bo\u017cy, kt\u00f3ry g\u0142adzisz grzechy \u015bwiata, zmi\u0142uj si\u0119 nad nami <\/strong><\/p>\n<p><strong>Baranku Bo\u017cy, kt\u00f3ry g\u0142adzisz grzechy \u015bwiata, zmi\u0142uj si\u0119 nad nami <\/strong><\/p>\n<p><strong>Baranku Bo\u017cy, kt\u00f3ry g\u0142adzisz grzechy \u015bwiata, obdarz nas pokojem<\/strong><\/p>\n<p><strong>\u00a0<\/strong><\/p>\n<p><span style=\"color: #ff0000;\"><strong>Modlitwa po Komunii<\/strong><\/span><\/p>\n<p><em>Panie Jezu, Bo\u017ce m\u00f3j i Zbawicielu, kt\u00f3ry by\u0142e\u015b opuszczony w czasie M\u0119ki Swojej, a teraz obecny w \u015awi\u0119tej Eucharystii, osamotniony i zamkni\u0119ty w Tabernakulach \u015bwiata umierasz z pragnienia, by wst\u0105pi\u0107 do ludzkiego serca. Przyjd\u017a Panie Jezu do n\u0119dznego serca mojego, oczy\u015b\u0107 go, u\u015bwi\u0119\u0107 go i zamieszkaj na zawsze. Przebacz mi wszystkie moje grzechy i zaniedbania, przemie\u0144 mnie w Siebie i dzia\u0142aj przeze mnie, abym w ka\u017cdej chwili \u017cycia, pe\u0142ni\u0142 tylko Twoj\u0105 Wol\u0119. Pragn\u0119 Ci\u0119 kocha\u0107 i wynagradza\u0107 za wszystkich ludzi niewdzi\u0119cznych i oboj\u0119tnych. Ty\u015b mnie o Jezu, nigdy nie opu\u015bci\u0142, nie dozw\u00f3l, abym ja mia\u0142 Ciebie kiedykolwiek opu\u015bci\u0107. Uwielbiam i kocham Ci\u0119 Jezu, Kr\u00f3lu i Zbawicielu m\u00f3j. B\u0105d\u017a jedyn\u0105 Mi\u0142o\u015bci\u0105 i pragnieniem moim w \u017cyciu i przy \u015bmierci. Amen.<br \/>\nJezu, Maryjo, J\u00f3zefie \u015aw. Wam oddaj\u0119 cia\u0142o i dusz\u0119 moj\u0105 teraz i w ostatniej chwili skonania mojego. Amen.<\/em><\/p>\n<p>(http:\/\/www.modlitewnik.com.pl\/modlitwy\/198-komunia-duchowa)<\/p>\n<p style=\"text-align: center;\"><strong><span style=\"color: #00ccff;\">OBRZ\u0118DY ZAKO\u0143CZENIA<\/span><\/strong><\/p>\n<ol>\n<li>Niech nas B\u00f3g b\u0142ogos\u0142awi, broni od wszelkiego z\u0142a i doprowadzi do \u017cycia wiecznego.<\/li>\n<\/ol>\n<p>.<\/p>\n<ol>\n<li>Amen.<\/li>\n<li>Id\u017acie w pokoju Chrystusa.<\/li>\n<li>Bogu niech b\u0119d\u0105 dzi\u0119ki.<\/li>\n<\/ol>\n<p>&nbsp;<\/p>\n<p>Mo\u017cna odm\u00f3wi\u0107 jeszcze Anio\u0142 Pa\u0144ski<\/p>\n<h1 style=\"text-align: center;\"><span style=\"color: #993300;\">Modlitwa Anio\u0142 Pa\u0144ski<\/span><\/h1>\n<ol>\n<li><strong> <em>Anio\u0142 Pa\u0144ski zwiastowa\u0142 Pannie Maryi<\/em> <\/strong><\/li>\n<li><strong> <em>i pocz\u0119\u0142a z Ducha \u015awi\u0119tego.<\/em><\/strong><\/li>\n<\/ol>\n<p><span style=\"color: #3366ff;\"><strong>Zdrowa\u015b Maryjo<\/strong><strong>\u2026<\/strong><\/span><\/p>\n<p><strong>K .<em>Oto ja, s\u0142u\u017cebnica Pa\u0144ska, <\/em><\/strong><\/p>\n<ol>\n<li><strong> <em>niech mi si\u0119 stanie wed\u0142ug s\u0142owa Twego.<\/em><\/strong><\/li>\n<\/ol>\n<p><span style=\"color: #3366ff;\"><strong>Zdrowa\u015b Maryjo<\/strong><strong>&#8230;<\/strong><\/span><\/p>\n<ol>\n<li><strong> <em>A S\u0142owo sta\u0142o si\u0119 cia\u0142em<\/em> <\/strong><\/li>\n<li><strong> <em>i mieszka\u0142o mi\u0119dzy nami.<\/em><\/strong><\/li>\n<\/ol>\n<p><span style=\"color: #3366ff;\"><strong>Zdrowa\u015b Maryjo<\/strong><strong>&#8230;<\/strong><\/span><\/p>\n<ol>\n<li><em>M\u00f3dl si\u0119 za nami, \u015bwi\u0119ta Bo\u017ca Rodzicielko<strong>,<\/strong><\/em><\/li>\n<li><em>aby\u015bmy si\u0119 stali godnymi obietnic Chrystusowych.<\/em><\/li>\n<li><strong> \u0141ask\u0119 Twoj\u0105 prosimy Ci\u0119,\u00a0<\/strong><strong>Panie, racz <\/strong><strong>wla\u0107 w serca nasze, aby\u015bmy kt\u00f3rzy za zwiastowaniem anielskim Wcielenie Chrystusa, Syna Twego poznali, przez M\u0119k\u0119 Jego i Krzy\u017c do chwa\u0142y zmartwychwstania byli doprowadzeni. Przez Chrystusa Pana naszego.\u00a0Amen<\/strong><\/li>\n<\/ol>\n<p><span style=\"color: #ff0000;\"><strong>\u00a0\u00a0<\/strong><strong>Chwa\u0142a Ojcu \u2026<\/strong><\/span><\/p>\n<p><span style=\"color: #ff0000;\"><strong>\u00a0\u00a0\u00a0 Wieczny odpoczynek \u2026<\/strong><\/span><\/p>\n<p><strong>\u00a0\u00a0\u00a0 Niech odpoczywaj\u0105 w pokoju.\u00a0<\/strong><strong>Amen.<\/strong><\/p>\n<p><strong>\u00a0<\/strong><\/p>\n<p><em>Witaj, Kr\u00f3lowo, Matko mi\u0142osierdzia, \u017cycia, s\u0142odyczy i nadziejo nasza, witaj! Do Ciebie wo\u0142amy wygna\u0144cy, synowie Ewy; do Ciebie wzdychamy j\u0119cz\u0105c i p\u0142acz\u0105c na tym \u0142ez padole. Przeto, Or\u0119downiczko nasza, one mi\u0142osierne oczy Twoje na nas zwr\u00f3\u0107, a Jezusa, b\u0142ogos\u0142awiony owoc \u017cywota Twojego, po tym wygnaniu nam oka\u017c. O \u0142askawa, o lito\u015bciwa, o s\u0142odka Panno Maryjo!<\/em><\/p>\n<p><img loading=\"lazy\" decoding=\"async\" class=\"size-medium wp-image-6986 aligncenter\" src=\"https:\/\/stansgar.katolsk.no\/wp-content\/uploads\/2020\/03\/5bb699f1-b6a6-4d0f-b717-dfe7b48d8ece-300x200.jpeg\" alt=\"\" width=\"300\" height=\"200\" srcset=\"https:\/\/stansgar.katolsk.no\/wp-content\/uploads\/2020\/03\/5bb699f1-b6a6-4d0f-b717-dfe7b48d8ece-300x200.jpeg 300w, https:\/\/stansgar.katolsk.no\/wp-content\/uploads\/2020\/03\/5bb699f1-b6a6-4d0f-b717-dfe7b48d8ece.jpeg 768w\" sizes=\"auto, (max-width: 300px) 100vw, 300px\" \/><\/p>\n<p>&nbsp;<\/p>\n<p>Wszystkim Parafianom ks. proboszcz Tien i ks. Dawid \u017cyczy udanej niedzieli i dobrego tygodnia.<\/p>\n<p>Jeste\u015bmy do waszej dyspozycji od wtorku do soboty od 17.30 do 19.00 (w pi\u0105tki ks. Dawid jest<br \/>\nw Arendal) oraz w niedziele od 8.30 do 10.00 (ks. Dawid) a p\u00f3\u017aniej ks. proboszcz<\/p>\n<p>Wtedy jest te\u017c mo\u017cliwo\u015b\u0107 skorzystania z sakramentu pokuty, rozwa\u017cy\u0107 s\u0142owo Bo\u017ce i przyj\u0105\u0107 Komuni\u0119 \u015aw.<\/p>\n<p><span style=\"font-size: 8pt;\">Wszystkie teksty czyta\u0144, komentarzy i rozwa\u017ca\u0144 pochodz\u0105 z portalu www.wiara.pl<\/span><\/p>\n<p>&nbsp;<\/p>\n<p>&nbsp;<\/p>\n","protected":false},"excerpt":{"rendered":"<p>Propozycja modlitwy w rodzinie\u00a0V niedziela Wielkiego Postu\u00a029.03.2020 tekst p\u00e5 norsk &raquo; FEIRING\u00a0AV\u00a0GUDS ORDS TJENESTE I FAMILIEN\u00a05. S\u00d8NDAG I FASTEN (29. MARS)&raquo;\u00a0https:\/\/stansgar.katolsk.no\/?p=7090 Ca\u0142a rodzina gromadzi si\u0119 przy krzy\u017cu i zapalonych \u015bwiecach. Rozpoczynamy znakiem krzy\u017ca. Jeden z cz\u0142onk\u00f3w rodziny prowadzi modlitwy (koordynator&#8230;<br \/><a class=\"read-more-button\" href=\"https:\/\/stansgar.katolsk.no\/?p=7093\">Read more<\/a><\/p>\n","protected":false},"author":5,"featured_media":7001,"comment_status":"open","ping_status":"open","sticky":false,"template":"","format":"standard","meta":{"footnotes":""},"categories":[204],"tags":[],"class_list":["post-7093","post","type-post","status-publish","format-standard","has-post-thumbnail","hentry","category-ukategorisert-nb"],"_links":{"self":[{"href":"https:\/\/stansgar.katolsk.no\/index.php?rest_route=\/wp\/v2\/posts\/7093","targetHints":{"allow":["GET"]}}],"collection":[{"href":"https:\/\/stansgar.katolsk.no\/index.php?rest_route=\/wp\/v2\/posts"}],"about":[{"href":"https:\/\/stansgar.katolsk.no\/index.php?rest_route=\/wp\/v2\/types\/post"}],"author":[{"embeddable":true,"href":"https:\/\/stansgar.katolsk.no\/index.php?rest_route=\/wp\/v2\/users\/5"}],"replies":[{"embeddable":true,"href":"https:\/\/stansgar.katolsk.no\/index.php?rest_route=%2Fwp%2Fv2%2Fcomments&post=7093"}],"version-history":[{"count":2,"href":"https:\/\/stansgar.katolsk.no\/index.php?rest_route=\/wp\/v2\/posts\/7093\/revisions"}],"predecessor-version":[{"id":7095,"href":"https:\/\/stansgar.katolsk.no\/index.php?rest_route=\/wp\/v2\/posts\/7093\/revisions\/7095"}],"wp:featuredmedia":[{"embeddable":true,"href":"https:\/\/stansgar.katolsk.no\/index.php?rest_route=\/wp\/v2\/media\/7001"}],"wp:attachment":[{"href":"https:\/\/stansgar.katolsk.no\/index.php?rest_route=%2Fwp%2Fv2%2Fmedia&parent=7093"}],"wp:term":[{"taxonomy":"category","embeddable":true,"href":"https:\/\/stansgar.katolsk.no\/index.php?rest_route=%2Fwp%2Fv2%2Fcategories&post=7093"},{"taxonomy":"post_tag","embeddable":true,"href":"https:\/\/stansgar.katolsk.no\/index.php?rest_route=%2Fwp%2Fv2%2Ftags&post=7093"}],"curies":[{"name":"wp","href":"https:\/\/api.w.org\/{rel}","templated":true}]}}