{"id":7090,"date":"2020-03-27T13:13:55","date_gmt":"2020-03-27T12:13:55","guid":{"rendered":"https:\/\/stansgar.katolsk.no\/?p=7090"},"modified":"2020-03-27T13:13:38","modified_gmt":"2020-03-27T12:13:38","slug":"feiring-av-guds-ords-tjeneste-5-sondag-i-fasten-29-mars","status":"publish","type":"post","link":"https:\/\/stansgar.katolsk.no\/?p=7090","title":{"rendered":"FEIRING AV GUDS ORDS TJENESTE 5. S\u00d8NDAG I FASTEN (29. MARS)"},"content":{"rendered":"<p><strong>FEIRING<\/strong> <strong>AV <\/strong><strong>GUDS ORDS TJENESTE I FAMILIEN\u00a0<\/strong><strong>5. S\u00d8NDAG I FASTEN (29. MARS)<\/strong><\/p>\n<p><img loading=\"lazy\" decoding=\"async\" class=\"size-medium wp-image-7001 aligncenter\" src=\"https:\/\/stansgar.katolsk.no\/wp-content\/uploads\/2020\/03\/Alter-300x131.png\" alt=\"\" width=\"300\" height=\"131\" srcset=\"https:\/\/stansgar.katolsk.no\/wp-content\/uploads\/2020\/03\/Alter-300x131.png 300w, https:\/\/stansgar.katolsk.no\/wp-content\/uploads\/2020\/03\/Alter.png 645w\" sizes=\"auto, (max-width: 300px) 100vw, 300px\" \/><\/p>\n<p>&nbsp;<\/p>\n<p><span style=\"color: #ff0000;\">Alle i familien samler seg foran et krusifiks, tenner lys, og begynner med korstegnet. En i familien leder Guds Ords tjeneste. Vi st\u00e5r:<\/span><\/p>\n<p><strong>I Faderens og S\u00f8nnens og Den Hellige \u00c5nds navn.<\/strong><\/p>\n<p><strong>Syndsbekjennelse<\/strong><\/p>\n<p>Jeg bekjenner for Gud, Den Allmektige, og for dere alle,<br \/>\nat jeg har syndet meget<br \/>\ni tanker og ord, gjerninger og fors\u00f8mmelser<br \/>\n<em>ved min skyld.<\/em><br \/>\nDerfor ber jeg den salige jomfru Maria,<br \/>\nalle engler og hellige<br \/>\nog dere alle:<br \/>\nbe for meg til Herren, v\u00e5r Gud.<\/p>\n<h3>Kyrie eleison<\/h3>\n<p>Kyrie, eleison.<\/p>\n<p>Kyrie, eleison.<\/p>\n<p>&nbsp;<\/p>\n<p>Christe, eleison.<\/p>\n<p>Christe, eleison.<\/p>\n<p>Kyrie, eleison.<\/p>\n<p>Kyrie, eleison.<\/p>\n<p><strong>\u00a0<\/strong><\/p>\n<p><strong>Kirkeb\u00f8nn<\/strong><\/p>\n<p>Leder: Herre, v\u00e5r Gud, av kj\u00e6rlighet til verden overgav din S\u00f8nn seg til d\u00f8den. Hjelp oss \u00e5 bli i hans kj\u00e6rlighet og leve ved din n\u00e5de alene. Ved v\u00e5r Herre, Jesus Kristus.<\/p>\n<p>Alle: Amen<\/p>\n<p><span style=\"color: #ff0000;\">Vi setter oss. En leser 1. lesning, Responsoriesalme, 2. lesning og Evangelievers.<\/span><\/p>\n<p>&nbsp;<\/p>\n<h2><strong>1. lesning\u00a0 \u00a0 \u00a0 \u00a0 \u00a0 \u00a0 \u00a0 \u00a0 \u00a0 \u00a0 \u00a0 \u00a0 \u00a0 \u00a0 \u00a0 \u00a0 \u00a0 \u00a0 \u00a0 \u00a0 \u00a0 \u00a0 \u00a0 \u00a0 \u00a0 \u00a0 \u00a0 \u00a0<\/strong>Esek 37,12b\u201314<\/h2>\n<p><em>\u00a0<\/em><\/p>\n<p><em>Jeg gir dere min \u00c5nd s\u00e5 dere blir levende<\/em><\/p>\n<p><strong>F\u00f8rste lesning st\u00e5r skrevet i Esekielsbok<\/strong><\/p>\n<p>S\u00e5 sier Herren Gud: Se, mitt folk, jeg \u00e5pner gravene deres og lar dere stige opp av dem. S\u00e5 f\u00f8rer jeg dere til Israels land. Dere skal sanne at jeg er Herren, n\u00e5r jeg \u00e5pner gravene deres, mitt folk, og lar dere stige opp av dem. Jeg gir dere min \u00c5nd s\u00e5 dere blir levende, og lar dere bo i deres eget land. Da skal dere sanne at jeg, Herren, har talt og setter det i verk, lyder ordet fra Herren.<\/p>\n<p>Slik lyder Herrens ord<\/p>\n<p>Alle: Gud v\u00e6re lovet<\/p>\n<h2><\/h2>\n<h2><strong>Responsoriesalme\u00a0\u00a0\u00a0\u00a0\u00a0\u00a0\u00a0\u00a0\u00a0\u00a0\u00a0\u00a0\u00a0\u00a0\u00a0\u00a0\u00a0\u00a0\u00a0\u00a0\u00a0\u00a0\u00a0\u00a0\u00a0\u00a0\u00a0\u00a0\u00a0\u00a0\u00a0\u00a0\u00a0 <\/strong>Sal 130 (129),1\u20132. 3\u20134ab. 4c\u20136. 7\u20138<\/h2>\n<p><strong>Omkved:<\/strong> Hos Herren er barmhjertighet,<br \/>\nog hos ham er forl\u00f8sningens fylde.<\/p>\n<p>Fra dypet kaller jeg p\u00e5 deg, Herre,<br \/>\nHerre, h\u00f8r min r\u00f8st.<br \/>\nGj\u00f8r ditt hjerte lydh\u00f8rt<br \/>\nfor mitt tryglende rop.<\/p>\n<p>Om du gjemte p\u00e5 misgjerninger, Herre,<br \/>\nHerre, hvem kunne da bli st\u00e5ende?<br \/>\nMen hos deg er tilgivelsen,<br \/>\ns\u00e5 vi med \u00e6refrykt skal tjene deg.<\/p>\n<p>Jeg setter min lit til Herren,<br \/>\nmin sjel h\u00e5per p\u00e5 hans ord.<br \/>\nMin sjel lenges etter Herren<br \/>\nmer enn vekteren lenges etter morgenr\u00f8den.<br \/>\nMer enn vekteren etter morgenr\u00f8den<br \/>\nlenges Israel etter Herren.<\/p>\n<p>For hos Herren er barmhjertighet,<br \/>\nog hos ham er forl\u00f8singens fylde.<br \/>\nOg han skal forl\u00f8se Israel<br \/>\nfra all dets syndeskyld.<\/p>\n<h2><\/h2>\n<h2><strong>2. lesning<\/strong><\/h2>\n<p>Rom 8,8\u201311<\/p>\n<p><em>Hans \u00c5nd, som oppreiste Jesus fra de d\u00f8de, bor i dere<\/em><\/p>\n<p><strong>Annen lesning st\u00e5r skrevet i Paulus\u2019 brev til romerne<\/strong><\/p>\n<p>Br\u00f8dre, de som f\u00f8lger den syndige natur, kan ikke v\u00e6re etter Guds sinn. Men dere lever ikke naturens liv, men \u00c5ndens, s\u00e5 sant Guds \u00c5nd bor i dere.<\/p>\n<p>Den som ikke eier Kristi \u00c5nd, h\u00f8rer ikke ham til; men dersom Kristus bor i dere, vil legemet nok v\u00e6re d\u00f8den undergitt p\u00e5 grunn av synden, men \u00e5nden levende i kraft av rettferdigheten. Og s\u00e5 sant hans \u00c5nd, som oppreiste Jesus fra de d\u00f8de, bor i dere, da skal han som oppreiste fra de d\u00f8de Kristus Jesus, ogs\u00e5 gi deres d\u00f8delige legemer liv ved sin \u00c5nd som bor i dere.<\/p>\n<p>Slik lyder Herrens ord<\/p>\n<p>Alle: Gud v\u00e6re lovet<\/p>\n<p>&nbsp;<\/p>\n<p><span style=\"color: #ff0000;\">Vi st\u00e5r.<\/span><\/p>\n<h2><strong>Evangelievers \u00a0\u00a0\u00a0\u00a0\u00a0\u00a0\u00a0\u00a0\u00a0\u00a0\u00a0\u00a0\u00a0\u00a0\u00a0\u00a0\u00a0\u00a0\u00a0\u00a0\u00a0\u00a0\u00a0\u00a0\u00a0\u00a0\u00a0\u00a0\u00a0\u00a0\u00a0\u00a0\u00a0\u00a0\u00a0\u00a0\u00a0\u00a0\u00a0\u00a0\u00a0\u00a0\u00a0\u00a0\u00a0\u00a0\u00a0\u00a0\u00a0\u00a0\u00a0\u00a0\u00a0\u00a0\u00a0\u00a0\u00a0\u00a0\u00a0\u00a0\u00a0\u00a0\u00a0\u00a0\u00a0\u00a0\u00a0\u00a0\u00a0\u00a0\u00a0\u00a0\u00a0\u00a0\u00a0\u00a0\u00a0\u00a0\u00a0\u00a0\u00a0\u00a0\u00a0\u00a0\u00a0\u00a0\u00a0\u00a0\u00a0\u00a0\u00a0\u00a0\u00a0\u00a0\u00a0\u00a0\u00a0\u00a0\u00a0\u00a0\u00a0\u00a0\u00a0\u00a0 <\/strong>Joh 11,25a.26<\/h2>\n<p>Jeg er oppstandelsen og livet, sier Herren.<br \/>\nDen som tror p\u00e5 meg, skal aldri i evighet d\u00f8.<\/p>\n<h2><strong>\u00a0<\/strong><\/h2>\n<h2><strong>Evangelium\u00a0\u00a0\u00a0\u00a0\u00a0\u00a0\u00a0\u00a0\u00a0\u00a0\u00a0\u00a0\u00a0\u00a0\u00a0\u00a0\u00a0\u00a0\u00a0\u00a0\u00a0\u00a0\u00a0\u00a0\u00a0\u00a0\u00a0\u00a0\u00a0\u00a0\u00a0\u00a0\u00a0\u00a0\u00a0\u00a0\u00a0\u00a0\u00a0\u00a0\u00a0\u00a0\u00a0\u00a0\u00a0\u00a0\u00a0\u00a0\u00a0\u00a0\u00a0\u00a0\u00a0\u00a0\u00a0\u00a0\u00a0\u00a0\u00a0\u00a0\u00a0\u00a0\u00a0\u00a0\u00a0\u00a0\u00a0\u00a0\u00a0\u00a0\u00a0\u00a0\u00a0\u00a0\u00a0\u00a0\u00a0\u00a0\u00a0\u00a0\u00a0\u00a0\u00a0\u00a0\u00a0\u00a0\u00a0\u00a0\u00a0\u00a0\u00a0\u00a0\u00a0\u00a0\u00a0\u00a0\u00a0\u00a0\u00a0\u00a0\u00a0\u00a0\u00a0\u00a0\u00a0\u00a0\u00a0\u00a0\u00a0 <\/strong>Joh 11,1\u201345<\/h2>\n<p><em>\u00a0<\/em><\/p>\n<p><em>Jeg er oppstandelsen og livet<\/em><\/p>\n<p><strong>Dette hellige Evangelium st\u00e5r skrevet hos evangelisten Johannes<\/strong><\/p>\n<p>En mann som het Lasarus, var syk; han var fra Betania, den landsbyen hvor Maria og hennes s\u00f8ster Marta bodde. Det var Maria som salvet Herren med salve og t\u00f8rret hans f\u00f8tter med sitt h\u00e5r. Og Lasarus, som var syk, var hennes bror. S\u00f8strene sendte da bud etter ham og lot si: \u00abHerre, din venn er syk.\u00bb Da Jesus h\u00f8rte det, sa han: \u00abDenne sykdommen ender ikke med d\u00f8den, men med \u00e5 fremme Guds \u00e6re; for gjennom den skal guddomsglansen skinne om Guds s\u00f8nn.\u00bb<\/p>\n<p>Jesus holdt meget av b\u00e5de Marta og hennes s\u00f8ster og Lasarus.<\/p>\n<p>Etter at han hadde h\u00f8rt om sykdommen, ble han v\u00e6rende hvor han var i to dager til; f\u00f8rst da sa han til disiplene: \u00abLa oss g\u00e5 tilbake til Judea.\u00bb<\/p>\n[Disiplene svarer: \u00abRabbi, nylig pr\u00f8vde j\u00f8dene \u00e5 stene deg, og enda vil du g\u00e5 tilbake dit?\u00bb<\/p>\n<p>Jesus svarte: \u00abHar ikke dagen tolv timer? Og den som g\u00e5r om dagen, snubler ikke, takket v\u00e6re dagslyset som lar ham se; men den som er ute og g\u00e5r om natten, han snubler, for da er lyset borte.\u00bb<\/p>\n<p>Og derp\u00e5 lar han til: \u00abLasarus, v\u00e5r venn, har lagt seg til hvile; jeg g\u00e5r for \u00e5 vekke ham.\u00bb<\/p>\n<p>Hans disipler sa da til ham: \u00abHerre, dersom han hviler, blir han nok frisk igjen.\u00bb Men Jesus hadde talt om hans d\u00f8d; de derimot trodde at det var s\u00f8vnens hvile han mente.<\/p>\n<p>Da sa Jesus like ut: \u00abLasarus er d\u00f8d, og for deres skyld er jeg glad jeg ikke var der, s\u00e5 dere kan l\u00e6re \u00e5 tro. Men la oss n\u00e5 g\u00e5 til ham!\u00bb<\/p>\n<p>Thomas (han som kalles Didymos) sier da til de andre disiplene: \u00abLa oss g\u00e5 med, vi ogs\u00e5, s\u00e5 d\u00f8r vi sammen med ham!\u00bb]\n<p>Da Jesus kom frem, fant han at Lasarus allerede hadde ligget fire dager i graven. [Betania ligger bare omkring femten stadier fra Jerusalem, og mange av j\u00f8dene var kommet til Marta og Maria for \u00e5 tr\u00f8ste dem i sorgen over deres bror.]\n<p>Da Marta h\u00f8rte at Jesus n\u00e6rmet seg, gikk hun ham i m\u00f8te; Maria satt hjemme i huset. Og s\u00e5 sier Marta til Jesus: \u00abHerre, dersom du hadde v\u00e6rt her, da ville min bror ikke v\u00e6rt d\u00f8d!\u00a0\u2013 Men fremdeles vet jeg, at alt du ber Gud om, det gir han deg\u00a0\u2026\u00bb<\/p>\n<p>Jesus svarer: \u00abDin bror skal oppst\u00e5.\u00bb<\/p>\n<p>Og Marta sier: \u00abJeg vet at han skal oppst\u00e5: Ved oppstandelsen p\u00e5 den ytterste dag.\u00bb<\/p>\n<p>Jesus svarer p\u00e5 ny: \u00abJeg er oppstandelsen og livet. Den som tror p\u00e5 meg, skal leve, om han enn er d\u00f8d. Og enhver som lever og tror p\u00e5 meg, skal aldri i evighet d\u00f8. Tror du dette?\u00bb<\/p>\n<p>Hun sier: \u00abJa, herre; jeg er fullt forvisset om at du er Messias, Guds S\u00f8nn, han som skulle komme til verden.\u00bb<\/p>\n[Og med disse ord gikk hun av sted, kalte p\u00e5 sin s\u00f8ster Maria og hvisket til henne: \u00abMesteren er her; han sp\u00f8r etter deg.\u00bb Straks Maria h\u00f8rte det, reiste hun seg skyndsomt og gikk ut til ham. Jesus var enn\u00e5 ikke kommet inn i landsbyen, han befant seg fremdeles der hvor Marta var kommet ham i m\u00f8te. J\u00f8dene som var sammen med Maria inne i huset for \u00e5 tr\u00f8ste henne, s\u00e5 at hun reiste seg s\u00e5 plutselig og gikk ut; de fulgte da etter, for de tenkte at hun gikk bort til graven for \u00e5 gr\u00e5te der.<\/p>\n<p>Da Maria n\u00e5 kom frem dit Jesus var og fikk se ham, kastet hun seg ned for hans f\u00f8tter og sa: \u00ab\u00c5 herre, dersom du hadde v\u00e6rt her, da ville min bror ikke v\u00e6rt d\u00f8d!\u00bb<\/p>\n<p>Jesus s\u00e5 hvordan hun gr\u00e5t, b\u00e5de hun og j\u00f8dene som var kommet i f\u00f8lge med henne.] Beveget og rystet i sin sjels innerste spurte han da: \u00abHvor har dere lagt ham?\u00bb<\/p>\n<p>De svarer: \u00abKom skal du se, herre.\u00bb Jesus gr\u00e5t. Og j\u00f8dene sa: \u00abSe hvor han holdt av ham!\u00bb Men noen av dem sa ogs\u00e5: \u00abHan som \u00e5pnet den blindes \u00f8yne, kunne han ikke gjort slik at denne mannen ikke d\u00f8de?\u00bb<\/p>\n<p>Atter heftig beveget kommer da Jesus frem til graven. Det var en hulegrav, med en stor sten over.<\/p>\n<p>Jesus sier: \u00abTa stenen bort!\u00bb<\/p>\n<p>Marta, den d\u00f8des s\u00f8ster, innvender: \u00abHerre, han stinker sikkert allerede; det er n\u00e5 alt p\u00e5 fjerde dagen.\u00bb<\/p>\n<p>Men Jesus svarer: \u00abSa jeg deg ikke, at dersom du tror, skal du f\u00e5 se Guds herlighet lyse?\u00bb De tok da stenen vekk. Og Jesus vendte sitt blikk mot det h\u00f8ye, og sa: \u00abFar, jeg takker deg fordi du har h\u00f8rt meg. Jeg visste at du alltid h\u00f8rer meg; men dette sier jeg, for at hele denne mengden som st\u00e5r her omkring, skal tro at du har sendt meg.\u00bb Og som han hadde sagt dette, ropte han med kraftig stemme: \u00abLasarus, kom ut!\u00bb Da kom den d\u00f8de ut, med hender og f\u00f8tter omviklet av linnetstrimler, og med en svetteduk bundet over ansiktet. Jesus sier til dem: \u00abHjelp ham l\u00f8s, og la ham g\u00e5.\u00bb<\/p>\n<p>Mange av j\u00f8dene som var kommet ut til Maria og hadde sett hva han gjorde, kom da til troen p\u00e5 ham.<\/p>\n<p>Slik lyder Herrens ord<\/p>\n<p>Alle: Gud v\u00e6re lovet<\/p>\n<p><strong>Meditasjonen<\/strong><\/p>\n<p><span style=\"color: #ff0000;\">Vi setter oss. Leder leser meditasjonen<\/span><\/p>\n<p>I dypet av hver virkelighet er det et liv. Mennesker og andre skapningers liv p\u00e5 jorden er alltid under trusselen av d\u00f8den og uendelige former av \u00f8deleggelser, sliksom sykdom, aldring, katastrofer \u2026 og d\u00f8den.\u00a0 Og i deres hjerter lengter menneskene etter en utvei til \u00e5 berge livet, og hvis en m\u00e5 d\u00f8, hvordan kan en finne en utvei til livet.<\/p>\n<ol>\n<li>Dagens lesninger snakker om forskjellige former for d\u00f8d i menneskers verden. F\u00f8rste lesning forteller om Israels folk som var i eksil i Babylon. Eksil er en situasjon til en person eller et folk som er langt bort fra sitt eget land, og det blir sett p\u00e5 som d\u00f8den p\u00e5 grunn av synder mot Gud. Profeten Esekiel s\u00e5 p\u00e5 dem som om de var i gravene deres. I annen lesning snakker St. Paulus om \u00abat kroppen er d\u00f8d p\u00e5 grunn av synden\u00bb (Rom 8,10), og i Evangeliet forteller Evangelisten at Lazarus d\u00f8de p\u00e5 grunn av en sykdom (John 11,1.14).<\/li>\n<\/ol>\n<p>Samtidig snakker lesningene ogs\u00e5 om frigj\u00f8relse fra d\u00f8den og gjenopprettelse til livet for menneskene. Esekiel snakker om at Herren skulle \u00e5pne gravene til sitt folk, det betyr at han skulle f\u00f8re dem tilbake til landet. St. Paulus snakker om at Gud skal oppreise oss og \u00abgi v\u00e5re d\u00f8delige kropp liv ved sin \u00c5nd\u00bb (Rom 8,11), og Evangeliet viser at Jesus gjorde det siste j\u00e6rtegnet ved \u00e5 oppreise Lazarus fra d\u00f8den ved \u00e5 si: \u00abJeg er oppstandelsen og livet. Den som tror p\u00e5 meg, skal leve, om han enn er d\u00f8d. Og enhver som lever og tror p\u00e5 meg, skal aldri i evighet d\u00f8\u00bb (John 11,25-26).<\/p>\n<p>Jesus snakket om \u00aboppstandelsen, livet og d\u00f8den i forhold til troen da han n\u00e6rmet seg lidelsen. Noen j\u00f8der trodde p\u00e5 d\u00f8des oppstandelse. Vi h\u00f8rte om dette i historien om de syv br\u00f8drene som tok seg en hustru i Evangeliet if\u00f8lge Lukas (20,27-40). Men ingen p\u00e5 den tiden trodde p\u00e5 at Jesus var oppstandelsen og livet, og at han kunne oppreise de d\u00f8de til oppstandelse. Jesus krevde av Marta at hun skulle tro p\u00e5 Ham; og Marta representerer oss. Oppstandelsen og livet som Jesus gir oss er ikke \u00abp\u00e5 den siste dag\u00bb sliksom Marta trodde p\u00e5, men n\u00e5, fordi hvor Jesus er, der er oppstandelsen og livet<\/p>\n<p>Jesus er oppstandelsen og livet. Hans liv ble \u00e5penbart i store tegn og undre (4,50-53), i symbolene som viser til livet som kommer fra ham: \u00abJeg er livets br\u00f8d\u00bb (John 6,35), \u00abJeg er verdens lys. Den som f\u00f8lger meg, &#8230; har livets lys\u00bb (Joh 8,12 1), \u00abJeg er livet\u00bb (Joh 14,6), \u00abVannet som jeg vil gi &#8230; veller fram og gir evig liv\u00bb (jf. 4,14). Det fullkomne liv som Jesus gir oss er det guddommelige livet og oppstandelsen.<\/p>\n<p>St. Augustin forklarte oss hva liv er, og hva d\u00f8d er. Han sa: \u00abN\u00e5r d\u00f8r sjelen? N\u00e5r sjelen mangler troen. N\u00e5r d\u00f8r kroppen? N\u00e5r den mangler sjelen. Troen er sjelen din. Den som tror p\u00e5 Jesus er ikke lenger d\u00f8d, selv om kroppen d\u00f8r, lever sjelen inntil kroppen st\u00e5r opp igjen &#8230; Og alle som lever i kroppen og tror p\u00e5 Jesus, selv om han midlertidig d\u00f8r en fysisk d\u00f8d, vil ikke d\u00f8 for alltid i \u00e5ndens liv og i ud\u00f8delighet av oppstandelsen\u00bb. Den troendes tro er Kristi oppstandelse.<\/p>\n<ol start=\"2\">\n<li>Jesus krever av oss \u00e5 tro p\u00e5 ham med en betingelsesl\u00f8s tro. Han setter det jordiske livet i forhold til det evige livet. Og han viste oss at troen overvinner den kroppslige d\u00f8den, og livet p\u00e5 jorden f\u00e5r en ny dimensjon i Jesus.<\/li>\n<\/ol>\n<p>Til Jesu sp\u00f8rsm\u00e5l, bekjente Marta troen p\u00e5 ham: \u00abJeg tror at du er Messias, Guds S\u00f8nn, han som skal komme til verden\u00bb (Joh 11,27; 17,3). V\u00e5r tro har et innhold. Vi tror at \u00abJesus er Messias, Guds S\u00f8nn, han som skal komme til verden\u00bb. Troen har ikke makt i seg selv, men den kan danne et fellesskap mellom Gud og oss. Den kan f\u00f8re oss til \u00e5 m\u00f8te Gud. Og troen forener oss med Jesus Kristus, som Faderen sendte til oss. Og i ham har vi det evige liv (Joh 6,47).<\/p>\n<p>St. Paulus oppfordrer oss i annen lesning til \u00e5 ikke f\u00f8lge kj\u00f8ttets begj\u00e6r, fordi det er fiendskap mot Gud og \u00c5nden. Det drar oss lang bort fra Gud, v\u00e5r Livs kilde. Men n\u00e5r vi lar Guds \u00c5nd bo i oss, og driver oss til \u00e5 korsfeste kj\u00f8ttet med dets lidenskaper og begj\u00e6r (Gal 5,24), skal vi f\u00e5 livet og oppstandelsen. Hvis den fysiske d\u00f8den er n\u00f8dvendig for \u00e5 g\u00e5 inn i det nye livet med Kristus, hvor mye mer er det n\u00f8dvendig \u00e5 d\u00f8 for syndene, slik at vi skal ha det evige liv.<\/p>\n<p>Vi tror p\u00e5 Jesus Kristus, som er oppstandelsen og livet. Han elsket oss og ga seg selv for oss. Derfor m\u00e5 vi ikke lenger leve for oss selv, med for Kristus i oss (Gal 2,20; x. Fil 1.21; Rom 8,2). Amen.<\/p>\n<p>&nbsp;<\/p>\n<p><span style=\"color: #ff0000;\">Vi er stille for \u00e5 meditere og be til Gud om det vi har h\u00f8rt.<\/span><\/p>\n<p><span style=\"color: #ff0000;\">Vi st\u00e5r og be sammen Trosbekjennelsen.<\/span><\/p>\n<p>&nbsp;<\/p>\n<p><strong>Trosbekjennelsen<\/strong><\/p>\n<p>Jeg tror p\u00e5 \u00e9n Gud \u2026<\/p>\n<p>den allmektige Fader, som har skapt himmel og jord,<br \/>\nalle synlige og usynlige ting.<br \/>\nJeg tror p\u00e5 \u00e9n Herre, Jesus Kristus,<br \/>\nGuds enb\u00e5rne S\u00f8nn,<br \/>\nf\u00f8dt av Faderen fra evighet.<br \/>\nGud av Gud, lys av lys,<br \/>\nsann Gud av den sanne Gud,<br \/>\nf\u00f8dt, ikke skapt, av samme vesen som Faderen.<br \/>\nVed ham er alt blitt skapt.<br \/>\nFor oss mennesker og for v\u00e5r frelses skyld<br \/>\nsteg han ned fra himmelen.<br \/>\n<em>Han er blitt kj\u00f8d ved Den Hellige \u00c5nd<br \/>\nav Jomfru Maria,<br \/>\nog er blitt menneske.<\/em><br \/>\nHan ble korsfestet for oss,<br \/>\npint under Pontius Pilatus og gravlagt.<br \/>\nHan oppstod den tredje dag, etter Skriften,<br \/>\nf\u00f3r opp til himmelen,<br \/>\nog sitter ved Faderens h\u00f8yre h\u00e5nd.<br \/>\nHan skal komme igjen med herlighet<br \/>\nog d\u00f8mme levende og d\u00f8de,<br \/>\nog p\u00e5 hans rike skal det ikke v\u00e6re ende.<br \/>\nJeg tror p\u00e5 Den Hellige \u00c5nd, Herre og livgiver,<br \/>\nsom utg\u00e5r fra Faderen og S\u00f8nnen,<br \/>\nsom med Faderen og S\u00f8nnen tilbes og forherliges,<br \/>\nog som har talt ved profetene.<br \/>\nJeg tror p\u00e5 \u00e9n, hellig, katolsk og apostolisk Kirke.<br \/>\nJeg bekjenner \u00e9n d\u00e5p til syndenes forlatelse.<br \/>\nJeg venter de d\u00f8des oppstandelse<br \/>\nog det evige liv.<br \/>\nAmen<\/p>\n<p>&nbsp;<\/p>\n<p><strong>Forb\u00f8nner<\/strong><\/p>\n<p>L: Kj\u00e6re kristne! Ved d\u00e5pen har Den Hellige \u00c5nd \u00e5pnet gravene og gitt oss del i det nye liv som Gud hadde lovet alt i Den gamle pakt. La oss be om \u00e5 bli bevart i dette liv:<\/p>\n<p>L: For alle kristne i hele verden,<br \/>\nat \u00e5rets p\u00e5skefeiring m\u00e5 fornye bevisstheten<br \/>\nom det nye og evige liv som vi mottok ved v\u00e5r d\u00e5p. \u211e<\/p>\n<p>La oss be til Herren<\/p>\n<p>Herre, h\u00f8r v\u00e5r b\u00f8nn.<\/p>\n<p>L: At det h\u00e5p som Kristus alt tente i verden<br \/>\nda han vakte Lasarus opp fra de d\u00f8de,<br \/>\nogs\u00e5 med rette m\u00e5 prege den offentlige virksomhet. \u211e<\/p>\n<p>La oss be til Herren<\/p>\n<p>Herre, h\u00f8r v\u00e5r b\u00f8nn.<\/p>\n<p>L: At de som s\u00f8rger etter \u00e5 ha mistet sine kj\u00e6re,<br \/>\nm\u00e5 f\u00e5 nytt h\u00e5p fra Kristus som oppvekker d\u00f8de. \u211e<\/p>\n<p>La oss be til Herren<\/p>\n<p>Herre, h\u00f8r v\u00e5r b\u00f8nn.<\/p>\n<p>L: At vi i v\u00e5r omgang med dem som har mistet sine kj\u00e6re,<br \/>\nlikesom Jesus m\u00e5 gr\u00e5te med de gr\u00e5tende. \u211e<\/p>\n<p>La oss be til Herren<\/p>\n<p>Herre, h\u00f8r v\u00e5r b\u00f8nn.<\/p>\n<p>L: At Gud vil styrke v\u00e5r tillit til Ham, bevare oss for smitte og hjelpe oss \u00e5 vende oss i b\u00f8nn og bot til Ham. \u211e<\/p>\n<p>La oss be til Herren<\/p>\n<p>Herre, h\u00f8r v\u00e5r b\u00f8nn.<\/p>\n<p>L: Allmektige, evige Gud, ved Kristus, han som er oppstandelsen og livet,<br \/>\nhar du gitt oss det evige liv. Gi oss \u00e5 forbli i dette liv. Ved ham, Kristus, v\u00e5r Herre. Amen.<\/p>\n<p><strong>\u00a0<\/strong><\/p>\n<p><strong>Fader v\u00e5r<\/strong><\/p>\n<p>Fader v\u00e5r,<br \/>\ndu som er i himmelen!<br \/>\nHelliget vorde ditt navn.<br \/>\nKomme ditt rike.<br \/>\nSkje din vilje, som i himmelen s\u00e5 og p\u00e5 jorden.<br \/>\nGi oss i dag v\u00e5rt daglige br\u00f8d.<br \/>\nOg forlat oss v\u00e5r skyld,<br \/>\nsom vi og forlater v\u00e5re skyldnere.<br \/>\nOg led oss ikke inn i fristelse,<br \/>\nmen fri oss fra det onde. Amen.<\/p>\n<p><strong>Guds lam<\/strong><\/p>\n<p>Guds lam, som tar bort verdens synder,<br \/>\nmiskunn deg over oss.<br \/>\nGuds lam, som tar bort verdens synder,<br \/>\nmiskunn deg over oss.<br \/>\nGuds lam, som tar bort verdens synder,<br \/>\ngi oss din fred.<\/p>\n<p><strong>\u00c5ndelig kommunion<a href=\"#_ftn1\" name=\"_ftnref1\">[1]<\/a><\/strong><\/p>\n<p><span style=\"color: #ff0000;\"><em>Vi kan bruke v\u00e5re egne ord eller f\u00f8lgende b\u00f8nn<\/em><em>:<\/em><\/span><\/p>\n<p>Min Jesus, jeg tror fullt og fast at du er til stede i det aller helligste sakramentet. Jeg elsker deg over alt, og min sjel lengter etter deg. Siden jeg n\u00e5 ikke kan motta deg i sakramentet, kom \u00e5ndelig til mitt hjerte. Jeg forener meg helt med deg, tillat aldri at jeg skilles fra deg. Amen<\/p>\n<p><span style=\"color: #ff0000;\"><em>Stillhet for \u00e5 forene oss med Jesus<\/em><\/span><\/p>\n<p><strong>Avslutningsb\u00f8nn<\/strong><\/p>\n<p>Leder: Herre, vi har mottatt pantet p\u00e5 det evige liv, og allerede her p\u00e5 jorden har vi smakt br\u00f8d fra himmelen. Ydmykt ber vi deg, Herre, la det som sakramentet virker i oss, bli fullbyrdet i handling. Ved Kristus, v\u00e5r Herre.<\/p>\n<h2><strong>\u00a0<\/strong><\/h2>\n<h2><strong>Utsendelse<\/strong><\/h2>\n<p>&nbsp;<\/p>\n<p>Leder: Herre velsigne oss, bevare oss fra alt ondt og f\u00f8re oss til det evige liv<\/p>\n<p>Alle: Amen<\/p>\n<p>\u2026\u2026\u2026\u2026\u2026\u2026\u2026\u2026\u2026\u2026\u2026\u2026\u2026\u2026\u2026\u2026\u2026\u2026\u2026\u2026\u2026\u2026\u2026\u2026\u2026\u2026\u2026\u2026\u2026\u2026\u2026\u2026\u2026\u2026\u2026\u2026..<\/p>\n<p><span style=\"color: #ff0000;\">Familien kan be Angelus etter Guds Ord tjeneste, og be om beskyttelse mot koronaviruset<\/span><\/p>\n<p><strong>ANGELUS<\/strong><\/p>\n<p>V: Herrens engel brakte Maria det glade budskap.<br \/>\nS: Og hun unnfanget ved den Hellige \u00c5nd.<\/p>\n<p>Hill deg, Maria, full av n\u00e5de, Herren er med deg, velsignet er du blant kvinnene, og velsignet er ditt livs frukt, Jesus. Hellige Maria, Guds mor, be for oss syndere, n\u00e5 og i v\u00e5r d\u00f8dstime. Amen.<\/p>\n<p>V: Se jeg er Herrens tjenerinne.<br \/>\nS: Det skje meg etter ditt ord.<\/p>\n<p>Hill deg, Maria\u2026<\/p>\n<p>V: Og Ordet ble kj\u00f8d.<br \/>\nS: Og tok bolig iblant oss.<\/p>\n<p>Hill deg, Maria\u2026<\/p>\n<p>V: Be for oss, Guds hellige mor.<br \/>\nS: At vi m\u00e5 bli verdige til Kristi l\u00f8fter.<\/p>\n<p>Vi ber deg, Herre, fyll v\u00e5re hjerter med din n\u00e5de, s\u00e5 vi som ved engelens budskap har erkjent at Kristus, din S\u00f8nn, er blitt menneske, ved hans lidelse og kors m\u00e5 bli f\u00f8rt til oppstandelsens herlighet. Ved ham, Kristus, v\u00e5r Herre. Amen.<\/p>\n<p><span style=\"color: #ff0000;\"><strong>HILL DEG, DRONNING<\/strong><\/span><\/p>\n<p>Hill deg, Dronning, barmhjertighetens Mor. Du v\u00e5rt liv, v\u00e5r fryd og v\u00e5rt h\u00e5p, v\u00e6r hilset! Til deg roper vi, Evas landflyktige barn. Til deg sukker vi med sorg og gr\u00e5t i denne t\u00e5renes dal. Se til oss i barmhjertighet, du som g\u00e5r i forb\u00f8nn for oss. Og n\u00e5r v\u00e5r utlendighets tid er forbi, vis oss da Jesus, ditt livs velsignede frukt. Du barmhjertige, du trofaste, du milde Jomfru Maria.<\/p>\n<p>&nbsp;<\/p>\n<p>&nbsp;<\/p>\n<p style=\"text-align: center;\"><strong>Alle er hjertelig velkommen til kirkekaffe hjemme!<\/strong><\/p>\n<p style=\"text-align: center;\"><strong>\u00d8nsker alle en riktig god s\u00f8ndag!<\/strong><\/p>\n<p><a href=\"#_ftnref1\" name=\"_ftn1\">[1]<\/a> \u00c5ndelig kommunion er \u00e5 holde v\u00e5r kj\u00e6rlighet og lengsel etter Jesus i eukaristien levende.<\/p>\n<p>&nbsp;<\/p>\n","protected":false},"excerpt":{"rendered":"<p>FEIRING AV GUDS ORDS TJENESTE I FAMILIEN\u00a05. S\u00d8NDAG I FASTEN (29. MARS) &nbsp; Alle i familien samler seg foran et krusifiks, tenner lys, og begynner med korstegnet. En i familien leder Guds Ords tjeneste. Vi st\u00e5r: I Faderens og S\u00f8nnens&#8230;<br \/><a class=\"read-more-button\" href=\"https:\/\/stansgar.katolsk.no\/?p=7090\">Read more<\/a><\/p>\n","protected":false},"author":5,"featured_media":7001,"comment_status":"open","ping_status":"open","sticky":false,"template":"","format":"standard","meta":{"footnotes":""},"categories":[204],"tags":[],"class_list":["post-7090","post","type-post","status-publish","format-standard","has-post-thumbnail","hentry","category-ukategorisert-nb"],"_links":{"self":[{"href":"https:\/\/stansgar.katolsk.no\/index.php?rest_route=\/wp\/v2\/posts\/7090","targetHints":{"allow":["GET"]}}],"collection":[{"href":"https:\/\/stansgar.katolsk.no\/index.php?rest_route=\/wp\/v2\/posts"}],"about":[{"href":"https:\/\/stansgar.katolsk.no\/index.php?rest_route=\/wp\/v2\/types\/post"}],"author":[{"embeddable":true,"href":"https:\/\/stansgar.katolsk.no\/index.php?rest_route=\/wp\/v2\/users\/5"}],"replies":[{"embeddable":true,"href":"https:\/\/stansgar.katolsk.no\/index.php?rest_route=%2Fwp%2Fv2%2Fcomments&post=7090"}],"version-history":[{"count":2,"href":"https:\/\/stansgar.katolsk.no\/index.php?rest_route=\/wp\/v2\/posts\/7090\/revisions"}],"predecessor-version":[{"id":7092,"href":"https:\/\/stansgar.katolsk.no\/index.php?rest_route=\/wp\/v2\/posts\/7090\/revisions\/7092"}],"wp:featuredmedia":[{"embeddable":true,"href":"https:\/\/stansgar.katolsk.no\/index.php?rest_route=\/wp\/v2\/media\/7001"}],"wp:attachment":[{"href":"https:\/\/stansgar.katolsk.no\/index.php?rest_route=%2Fwp%2Fv2%2Fmedia&parent=7090"}],"wp:term":[{"taxonomy":"category","embeddable":true,"href":"https:\/\/stansgar.katolsk.no\/index.php?rest_route=%2Fwp%2Fv2%2Fcategories&post=7090"},{"taxonomy":"post_tag","embeddable":true,"href":"https:\/\/stansgar.katolsk.no\/index.php?rest_route=%2Fwp%2Fv2%2Ftags&post=7090"}],"curies":[{"name":"wp","href":"https:\/\/api.w.org\/{rel}","templated":true}]}}