{"id":7070,"date":"2020-03-20T17:50:01","date_gmt":"2020-03-20T16:50:01","guid":{"rendered":"https:\/\/stansgar.katolsk.no\/?p=7070"},"modified":"2022-04-05T11:59:49","modified_gmt":"2022-04-05T09:59:49","slug":"caritas-vil-gjerne-hjelpe","status":"publish","type":"post","link":"https:\/\/stansgar.katolsk.no\/?p=7070","title":{"rendered":"Caritas St Ansgar"},"content":{"rendered":"<p><strong>Caritas <\/strong><\/p>\n<p>Caritas er Den katolske Kirkes diakoni- og n\u00f8dhjelpstjeneste.&nbsp;Caritas sine aktiviteter er forankret i Kirkens sosiall\u00e6re og skal v\u00e6re en integrert del av Kirkens oppgaver.&nbsp;Mandatet forplikter Caritas St. Ansgar til <em>\u00e5 virke i Menigheten og i Verden<\/em>.<\/p>\n<p>Diakoni i menigheten handler om<\/p>\n<ul>\n<li>\u00c5 hjelpe den som er ensom, isolert eller syk<\/li>\n<li>\u00c5 hjelpe den om er fremmed, innvandrer eller flyktning<\/li>\n<li>\u00c5 hjelpe den som er arbeidsl\u00f8s, bostedsl\u00f8s, fattig eller voldsutsatt<\/li>\n<li>\u00c5 skape gode m\u00f8teplasser for sosialt fellesskap, hygge, inkludering og samhandling<\/li>\n<\/ul>\n<p>Diakoni i verden handler om<\/p>\n<ul>\n<li>Solidaritet med verdens fattige og n\u00f8dstedte<\/li>\n<\/ul>\n<p>Caritas koordineringsgruppe (styre) best\u00e5r for tiden av<br \/>\n&#8211; Mogens Alb\u00e6k (leder) tlf 991 55 589<br \/>\n&#8211; Carmen Gloria Diaz&nbsp; &nbsp; tlf 902 28 324<br \/>\n&#8211; Jane Nelly Andrew&nbsp; &nbsp; &nbsp; tlf 980 81 261<br \/>\n&#8211; Samir Akam&nbsp; &nbsp; &nbsp; &nbsp; &nbsp; &nbsp; &nbsp; &nbsp; tlf 970 87 057<br \/>\n&#8211; Xuat Minh Dang&nbsp; &nbsp; &nbsp; &nbsp; &nbsp; tlf 481 15 532<br \/>\n&#8211; Arlena Kulinska;&nbsp; &nbsp; &nbsp; &nbsp; &nbsp; tlf 998 98 847<\/p>\n","protected":false},"excerpt":{"rendered":"<p>Caritas Caritas er Den katolske Kirkes diakoni- og n\u00f8dhjelpstjeneste.&nbsp;Caritas sine aktiviteter er forankret i Kirkens sosiall\u00e6re og skal v\u00e6re en integrert del av Kirkens oppgaver.&nbsp;Mandatet forplikter Caritas St. Ansgar til \u00e5 virke i Menigheten og i Verden. Diakoni i menigheten&#8230;<br \/><a class=\"read-more-button\" href=\"https:\/\/stansgar.katolsk.no\/?p=7070\">Read more<\/a><\/p>\n","protected":false},"author":1,"featured_media":7051,"comment_status":"open","ping_status":"open","sticky":false,"template":"","format":"standard","meta":{"footnotes":""},"categories":[204],"tags":[],"class_list":["post-7070","post","type-post","status-publish","format-standard","has-post-thumbnail","hentry","category-ukategorisert-nb"],"_links":{"self":[{"href":"https:\/\/stansgar.katolsk.no\/index.php?rest_route=\/wp\/v2\/posts\/7070","targetHints":{"allow":["GET"]}}],"collection":[{"href":"https:\/\/stansgar.katolsk.no\/index.php?rest_route=\/wp\/v2\/posts"}],"about":[{"href":"https:\/\/stansgar.katolsk.no\/index.php?rest_route=\/wp\/v2\/types\/post"}],"author":[{"embeddable":true,"href":"https:\/\/stansgar.katolsk.no\/index.php?rest_route=\/wp\/v2\/users\/1"}],"replies":[{"embeddable":true,"href":"https:\/\/stansgar.katolsk.no\/index.php?rest_route=%2Fwp%2Fv2%2Fcomments&post=7070"}],"version-history":[{"count":9,"href":"https:\/\/stansgar.katolsk.no\/index.php?rest_route=\/wp\/v2\/posts\/7070\/revisions"}],"predecessor-version":[{"id":10180,"href":"https:\/\/stansgar.katolsk.no\/index.php?rest_route=\/wp\/v2\/posts\/7070\/revisions\/10180"}],"wp:featuredmedia":[{"embeddable":true,"href":"https:\/\/stansgar.katolsk.no\/index.php?rest_route=\/wp\/v2\/media\/7051"}],"wp:attachment":[{"href":"https:\/\/stansgar.katolsk.no\/index.php?rest_route=%2Fwp%2Fv2%2Fmedia&parent=7070"}],"wp:term":[{"taxonomy":"category","embeddable":true,"href":"https:\/\/stansgar.katolsk.no\/index.php?rest_route=%2Fwp%2Fv2%2Fcategories&post=7070"},{"taxonomy":"post_tag","embeddable":true,"href":"https:\/\/stansgar.katolsk.no\/index.php?rest_route=%2Fwp%2Fv2%2Ftags&post=7070"}],"curies":[{"name":"wp","href":"https:\/\/api.w.org\/{rel}","templated":true}]}}